{"id":28977,"date":"2024-06-01T07:32:33","date_gmt":"2024-06-01T11:32:33","guid":{"rendered":"https:\/\/conexion23.com\/?p=28977"},"modified":"2024-06-01T07:32:36","modified_gmt":"2024-06-01T11:32:36","slug":"identifican-mujer-encontrada-muerta-en-malecon-de-la-capital-tenia-problemas-con-la-justicia","status":"publish","type":"post","link":"http:\/\/conexion23.com\/?p=28977","title":{"rendered":"Identifican mujer encontrada muerta en Malec\u00f3n de la capital, ten\u00eda problemas con la justicia."},"content":{"rendered":"\n<p class=\"wp-block-paragraph\">El vocero de la Polic\u00eda Nacional, Diego Pesqueira&nbsp; inform\u00f3 este viernes, que la mujer encontrada muerta en el Malec\u00f3n de&nbsp;<strong>Santo Domingo<\/strong>&nbsp;ha sido identificada como Vianka Yudelkis Pe\u00f1a de aproximadamente 35 a\u00f1os de edad y que la misma pose\u00eda antecedentes penales.<\/p>\n\n\n\n<p class=\"wp-block-paragraph\">\u201cEsta se\u00f1ora ten\u00eda&nbsp;<strong>antecedentes<\/strong>&nbsp;e impedimentos de salida, fue apresada hace un tiempo por asuntos de narcotr\u00e1fico\u201d, indic\u00f3 Pesqueira.<\/p>\n\n\n\n<p class=\"wp-block-paragraph\">De igual manera, sostuvo que el&nbsp;<strong>cad\u00e1ver<\/strong>&nbsp;de la mujer no ten\u00eda s\u00edntomas de violencia y la causa de la muerte fue por ahogamiento, seg\u00fan el informe del m\u00e9dico legista.<\/p>\n\n\n\n<p class=\"wp-block-paragraph\">El cuerpo de Vianka fue descubierto por un hombre que, al ver la escena, llam\u00f3 de inmediato al Sistema Nacional de&nbsp;<strong>Atenci\u00f3n<\/strong>&nbsp;a Emergencias 911.<\/p>\n","protected":false},"excerpt":{"rendered":"<p>El vocero de la Polic\u00eda Nacional, Diego Pesqueira&nbsp; inform\u00f3 este viernes, que la mujer encontrada muerta en el Malec\u00f3n de&nbsp;Santo Domingo&nbsp;ha sido identificada como Vianka Yudelkis Pe\u00f1a de aproximadamente 35 a\u00f1os de edad y que la misma pose\u00eda antecedentes penales. \u201cEsta se\u00f1ora ten\u00eda&nbsp;antecedentes&nbsp;e impedimentos de salida, fue apresada hace un tiempo por asuntos de narcotr\u00e1fico\u201d, [&hellip;]<\/p>\n","protected":false},"author":15,"featured_media":28978,"comment_status":"open","ping_status":"open","sticky":false,"template":"","format":"standard","meta":{"footnotes":""},"categories":[1],"tags":[],"class_list":["post-28977","post","type-post","status-publish","format-standard","has-post-thumbnail","category-uncategorized"],"yoast_head":"<!-- This site is optimized with the Yoast SEO plugin v27.6 - https:\/\/yoast.com\/product\/yoast-seo-wordpress\/ -->\n<title>Identifican mujer encontrada muerta en Malec\u00f3n de la capital, ten\u00eda problemas con la justicia. - Conexi\u00f3n 23<\/title>\n<meta name=\"robots\" content=\"index, follow, max-snippet:-1, max-image-preview:large, max-video-preview:-1\" \/>\n<link rel=\"canonical\" href=\"http:\/\/conexion23.com\/?p=28977\" \/>\n<meta property=\"og:locale\" content=\"es_ES\" \/>\n<meta property=\"og:type\" content=\"article\" \/>\n<meta property=\"og:title\" content=\"Identifican mujer encontrada muerta en Malec\u00f3n de la capital, ten\u00eda problemas con la justicia. - Conexi\u00f3n 23\" \/>\n<meta property=\"og:description\" content=\"El vocero de la Polic\u00eda Nacional, Diego Pesqueira&nbsp; inform\u00f3 este viernes, que la mujer encontrada muerta en el Malec\u00f3n de&nbsp;Santo Domingo&nbsp;ha sido identificada como Vianka Yudelkis Pe\u00f1a de aproximadamente 35 a\u00f1os de edad y que la misma pose\u00eda antecedentes penales. \u201cEsta se\u00f1ora ten\u00eda&nbsp;antecedentes&nbsp;e impedimentos de salida, fue apresada hace un tiempo por asuntos de narcotr\u00e1fico\u201d, [&hellip;]\" \/>\n<meta property=\"og:url\" content=\"http:\/\/conexion23.com\/?p=28977\" \/>\n<meta property=\"og:site_name\" content=\"Conexi\u00f3n 23\" \/>\n<meta property=\"article:publisher\" content=\"https:\/\/www.facebook.com\/conexion23com\" \/>\n<meta property=\"article:published_time\" content=\"2024-06-01T11:32:33+00:00\" \/>\n<meta property=\"article:modified_time\" content=\"2024-06-01T11:32:36+00:00\" \/>\n<meta property=\"og:image\" content=\"http:\/\/conexion23.com\/wp-content\/uploads\/2024\/06\/img_9880.webp\" \/>\n\t<meta property=\"og:image:width\" content=\"466\" \/>\n\t<meta property=\"og:image:height\" content=\"394\" \/>\n\t<meta property=\"og:image:type\" content=\"image\/webp\" \/>\n<meta name=\"author\" content=\"Raffy Ben\u00edtez\" \/>\n<meta name=\"twitter:card\" content=\"summary_large_image\" \/>\n<meta name=\"twitter:label1\" content=\"Escrito por\" \/>\n\t<meta name=\"twitter:data1\" content=\"Raffy Ben\u00edtez\" \/>\n\t<meta name=\"twitter:label2\" content=\"Tiempo de lectura\" \/>\n\t<meta name=\"twitter:data2\" content=\"1 minuto\" \/>\n<script type=\"application\/ld+json\" class=\"yoast-schema-graph\">{\"@context\":\"https:\\\/\\\/schema.org\",\"@graph\":[{\"@type\":\"Article\",\"@id\":\"http:\\\/\\\/conexion23.com\\\/?p=28977#article\",\"isPartOf\":{\"@id\":\"http:\\\/\\\/conexion23.com\\\/?p=28977\"},\"author\":{\"name\":\"Raffy Ben\u00edtez\",\"@id\":\"http:\\\/\\\/conexion23.com\\\/#\\\/schema\\\/person\\\/03e36043331117e97a373299bbcd30a6\"},\"headline\":\"Identifican mujer encontrada muerta en Malec\u00f3n de la capital, ten\u00eda problemas con la justicia.\",\"datePublished\":\"2024-06-01T11:32:33+00:00\",\"dateModified\":\"2024-06-01T11:32:36+00:00\",\"mainEntityOfPage\":{\"@id\":\"http:\\\/\\\/conexion23.com\\\/?p=28977\"},\"wordCount\":153,\"commentCount\":0,\"publisher\":{\"@id\":\"http:\\\/\\\/conexion23.com\\\/#organization\"},\"image\":{\"@id\":\"http:\\\/\\\/conexion23.com\\\/?p=28977#primaryimage\"},\"thumbnailUrl\":\"http:\\\/\\\/conexion23.com\\\/wp-content\\\/uploads\\\/2024\\\/06\\\/img_9880.webp\",\"articleSection\":[\"Uncategorized\"],\"inLanguage\":\"es\",\"potentialAction\":[{\"@type\":\"CommentAction\",\"name\":\"Comment\",\"target\":[\"http:\\\/\\\/conexion23.com\\\/?p=28977#respond\"]}]},{\"@type\":\"WebPage\",\"@id\":\"http:\\\/\\\/conexion23.com\\\/?p=28977\",\"url\":\"http:\\\/\\\/conexion23.com\\\/?p=28977\",\"name\":\"Identifican mujer encontrada muerta en Malec\u00f3n de la capital, ten\u00eda problemas con la justicia. - Conexi\u00f3n 23\",\"isPartOf\":{\"@id\":\"http:\\\/\\\/conexion23.com\\\/#website\"},\"primaryImageOfPage\":{\"@id\":\"http:\\\/\\\/conexion23.com\\\/?p=28977#primaryimage\"},\"image\":{\"@id\":\"http:\\\/\\\/conexion23.com\\\/?p=28977#primaryimage\"},\"thumbnailUrl\":\"http:\\\/\\\/conexion23.com\\\/wp-content\\\/uploads\\\/2024\\\/06\\\/img_9880.webp\",\"datePublished\":\"2024-06-01T11:32:33+00:00\",\"dateModified\":\"2024-06-01T11:32:36+00:00\",\"breadcrumb\":{\"@id\":\"http:\\\/\\\/conexion23.com\\\/?p=28977#breadcrumb\"},\"inLanguage\":\"es\",\"potentialAction\":[{\"@type\":\"ReadAction\",\"target\":[\"http:\\\/\\\/conexion23.com\\\/?p=28977\"]}]},{\"@type\":\"ImageObject\",\"inLanguage\":\"es\",\"@id\":\"http:\\\/\\\/conexion23.com\\\/?p=28977#primaryimage\",\"url\":\"http:\\\/\\\/conexion23.com\\\/wp-content\\\/uploads\\\/2024\\\/06\\\/img_9880.webp\",\"contentUrl\":\"http:\\\/\\\/conexion23.com\\\/wp-content\\\/uploads\\\/2024\\\/06\\\/img_9880.webp\",\"width\":466,\"height\":394},{\"@type\":\"BreadcrumbList\",\"@id\":\"http:\\\/\\\/conexion23.com\\\/?p=28977#breadcrumb\",\"itemListElement\":[{\"@type\":\"ListItem\",\"position\":1,\"name\":\"Portada\",\"item\":\"http:\\\/\\\/conexion23.com\\\/\"},{\"@type\":\"ListItem\",\"position\":2,\"name\":\"Identifican mujer encontrada muerta en Malec\u00f3n de la capital, ten\u00eda problemas con la justicia.\"}]},{\"@type\":\"WebSite\",\"@id\":\"http:\\\/\\\/conexion23.com\\\/#website\",\"url\":\"http:\\\/\\\/conexion23.com\\\/\",\"name\":\"Conexi\u00f3n 23\",\"description\":\"Peri\u00f3dico 100% Petromacorisano\",\"publisher\":{\"@id\":\"http:\\\/\\\/conexion23.com\\\/#organization\"},\"potentialAction\":[{\"@type\":\"SearchAction\",\"target\":{\"@type\":\"EntryPoint\",\"urlTemplate\":\"http:\\\/\\\/conexion23.com\\\/?s={search_term_string}\"},\"query-input\":{\"@type\":\"PropertyValueSpecification\",\"valueRequired\":true,\"valueName\":\"search_term_string\"}}],\"inLanguage\":\"es\"},{\"@type\":\"Organization\",\"@id\":\"http:\\\/\\\/conexion23.com\\\/#organization\",\"name\":\"Conexion 23\",\"url\":\"http:\\\/\\\/conexion23.com\\\/\",\"logo\":{\"@type\":\"ImageObject\",\"inLanguage\":\"es\",\"@id\":\"http:\\\/\\\/conexion23.com\\\/#\\\/schema\\\/logo\\\/image\\\/\",\"url\":\"https:\\\/\\\/conexion23.com\\\/wp-content\\\/uploads\\\/2021\\\/11\\\/Diseno-sin-titulo-2.png\",\"contentUrl\":\"https:\\\/\\\/conexion23.com\\\/wp-content\\\/uploads\\\/2021\\\/11\\\/Diseno-sin-titulo-2.png\",\"width\":541,\"height\":90,\"caption\":\"Conexion 23\"},\"image\":{\"@id\":\"http:\\\/\\\/conexion23.com\\\/#\\\/schema\\\/logo\\\/image\\\/\"},\"sameAs\":[\"https:\\\/\\\/www.facebook.com\\\/conexion23com\",\"https:\\\/\\\/www.instagram.com\\\/conexion23com\\\/\",\"https:\\\/\\\/www.youtube.com\\\/channel\\\/UCYc7vxxFZMYLIHNsHHxPZ3Q\"]},{\"@type\":\"Person\",\"@id\":\"http:\\\/\\\/conexion23.com\\\/#\\\/schema\\\/person\\\/03e36043331117e97a373299bbcd30a6\",\"name\":\"Raffy Ben\u00edtez\",\"image\":{\"@type\":\"ImageObject\",\"inLanguage\":\"es\",\"@id\":\"https:\\\/\\\/secure.gravatar.com\\\/avatar\\\/3190a6a6c5e1b0327500f7d6c56b6242472ee6cb974cf09b401ee6b3b0798f23?s=96&d=mm&r=g\",\"url\":\"https:\\\/\\\/secure.gravatar.com\\\/avatar\\\/3190a6a6c5e1b0327500f7d6c56b6242472ee6cb974cf09b401ee6b3b0798f23?s=96&d=mm&r=g\",\"contentUrl\":\"https:\\\/\\\/secure.gravatar.com\\\/avatar\\\/3190a6a6c5e1b0327500f7d6c56b6242472ee6cb974cf09b401ee6b3b0798f23?s=96&d=mm&r=g\",\"caption\":\"Raffy Ben\u00edtez\"},\"url\":\"http:\\\/\\\/conexion23.com\\\/?author=15\"}]}<\/script>\n<!-- \/ Yoast SEO plugin. -->","yoast_head_json":{"title":"Identifican mujer encontrada muerta en Malec\u00f3n de la capital, ten\u00eda problemas con la justicia. - Conexi\u00f3n 23","robots":{"index":"index","follow":"follow","max-snippet":"max-snippet:-1","max-image-preview":"max-image-preview:large","max-video-preview":"max-video-preview:-1"},"canonical":"http:\/\/conexion23.com\/?p=28977","og_locale":"es_ES","og_type":"article","og_title":"Identifican mujer encontrada muerta en Malec\u00f3n de la capital, ten\u00eda problemas con la justicia. - Conexi\u00f3n 23","og_description":"El vocero de la Polic\u00eda Nacional, Diego Pesqueira&nbsp; inform\u00f3 este viernes, que la mujer encontrada muerta en el Malec\u00f3n de&nbsp;Santo Domingo&nbsp;ha sido identificada como Vianka Yudelkis Pe\u00f1a de aproximadamente 35 a\u00f1os de edad y que la misma pose\u00eda antecedentes penales. \u201cEsta se\u00f1ora ten\u00eda&nbsp;antecedentes&nbsp;e impedimentos de salida, fue apresada hace un tiempo por asuntos de narcotr\u00e1fico\u201d, [&hellip;]","og_url":"http:\/\/conexion23.com\/?p=28977","og_site_name":"Conexi\u00f3n 23","article_publisher":"https:\/\/www.facebook.com\/conexion23com","article_published_time":"2024-06-01T11:32:33+00:00","article_modified_time":"2024-06-01T11:32:36+00:00","og_image":[{"width":466,"height":394,"url":"http:\/\/conexion23.com\/wp-content\/uploads\/2024\/06\/img_9880.webp","type":"image\/webp"}],"author":"Raffy Ben\u00edtez","twitter_card":"summary_large_image","twitter_misc":{"Escrito por":"Raffy Ben\u00edtez","Tiempo de lectura":"1 minuto"},"schema":{"@context":"https:\/\/schema.org","@graph":[{"@type":"Article","@id":"http:\/\/conexion23.com\/?p=28977#article","isPartOf":{"@id":"http:\/\/conexion23.com\/?p=28977"},"author":{"name":"Raffy Ben\u00edtez","@id":"http:\/\/conexion23.com\/#\/schema\/person\/03e36043331117e97a373299bbcd30a6"},"headline":"Identifican mujer encontrada muerta en Malec\u00f3n de la capital, ten\u00eda problemas con la justicia.","datePublished":"2024-06-01T11:32:33+00:00","dateModified":"2024-06-01T11:32:36+00:00","mainEntityOfPage":{"@id":"http:\/\/conexion23.com\/?p=28977"},"wordCount":153,"commentCount":0,"publisher":{"@id":"http:\/\/conexion23.com\/#organization"},"image":{"@id":"http:\/\/conexion23.com\/?p=28977#primaryimage"},"thumbnailUrl":"http:\/\/conexion23.com\/wp-content\/uploads\/2024\/06\/img_9880.webp","articleSection":["Uncategorized"],"inLanguage":"es","potentialAction":[{"@type":"CommentAction","name":"Comment","target":["http:\/\/conexion23.com\/?p=28977#respond"]}]},{"@type":"WebPage","@id":"http:\/\/conexion23.com\/?p=28977","url":"http:\/\/conexion23.com\/?p=28977","name":"Identifican mujer encontrada muerta en Malec\u00f3n de la capital, ten\u00eda problemas con la justicia. - Conexi\u00f3n 23","isPartOf":{"@id":"http:\/\/conexion23.com\/#website"},"primaryImageOfPage":{"@id":"http:\/\/conexion23.com\/?p=28977#primaryimage"},"image":{"@id":"http:\/\/conexion23.com\/?p=28977#primaryimage"},"thumbnailUrl":"http:\/\/conexion23.com\/wp-content\/uploads\/2024\/06\/img_9880.webp","datePublished":"2024-06-01T11:32:33+00:00","dateModified":"2024-06-01T11:32:36+00:00","breadcrumb":{"@id":"http:\/\/conexion23.com\/?p=28977#breadcrumb"},"inLanguage":"es","potentialAction":[{"@type":"ReadAction","target":["http:\/\/conexion23.com\/?p=28977"]}]},{"@type":"ImageObject","inLanguage":"es","@id":"http:\/\/conexion23.com\/?p=28977#primaryimage","url":"http:\/\/conexion23.com\/wp-content\/uploads\/2024\/06\/img_9880.webp","contentUrl":"http:\/\/conexion23.com\/wp-content\/uploads\/2024\/06\/img_9880.webp","width":466,"height":394},{"@type":"BreadcrumbList","@id":"http:\/\/conexion23.com\/?p=28977#breadcrumb","itemListElement":[{"@type":"ListItem","position":1,"name":"Portada","item":"http:\/\/conexion23.com\/"},{"@type":"ListItem","position":2,"name":"Identifican mujer encontrada muerta en Malec\u00f3n de la capital, ten\u00eda problemas con la justicia."}]},{"@type":"WebSite","@id":"http:\/\/conexion23.com\/#website","url":"http:\/\/conexion23.com\/","name":"Conexi\u00f3n 23","description":"Peri\u00f3dico 100% Petromacorisano","publisher":{"@id":"http:\/\/conexion23.com\/#organization"},"potentialAction":[{"@type":"SearchAction","target":{"@type":"EntryPoint","urlTemplate":"http:\/\/conexion23.com\/?s={search_term_string}"},"query-input":{"@type":"PropertyValueSpecification","valueRequired":true,"valueName":"search_term_string"}}],"inLanguage":"es"},{"@type":"Organization","@id":"http:\/\/conexion23.com\/#organization","name":"Conexion 23","url":"http:\/\/conexion23.com\/","logo":{"@type":"ImageObject","inLanguage":"es","@id":"http:\/\/conexion23.com\/#\/schema\/logo\/image\/","url":"https:\/\/conexion23.com\/wp-content\/uploads\/2021\/11\/Diseno-sin-titulo-2.png","contentUrl":"https:\/\/conexion23.com\/wp-content\/uploads\/2021\/11\/Diseno-sin-titulo-2.png","width":541,"height":90,"caption":"Conexion 23"},"image":{"@id":"http:\/\/conexion23.com\/#\/schema\/logo\/image\/"},"sameAs":["https:\/\/www.facebook.com\/conexion23com","https:\/\/www.instagram.com\/conexion23com\/","https:\/\/www.youtube.com\/channel\/UCYc7vxxFZMYLIHNsHHxPZ3Q"]},{"@type":"Person","@id":"http:\/\/conexion23.com\/#\/schema\/person\/03e36043331117e97a373299bbcd30a6","name":"Raffy Ben\u00edtez","image":{"@type":"ImageObject","inLanguage":"es","@id":"https:\/\/secure.gravatar.com\/avatar\/3190a6a6c5e1b0327500f7d6c56b6242472ee6cb974cf09b401ee6b3b0798f23?s=96&d=mm&r=g","url":"https:\/\/secure.gravatar.com\/avatar\/3190a6a6c5e1b0327500f7d6c56b6242472ee6cb974cf09b401ee6b3b0798f23?s=96&d=mm&r=g","contentUrl":"https:\/\/secure.gravatar.com\/avatar\/3190a6a6c5e1b0327500f7d6c56b6242472ee6cb974cf09b401ee6b3b0798f23?s=96&d=mm&r=g","caption":"Raffy Ben\u00edtez"},"url":"http:\/\/conexion23.com\/?author=15"}]}},"_links":{"self":[{"href":"http:\/\/conexion23.com\/index.php?rest_route=\/wp\/v2\/posts\/28977","targetHints":{"allow":["GET"]}}],"collection":[{"href":"http:\/\/conexion23.com\/index.php?rest_route=\/wp\/v2\/posts"}],"about":[{"href":"http:\/\/conexion23.com\/index.php?rest_route=\/wp\/v2\/types\/post"}],"author":[{"embeddable":true,"href":"http:\/\/conexion23.com\/index.php?rest_route=\/wp\/v2\/users\/15"}],"replies":[{"embeddable":true,"href":"http:\/\/conexion23.com\/index.php?rest_route=%2Fwp%2Fv2%2Fcomments&post=28977"}],"version-history":[{"count":1,"href":"http:\/\/conexion23.com\/index.php?rest_route=\/wp\/v2\/posts\/28977\/revisions"}],"predecessor-version":[{"id":28979,"href":"http:\/\/conexion23.com\/index.php?rest_route=\/wp\/v2\/posts\/28977\/revisions\/28979"}],"wp:featuredmedia":[{"embeddable":true,"href":"http:\/\/conexion23.com\/index.php?rest_route=\/wp\/v2\/media\/28978"}],"wp:attachment":[{"href":"http:\/\/conexion23.com\/index.php?rest_route=%2Fwp%2Fv2%2Fmedia&parent=28977"}],"wp:term":[{"taxonomy":"category","embeddable":true,"href":"http:\/\/conexion23.com\/index.php?rest_route=%2Fwp%2Fv2%2Fcategories&post=28977"},{"taxonomy":"post_tag","embeddable":true,"href":"http:\/\/conexion23.com\/index.php?rest_route=%2Fwp%2Fv2%2Ftags&post=28977"}],"curies":[{"name":"wp","href":"https:\/\/api.w.org\/{rel}","templated":true}]}}