{"id":28989,"date":"2024-06-01T07:47:46","date_gmt":"2024-06-01T11:47:46","guid":{"rendered":"https:\/\/conexion23.com\/?p=28989"},"modified":"2024-06-01T07:47:50","modified_gmt":"2024-06-01T11:47:50","slug":"menor-de-14-anos-esta-desaparecida-es-de-restauracion-en-san-pedro","status":"publish","type":"post","link":"http:\/\/conexion23.com\/?p=28989","title":{"rendered":"Menor de 14 a\u00f1os esta desaparecida, es de Restauraci\u00f3n en San Pedro."},"content":{"rendered":"\n<p class=\"wp-block-paragraph\">Sali\u00f3 anoche de su residencia en el sector Restauraci\u00f3n de San Pedro de Macor\u00eds.<\/p>\n\n\n\n<p class=\"wp-block-paragraph\">La menor Francely Ramirez del Rosario a quien apodan \u201cMilagrito\u201d de 14 a\u00f1os, sali\u00f3 anoche sin que se dieran cuenta sus familiares y est\u00e1n preocupados por su paradero.<\/p>\n\n\n\n<p class=\"wp-block-paragraph\">Cualquier informaci\u00f3n al 809-478-4794.<\/p>\n","protected":false},"excerpt":{"rendered":"<p>Sali\u00f3 anoche de su residencia en el sector Restauraci\u00f3n de San Pedro de Macor\u00eds. La menor Francely Ramirez del Rosario a quien apodan \u201cMilagrito\u201d de 14 a\u00f1os, sali\u00f3 anoche sin que se dieran cuenta sus familiares y est\u00e1n preocupados por su paradero. Cualquier informaci\u00f3n al 809-478-4794.<\/p>\n","protected":false},"author":15,"featured_media":28990,"comment_status":"open","ping_status":"open","sticky":false,"template":"","format":"standard","meta":{"footnotes":""},"categories":[35],"tags":[],"class_list":["post-28989","post","type-post","status-publish","format-standard","has-post-thumbnail","category-spm"],"yoast_head":"<!-- This site is optimized with the Yoast SEO plugin v27.6 - https:\/\/yoast.com\/product\/yoast-seo-wordpress\/ -->\n<title>Menor de 14 a\u00f1os esta desaparecida, es de Restauraci\u00f3n en San Pedro. - Conexi\u00f3n 23<\/title>\n<meta name=\"robots\" content=\"index, follow, max-snippet:-1, max-image-preview:large, max-video-preview:-1\" \/>\n<link rel=\"canonical\" href=\"http:\/\/conexion23.com\/?p=28989\" \/>\n<meta property=\"og:locale\" content=\"es_ES\" \/>\n<meta property=\"og:type\" content=\"article\" \/>\n<meta property=\"og:title\" content=\"Menor de 14 a\u00f1os esta desaparecida, es de Restauraci\u00f3n en San Pedro. - Conexi\u00f3n 23\" \/>\n<meta property=\"og:description\" content=\"Sali\u00f3 anoche de su residencia en el sector Restauraci\u00f3n de San Pedro de Macor\u00eds. La menor Francely Ramirez del Rosario a quien apodan \u201cMilagrito\u201d de 14 a\u00f1os, sali\u00f3 anoche sin que se dieran cuenta sus familiares y est\u00e1n preocupados por su paradero. Cualquier informaci\u00f3n al 809-478-4794.\" \/>\n<meta property=\"og:url\" content=\"http:\/\/conexion23.com\/?p=28989\" \/>\n<meta property=\"og:site_name\" content=\"Conexi\u00f3n 23\" \/>\n<meta property=\"article:publisher\" content=\"https:\/\/www.facebook.com\/conexion23com\" \/>\n<meta property=\"article:published_time\" content=\"2024-06-01T11:47:46+00:00\" \/>\n<meta property=\"article:modified_time\" content=\"2024-06-01T11:47:50+00:00\" \/>\n<meta property=\"og:image\" content=\"http:\/\/conexion23.com\/wp-content\/uploads\/2024\/06\/download-2.jpg\" \/>\n\t<meta property=\"og:image:width\" content=\"384\" \/>\n\t<meta property=\"og:image:height\" content=\"384\" \/>\n\t<meta property=\"og:image:type\" content=\"image\/jpeg\" \/>\n<meta name=\"author\" content=\"Raffy Ben\u00edtez\" \/>\n<meta name=\"twitter:card\" content=\"summary_large_image\" \/>\n<meta name=\"twitter:label1\" content=\"Escrito por\" \/>\n\t<meta name=\"twitter:data1\" content=\"Raffy Ben\u00edtez\" \/>\n\t<meta name=\"twitter:label2\" content=\"Tiempo de lectura\" \/>\n\t<meta name=\"twitter:data2\" content=\"1 minuto\" \/>\n<script type=\"application\/ld+json\" class=\"yoast-schema-graph\">{\"@context\":\"https:\\\/\\\/schema.org\",\"@graph\":[{\"@type\":\"Article\",\"@id\":\"http:\\\/\\\/conexion23.com\\\/?p=28989#article\",\"isPartOf\":{\"@id\":\"http:\\\/\\\/conexion23.com\\\/?p=28989\"},\"author\":{\"name\":\"Raffy Ben\u00edtez\",\"@id\":\"http:\\\/\\\/conexion23.com\\\/#\\\/schema\\\/person\\\/03e36043331117e97a373299bbcd30a6\"},\"headline\":\"Menor de 14 a\u00f1os esta desaparecida, es de Restauraci\u00f3n en San Pedro.\",\"datePublished\":\"2024-06-01T11:47:46+00:00\",\"dateModified\":\"2024-06-01T11:47:50+00:00\",\"mainEntityOfPage\":{\"@id\":\"http:\\\/\\\/conexion23.com\\\/?p=28989\"},\"wordCount\":64,\"commentCount\":0,\"publisher\":{\"@id\":\"http:\\\/\\\/conexion23.com\\\/#organization\"},\"image\":{\"@id\":\"http:\\\/\\\/conexion23.com\\\/?p=28989#primaryimage\"},\"thumbnailUrl\":\"http:\\\/\\\/conexion23.com\\\/wp-content\\\/uploads\\\/2024\\\/06\\\/download-2.jpg\",\"articleSection\":[\"SPM\"],\"inLanguage\":\"es\",\"potentialAction\":[{\"@type\":\"CommentAction\",\"name\":\"Comment\",\"target\":[\"http:\\\/\\\/conexion23.com\\\/?p=28989#respond\"]}]},{\"@type\":\"WebPage\",\"@id\":\"http:\\\/\\\/conexion23.com\\\/?p=28989\",\"url\":\"http:\\\/\\\/conexion23.com\\\/?p=28989\",\"name\":\"Menor de 14 a\u00f1os esta desaparecida, es de Restauraci\u00f3n en San Pedro. - Conexi\u00f3n 23\",\"isPartOf\":{\"@id\":\"http:\\\/\\\/conexion23.com\\\/#website\"},\"primaryImageOfPage\":{\"@id\":\"http:\\\/\\\/conexion23.com\\\/?p=28989#primaryimage\"},\"image\":{\"@id\":\"http:\\\/\\\/conexion23.com\\\/?p=28989#primaryimage\"},\"thumbnailUrl\":\"http:\\\/\\\/conexion23.com\\\/wp-content\\\/uploads\\\/2024\\\/06\\\/download-2.jpg\",\"datePublished\":\"2024-06-01T11:47:46+00:00\",\"dateModified\":\"2024-06-01T11:47:50+00:00\",\"breadcrumb\":{\"@id\":\"http:\\\/\\\/conexion23.com\\\/?p=28989#breadcrumb\"},\"inLanguage\":\"es\",\"potentialAction\":[{\"@type\":\"ReadAction\",\"target\":[\"http:\\\/\\\/conexion23.com\\\/?p=28989\"]}]},{\"@type\":\"ImageObject\",\"inLanguage\":\"es\",\"@id\":\"http:\\\/\\\/conexion23.com\\\/?p=28989#primaryimage\",\"url\":\"http:\\\/\\\/conexion23.com\\\/wp-content\\\/uploads\\\/2024\\\/06\\\/download-2.jpg\",\"contentUrl\":\"http:\\\/\\\/conexion23.com\\\/wp-content\\\/uploads\\\/2024\\\/06\\\/download-2.jpg\",\"width\":384,\"height\":384},{\"@type\":\"BreadcrumbList\",\"@id\":\"http:\\\/\\\/conexion23.com\\\/?p=28989#breadcrumb\",\"itemListElement\":[{\"@type\":\"ListItem\",\"position\":1,\"name\":\"Portada\",\"item\":\"http:\\\/\\\/conexion23.com\\\/\"},{\"@type\":\"ListItem\",\"position\":2,\"name\":\"Menor de 14 a\u00f1os esta desaparecida, es de Restauraci\u00f3n en San Pedro.\"}]},{\"@type\":\"WebSite\",\"@id\":\"http:\\\/\\\/conexion23.com\\\/#website\",\"url\":\"http:\\\/\\\/conexion23.com\\\/\",\"name\":\"Conexi\u00f3n 23\",\"description\":\"Peri\u00f3dico 100% Petromacorisano\",\"publisher\":{\"@id\":\"http:\\\/\\\/conexion23.com\\\/#organization\"},\"potentialAction\":[{\"@type\":\"SearchAction\",\"target\":{\"@type\":\"EntryPoint\",\"urlTemplate\":\"http:\\\/\\\/conexion23.com\\\/?s={search_term_string}\"},\"query-input\":{\"@type\":\"PropertyValueSpecification\",\"valueRequired\":true,\"valueName\":\"search_term_string\"}}],\"inLanguage\":\"es\"},{\"@type\":\"Organization\",\"@id\":\"http:\\\/\\\/conexion23.com\\\/#organization\",\"name\":\"Conexion 23\",\"url\":\"http:\\\/\\\/conexion23.com\\\/\",\"logo\":{\"@type\":\"ImageObject\",\"inLanguage\":\"es\",\"@id\":\"http:\\\/\\\/conexion23.com\\\/#\\\/schema\\\/logo\\\/image\\\/\",\"url\":\"https:\\\/\\\/conexion23.com\\\/wp-content\\\/uploads\\\/2021\\\/11\\\/Diseno-sin-titulo-2.png\",\"contentUrl\":\"https:\\\/\\\/conexion23.com\\\/wp-content\\\/uploads\\\/2021\\\/11\\\/Diseno-sin-titulo-2.png\",\"width\":541,\"height\":90,\"caption\":\"Conexion 23\"},\"image\":{\"@id\":\"http:\\\/\\\/conexion23.com\\\/#\\\/schema\\\/logo\\\/image\\\/\"},\"sameAs\":[\"https:\\\/\\\/www.facebook.com\\\/conexion23com\",\"https:\\\/\\\/www.instagram.com\\\/conexion23com\\\/\",\"https:\\\/\\\/www.youtube.com\\\/channel\\\/UCYc7vxxFZMYLIHNsHHxPZ3Q\"]},{\"@type\":\"Person\",\"@id\":\"http:\\\/\\\/conexion23.com\\\/#\\\/schema\\\/person\\\/03e36043331117e97a373299bbcd30a6\",\"name\":\"Raffy Ben\u00edtez\",\"image\":{\"@type\":\"ImageObject\",\"inLanguage\":\"es\",\"@id\":\"https:\\\/\\\/secure.gravatar.com\\\/avatar\\\/3190a6a6c5e1b0327500f7d6c56b6242472ee6cb974cf09b401ee6b3b0798f23?s=96&d=mm&r=g\",\"url\":\"https:\\\/\\\/secure.gravatar.com\\\/avatar\\\/3190a6a6c5e1b0327500f7d6c56b6242472ee6cb974cf09b401ee6b3b0798f23?s=96&d=mm&r=g\",\"contentUrl\":\"https:\\\/\\\/secure.gravatar.com\\\/avatar\\\/3190a6a6c5e1b0327500f7d6c56b6242472ee6cb974cf09b401ee6b3b0798f23?s=96&d=mm&r=g\",\"caption\":\"Raffy Ben\u00edtez\"},\"url\":\"http:\\\/\\\/conexion23.com\\\/?author=15\"}]}<\/script>\n<!-- \/ Yoast SEO plugin. -->","yoast_head_json":{"title":"Menor de 14 a\u00f1os esta desaparecida, es de Restauraci\u00f3n en San Pedro. - Conexi\u00f3n 23","robots":{"index":"index","follow":"follow","max-snippet":"max-snippet:-1","max-image-preview":"max-image-preview:large","max-video-preview":"max-video-preview:-1"},"canonical":"http:\/\/conexion23.com\/?p=28989","og_locale":"es_ES","og_type":"article","og_title":"Menor de 14 a\u00f1os esta desaparecida, es de Restauraci\u00f3n en San Pedro. - Conexi\u00f3n 23","og_description":"Sali\u00f3 anoche de su residencia en el sector Restauraci\u00f3n de San Pedro de Macor\u00eds. La menor Francely Ramirez del Rosario a quien apodan \u201cMilagrito\u201d de 14 a\u00f1os, sali\u00f3 anoche sin que se dieran cuenta sus familiares y est\u00e1n preocupados por su paradero. Cualquier informaci\u00f3n al 809-478-4794.","og_url":"http:\/\/conexion23.com\/?p=28989","og_site_name":"Conexi\u00f3n 23","article_publisher":"https:\/\/www.facebook.com\/conexion23com","article_published_time":"2024-06-01T11:47:46+00:00","article_modified_time":"2024-06-01T11:47:50+00:00","og_image":[{"width":384,"height":384,"url":"http:\/\/conexion23.com\/wp-content\/uploads\/2024\/06\/download-2.jpg","type":"image\/jpeg"}],"author":"Raffy Ben\u00edtez","twitter_card":"summary_large_image","twitter_misc":{"Escrito por":"Raffy Ben\u00edtez","Tiempo de lectura":"1 minuto"},"schema":{"@context":"https:\/\/schema.org","@graph":[{"@type":"Article","@id":"http:\/\/conexion23.com\/?p=28989#article","isPartOf":{"@id":"http:\/\/conexion23.com\/?p=28989"},"author":{"name":"Raffy Ben\u00edtez","@id":"http:\/\/conexion23.com\/#\/schema\/person\/03e36043331117e97a373299bbcd30a6"},"headline":"Menor de 14 a\u00f1os esta desaparecida, es de Restauraci\u00f3n en San Pedro.","datePublished":"2024-06-01T11:47:46+00:00","dateModified":"2024-06-01T11:47:50+00:00","mainEntityOfPage":{"@id":"http:\/\/conexion23.com\/?p=28989"},"wordCount":64,"commentCount":0,"publisher":{"@id":"http:\/\/conexion23.com\/#organization"},"image":{"@id":"http:\/\/conexion23.com\/?p=28989#primaryimage"},"thumbnailUrl":"http:\/\/conexion23.com\/wp-content\/uploads\/2024\/06\/download-2.jpg","articleSection":["SPM"],"inLanguage":"es","potentialAction":[{"@type":"CommentAction","name":"Comment","target":["http:\/\/conexion23.com\/?p=28989#respond"]}]},{"@type":"WebPage","@id":"http:\/\/conexion23.com\/?p=28989","url":"http:\/\/conexion23.com\/?p=28989","name":"Menor de 14 a\u00f1os esta desaparecida, es de Restauraci\u00f3n en San Pedro. - Conexi\u00f3n 23","isPartOf":{"@id":"http:\/\/conexion23.com\/#website"},"primaryImageOfPage":{"@id":"http:\/\/conexion23.com\/?p=28989#primaryimage"},"image":{"@id":"http:\/\/conexion23.com\/?p=28989#primaryimage"},"thumbnailUrl":"http:\/\/conexion23.com\/wp-content\/uploads\/2024\/06\/download-2.jpg","datePublished":"2024-06-01T11:47:46+00:00","dateModified":"2024-06-01T11:47:50+00:00","breadcrumb":{"@id":"http:\/\/conexion23.com\/?p=28989#breadcrumb"},"inLanguage":"es","potentialAction":[{"@type":"ReadAction","target":["http:\/\/conexion23.com\/?p=28989"]}]},{"@type":"ImageObject","inLanguage":"es","@id":"http:\/\/conexion23.com\/?p=28989#primaryimage","url":"http:\/\/conexion23.com\/wp-content\/uploads\/2024\/06\/download-2.jpg","contentUrl":"http:\/\/conexion23.com\/wp-content\/uploads\/2024\/06\/download-2.jpg","width":384,"height":384},{"@type":"BreadcrumbList","@id":"http:\/\/conexion23.com\/?p=28989#breadcrumb","itemListElement":[{"@type":"ListItem","position":1,"name":"Portada","item":"http:\/\/conexion23.com\/"},{"@type":"ListItem","position":2,"name":"Menor de 14 a\u00f1os esta desaparecida, es de Restauraci\u00f3n en San Pedro."}]},{"@type":"WebSite","@id":"http:\/\/conexion23.com\/#website","url":"http:\/\/conexion23.com\/","name":"Conexi\u00f3n 23","description":"Peri\u00f3dico 100% Petromacorisano","publisher":{"@id":"http:\/\/conexion23.com\/#organization"},"potentialAction":[{"@type":"SearchAction","target":{"@type":"EntryPoint","urlTemplate":"http:\/\/conexion23.com\/?s={search_term_string}"},"query-input":{"@type":"PropertyValueSpecification","valueRequired":true,"valueName":"search_term_string"}}],"inLanguage":"es"},{"@type":"Organization","@id":"http:\/\/conexion23.com\/#organization","name":"Conexion 23","url":"http:\/\/conexion23.com\/","logo":{"@type":"ImageObject","inLanguage":"es","@id":"http:\/\/conexion23.com\/#\/schema\/logo\/image\/","url":"https:\/\/conexion23.com\/wp-content\/uploads\/2021\/11\/Diseno-sin-titulo-2.png","contentUrl":"https:\/\/conexion23.com\/wp-content\/uploads\/2021\/11\/Diseno-sin-titulo-2.png","width":541,"height":90,"caption":"Conexion 23"},"image":{"@id":"http:\/\/conexion23.com\/#\/schema\/logo\/image\/"},"sameAs":["https:\/\/www.facebook.com\/conexion23com","https:\/\/www.instagram.com\/conexion23com\/","https:\/\/www.youtube.com\/channel\/UCYc7vxxFZMYLIHNsHHxPZ3Q"]},{"@type":"Person","@id":"http:\/\/conexion23.com\/#\/schema\/person\/03e36043331117e97a373299bbcd30a6","name":"Raffy Ben\u00edtez","image":{"@type":"ImageObject","inLanguage":"es","@id":"https:\/\/secure.gravatar.com\/avatar\/3190a6a6c5e1b0327500f7d6c56b6242472ee6cb974cf09b401ee6b3b0798f23?s=96&d=mm&r=g","url":"https:\/\/secure.gravatar.com\/avatar\/3190a6a6c5e1b0327500f7d6c56b6242472ee6cb974cf09b401ee6b3b0798f23?s=96&d=mm&r=g","contentUrl":"https:\/\/secure.gravatar.com\/avatar\/3190a6a6c5e1b0327500f7d6c56b6242472ee6cb974cf09b401ee6b3b0798f23?s=96&d=mm&r=g","caption":"Raffy Ben\u00edtez"},"url":"http:\/\/conexion23.com\/?author=15"}]}},"_links":{"self":[{"href":"http:\/\/conexion23.com\/index.php?rest_route=\/wp\/v2\/posts\/28989","targetHints":{"allow":["GET"]}}],"collection":[{"href":"http:\/\/conexion23.com\/index.php?rest_route=\/wp\/v2\/posts"}],"about":[{"href":"http:\/\/conexion23.com\/index.php?rest_route=\/wp\/v2\/types\/post"}],"author":[{"embeddable":true,"href":"http:\/\/conexion23.com\/index.php?rest_route=\/wp\/v2\/users\/15"}],"replies":[{"embeddable":true,"href":"http:\/\/conexion23.com\/index.php?rest_route=%2Fwp%2Fv2%2Fcomments&post=28989"}],"version-history":[{"count":1,"href":"http:\/\/conexion23.com\/index.php?rest_route=\/wp\/v2\/posts\/28989\/revisions"}],"predecessor-version":[{"id":28991,"href":"http:\/\/conexion23.com\/index.php?rest_route=\/wp\/v2\/posts\/28989\/revisions\/28991"}],"wp:featuredmedia":[{"embeddable":true,"href":"http:\/\/conexion23.com\/index.php?rest_route=\/wp\/v2\/media\/28990"}],"wp:attachment":[{"href":"http:\/\/conexion23.com\/index.php?rest_route=%2Fwp%2Fv2%2Fmedia&parent=28989"}],"wp:term":[{"taxonomy":"category","embeddable":true,"href":"http:\/\/conexion23.com\/index.php?rest_route=%2Fwp%2Fv2%2Fcategories&post=28989"},{"taxonomy":"post_tag","embeddable":true,"href":"http:\/\/conexion23.com\/index.php?rest_route=%2Fwp%2Fv2%2Ftags&post=28989"}],"curies":[{"name":"wp","href":"https:\/\/api.w.org\/{rel}","templated":true}]}}