{"id":30200,"date":"2024-07-06T07:25:34","date_gmt":"2024-07-06T11:25:34","guid":{"rendered":"https:\/\/conexion23.com\/?p=30200"},"modified":"2024-07-06T07:25:37","modified_gmt":"2024-07-06T11:25:37","slug":"detienen-a-pastor-por-sospecha-de-violacion-de-menores-en-la-altagracia","status":"publish","type":"post","link":"http:\/\/conexion23.com\/?p=30200","title":{"rendered":"Detienen a pastor por sospecha de violaci\u00f3n de menores en La Altagracia"},"content":{"rendered":"\n<p class=\"wp-block-paragraph\">La tarde del 4 de julio, las autoridades detuvieron al pastor V. M. K. en la provincia La Altagracia, tras ser acusado de violaci\u00f3n por una de las v\u00edctimas, cuya identidad se mantiene bajo resguardo. Seg\u00fan la denuncia presentada ante la Unidad de Atenci\u00f3n a V\u00edctimas, de G\u00e9nero y Delitos Sexuales, el pastor habr\u00eda ganado la confianza del joven, trat\u00e1ndolo como un padre.<\/p>\n\n\n\n<p class=\"wp-block-paragraph\">El denunciante, quien ten\u00eda 17 a\u00f1os al momento de los presuntos abusos, relat\u00f3 que el pastor lo llevaba a una iglesia en Villa Cerro, donde ambos pasaban la noche realizando \u201csilicios\u201d. Seg\u00fan su testimonio, el pastor lo habr\u00eda forzado a realizar actos sexuales, incluyendo sexo oral, bajo amenazas y coacci\u00f3n.<\/p>\n\n\n\n<p class=\"wp-block-paragraph\">El Ministerio P\u00fablico ha anunciado su intenci\u00f3n de solicitar medidas cautelares contra el pastor, acus\u00e1ndolo de violaci\u00f3n conforme a los art\u00edculos 330 y 331 del C\u00f3digo Penal Dominicano.<\/p>\n","protected":false},"excerpt":{"rendered":"<p>La tarde del 4 de julio, las autoridades detuvieron al pastor V. M. K. en la provincia La Altagracia, tras ser acusado de violaci\u00f3n por una de las v\u00edctimas, cuya identidad se mantiene bajo resguardo. Seg\u00fan la denuncia presentada ante la Unidad de Atenci\u00f3n a V\u00edctimas, de G\u00e9nero y Delitos Sexuales, el pastor habr\u00eda ganado [&hellip;]<\/p>\n","protected":false},"author":15,"featured_media":30201,"comment_status":"open","ping_status":"open","sticky":false,"template":"","format":"standard","meta":{"footnotes":""},"categories":[2474],"tags":[],"class_list":["post-30200","post","type-post","status-publish","format-standard","has-post-thumbnail","category-la-altagracia"],"yoast_head":"<!-- This site is optimized with the Yoast SEO plugin v27.6 - https:\/\/yoast.com\/product\/yoast-seo-wordpress\/ -->\n<title>Detienen a pastor por sospecha de violaci\u00f3n de menores en La Altagracia - Conexi\u00f3n 23<\/title>\n<meta name=\"robots\" content=\"index, follow, max-snippet:-1, max-image-preview:large, max-video-preview:-1\" \/>\n<link rel=\"canonical\" href=\"http:\/\/conexion23.com\/?p=30200\" \/>\n<meta property=\"og:locale\" content=\"es_ES\" \/>\n<meta property=\"og:type\" content=\"article\" \/>\n<meta property=\"og:title\" content=\"Detienen a pastor por sospecha de violaci\u00f3n de menores en La Altagracia - Conexi\u00f3n 23\" \/>\n<meta property=\"og:description\" content=\"La tarde del 4 de julio, las autoridades detuvieron al pastor V. M. K. en la provincia La Altagracia, tras ser acusado de violaci\u00f3n por una de las v\u00edctimas, cuya identidad se mantiene bajo resguardo. Seg\u00fan la denuncia presentada ante la Unidad de Atenci\u00f3n a V\u00edctimas, de G\u00e9nero y Delitos Sexuales, el pastor habr\u00eda ganado [&hellip;]\" \/>\n<meta property=\"og:url\" content=\"http:\/\/conexion23.com\/?p=30200\" \/>\n<meta property=\"og:site_name\" content=\"Conexi\u00f3n 23\" \/>\n<meta property=\"article:publisher\" content=\"https:\/\/www.facebook.com\/conexion23com\" \/>\n<meta property=\"article:published_time\" content=\"2024-07-06T11:25:34+00:00\" \/>\n<meta property=\"article:modified_time\" content=\"2024-07-06T11:25:37+00:00\" \/>\n<meta property=\"og:image\" content=\"http:\/\/conexion23.com\/wp-content\/uploads\/2024\/07\/er.jpg\" \/>\n\t<meta property=\"og:image:width\" content=\"273\" \/>\n\t<meta property=\"og:image:height\" content=\"180\" \/>\n\t<meta property=\"og:image:type\" content=\"image\/jpeg\" \/>\n<meta name=\"author\" content=\"Raffy Ben\u00edtez\" \/>\n<meta name=\"twitter:card\" content=\"summary_large_image\" \/>\n<meta name=\"twitter:label1\" content=\"Escrito por\" \/>\n\t<meta name=\"twitter:data1\" content=\"Raffy Ben\u00edtez\" \/>\n\t<meta name=\"twitter:label2\" content=\"Tiempo de lectura\" \/>\n\t<meta name=\"twitter:data2\" content=\"1 minuto\" \/>\n<script type=\"application\/ld+json\" class=\"yoast-schema-graph\">{\"@context\":\"https:\\\/\\\/schema.org\",\"@graph\":[{\"@type\":\"Article\",\"@id\":\"http:\\\/\\\/conexion23.com\\\/?p=30200#article\",\"isPartOf\":{\"@id\":\"http:\\\/\\\/conexion23.com\\\/?p=30200\"},\"author\":{\"name\":\"Raffy Ben\u00edtez\",\"@id\":\"http:\\\/\\\/conexion23.com\\\/#\\\/schema\\\/person\\\/03e36043331117e97a373299bbcd30a6\"},\"headline\":\"Detienen a pastor por sospecha de violaci\u00f3n de menores en La Altagracia\",\"datePublished\":\"2024-07-06T11:25:34+00:00\",\"dateModified\":\"2024-07-06T11:25:37+00:00\",\"mainEntityOfPage\":{\"@id\":\"http:\\\/\\\/conexion23.com\\\/?p=30200\"},\"wordCount\":169,\"commentCount\":0,\"publisher\":{\"@id\":\"http:\\\/\\\/conexion23.com\\\/#organization\"},\"image\":{\"@id\":\"http:\\\/\\\/conexion23.com\\\/?p=30200#primaryimage\"},\"thumbnailUrl\":\"http:\\\/\\\/conexion23.com\\\/wp-content\\\/uploads\\\/2024\\\/07\\\/er.jpg\",\"articleSection\":[\"La Altagracia\"],\"inLanguage\":\"es\",\"potentialAction\":[{\"@type\":\"CommentAction\",\"name\":\"Comment\",\"target\":[\"http:\\\/\\\/conexion23.com\\\/?p=30200#respond\"]}]},{\"@type\":\"WebPage\",\"@id\":\"http:\\\/\\\/conexion23.com\\\/?p=30200\",\"url\":\"http:\\\/\\\/conexion23.com\\\/?p=30200\",\"name\":\"Detienen a pastor por sospecha de violaci\u00f3n de menores en La Altagracia - Conexi\u00f3n 23\",\"isPartOf\":{\"@id\":\"http:\\\/\\\/conexion23.com\\\/#website\"},\"primaryImageOfPage\":{\"@id\":\"http:\\\/\\\/conexion23.com\\\/?p=30200#primaryimage\"},\"image\":{\"@id\":\"http:\\\/\\\/conexion23.com\\\/?p=30200#primaryimage\"},\"thumbnailUrl\":\"http:\\\/\\\/conexion23.com\\\/wp-content\\\/uploads\\\/2024\\\/07\\\/er.jpg\",\"datePublished\":\"2024-07-06T11:25:34+00:00\",\"dateModified\":\"2024-07-06T11:25:37+00:00\",\"breadcrumb\":{\"@id\":\"http:\\\/\\\/conexion23.com\\\/?p=30200#breadcrumb\"},\"inLanguage\":\"es\",\"potentialAction\":[{\"@type\":\"ReadAction\",\"target\":[\"http:\\\/\\\/conexion23.com\\\/?p=30200\"]}]},{\"@type\":\"ImageObject\",\"inLanguage\":\"es\",\"@id\":\"http:\\\/\\\/conexion23.com\\\/?p=30200#primaryimage\",\"url\":\"http:\\\/\\\/conexion23.com\\\/wp-content\\\/uploads\\\/2024\\\/07\\\/er.jpg\",\"contentUrl\":\"http:\\\/\\\/conexion23.com\\\/wp-content\\\/uploads\\\/2024\\\/07\\\/er.jpg\",\"width\":273,\"height\":180},{\"@type\":\"BreadcrumbList\",\"@id\":\"http:\\\/\\\/conexion23.com\\\/?p=30200#breadcrumb\",\"itemListElement\":[{\"@type\":\"ListItem\",\"position\":1,\"name\":\"Portada\",\"item\":\"http:\\\/\\\/conexion23.com\\\/\"},{\"@type\":\"ListItem\",\"position\":2,\"name\":\"Detienen a pastor por sospecha de violaci\u00f3n de menores en La Altagracia\"}]},{\"@type\":\"WebSite\",\"@id\":\"http:\\\/\\\/conexion23.com\\\/#website\",\"url\":\"http:\\\/\\\/conexion23.com\\\/\",\"name\":\"Conexi\u00f3n 23\",\"description\":\"Peri\u00f3dico 100% Petromacorisano\",\"publisher\":{\"@id\":\"http:\\\/\\\/conexion23.com\\\/#organization\"},\"potentialAction\":[{\"@type\":\"SearchAction\",\"target\":{\"@type\":\"EntryPoint\",\"urlTemplate\":\"http:\\\/\\\/conexion23.com\\\/?s={search_term_string}\"},\"query-input\":{\"@type\":\"PropertyValueSpecification\",\"valueRequired\":true,\"valueName\":\"search_term_string\"}}],\"inLanguage\":\"es\"},{\"@type\":\"Organization\",\"@id\":\"http:\\\/\\\/conexion23.com\\\/#organization\",\"name\":\"Conexion 23\",\"url\":\"http:\\\/\\\/conexion23.com\\\/\",\"logo\":{\"@type\":\"ImageObject\",\"inLanguage\":\"es\",\"@id\":\"http:\\\/\\\/conexion23.com\\\/#\\\/schema\\\/logo\\\/image\\\/\",\"url\":\"https:\\\/\\\/conexion23.com\\\/wp-content\\\/uploads\\\/2021\\\/11\\\/Diseno-sin-titulo-2.png\",\"contentUrl\":\"https:\\\/\\\/conexion23.com\\\/wp-content\\\/uploads\\\/2021\\\/11\\\/Diseno-sin-titulo-2.png\",\"width\":541,\"height\":90,\"caption\":\"Conexion 23\"},\"image\":{\"@id\":\"http:\\\/\\\/conexion23.com\\\/#\\\/schema\\\/logo\\\/image\\\/\"},\"sameAs\":[\"https:\\\/\\\/www.facebook.com\\\/conexion23com\",\"https:\\\/\\\/www.instagram.com\\\/conexion23com\\\/\",\"https:\\\/\\\/www.youtube.com\\\/channel\\\/UCYc7vxxFZMYLIHNsHHxPZ3Q\"]},{\"@type\":\"Person\",\"@id\":\"http:\\\/\\\/conexion23.com\\\/#\\\/schema\\\/person\\\/03e36043331117e97a373299bbcd30a6\",\"name\":\"Raffy Ben\u00edtez\",\"image\":{\"@type\":\"ImageObject\",\"inLanguage\":\"es\",\"@id\":\"https:\\\/\\\/secure.gravatar.com\\\/avatar\\\/3190a6a6c5e1b0327500f7d6c56b6242472ee6cb974cf09b401ee6b3b0798f23?s=96&d=mm&r=g\",\"url\":\"https:\\\/\\\/secure.gravatar.com\\\/avatar\\\/3190a6a6c5e1b0327500f7d6c56b6242472ee6cb974cf09b401ee6b3b0798f23?s=96&d=mm&r=g\",\"contentUrl\":\"https:\\\/\\\/secure.gravatar.com\\\/avatar\\\/3190a6a6c5e1b0327500f7d6c56b6242472ee6cb974cf09b401ee6b3b0798f23?s=96&d=mm&r=g\",\"caption\":\"Raffy Ben\u00edtez\"},\"url\":\"http:\\\/\\\/conexion23.com\\\/?author=15\"}]}<\/script>\n<!-- \/ Yoast SEO plugin. -->","yoast_head_json":{"title":"Detienen a pastor por sospecha de violaci\u00f3n de menores en La Altagracia - Conexi\u00f3n 23","robots":{"index":"index","follow":"follow","max-snippet":"max-snippet:-1","max-image-preview":"max-image-preview:large","max-video-preview":"max-video-preview:-1"},"canonical":"http:\/\/conexion23.com\/?p=30200","og_locale":"es_ES","og_type":"article","og_title":"Detienen a pastor por sospecha de violaci\u00f3n de menores en La Altagracia - Conexi\u00f3n 23","og_description":"La tarde del 4 de julio, las autoridades detuvieron al pastor V. M. K. en la provincia La Altagracia, tras ser acusado de violaci\u00f3n por una de las v\u00edctimas, cuya identidad se mantiene bajo resguardo. Seg\u00fan la denuncia presentada ante la Unidad de Atenci\u00f3n a V\u00edctimas, de G\u00e9nero y Delitos Sexuales, el pastor habr\u00eda ganado [&hellip;]","og_url":"http:\/\/conexion23.com\/?p=30200","og_site_name":"Conexi\u00f3n 23","article_publisher":"https:\/\/www.facebook.com\/conexion23com","article_published_time":"2024-07-06T11:25:34+00:00","article_modified_time":"2024-07-06T11:25:37+00:00","og_image":[{"width":273,"height":180,"url":"http:\/\/conexion23.com\/wp-content\/uploads\/2024\/07\/er.jpg","type":"image\/jpeg"}],"author":"Raffy Ben\u00edtez","twitter_card":"summary_large_image","twitter_misc":{"Escrito por":"Raffy Ben\u00edtez","Tiempo de lectura":"1 minuto"},"schema":{"@context":"https:\/\/schema.org","@graph":[{"@type":"Article","@id":"http:\/\/conexion23.com\/?p=30200#article","isPartOf":{"@id":"http:\/\/conexion23.com\/?p=30200"},"author":{"name":"Raffy Ben\u00edtez","@id":"http:\/\/conexion23.com\/#\/schema\/person\/03e36043331117e97a373299bbcd30a6"},"headline":"Detienen a pastor por sospecha de violaci\u00f3n de menores en La Altagracia","datePublished":"2024-07-06T11:25:34+00:00","dateModified":"2024-07-06T11:25:37+00:00","mainEntityOfPage":{"@id":"http:\/\/conexion23.com\/?p=30200"},"wordCount":169,"commentCount":0,"publisher":{"@id":"http:\/\/conexion23.com\/#organization"},"image":{"@id":"http:\/\/conexion23.com\/?p=30200#primaryimage"},"thumbnailUrl":"http:\/\/conexion23.com\/wp-content\/uploads\/2024\/07\/er.jpg","articleSection":["La Altagracia"],"inLanguage":"es","potentialAction":[{"@type":"CommentAction","name":"Comment","target":["http:\/\/conexion23.com\/?p=30200#respond"]}]},{"@type":"WebPage","@id":"http:\/\/conexion23.com\/?p=30200","url":"http:\/\/conexion23.com\/?p=30200","name":"Detienen a pastor por sospecha de violaci\u00f3n de menores en La Altagracia - Conexi\u00f3n 23","isPartOf":{"@id":"http:\/\/conexion23.com\/#website"},"primaryImageOfPage":{"@id":"http:\/\/conexion23.com\/?p=30200#primaryimage"},"image":{"@id":"http:\/\/conexion23.com\/?p=30200#primaryimage"},"thumbnailUrl":"http:\/\/conexion23.com\/wp-content\/uploads\/2024\/07\/er.jpg","datePublished":"2024-07-06T11:25:34+00:00","dateModified":"2024-07-06T11:25:37+00:00","breadcrumb":{"@id":"http:\/\/conexion23.com\/?p=30200#breadcrumb"},"inLanguage":"es","potentialAction":[{"@type":"ReadAction","target":["http:\/\/conexion23.com\/?p=30200"]}]},{"@type":"ImageObject","inLanguage":"es","@id":"http:\/\/conexion23.com\/?p=30200#primaryimage","url":"http:\/\/conexion23.com\/wp-content\/uploads\/2024\/07\/er.jpg","contentUrl":"http:\/\/conexion23.com\/wp-content\/uploads\/2024\/07\/er.jpg","width":273,"height":180},{"@type":"BreadcrumbList","@id":"http:\/\/conexion23.com\/?p=30200#breadcrumb","itemListElement":[{"@type":"ListItem","position":1,"name":"Portada","item":"http:\/\/conexion23.com\/"},{"@type":"ListItem","position":2,"name":"Detienen a pastor por sospecha de violaci\u00f3n de menores en La Altagracia"}]},{"@type":"WebSite","@id":"http:\/\/conexion23.com\/#website","url":"http:\/\/conexion23.com\/","name":"Conexi\u00f3n 23","description":"Peri\u00f3dico 100% Petromacorisano","publisher":{"@id":"http:\/\/conexion23.com\/#organization"},"potentialAction":[{"@type":"SearchAction","target":{"@type":"EntryPoint","urlTemplate":"http:\/\/conexion23.com\/?s={search_term_string}"},"query-input":{"@type":"PropertyValueSpecification","valueRequired":true,"valueName":"search_term_string"}}],"inLanguage":"es"},{"@type":"Organization","@id":"http:\/\/conexion23.com\/#organization","name":"Conexion 23","url":"http:\/\/conexion23.com\/","logo":{"@type":"ImageObject","inLanguage":"es","@id":"http:\/\/conexion23.com\/#\/schema\/logo\/image\/","url":"https:\/\/conexion23.com\/wp-content\/uploads\/2021\/11\/Diseno-sin-titulo-2.png","contentUrl":"https:\/\/conexion23.com\/wp-content\/uploads\/2021\/11\/Diseno-sin-titulo-2.png","width":541,"height":90,"caption":"Conexion 23"},"image":{"@id":"http:\/\/conexion23.com\/#\/schema\/logo\/image\/"},"sameAs":["https:\/\/www.facebook.com\/conexion23com","https:\/\/www.instagram.com\/conexion23com\/","https:\/\/www.youtube.com\/channel\/UCYc7vxxFZMYLIHNsHHxPZ3Q"]},{"@type":"Person","@id":"http:\/\/conexion23.com\/#\/schema\/person\/03e36043331117e97a373299bbcd30a6","name":"Raffy Ben\u00edtez","image":{"@type":"ImageObject","inLanguage":"es","@id":"https:\/\/secure.gravatar.com\/avatar\/3190a6a6c5e1b0327500f7d6c56b6242472ee6cb974cf09b401ee6b3b0798f23?s=96&d=mm&r=g","url":"https:\/\/secure.gravatar.com\/avatar\/3190a6a6c5e1b0327500f7d6c56b6242472ee6cb974cf09b401ee6b3b0798f23?s=96&d=mm&r=g","contentUrl":"https:\/\/secure.gravatar.com\/avatar\/3190a6a6c5e1b0327500f7d6c56b6242472ee6cb974cf09b401ee6b3b0798f23?s=96&d=mm&r=g","caption":"Raffy Ben\u00edtez"},"url":"http:\/\/conexion23.com\/?author=15"}]}},"_links":{"self":[{"href":"http:\/\/conexion23.com\/index.php?rest_route=\/wp\/v2\/posts\/30200","targetHints":{"allow":["GET"]}}],"collection":[{"href":"http:\/\/conexion23.com\/index.php?rest_route=\/wp\/v2\/posts"}],"about":[{"href":"http:\/\/conexion23.com\/index.php?rest_route=\/wp\/v2\/types\/post"}],"author":[{"embeddable":true,"href":"http:\/\/conexion23.com\/index.php?rest_route=\/wp\/v2\/users\/15"}],"replies":[{"embeddable":true,"href":"http:\/\/conexion23.com\/index.php?rest_route=%2Fwp%2Fv2%2Fcomments&post=30200"}],"version-history":[{"count":1,"href":"http:\/\/conexion23.com\/index.php?rest_route=\/wp\/v2\/posts\/30200\/revisions"}],"predecessor-version":[{"id":30202,"href":"http:\/\/conexion23.com\/index.php?rest_route=\/wp\/v2\/posts\/30200\/revisions\/30202"}],"wp:featuredmedia":[{"embeddable":true,"href":"http:\/\/conexion23.com\/index.php?rest_route=\/wp\/v2\/media\/30201"}],"wp:attachment":[{"href":"http:\/\/conexion23.com\/index.php?rest_route=%2Fwp%2Fv2%2Fmedia&parent=30200"}],"wp:term":[{"taxonomy":"category","embeddable":true,"href":"http:\/\/conexion23.com\/index.php?rest_route=%2Fwp%2Fv2%2Fcategories&post=30200"},{"taxonomy":"post_tag","embeddable":true,"href":"http:\/\/conexion23.com\/index.php?rest_route=%2Fwp%2Fv2%2Ftags&post=30200"}],"curies":[{"name":"wp","href":"https:\/\/api.w.org\/{rel}","templated":true}]}}