{"id":30206,"date":"2024-07-06T07:29:31","date_gmt":"2024-07-06T11:29:31","guid":{"rendered":"https:\/\/conexion23.com\/?p=30206"},"modified":"2024-07-06T07:29:34","modified_gmt":"2024-07-06T11:29:34","slug":"rescatadas-ocho-mujeres-colombianas-victimas-de-trata-en-yucatan-mexico","status":"publish","type":"post","link":"http:\/\/conexion23.com\/?p=30206","title":{"rendered":"Rescatadas ocho mujeres colombianas v\u00edctimas de trata en Yucat\u00e1n, M\u00e9xico"},"content":{"rendered":"\n<p class=\"wp-block-paragraph\">Ocho mujeres colombianas, presuntamente v\u00edctimas del delito de trata con fines de explotaci\u00f3n sexual y laboral, fueron rescatadas en la ciudad de M\u00e9rida, capital del estado de Yucat\u00e1n, sureste de M\u00e9xico, inform\u00f3 este viernes la Fiscal\u00eda General de la Rep\u00fablica (FGR).<\/p>\n\n\n\n<p class=\"wp-block-paragraph\">La FGR explic\u00f3 que el hallazgo se dio luego de que, a trav\u00e9s de la Fiscal\u00eda Especializada en Delitos de Violencia contra las Mujeres, Grupos en Situaci\u00f3n de Vulnerabilidad y Trata de Personas (Fevimtra), ejecut\u00f3 una orden de cateo para diversos inmuebles en M\u00e9rida, Yucat\u00e1n, en los que se ten\u00edan retenidas v\u00edctimas de trata de personas, seg\u00fan un comunicado.<a href=\"https:\/\/www.instagram.com\/norbertorodprm\/\"><\/a><\/p>\n\n\n\n<p class=\"wp-block-paragraph\">La investigaci\u00f3n de la FGR, en conjunto con autoridades de Colombia, permiti\u00f3 el registro en tres domicilios y tres bares de la citada ciudad, ejecutado por agentes de la Polic\u00eda Federal Ministerial (PFM), de la Agencia de Investigaci\u00f3n Criminal (AIC), con el apoyo de la Secretar\u00eda de la Defensa Nacional (Sedena), que brind\u00f3 seguridad perimetral.<a href=\"https:\/\/www.instagram.com\/norbertorodprm\/\"><\/a><\/p>\n\n\n\n<p class=\"wp-block-paragraph\">Tras la revisi\u00f3n, indic\u00f3 la Fiscal\u00eda de M\u00e9xico, \u201cse logr\u00f3 la recuperaci\u00f3n de ocho v\u00edctimas de nacionalidad colombiana y la aprehensi\u00f3n de Soledad \u2018A\u2019, presunta principal operadora en la ciudad de M\u00e9rida de una c\u00e9lula delictiva trasnacional dedicada a la trata de personas.<\/p>\n\n\n\n<p class=\"wp-block-paragraph\">De forma simultanea y con la colaboraci\u00f3n de autoridades de Colombia, adem\u00e1s de la participaci\u00f3n de la Interpol, tambi\u00e9n fue detenido el presunto l\u00edder de la c\u00e9lula, Crist\u00f3bal Paulino \u2018F\u2019, de quien iniciaron los tr\u00e1mites para presentarlo ante la autoridad en M\u00e9xico.<\/p>\n\n\n\n<p class=\"wp-block-paragraph\">La FGR indic\u00f3 que se aseguraron los seis inmuebles cateados, los cuales una vez que se realicen tr\u00e1mites legales, se pondr\u00e1n a disposici\u00f3n del Instituto para Devolver al Pueblo lo Robado (Indep), organismo encargado, entre otras facultades, de decomisar bienes a criminales para desarticular sus riquezas il\u00edcitas.<\/p>\n\n\n\n<p class=\"wp-block-paragraph\">A mediados de mayo pasado, autoridades mexicanas rescataron a 17 mujeres, 15 de ellas argentinas, que presuntamente eran v\u00edctimas de trata de personas con fines de explotaci\u00f3n sexual y laboral en Canc\u00fan, en el Caribe mexicano.<a href=\"https:\/\/puntoprints.com\/\"><\/a><\/p>\n\n\n\n<p class=\"wp-block-paragraph\">El estado de Quintana Roo, en el Caribe mexicano y vecino a Yucat\u00e1n, es el principal destino tur\u00edstico del pa\u00eds, pero organizaciones civiles han alertado de la trata de personas que ocurre en el territorio.<\/p>\n\n\n\n<p class=\"wp-block-paragraph\">Apenas en abril pasado, la FGE rescat\u00f3 a otras 27 mujeres, mientras que en enero asegur\u00f3 a otras 25 en la misma zona y encontr\u00f3 droga durante una inspecci\u00f3n en un establecimiento en el municipio de Oth\u00f3n P. Blanco.<\/p>\n","protected":false},"excerpt":{"rendered":"<p>Ocho mujeres colombianas, presuntamente v\u00edctimas del delito de trata con fines de explotaci\u00f3n sexual y laboral, fueron rescatadas en la ciudad de M\u00e9rida, capital del estado de Yucat\u00e1n, sureste de M\u00e9xico, inform\u00f3 este viernes la Fiscal\u00eda General de la Rep\u00fablica (FGR). La FGR explic\u00f3 que el hallazgo se dio luego de que, a trav\u00e9s de [&hellip;]<\/p>\n","protected":false},"author":15,"featured_media":30207,"comment_status":"open","ping_status":"open","sticky":false,"template":"","format":"standard","meta":{"footnotes":""},"categories":[1],"tags":[],"class_list":["post-30206","post","type-post","status-publish","format-standard","has-post-thumbnail","category-uncategorized"],"yoast_head":"<!-- This site is optimized with the Yoast SEO plugin v27.6 - https:\/\/yoast.com\/product\/yoast-seo-wordpress\/ -->\n<title>Rescatadas ocho mujeres colombianas v\u00edctimas de trata en Yucat\u00e1n, M\u00e9xico - Conexi\u00f3n 23<\/title>\n<meta name=\"robots\" content=\"index, follow, max-snippet:-1, max-image-preview:large, max-video-preview:-1\" \/>\n<link rel=\"canonical\" href=\"http:\/\/conexion23.com\/?p=30206\" \/>\n<meta property=\"og:locale\" content=\"es_ES\" \/>\n<meta property=\"og:type\" content=\"article\" \/>\n<meta property=\"og:title\" content=\"Rescatadas ocho mujeres colombianas v\u00edctimas de trata en Yucat\u00e1n, M\u00e9xico - Conexi\u00f3n 23\" \/>\n<meta property=\"og:description\" content=\"Ocho mujeres colombianas, presuntamente v\u00edctimas del delito de trata con fines de explotaci\u00f3n sexual y laboral, fueron rescatadas en la ciudad de M\u00e9rida, capital del estado de Yucat\u00e1n, sureste de M\u00e9xico, inform\u00f3 este viernes la Fiscal\u00eda General de la Rep\u00fablica (FGR). La FGR explic\u00f3 que el hallazgo se dio luego de que, a trav\u00e9s de [&hellip;]\" \/>\n<meta property=\"og:url\" content=\"http:\/\/conexion23.com\/?p=30206\" \/>\n<meta property=\"og:site_name\" content=\"Conexi\u00f3n 23\" \/>\n<meta property=\"article:publisher\" content=\"https:\/\/www.facebook.com\/conexion23com\" \/>\n<meta property=\"article:published_time\" content=\"2024-07-06T11:29:31+00:00\" \/>\n<meta property=\"article:modified_time\" content=\"2024-07-06T11:29:34+00:00\" \/>\n<meta property=\"og:image\" content=\"http:\/\/conexion23.com\/wp-content\/uploads\/2024\/07\/Trata-de-personas-en-Yucatan-1140x694-1-905x613-1.jpg\" \/>\n\t<meta property=\"og:image:width\" content=\"905\" \/>\n\t<meta property=\"og:image:height\" content=\"613\" \/>\n\t<meta property=\"og:image:type\" content=\"image\/jpeg\" \/>\n<meta name=\"author\" content=\"Raffy Ben\u00edtez\" \/>\n<meta name=\"twitter:card\" content=\"summary_large_image\" \/>\n<meta name=\"twitter:label1\" content=\"Escrito por\" \/>\n\t<meta name=\"twitter:data1\" content=\"Raffy Ben\u00edtez\" \/>\n\t<meta name=\"twitter:label2\" content=\"Tiempo de lectura\" \/>\n\t<meta name=\"twitter:data2\" content=\"3 minutos\" \/>\n<script type=\"application\/ld+json\" class=\"yoast-schema-graph\">{\"@context\":\"https:\\\/\\\/schema.org\",\"@graph\":[{\"@type\":\"Article\",\"@id\":\"http:\\\/\\\/conexion23.com\\\/?p=30206#article\",\"isPartOf\":{\"@id\":\"http:\\\/\\\/conexion23.com\\\/?p=30206\"},\"author\":{\"name\":\"Raffy Ben\u00edtez\",\"@id\":\"https:\\\/\\\/conexion23.com\\\/#\\\/schema\\\/person\\\/03e36043331117e97a373299bbcd30a6\"},\"headline\":\"Rescatadas ocho mujeres colombianas v\u00edctimas de trata en Yucat\u00e1n, M\u00e9xico\",\"datePublished\":\"2024-07-06T11:29:31+00:00\",\"dateModified\":\"2024-07-06T11:29:34+00:00\",\"mainEntityOfPage\":{\"@id\":\"http:\\\/\\\/conexion23.com\\\/?p=30206\"},\"wordCount\":454,\"commentCount\":0,\"publisher\":{\"@id\":\"https:\\\/\\\/conexion23.com\\\/#organization\"},\"image\":{\"@id\":\"http:\\\/\\\/conexion23.com\\\/?p=30206#primaryimage\"},\"thumbnailUrl\":\"http:\\\/\\\/conexion23.com\\\/wp-content\\\/uploads\\\/2024\\\/07\\\/Trata-de-personas-en-Yucatan-1140x694-1-905x613-1.jpg\",\"articleSection\":[\"Uncategorized\"],\"inLanguage\":\"es\",\"potentialAction\":[{\"@type\":\"CommentAction\",\"name\":\"Comment\",\"target\":[\"http:\\\/\\\/conexion23.com\\\/?p=30206#respond\"]}]},{\"@type\":\"WebPage\",\"@id\":\"http:\\\/\\\/conexion23.com\\\/?p=30206\",\"url\":\"http:\\\/\\\/conexion23.com\\\/?p=30206\",\"name\":\"Rescatadas ocho mujeres colombianas v\u00edctimas de trata en Yucat\u00e1n, M\u00e9xico - Conexi\u00f3n 23\",\"isPartOf\":{\"@id\":\"https:\\\/\\\/conexion23.com\\\/#website\"},\"primaryImageOfPage\":{\"@id\":\"http:\\\/\\\/conexion23.com\\\/?p=30206#primaryimage\"},\"image\":{\"@id\":\"http:\\\/\\\/conexion23.com\\\/?p=30206#primaryimage\"},\"thumbnailUrl\":\"http:\\\/\\\/conexion23.com\\\/wp-content\\\/uploads\\\/2024\\\/07\\\/Trata-de-personas-en-Yucatan-1140x694-1-905x613-1.jpg\",\"datePublished\":\"2024-07-06T11:29:31+00:00\",\"dateModified\":\"2024-07-06T11:29:34+00:00\",\"breadcrumb\":{\"@id\":\"http:\\\/\\\/conexion23.com\\\/?p=30206#breadcrumb\"},\"inLanguage\":\"es\",\"potentialAction\":[{\"@type\":\"ReadAction\",\"target\":[\"http:\\\/\\\/conexion23.com\\\/?p=30206\"]}]},{\"@type\":\"ImageObject\",\"inLanguage\":\"es\",\"@id\":\"http:\\\/\\\/conexion23.com\\\/?p=30206#primaryimage\",\"url\":\"http:\\\/\\\/conexion23.com\\\/wp-content\\\/uploads\\\/2024\\\/07\\\/Trata-de-personas-en-Yucatan-1140x694-1-905x613-1.jpg\",\"contentUrl\":\"http:\\\/\\\/conexion23.com\\\/wp-content\\\/uploads\\\/2024\\\/07\\\/Trata-de-personas-en-Yucatan-1140x694-1-905x613-1.jpg\",\"width\":905,\"height\":613},{\"@type\":\"BreadcrumbList\",\"@id\":\"http:\\\/\\\/conexion23.com\\\/?p=30206#breadcrumb\",\"itemListElement\":[{\"@type\":\"ListItem\",\"position\":1,\"name\":\"Portada\",\"item\":\"https:\\\/\\\/conexion23.com\\\/\"},{\"@type\":\"ListItem\",\"position\":2,\"name\":\"Rescatadas ocho mujeres colombianas v\u00edctimas de trata en Yucat\u00e1n, M\u00e9xico\"}]},{\"@type\":\"WebSite\",\"@id\":\"https:\\\/\\\/conexion23.com\\\/#website\",\"url\":\"https:\\\/\\\/conexion23.com\\\/\",\"name\":\"Conexi\u00f3n 23\",\"description\":\"Peri\u00f3dico 100% Petromacorisano\",\"publisher\":{\"@id\":\"https:\\\/\\\/conexion23.com\\\/#organization\"},\"potentialAction\":[{\"@type\":\"SearchAction\",\"target\":{\"@type\":\"EntryPoint\",\"urlTemplate\":\"https:\\\/\\\/conexion23.com\\\/?s={search_term_string}\"},\"query-input\":{\"@type\":\"PropertyValueSpecification\",\"valueRequired\":true,\"valueName\":\"search_term_string\"}}],\"inLanguage\":\"es\"},{\"@type\":\"Organization\",\"@id\":\"https:\\\/\\\/conexion23.com\\\/#organization\",\"name\":\"Conexion 23\",\"url\":\"https:\\\/\\\/conexion23.com\\\/\",\"logo\":{\"@type\":\"ImageObject\",\"inLanguage\":\"es\",\"@id\":\"https:\\\/\\\/conexion23.com\\\/#\\\/schema\\\/logo\\\/image\\\/\",\"url\":\"https:\\\/\\\/conexion23.com\\\/wp-content\\\/uploads\\\/2021\\\/11\\\/Diseno-sin-titulo-2.png\",\"contentUrl\":\"https:\\\/\\\/conexion23.com\\\/wp-content\\\/uploads\\\/2021\\\/11\\\/Diseno-sin-titulo-2.png\",\"width\":541,\"height\":90,\"caption\":\"Conexion 23\"},\"image\":{\"@id\":\"https:\\\/\\\/conexion23.com\\\/#\\\/schema\\\/logo\\\/image\\\/\"},\"sameAs\":[\"https:\\\/\\\/www.facebook.com\\\/conexion23com\",\"https:\\\/\\\/www.instagram.com\\\/conexion23com\\\/\",\"https:\\\/\\\/www.youtube.com\\\/channel\\\/UCYc7vxxFZMYLIHNsHHxPZ3Q\"]},{\"@type\":\"Person\",\"@id\":\"https:\\\/\\\/conexion23.com\\\/#\\\/schema\\\/person\\\/03e36043331117e97a373299bbcd30a6\",\"name\":\"Raffy Ben\u00edtez\",\"image\":{\"@type\":\"ImageObject\",\"inLanguage\":\"es\",\"@id\":\"https:\\\/\\\/secure.gravatar.com\\\/avatar\\\/3190a6a6c5e1b0327500f7d6c56b6242472ee6cb974cf09b401ee6b3b0798f23?s=96&d=mm&r=g\",\"url\":\"https:\\\/\\\/secure.gravatar.com\\\/avatar\\\/3190a6a6c5e1b0327500f7d6c56b6242472ee6cb974cf09b401ee6b3b0798f23?s=96&d=mm&r=g\",\"contentUrl\":\"https:\\\/\\\/secure.gravatar.com\\\/avatar\\\/3190a6a6c5e1b0327500f7d6c56b6242472ee6cb974cf09b401ee6b3b0798f23?s=96&d=mm&r=g\",\"caption\":\"Raffy Ben\u00edtez\"},\"url\":\"http:\\\/\\\/conexion23.com\\\/?author=15\"}]}<\/script>\n<!-- \/ Yoast SEO plugin. -->","yoast_head_json":{"title":"Rescatadas ocho mujeres colombianas v\u00edctimas de trata en Yucat\u00e1n, M\u00e9xico - Conexi\u00f3n 23","robots":{"index":"index","follow":"follow","max-snippet":"max-snippet:-1","max-image-preview":"max-image-preview:large","max-video-preview":"max-video-preview:-1"},"canonical":"http:\/\/conexion23.com\/?p=30206","og_locale":"es_ES","og_type":"article","og_title":"Rescatadas ocho mujeres colombianas v\u00edctimas de trata en Yucat\u00e1n, M\u00e9xico - Conexi\u00f3n 23","og_description":"Ocho mujeres colombianas, presuntamente v\u00edctimas del delito de trata con fines de explotaci\u00f3n sexual y laboral, fueron rescatadas en la ciudad de M\u00e9rida, capital del estado de Yucat\u00e1n, sureste de M\u00e9xico, inform\u00f3 este viernes la Fiscal\u00eda General de la Rep\u00fablica (FGR). La FGR explic\u00f3 que el hallazgo se dio luego de que, a trav\u00e9s de [&hellip;]","og_url":"http:\/\/conexion23.com\/?p=30206","og_site_name":"Conexi\u00f3n 23","article_publisher":"https:\/\/www.facebook.com\/conexion23com","article_published_time":"2024-07-06T11:29:31+00:00","article_modified_time":"2024-07-06T11:29:34+00:00","og_image":[{"width":905,"height":613,"url":"http:\/\/conexion23.com\/wp-content\/uploads\/2024\/07\/Trata-de-personas-en-Yucatan-1140x694-1-905x613-1.jpg","type":"image\/jpeg"}],"author":"Raffy Ben\u00edtez","twitter_card":"summary_large_image","twitter_misc":{"Escrito por":"Raffy Ben\u00edtez","Tiempo de lectura":"3 minutos"},"schema":{"@context":"https:\/\/schema.org","@graph":[{"@type":"Article","@id":"http:\/\/conexion23.com\/?p=30206#article","isPartOf":{"@id":"http:\/\/conexion23.com\/?p=30206"},"author":{"name":"Raffy Ben\u00edtez","@id":"https:\/\/conexion23.com\/#\/schema\/person\/03e36043331117e97a373299bbcd30a6"},"headline":"Rescatadas ocho mujeres colombianas v\u00edctimas de trata en Yucat\u00e1n, M\u00e9xico","datePublished":"2024-07-06T11:29:31+00:00","dateModified":"2024-07-06T11:29:34+00:00","mainEntityOfPage":{"@id":"http:\/\/conexion23.com\/?p=30206"},"wordCount":454,"commentCount":0,"publisher":{"@id":"https:\/\/conexion23.com\/#organization"},"image":{"@id":"http:\/\/conexion23.com\/?p=30206#primaryimage"},"thumbnailUrl":"http:\/\/conexion23.com\/wp-content\/uploads\/2024\/07\/Trata-de-personas-en-Yucatan-1140x694-1-905x613-1.jpg","articleSection":["Uncategorized"],"inLanguage":"es","potentialAction":[{"@type":"CommentAction","name":"Comment","target":["http:\/\/conexion23.com\/?p=30206#respond"]}]},{"@type":"WebPage","@id":"http:\/\/conexion23.com\/?p=30206","url":"http:\/\/conexion23.com\/?p=30206","name":"Rescatadas ocho mujeres colombianas v\u00edctimas de trata en Yucat\u00e1n, M\u00e9xico - Conexi\u00f3n 23","isPartOf":{"@id":"https:\/\/conexion23.com\/#website"},"primaryImageOfPage":{"@id":"http:\/\/conexion23.com\/?p=30206#primaryimage"},"image":{"@id":"http:\/\/conexion23.com\/?p=30206#primaryimage"},"thumbnailUrl":"http:\/\/conexion23.com\/wp-content\/uploads\/2024\/07\/Trata-de-personas-en-Yucatan-1140x694-1-905x613-1.jpg","datePublished":"2024-07-06T11:29:31+00:00","dateModified":"2024-07-06T11:29:34+00:00","breadcrumb":{"@id":"http:\/\/conexion23.com\/?p=30206#breadcrumb"},"inLanguage":"es","potentialAction":[{"@type":"ReadAction","target":["http:\/\/conexion23.com\/?p=30206"]}]},{"@type":"ImageObject","inLanguage":"es","@id":"http:\/\/conexion23.com\/?p=30206#primaryimage","url":"http:\/\/conexion23.com\/wp-content\/uploads\/2024\/07\/Trata-de-personas-en-Yucatan-1140x694-1-905x613-1.jpg","contentUrl":"http:\/\/conexion23.com\/wp-content\/uploads\/2024\/07\/Trata-de-personas-en-Yucatan-1140x694-1-905x613-1.jpg","width":905,"height":613},{"@type":"BreadcrumbList","@id":"http:\/\/conexion23.com\/?p=30206#breadcrumb","itemListElement":[{"@type":"ListItem","position":1,"name":"Portada","item":"https:\/\/conexion23.com\/"},{"@type":"ListItem","position":2,"name":"Rescatadas ocho mujeres colombianas v\u00edctimas de trata en Yucat\u00e1n, M\u00e9xico"}]},{"@type":"WebSite","@id":"https:\/\/conexion23.com\/#website","url":"https:\/\/conexion23.com\/","name":"Conexi\u00f3n 23","description":"Peri\u00f3dico 100% Petromacorisano","publisher":{"@id":"https:\/\/conexion23.com\/#organization"},"potentialAction":[{"@type":"SearchAction","target":{"@type":"EntryPoint","urlTemplate":"https:\/\/conexion23.com\/?s={search_term_string}"},"query-input":{"@type":"PropertyValueSpecification","valueRequired":true,"valueName":"search_term_string"}}],"inLanguage":"es"},{"@type":"Organization","@id":"https:\/\/conexion23.com\/#organization","name":"Conexion 23","url":"https:\/\/conexion23.com\/","logo":{"@type":"ImageObject","inLanguage":"es","@id":"https:\/\/conexion23.com\/#\/schema\/logo\/image\/","url":"https:\/\/conexion23.com\/wp-content\/uploads\/2021\/11\/Diseno-sin-titulo-2.png","contentUrl":"https:\/\/conexion23.com\/wp-content\/uploads\/2021\/11\/Diseno-sin-titulo-2.png","width":541,"height":90,"caption":"Conexion 23"},"image":{"@id":"https:\/\/conexion23.com\/#\/schema\/logo\/image\/"},"sameAs":["https:\/\/www.facebook.com\/conexion23com","https:\/\/www.instagram.com\/conexion23com\/","https:\/\/www.youtube.com\/channel\/UCYc7vxxFZMYLIHNsHHxPZ3Q"]},{"@type":"Person","@id":"https:\/\/conexion23.com\/#\/schema\/person\/03e36043331117e97a373299bbcd30a6","name":"Raffy Ben\u00edtez","image":{"@type":"ImageObject","inLanguage":"es","@id":"https:\/\/secure.gravatar.com\/avatar\/3190a6a6c5e1b0327500f7d6c56b6242472ee6cb974cf09b401ee6b3b0798f23?s=96&d=mm&r=g","url":"https:\/\/secure.gravatar.com\/avatar\/3190a6a6c5e1b0327500f7d6c56b6242472ee6cb974cf09b401ee6b3b0798f23?s=96&d=mm&r=g","contentUrl":"https:\/\/secure.gravatar.com\/avatar\/3190a6a6c5e1b0327500f7d6c56b6242472ee6cb974cf09b401ee6b3b0798f23?s=96&d=mm&r=g","caption":"Raffy Ben\u00edtez"},"url":"http:\/\/conexion23.com\/?author=15"}]}},"_links":{"self":[{"href":"http:\/\/conexion23.com\/index.php?rest_route=\/wp\/v2\/posts\/30206","targetHints":{"allow":["GET"]}}],"collection":[{"href":"http:\/\/conexion23.com\/index.php?rest_route=\/wp\/v2\/posts"}],"about":[{"href":"http:\/\/conexion23.com\/index.php?rest_route=\/wp\/v2\/types\/post"}],"author":[{"embeddable":true,"href":"http:\/\/conexion23.com\/index.php?rest_route=\/wp\/v2\/users\/15"}],"replies":[{"embeddable":true,"href":"http:\/\/conexion23.com\/index.php?rest_route=%2Fwp%2Fv2%2Fcomments&post=30206"}],"version-history":[{"count":1,"href":"http:\/\/conexion23.com\/index.php?rest_route=\/wp\/v2\/posts\/30206\/revisions"}],"predecessor-version":[{"id":30208,"href":"http:\/\/conexion23.com\/index.php?rest_route=\/wp\/v2\/posts\/30206\/revisions\/30208"}],"wp:featuredmedia":[{"embeddable":true,"href":"http:\/\/conexion23.com\/index.php?rest_route=\/wp\/v2\/media\/30207"}],"wp:attachment":[{"href":"http:\/\/conexion23.com\/index.php?rest_route=%2Fwp%2Fv2%2Fmedia&parent=30206"}],"wp:term":[{"taxonomy":"category","embeddable":true,"href":"http:\/\/conexion23.com\/index.php?rest_route=%2Fwp%2Fv2%2Fcategories&post=30206"},{"taxonomy":"post_tag","embeddable":true,"href":"http:\/\/conexion23.com\/index.php?rest_route=%2Fwp%2Fv2%2Ftags&post=30206"}],"curies":[{"name":"wp","href":"https:\/\/api.w.org\/{rel}","templated":true}]}}