{"id":30654,"date":"2024-07-18T07:48:37","date_gmt":"2024-07-18T11:48:37","guid":{"rendered":"https:\/\/conexion23.com\/?p=30654"},"modified":"2024-07-18T07:48:42","modified_gmt":"2024-07-18T11:48:42","slug":"salen-los-nombramientos-de-nuevos-ministros-y-consules","status":"publish","type":"post","link":"http:\/\/conexion23.com\/?p=30654","title":{"rendered":"Salen los nombramientos de nuevos ministros y c\u00f3nsules."},"content":{"rendered":"\n<p class=\"wp-block-paragraph\">Cambiando la<strong>&nbsp;estrategia<\/strong>&nbsp;y utilizando su canal de&nbsp;<strong>WhatsApp<\/strong>, el reelecto&nbsp;<strong>presidente Luis Abinader<\/strong>&nbsp;comenz\u00f3 ayer el ensamblaje del Gabinete de funcionarios que lo acompa\u00f1ar\u00e1 en lo que ser\u00e1 segunda gesti\u00f3n como la cabeza del&nbsp;<strong>Poder Ejecutivo<\/strong>.<\/p>\n\n\n\n<p class=\"wp-block-paragraph\">Las designaciones fueron oficializadas mediante los&nbsp;<strong>decretos&nbsp;<\/strong>390-24 y 391-24, que se\u00f1alan que a excepci\u00f3n de cinco, la mayor\u00eda de las&nbsp;<strong>designaciones<\/strong>&nbsp;entrar\u00e1n en efecto de manera inmediata.<\/p>\n\n\n\n<p class=\"wp-block-paragraph\">El principal de esos nombramientos fue el de&nbsp;<strong>Andr\u00e9s Bautista<\/strong>, titular del<strong>&nbsp;Ministerio Administrativo de la Presidencia<\/strong>, en sustituci\u00f3n de&nbsp;<strong>Igor Rodr\u00edguez<\/strong>, quien estaba ejerciendo el cargo de manera interina, luego de que&nbsp;<strong>Jos\u00e9 Ignacio Paliza<\/strong>&nbsp;tomara una licencia.<\/p>\n\n\n\n<p class=\"wp-block-paragraph\">Bautista fue miembro fundador del&nbsp;<strong>Partido Revolucionario Moderno&nbsp;<\/strong>(<strong>PRM<\/strong>) y fue su presidente de 2014 a 2018; adem\u00e1s represent\u00f3 a la provincia Espaillat en el Senado durante cuatro per\u00edodos (1994-2010) y ocup\u00f3 cargos clave, como presidente de laC\u00e1mara Altay de la Comisi\u00f3n de Industria y Comercio.<\/p>\n\n\n\n<p class=\"wp-block-paragraph\">Adem\u00e1s, fue regidor honor\u00edfico del municipio de Moca y director del Instituto del Tabaco de la Rep\u00fablica Dominicana (1982-1986); mientras que actualmente se desempe\u00f1aba como asesor honor\u00edfico de Abinader 2020 a 2024.<\/p>\n\n\n\n<figure class=\"wp-block-image is-resized\" id=\"m22642-22641-22643\"><img decoding=\"async\" src=\"https:\/\/listindiario.com\/files\/vertical_main_image\/files\/fp\/uploads\/2024\/07\/17\/669843186a24c.r_d.453-204.jpeg\" alt=\"Milton Morrison, nuevo director del Intrant.\" style=\"width:433px;height:auto\"\/><figcaption class=\"wp-element-caption\">Milton Morrison, nuevo director del Intrant.FUENTE EXTERNA<\/figcaption><\/figure>\n\n\n\n<p class=\"wp-block-paragraph\">Otro movimiento que entrar\u00e1 en vigencia de manera inmediata es la<strong>&nbsp;Milton Morrison&nbsp;<\/strong>como director ejecutivo del Instituto Nacional de Tr\u00e1nsito y Transporte Terrestre (<strong>Intrant<\/strong>), quien sustituir\u00e1 a&nbsp;<strong>Randolfo Rijo<\/strong>, quien hasta el momento continuar\u00e1 con sus funciones como el titular del&nbsp;<strong>sistema de emergencias 911<\/strong>.<\/p>\n\n\n\n<p class=\"wp-block-paragraph\">Morrison viene de estar en la direcci\u00f3n de Ede-sur. Para asumir de una vez est\u00e1 la designaci\u00f3n de&nbsp;<a href=\"https:\/\/listindiario.com\/la-republica\/politica\/20240717\/abinader-designa-sigmund-freund-nuevo-ministro-administrativo-publica_817553.html\"><strong>Sigmund Freund como ministro de Administraci\u00f3n P\u00fablica<\/strong><\/a>, es sustituci\u00f3n de Dar\u00edo Castillo Lugo, quien a su vez pasar\u00e1 a ser el Comisionado para las&nbsp;<strong>Reformas del Estado<\/strong>. Freund viene de ser director Ejecutivo de la Direcci\u00f3n General de Alianzas P\u00fablico-Privadas y del Fideicomiso Pro-Pedernales; adem\u00e1s en la actualidad es el delegado pol\u00edtico del PRM ante la Junta Central Electoral (JCE).<\/p>\n\n\n\n<figure class=\"wp-block-image is-resized\" id=\"m22654-22653-22655\"><img decoding=\"async\" src=\"https:\/\/listindiario.com\/files\/vertical_main_image\/uploads\/2024\/07\/17\/6698454bd240a.jpeg\" alt=\"Nuevo ministro de la Juventud, Carlos Valdez.\" style=\"width:436px;height:auto\"\/><figcaption class=\"wp-element-caption\">Nuevo ministro de la Juventud, Carlos Valdez.FUENTE EXTERNA<\/figcaption><\/figure>\n\n\n\n<p class=\"wp-block-paragraph\">En esas mismas circunstancias fue nombrado&nbsp;<strong><a href=\"https:\/\/listindiario.com\/la-republica\/politica\/20240717\/presidente-abinader-designa-carlos-valdez-nuevo-ministro-juventud_817557.html\">Carlos Valdez<\/a><\/strong>&nbsp;como el&nbsp;<strong>nuevo ministro de la Juventud<\/strong>; hasta el momento de la designaci\u00f3n, el mismo se desempe\u00f1aba como viceministro de Emprendimiento de esa instituci\u00f3n; adem\u00e1s es actual presidente de la \u201cJuventud del PRM\u201d y durante el proceso electoral fue coordinador nacional de campa\u00f1a para la reelecci\u00f3n del presidente.<\/p>\n\n\n\n<figure class=\"wp-block-image is-resized\" id=\"m22666-22665-22667\"><img decoding=\"async\" src=\"https:\/\/listindiario.com\/files\/vertical_main_image\/uploads\/2024\/07\/17\/669882a9414a0.jpeg\" alt=\"Rafael Feliz, nuevo rector del Instituto Tecnol\u00f3gico de las Am\u00e9ricas (ITLA)\" style=\"width:440px;height:auto\"\/><figcaption class=\"wp-element-caption\">Rafael Feliz, nuevo rector del Instituto Tecnol\u00f3gico de las Am\u00e9ricas (ITLA)REDES SOCIALES DE RAFAEL FELIZ<\/figcaption><\/figure>\n\n\n\n<p class=\"wp-block-paragraph\">Valdez sustituye a&nbsp;<strong>Rafael Feliz<\/strong>, quien pasar\u00e1 a ocupar la rector\u00eda del Instituto&nbsp;<strong>Tecnol\u00f3gico de Las Am\u00e9ricas<\/strong>&nbsp;(<strong>ITLA<\/strong>); entre agosto de 2020 y diciembre de 2021, se desempe\u00f1\u00f3 como vicerrector de Vinculaci\u00f3n y Extensiones del Instituto Tecnol\u00f3gico Superior Comunitario (ITSC), donde trabaj\u00f3 en la articulaci\u00f3n de la academia con la sociedad.<\/p>\n\n\n\n<p class=\"wp-block-paragraph\">Feliz reemplaza a Omar Lluberes.<\/p>\n\n\n\n<p class=\"wp-block-paragraph\">Mientras que&nbsp;<strong>Elvis L\u00f3pez<\/strong>&nbsp;fue designado como viceministro Administrativo y Financiero del Ministerio Administrativo de la Presidencia.<\/p>\n\n\n\n<h3 class=\"wp-block-heading\">PARA DESPU\u00c9S DEL 16 DE AGOSTO<\/h3>\n\n\n\n<p class=\"wp-block-paragraph\">Las disposiciones gubernamentales indican que los nombramientos de&nbsp;<strong>Igor Rodr\u00edguez<\/strong>&nbsp;como&nbsp;<strong>director del Instituto Dominicano de Aviaci\u00f3n Civil&nbsp;<\/strong>(<strong>IDAC<\/strong>), de<strong>&nbsp;Jos\u00e9 Marte Piant\u00edni<\/strong>&nbsp;como c\u00f3nsul general de la Rep\u00fablica Dominicana en Madrid, Reino de Espa\u00f1a; de&nbsp;<strong>H\u00e9ctor Elie Porcella Dumas&nbsp;<\/strong>como presidente de la<strong>&nbsp;Junta de Aviaci\u00f3n Civil<\/strong>&nbsp;(JAC), de&nbsp;<strong>Miguel \u00c1ngel V\u00e1squez Pe\u00f1a<\/strong>&nbsp;como c\u00f3nsul general de la Rep\u00fablica Dominicana en Mil\u00e1n, Rep\u00fablica Italiana y la de&nbsp;<strong>Arleni Pe\u00f1a del Orbe<\/strong>&nbsp;como consejera en el Servicio Interno del Ministerio de Relaciones Exteriores (<strong>Mirex<\/strong>) entrar\u00e1n en vigencia a partir de que se inicien el nuevo periodo gubernamental el 16 de agosto.<\/p>\n","protected":false},"excerpt":{"rendered":"<p>Cambiando la&nbsp;estrategia&nbsp;y utilizando su canal de&nbsp;WhatsApp, el reelecto&nbsp;presidente Luis Abinader&nbsp;comenz\u00f3 ayer el ensamblaje del Gabinete de funcionarios que lo acompa\u00f1ar\u00e1 en lo que ser\u00e1 segunda gesti\u00f3n como la cabeza del&nbsp;Poder Ejecutivo. Las designaciones fueron oficializadas mediante los&nbsp;decretos&nbsp;390-24 y 391-24, que se\u00f1alan que a excepci\u00f3n de cinco, la mayor\u00eda de las&nbsp;designaciones&nbsp;entrar\u00e1n en efecto de manera inmediata. [&hellip;]<\/p>\n","protected":false},"author":15,"featured_media":30655,"comment_status":"open","ping_status":"open","sticky":false,"template":"","format":"standard","meta":{"footnotes":""},"categories":[1],"tags":[],"class_list":["post-30654","post","type-post","status-publish","format-standard","has-post-thumbnail","category-uncategorized"],"yoast_head":"<!-- This site is optimized with the Yoast SEO plugin v27.6 - https:\/\/yoast.com\/product\/yoast-seo-wordpress\/ -->\n<title>Salen los nombramientos de nuevos ministros y c\u00f3nsules. - Conexi\u00f3n 23<\/title>\n<meta name=\"robots\" content=\"index, follow, max-snippet:-1, max-image-preview:large, max-video-preview:-1\" \/>\n<link rel=\"canonical\" href=\"http:\/\/conexion23.com\/?p=30654\" \/>\n<meta property=\"og:locale\" content=\"es_ES\" \/>\n<meta property=\"og:type\" content=\"article\" \/>\n<meta property=\"og:title\" content=\"Salen los nombramientos de nuevos ministros y c\u00f3nsules. - Conexi\u00f3n 23\" \/>\n<meta property=\"og:description\" content=\"Cambiando la&nbsp;estrategia&nbsp;y utilizando su canal de&nbsp;WhatsApp, el reelecto&nbsp;presidente Luis Abinader&nbsp;comenz\u00f3 ayer el ensamblaje del Gabinete de funcionarios que lo acompa\u00f1ar\u00e1 en lo que ser\u00e1 segunda gesti\u00f3n como la cabeza del&nbsp;Poder Ejecutivo. Las designaciones fueron oficializadas mediante los&nbsp;decretos&nbsp;390-24 y 391-24, que se\u00f1alan que a excepci\u00f3n de cinco, la mayor\u00eda de las&nbsp;designaciones&nbsp;entrar\u00e1n en efecto de manera inmediata. [&hellip;]\" \/>\n<meta property=\"og:url\" content=\"http:\/\/conexion23.com\/?p=30654\" \/>\n<meta property=\"og:site_name\" content=\"Conexi\u00f3n 23\" \/>\n<meta property=\"article:publisher\" content=\"https:\/\/www.facebook.com\/conexion23com\" \/>\n<meta property=\"article:published_time\" content=\"2024-07-18T11:48:37+00:00\" \/>\n<meta property=\"article:modified_time\" content=\"2024-07-18T11:48:42+00:00\" \/>\n<meta property=\"og:image\" content=\"http:\/\/conexion23.com\/wp-content\/uploads\/2024\/07\/ku.jpg\" \/>\n\t<meta property=\"og:image:width\" content=\"324\" \/>\n\t<meta property=\"og:image:height\" content=\"153\" \/>\n\t<meta property=\"og:image:type\" content=\"image\/jpeg\" \/>\n<meta name=\"author\" content=\"Raffy Ben\u00edtez\" \/>\n<meta name=\"twitter:card\" content=\"summary_large_image\" \/>\n<meta name=\"twitter:label1\" content=\"Escrito por\" \/>\n\t<meta name=\"twitter:data1\" content=\"Raffy Ben\u00edtez\" \/>\n\t<meta name=\"twitter:label2\" content=\"Tiempo de lectura\" \/>\n\t<meta name=\"twitter:data2\" content=\"4 minutos\" \/>\n<script type=\"application\/ld+json\" class=\"yoast-schema-graph\">{\"@context\":\"https:\\\/\\\/schema.org\",\"@graph\":[{\"@type\":\"Article\",\"@id\":\"http:\\\/\\\/conexion23.com\\\/?p=30654#article\",\"isPartOf\":{\"@id\":\"http:\\\/\\\/conexion23.com\\\/?p=30654\"},\"author\":{\"name\":\"Raffy Ben\u00edtez\",\"@id\":\"https:\\\/\\\/conexion23.com\\\/#\\\/schema\\\/person\\\/03e36043331117e97a373299bbcd30a6\"},\"headline\":\"Salen los nombramientos de nuevos ministros y c\u00f3nsules.\",\"datePublished\":\"2024-07-18T11:48:37+00:00\",\"dateModified\":\"2024-07-18T11:48:42+00:00\",\"mainEntityOfPage\":{\"@id\":\"http:\\\/\\\/conexion23.com\\\/?p=30654\"},\"wordCount\":681,\"commentCount\":0,\"publisher\":{\"@id\":\"https:\\\/\\\/conexion23.com\\\/#organization\"},\"image\":{\"@id\":\"http:\\\/\\\/conexion23.com\\\/?p=30654#primaryimage\"},\"thumbnailUrl\":\"http:\\\/\\\/conexion23.com\\\/wp-content\\\/uploads\\\/2024\\\/07\\\/ku.jpg\",\"articleSection\":[\"Uncategorized\"],\"inLanguage\":\"es\",\"potentialAction\":[{\"@type\":\"CommentAction\",\"name\":\"Comment\",\"target\":[\"http:\\\/\\\/conexion23.com\\\/?p=30654#respond\"]}]},{\"@type\":\"WebPage\",\"@id\":\"http:\\\/\\\/conexion23.com\\\/?p=30654\",\"url\":\"http:\\\/\\\/conexion23.com\\\/?p=30654\",\"name\":\"Salen los nombramientos de nuevos ministros y c\u00f3nsules. - Conexi\u00f3n 23\",\"isPartOf\":{\"@id\":\"https:\\\/\\\/conexion23.com\\\/#website\"},\"primaryImageOfPage\":{\"@id\":\"http:\\\/\\\/conexion23.com\\\/?p=30654#primaryimage\"},\"image\":{\"@id\":\"http:\\\/\\\/conexion23.com\\\/?p=30654#primaryimage\"},\"thumbnailUrl\":\"http:\\\/\\\/conexion23.com\\\/wp-content\\\/uploads\\\/2024\\\/07\\\/ku.jpg\",\"datePublished\":\"2024-07-18T11:48:37+00:00\",\"dateModified\":\"2024-07-18T11:48:42+00:00\",\"breadcrumb\":{\"@id\":\"http:\\\/\\\/conexion23.com\\\/?p=30654#breadcrumb\"},\"inLanguage\":\"es\",\"potentialAction\":[{\"@type\":\"ReadAction\",\"target\":[\"http:\\\/\\\/conexion23.com\\\/?p=30654\"]}]},{\"@type\":\"ImageObject\",\"inLanguage\":\"es\",\"@id\":\"http:\\\/\\\/conexion23.com\\\/?p=30654#primaryimage\",\"url\":\"http:\\\/\\\/conexion23.com\\\/wp-content\\\/uploads\\\/2024\\\/07\\\/ku.jpg\",\"contentUrl\":\"http:\\\/\\\/conexion23.com\\\/wp-content\\\/uploads\\\/2024\\\/07\\\/ku.jpg\",\"width\":324,\"height\":153},{\"@type\":\"BreadcrumbList\",\"@id\":\"http:\\\/\\\/conexion23.com\\\/?p=30654#breadcrumb\",\"itemListElement\":[{\"@type\":\"ListItem\",\"position\":1,\"name\":\"Portada\",\"item\":\"https:\\\/\\\/conexion23.com\\\/\"},{\"@type\":\"ListItem\",\"position\":2,\"name\":\"Salen los nombramientos de nuevos ministros y c\u00f3nsules.\"}]},{\"@type\":\"WebSite\",\"@id\":\"https:\\\/\\\/conexion23.com\\\/#website\",\"url\":\"https:\\\/\\\/conexion23.com\\\/\",\"name\":\"Conexi\u00f3n 23\",\"description\":\"Peri\u00f3dico 100% Petromacorisano\",\"publisher\":{\"@id\":\"https:\\\/\\\/conexion23.com\\\/#organization\"},\"potentialAction\":[{\"@type\":\"SearchAction\",\"target\":{\"@type\":\"EntryPoint\",\"urlTemplate\":\"https:\\\/\\\/conexion23.com\\\/?s={search_term_string}\"},\"query-input\":{\"@type\":\"PropertyValueSpecification\",\"valueRequired\":true,\"valueName\":\"search_term_string\"}}],\"inLanguage\":\"es\"},{\"@type\":\"Organization\",\"@id\":\"https:\\\/\\\/conexion23.com\\\/#organization\",\"name\":\"Conexion 23\",\"url\":\"https:\\\/\\\/conexion23.com\\\/\",\"logo\":{\"@type\":\"ImageObject\",\"inLanguage\":\"es\",\"@id\":\"https:\\\/\\\/conexion23.com\\\/#\\\/schema\\\/logo\\\/image\\\/\",\"url\":\"https:\\\/\\\/conexion23.com\\\/wp-content\\\/uploads\\\/2021\\\/11\\\/Diseno-sin-titulo-2.png\",\"contentUrl\":\"https:\\\/\\\/conexion23.com\\\/wp-content\\\/uploads\\\/2021\\\/11\\\/Diseno-sin-titulo-2.png\",\"width\":541,\"height\":90,\"caption\":\"Conexion 23\"},\"image\":{\"@id\":\"https:\\\/\\\/conexion23.com\\\/#\\\/schema\\\/logo\\\/image\\\/\"},\"sameAs\":[\"https:\\\/\\\/www.facebook.com\\\/conexion23com\",\"https:\\\/\\\/www.instagram.com\\\/conexion23com\\\/\",\"https:\\\/\\\/www.youtube.com\\\/channel\\\/UCYc7vxxFZMYLIHNsHHxPZ3Q\"]},{\"@type\":\"Person\",\"@id\":\"https:\\\/\\\/conexion23.com\\\/#\\\/schema\\\/person\\\/03e36043331117e97a373299bbcd30a6\",\"name\":\"Raffy Ben\u00edtez\",\"image\":{\"@type\":\"ImageObject\",\"inLanguage\":\"es\",\"@id\":\"https:\\\/\\\/secure.gravatar.com\\\/avatar\\\/3190a6a6c5e1b0327500f7d6c56b6242472ee6cb974cf09b401ee6b3b0798f23?s=96&d=mm&r=g\",\"url\":\"https:\\\/\\\/secure.gravatar.com\\\/avatar\\\/3190a6a6c5e1b0327500f7d6c56b6242472ee6cb974cf09b401ee6b3b0798f23?s=96&d=mm&r=g\",\"contentUrl\":\"https:\\\/\\\/secure.gravatar.com\\\/avatar\\\/3190a6a6c5e1b0327500f7d6c56b6242472ee6cb974cf09b401ee6b3b0798f23?s=96&d=mm&r=g\",\"caption\":\"Raffy Ben\u00edtez\"},\"url\":\"http:\\\/\\\/conexion23.com\\\/?author=15\"}]}<\/script>\n<!-- \/ Yoast SEO plugin. -->","yoast_head_json":{"title":"Salen los nombramientos de nuevos ministros y c\u00f3nsules. - Conexi\u00f3n 23","robots":{"index":"index","follow":"follow","max-snippet":"max-snippet:-1","max-image-preview":"max-image-preview:large","max-video-preview":"max-video-preview:-1"},"canonical":"http:\/\/conexion23.com\/?p=30654","og_locale":"es_ES","og_type":"article","og_title":"Salen los nombramientos de nuevos ministros y c\u00f3nsules. - Conexi\u00f3n 23","og_description":"Cambiando la&nbsp;estrategia&nbsp;y utilizando su canal de&nbsp;WhatsApp, el reelecto&nbsp;presidente Luis Abinader&nbsp;comenz\u00f3 ayer el ensamblaje del Gabinete de funcionarios que lo acompa\u00f1ar\u00e1 en lo que ser\u00e1 segunda gesti\u00f3n como la cabeza del&nbsp;Poder Ejecutivo. Las designaciones fueron oficializadas mediante los&nbsp;decretos&nbsp;390-24 y 391-24, que se\u00f1alan que a excepci\u00f3n de cinco, la mayor\u00eda de las&nbsp;designaciones&nbsp;entrar\u00e1n en efecto de manera inmediata. [&hellip;]","og_url":"http:\/\/conexion23.com\/?p=30654","og_site_name":"Conexi\u00f3n 23","article_publisher":"https:\/\/www.facebook.com\/conexion23com","article_published_time":"2024-07-18T11:48:37+00:00","article_modified_time":"2024-07-18T11:48:42+00:00","og_image":[{"width":324,"height":153,"url":"http:\/\/conexion23.com\/wp-content\/uploads\/2024\/07\/ku.jpg","type":"image\/jpeg"}],"author":"Raffy Ben\u00edtez","twitter_card":"summary_large_image","twitter_misc":{"Escrito por":"Raffy Ben\u00edtez","Tiempo de lectura":"4 minutos"},"schema":{"@context":"https:\/\/schema.org","@graph":[{"@type":"Article","@id":"http:\/\/conexion23.com\/?p=30654#article","isPartOf":{"@id":"http:\/\/conexion23.com\/?p=30654"},"author":{"name":"Raffy Ben\u00edtez","@id":"https:\/\/conexion23.com\/#\/schema\/person\/03e36043331117e97a373299bbcd30a6"},"headline":"Salen los nombramientos de nuevos ministros y c\u00f3nsules.","datePublished":"2024-07-18T11:48:37+00:00","dateModified":"2024-07-18T11:48:42+00:00","mainEntityOfPage":{"@id":"http:\/\/conexion23.com\/?p=30654"},"wordCount":681,"commentCount":0,"publisher":{"@id":"https:\/\/conexion23.com\/#organization"},"image":{"@id":"http:\/\/conexion23.com\/?p=30654#primaryimage"},"thumbnailUrl":"http:\/\/conexion23.com\/wp-content\/uploads\/2024\/07\/ku.jpg","articleSection":["Uncategorized"],"inLanguage":"es","potentialAction":[{"@type":"CommentAction","name":"Comment","target":["http:\/\/conexion23.com\/?p=30654#respond"]}]},{"@type":"WebPage","@id":"http:\/\/conexion23.com\/?p=30654","url":"http:\/\/conexion23.com\/?p=30654","name":"Salen los nombramientos de nuevos ministros y c\u00f3nsules. - Conexi\u00f3n 23","isPartOf":{"@id":"https:\/\/conexion23.com\/#website"},"primaryImageOfPage":{"@id":"http:\/\/conexion23.com\/?p=30654#primaryimage"},"image":{"@id":"http:\/\/conexion23.com\/?p=30654#primaryimage"},"thumbnailUrl":"http:\/\/conexion23.com\/wp-content\/uploads\/2024\/07\/ku.jpg","datePublished":"2024-07-18T11:48:37+00:00","dateModified":"2024-07-18T11:48:42+00:00","breadcrumb":{"@id":"http:\/\/conexion23.com\/?p=30654#breadcrumb"},"inLanguage":"es","potentialAction":[{"@type":"ReadAction","target":["http:\/\/conexion23.com\/?p=30654"]}]},{"@type":"ImageObject","inLanguage":"es","@id":"http:\/\/conexion23.com\/?p=30654#primaryimage","url":"http:\/\/conexion23.com\/wp-content\/uploads\/2024\/07\/ku.jpg","contentUrl":"http:\/\/conexion23.com\/wp-content\/uploads\/2024\/07\/ku.jpg","width":324,"height":153},{"@type":"BreadcrumbList","@id":"http:\/\/conexion23.com\/?p=30654#breadcrumb","itemListElement":[{"@type":"ListItem","position":1,"name":"Portada","item":"https:\/\/conexion23.com\/"},{"@type":"ListItem","position":2,"name":"Salen los nombramientos de nuevos ministros y c\u00f3nsules."}]},{"@type":"WebSite","@id":"https:\/\/conexion23.com\/#website","url":"https:\/\/conexion23.com\/","name":"Conexi\u00f3n 23","description":"Peri\u00f3dico 100% Petromacorisano","publisher":{"@id":"https:\/\/conexion23.com\/#organization"},"potentialAction":[{"@type":"SearchAction","target":{"@type":"EntryPoint","urlTemplate":"https:\/\/conexion23.com\/?s={search_term_string}"},"query-input":{"@type":"PropertyValueSpecification","valueRequired":true,"valueName":"search_term_string"}}],"inLanguage":"es"},{"@type":"Organization","@id":"https:\/\/conexion23.com\/#organization","name":"Conexion 23","url":"https:\/\/conexion23.com\/","logo":{"@type":"ImageObject","inLanguage":"es","@id":"https:\/\/conexion23.com\/#\/schema\/logo\/image\/","url":"https:\/\/conexion23.com\/wp-content\/uploads\/2021\/11\/Diseno-sin-titulo-2.png","contentUrl":"https:\/\/conexion23.com\/wp-content\/uploads\/2021\/11\/Diseno-sin-titulo-2.png","width":541,"height":90,"caption":"Conexion 23"},"image":{"@id":"https:\/\/conexion23.com\/#\/schema\/logo\/image\/"},"sameAs":["https:\/\/www.facebook.com\/conexion23com","https:\/\/www.instagram.com\/conexion23com\/","https:\/\/www.youtube.com\/channel\/UCYc7vxxFZMYLIHNsHHxPZ3Q"]},{"@type":"Person","@id":"https:\/\/conexion23.com\/#\/schema\/person\/03e36043331117e97a373299bbcd30a6","name":"Raffy Ben\u00edtez","image":{"@type":"ImageObject","inLanguage":"es","@id":"https:\/\/secure.gravatar.com\/avatar\/3190a6a6c5e1b0327500f7d6c56b6242472ee6cb974cf09b401ee6b3b0798f23?s=96&d=mm&r=g","url":"https:\/\/secure.gravatar.com\/avatar\/3190a6a6c5e1b0327500f7d6c56b6242472ee6cb974cf09b401ee6b3b0798f23?s=96&d=mm&r=g","contentUrl":"https:\/\/secure.gravatar.com\/avatar\/3190a6a6c5e1b0327500f7d6c56b6242472ee6cb974cf09b401ee6b3b0798f23?s=96&d=mm&r=g","caption":"Raffy Ben\u00edtez"},"url":"http:\/\/conexion23.com\/?author=15"}]}},"_links":{"self":[{"href":"http:\/\/conexion23.com\/index.php?rest_route=\/wp\/v2\/posts\/30654","targetHints":{"allow":["GET"]}}],"collection":[{"href":"http:\/\/conexion23.com\/index.php?rest_route=\/wp\/v2\/posts"}],"about":[{"href":"http:\/\/conexion23.com\/index.php?rest_route=\/wp\/v2\/types\/post"}],"author":[{"embeddable":true,"href":"http:\/\/conexion23.com\/index.php?rest_route=\/wp\/v2\/users\/15"}],"replies":[{"embeddable":true,"href":"http:\/\/conexion23.com\/index.php?rest_route=%2Fwp%2Fv2%2Fcomments&post=30654"}],"version-history":[{"count":1,"href":"http:\/\/conexion23.com\/index.php?rest_route=\/wp\/v2\/posts\/30654\/revisions"}],"predecessor-version":[{"id":30656,"href":"http:\/\/conexion23.com\/index.php?rest_route=\/wp\/v2\/posts\/30654\/revisions\/30656"}],"wp:featuredmedia":[{"embeddable":true,"href":"http:\/\/conexion23.com\/index.php?rest_route=\/wp\/v2\/media\/30655"}],"wp:attachment":[{"href":"http:\/\/conexion23.com\/index.php?rest_route=%2Fwp%2Fv2%2Fmedia&parent=30654"}],"wp:term":[{"taxonomy":"category","embeddable":true,"href":"http:\/\/conexion23.com\/index.php?rest_route=%2Fwp%2Fv2%2Fcategories&post=30654"},{"taxonomy":"post_tag","embeddable":true,"href":"http:\/\/conexion23.com\/index.php?rest_route=%2Fwp%2Fv2%2Ftags&post=30654"}],"curies":[{"name":"wp","href":"https:\/\/api.w.org\/{rel}","templated":true}]}}