{"id":30663,"date":"2024-07-18T07:56:38","date_gmt":"2024-07-18T11:56:38","guid":{"rendered":"https:\/\/conexion23.com\/?p=30663"},"modified":"2024-07-18T07:56:43","modified_gmt":"2024-07-18T11:56:43","slug":"franklin-pena-logra-que-senado-reconozca-trayectoria-de-jesus-feris-iglesia-y-marcos-caminero","status":"publish","type":"post","link":"http:\/\/conexion23.com\/?p=30663","title":{"rendered":"FRANKLIN PE\u00d1A LOGRA QUE SENADO RECONOZCA TRAYECTORIA DE JESUS FERIS IGLESIA Y MARCOS CAMINERO."},"content":{"rendered":"\n<p class=\"wp-block-paragraph\">En un solemne acto, en el Sal\u00f3n Polivalente, de la Biblioteca Juan Pablo Duarte, del Congreso Nacional, fueron entregados pergaminos de reconocimiento, por el Senado de la Rep\u00fablica, al doctor Jes\u00fas Feris Iglesia y al cantante Marcos Caminero, ambos en representaci\u00f3n de la provincia San Pedro de Macor\u00eds, ante una petici\u00f3n de quien ocupa la curul por esa demarcaci\u00f3n, el Dr. Franklin Pe\u00f1a.<\/p>\n\n\n\n<p class=\"wp-block-paragraph\">La actividad estuvo encabezada por el honorable presidente del Senado, el Licdo. Ricardo De Los Santos, acompa\u00f1ado del proponente, Senador Franklin Pe\u00f1a, junto a una amplia comisi\u00f3n de senadores, diputados actuales, diputados electos, funcionarios, personalidades del mundo art\u00edsticos, representantes de la prensa y otros ciudadanos.<\/p>\n\n\n\n<p class=\"wp-block-paragraph\">Es un gran privilegio reconocer a Don Jes\u00fas, porque le conozco bien y desde hace ya muchos a\u00f1os merec\u00eda este reconocimiento, hablar de \u00e9l para mi es bastante f\u00e1cil, sobre todo como colega m\u00e9dico, fue forjador de muchos de nosotros de manera directa o indirecta, sus aportes a la medicina, a la naci\u00f3n, al empresariado y a la pol\u00edtica, est\u00e1n ah\u00ed, m\u00e1s la humildad que le caracteriza, le hacen ser un ser humano noble.<\/p>\n\n\n\n<p class=\"wp-block-paragraph\">As\u00ed se expres\u00f3 el Dr. Franklin Pe\u00f1a, del actual director de la SILSARIL.<\/p>\n\n\n\n<p class=\"wp-block-paragraph\">\u201cSi ombe si, esta fue la frase que acu\u00f1\u00f3 durante toda su carrera art\u00edstica, Marcos Caminero, quien es un \u00edcono de la m\u00fasica petromacorisana y dominicana de nuestro folklore y cultura; que nos ha representado dignamente, no solo aqu\u00ed, sino en todo el mundo llevando en alto la bandera dominicana, es tambi\u00e9n para nosotros un honor reconocerle\u201d. Fueron las palabras con las que describi\u00f3 Franklin Pe\u00f1a al cantautor Marcos Caminero.<\/p>\n\n\n\n<p class=\"wp-block-paragraph\">\u201cEl pa\u00eds se siente orgullo de su trabajo, usted inici\u00f3 como pediatra y viendo la necesidad que hab\u00eda decidi\u00f3 hacer una especialidad en infectolog\u00eda, la mejor medicina es la preventiva y usted se dio cuenta de esto con este y otros aportes, usted quedar\u00e1 en nuestra historia\u201d. Dijo el presidente refiri\u00e9ndose a Don Jes\u00fas Feris Iglesias.<\/p>\n\n\n\n<p class=\"wp-block-paragraph\">\u201cYo quiero que alguien me diga aqu\u00ed, aunque s\u00e9 que no va a aparecer uno, que no haya bailado \u201cmachete gil\u00e9\u201d, seguro que no; as\u00ed inicio Ricardo de Los Santos, al hablar acerca del cantautor petromacorisano; \u201cDecirle a Marcos Caminero, que los grandes hombres, grandes ciudadanos, nunca mueren; f\u00edsicamente desaparecen de la tierra, pero nunca de nuestras mentes.<\/p>\n\n\n\n<figure class=\"wp-block-image size-large is-resized\"><img loading=\"lazy\" decoding=\"async\" width=\"1024\" height=\"710\" src=\"https:\/\/conexion23.com\/wp-content\/uploads\/2024\/07\/f-6-1024x710.jpg\" alt=\"\" class=\"wp-image-30665\" style=\"width:552px;height:auto\" srcset=\"http:\/\/conexion23.com\/wp-content\/uploads\/2024\/07\/f-6-1024x710.jpg 1024w, http:\/\/conexion23.com\/wp-content\/uploads\/2024\/07\/f-6-300x208.jpg 300w, http:\/\/conexion23.com\/wp-content\/uploads\/2024\/07\/f-6-768x533.jpg 768w, http:\/\/conexion23.com\/wp-content\/uploads\/2024\/07\/f-6-1080x749.jpg 1080w, http:\/\/conexion23.com\/wp-content\/uploads\/2024\/07\/f-6-980x680.jpg 980w, http:\/\/conexion23.com\/wp-content\/uploads\/2024\/07\/f-6-480x333.jpg 480w, http:\/\/conexion23.com\/wp-content\/uploads\/2024\/07\/f-6.jpg 1230w\" sizes=\"auto, (max-width: 1024px) 100vw, 1024px\" \/><\/figure>\n\n\n\n<p class=\"wp-block-paragraph\">En el caso suyo, me atrevo a decir que nunca morir\u00e1, inclusive cada vez que escuchamos esa canci\u00f3n nos retrotraemos a la independencia, porque se toca en la fecha del carnaval, que coincide con la misma.<\/p>\n\n\n\n<p class=\"wp-block-paragraph\">Entre los reconocimientos que ha hecho el senado durante esta legislatura, hemos podido observar, el criterio puntual del Senador Franklin Pe\u00f1a; para remitir a personalidades que son parte de la historia, el desarrollo, la cultura, la ciencia y la democracia de la Rep\u00fablica Dominicana.<\/p>\n","protected":false},"excerpt":{"rendered":"<p>En un solemne acto, en el Sal\u00f3n Polivalente, de la Biblioteca Juan Pablo Duarte, del Congreso Nacional, fueron entregados pergaminos de reconocimiento, por el Senado de la Rep\u00fablica, al doctor Jes\u00fas Feris Iglesia y al cantante Marcos Caminero, ambos en representaci\u00f3n de la provincia San Pedro de Macor\u00eds, ante una petici\u00f3n de quien ocupa la [&hellip;]<\/p>\n","protected":false},"author":15,"featured_media":30664,"comment_status":"open","ping_status":"open","sticky":false,"template":"","format":"standard","meta":{"footnotes":""},"categories":[35],"tags":[],"class_list":["post-30663","post","type-post","status-publish","format-standard","has-post-thumbnail","category-spm"],"yoast_head":"<!-- This site is optimized with the Yoast SEO plugin v27.6 - https:\/\/yoast.com\/product\/yoast-seo-wordpress\/ -->\n<title>FRANKLIN PE\u00d1A LOGRA QUE SENADO RECONOZCA TRAYECTORIA DE JESUS FERIS IGLESIA Y MARCOS CAMINERO. - Conexi\u00f3n 23<\/title>\n<meta name=\"robots\" content=\"index, follow, max-snippet:-1, max-image-preview:large, max-video-preview:-1\" \/>\n<link rel=\"canonical\" href=\"http:\/\/conexion23.com\/?p=30663\" \/>\n<meta property=\"og:locale\" content=\"es_ES\" \/>\n<meta property=\"og:type\" content=\"article\" \/>\n<meta property=\"og:title\" content=\"FRANKLIN PE\u00d1A LOGRA QUE SENADO RECONOZCA TRAYECTORIA DE JESUS FERIS IGLESIA Y MARCOS CAMINERO. - Conexi\u00f3n 23\" \/>\n<meta property=\"og:description\" content=\"En un solemne acto, en el Sal\u00f3n Polivalente, de la Biblioteca Juan Pablo Duarte, del Congreso Nacional, fueron entregados pergaminos de reconocimiento, por el Senado de la Rep\u00fablica, al doctor Jes\u00fas Feris Iglesia y al cantante Marcos Caminero, ambos en representaci\u00f3n de la provincia San Pedro de Macor\u00eds, ante una petici\u00f3n de quien ocupa la [&hellip;]\" \/>\n<meta property=\"og:url\" content=\"http:\/\/conexion23.com\/?p=30663\" \/>\n<meta property=\"og:site_name\" content=\"Conexi\u00f3n 23\" \/>\n<meta property=\"article:publisher\" content=\"https:\/\/www.facebook.com\/conexion23com\" \/>\n<meta property=\"article:published_time\" content=\"2024-07-18T11:56:38+00:00\" \/>\n<meta property=\"article:modified_time\" content=\"2024-07-18T11:56:43+00:00\" \/>\n<meta property=\"og:image\" content=\"http:\/\/conexion23.com\/wp-content\/uploads\/2024\/07\/k-3.jpg\" \/>\n\t<meta property=\"og:image:width\" content=\"1249\" \/>\n\t<meta property=\"og:image:height\" content=\"853\" \/>\n\t<meta property=\"og:image:type\" content=\"image\/jpeg\" \/>\n<meta name=\"author\" content=\"Raffy Ben\u00edtez\" \/>\n<meta name=\"twitter:card\" content=\"summary_large_image\" \/>\n<meta name=\"twitter:label1\" content=\"Escrito por\" \/>\n\t<meta name=\"twitter:data1\" content=\"Raffy Ben\u00edtez\" \/>\n\t<meta name=\"twitter:label2\" content=\"Tiempo de lectura\" \/>\n\t<meta name=\"twitter:data2\" content=\"3 minutos\" \/>\n<script type=\"application\/ld+json\" class=\"yoast-schema-graph\">{\"@context\":\"https:\\\/\\\/schema.org\",\"@graph\":[{\"@type\":\"Article\",\"@id\":\"http:\\\/\\\/conexion23.com\\\/?p=30663#article\",\"isPartOf\":{\"@id\":\"http:\\\/\\\/conexion23.com\\\/?p=30663\"},\"author\":{\"name\":\"Raffy Ben\u00edtez\",\"@id\":\"https:\\\/\\\/conexion23.com\\\/#\\\/schema\\\/person\\\/03e36043331117e97a373299bbcd30a6\"},\"headline\":\"FRANKLIN PE\u00d1A LOGRA QUE SENADO RECONOZCA TRAYECTORIA DE JESUS FERIS IGLESIA Y MARCOS CAMINERO.\",\"datePublished\":\"2024-07-18T11:56:38+00:00\",\"dateModified\":\"2024-07-18T11:56:43+00:00\",\"mainEntityOfPage\":{\"@id\":\"http:\\\/\\\/conexion23.com\\\/?p=30663\"},\"wordCount\":509,\"commentCount\":0,\"publisher\":{\"@id\":\"https:\\\/\\\/conexion23.com\\\/#organization\"},\"image\":{\"@id\":\"http:\\\/\\\/conexion23.com\\\/?p=30663#primaryimage\"},\"thumbnailUrl\":\"http:\\\/\\\/conexion23.com\\\/wp-content\\\/uploads\\\/2024\\\/07\\\/k-3.jpg\",\"articleSection\":[\"SPM\"],\"inLanguage\":\"es\",\"potentialAction\":[{\"@type\":\"CommentAction\",\"name\":\"Comment\",\"target\":[\"http:\\\/\\\/conexion23.com\\\/?p=30663#respond\"]}]},{\"@type\":\"WebPage\",\"@id\":\"http:\\\/\\\/conexion23.com\\\/?p=30663\",\"url\":\"http:\\\/\\\/conexion23.com\\\/?p=30663\",\"name\":\"FRANKLIN PE\u00d1A LOGRA QUE SENADO RECONOZCA TRAYECTORIA DE JESUS FERIS IGLESIA Y MARCOS CAMINERO. - Conexi\u00f3n 23\",\"isPartOf\":{\"@id\":\"https:\\\/\\\/conexion23.com\\\/#website\"},\"primaryImageOfPage\":{\"@id\":\"http:\\\/\\\/conexion23.com\\\/?p=30663#primaryimage\"},\"image\":{\"@id\":\"http:\\\/\\\/conexion23.com\\\/?p=30663#primaryimage\"},\"thumbnailUrl\":\"http:\\\/\\\/conexion23.com\\\/wp-content\\\/uploads\\\/2024\\\/07\\\/k-3.jpg\",\"datePublished\":\"2024-07-18T11:56:38+00:00\",\"dateModified\":\"2024-07-18T11:56:43+00:00\",\"breadcrumb\":{\"@id\":\"http:\\\/\\\/conexion23.com\\\/?p=30663#breadcrumb\"},\"inLanguage\":\"es\",\"potentialAction\":[{\"@type\":\"ReadAction\",\"target\":[\"http:\\\/\\\/conexion23.com\\\/?p=30663\"]}]},{\"@type\":\"ImageObject\",\"inLanguage\":\"es\",\"@id\":\"http:\\\/\\\/conexion23.com\\\/?p=30663#primaryimage\",\"url\":\"http:\\\/\\\/conexion23.com\\\/wp-content\\\/uploads\\\/2024\\\/07\\\/k-3.jpg\",\"contentUrl\":\"http:\\\/\\\/conexion23.com\\\/wp-content\\\/uploads\\\/2024\\\/07\\\/k-3.jpg\",\"width\":1249,\"height\":853},{\"@type\":\"BreadcrumbList\",\"@id\":\"http:\\\/\\\/conexion23.com\\\/?p=30663#breadcrumb\",\"itemListElement\":[{\"@type\":\"ListItem\",\"position\":1,\"name\":\"Portada\",\"item\":\"https:\\\/\\\/conexion23.com\\\/\"},{\"@type\":\"ListItem\",\"position\":2,\"name\":\"FRANKLIN PE\u00d1A LOGRA QUE SENADO RECONOZCA TRAYECTORIA DE JESUS FERIS IGLESIA Y MARCOS CAMINERO.\"}]},{\"@type\":\"WebSite\",\"@id\":\"https:\\\/\\\/conexion23.com\\\/#website\",\"url\":\"https:\\\/\\\/conexion23.com\\\/\",\"name\":\"Conexi\u00f3n 23\",\"description\":\"Peri\u00f3dico 100% Petromacorisano\",\"publisher\":{\"@id\":\"https:\\\/\\\/conexion23.com\\\/#organization\"},\"potentialAction\":[{\"@type\":\"SearchAction\",\"target\":{\"@type\":\"EntryPoint\",\"urlTemplate\":\"https:\\\/\\\/conexion23.com\\\/?s={search_term_string}\"},\"query-input\":{\"@type\":\"PropertyValueSpecification\",\"valueRequired\":true,\"valueName\":\"search_term_string\"}}],\"inLanguage\":\"es\"},{\"@type\":\"Organization\",\"@id\":\"https:\\\/\\\/conexion23.com\\\/#organization\",\"name\":\"Conexion 23\",\"url\":\"https:\\\/\\\/conexion23.com\\\/\",\"logo\":{\"@type\":\"ImageObject\",\"inLanguage\":\"es\",\"@id\":\"https:\\\/\\\/conexion23.com\\\/#\\\/schema\\\/logo\\\/image\\\/\",\"url\":\"https:\\\/\\\/conexion23.com\\\/wp-content\\\/uploads\\\/2021\\\/11\\\/Diseno-sin-titulo-2.png\",\"contentUrl\":\"https:\\\/\\\/conexion23.com\\\/wp-content\\\/uploads\\\/2021\\\/11\\\/Diseno-sin-titulo-2.png\",\"width\":541,\"height\":90,\"caption\":\"Conexion 23\"},\"image\":{\"@id\":\"https:\\\/\\\/conexion23.com\\\/#\\\/schema\\\/logo\\\/image\\\/\"},\"sameAs\":[\"https:\\\/\\\/www.facebook.com\\\/conexion23com\",\"https:\\\/\\\/www.instagram.com\\\/conexion23com\\\/\",\"https:\\\/\\\/www.youtube.com\\\/channel\\\/UCYc7vxxFZMYLIHNsHHxPZ3Q\"]},{\"@type\":\"Person\",\"@id\":\"https:\\\/\\\/conexion23.com\\\/#\\\/schema\\\/person\\\/03e36043331117e97a373299bbcd30a6\",\"name\":\"Raffy Ben\u00edtez\",\"image\":{\"@type\":\"ImageObject\",\"inLanguage\":\"es\",\"@id\":\"https:\\\/\\\/secure.gravatar.com\\\/avatar\\\/3190a6a6c5e1b0327500f7d6c56b6242472ee6cb974cf09b401ee6b3b0798f23?s=96&d=mm&r=g\",\"url\":\"https:\\\/\\\/secure.gravatar.com\\\/avatar\\\/3190a6a6c5e1b0327500f7d6c56b6242472ee6cb974cf09b401ee6b3b0798f23?s=96&d=mm&r=g\",\"contentUrl\":\"https:\\\/\\\/secure.gravatar.com\\\/avatar\\\/3190a6a6c5e1b0327500f7d6c56b6242472ee6cb974cf09b401ee6b3b0798f23?s=96&d=mm&r=g\",\"caption\":\"Raffy Ben\u00edtez\"},\"url\":\"http:\\\/\\\/conexion23.com\\\/?author=15\"}]}<\/script>\n<!-- \/ Yoast SEO plugin. -->","yoast_head_json":{"title":"FRANKLIN PE\u00d1A LOGRA QUE SENADO RECONOZCA TRAYECTORIA DE JESUS FERIS IGLESIA Y MARCOS CAMINERO. - Conexi\u00f3n 23","robots":{"index":"index","follow":"follow","max-snippet":"max-snippet:-1","max-image-preview":"max-image-preview:large","max-video-preview":"max-video-preview:-1"},"canonical":"http:\/\/conexion23.com\/?p=30663","og_locale":"es_ES","og_type":"article","og_title":"FRANKLIN PE\u00d1A LOGRA QUE SENADO RECONOZCA TRAYECTORIA DE JESUS FERIS IGLESIA Y MARCOS CAMINERO. - Conexi\u00f3n 23","og_description":"En un solemne acto, en el Sal\u00f3n Polivalente, de la Biblioteca Juan Pablo Duarte, del Congreso Nacional, fueron entregados pergaminos de reconocimiento, por el Senado de la Rep\u00fablica, al doctor Jes\u00fas Feris Iglesia y al cantante Marcos Caminero, ambos en representaci\u00f3n de la provincia San Pedro de Macor\u00eds, ante una petici\u00f3n de quien ocupa la [&hellip;]","og_url":"http:\/\/conexion23.com\/?p=30663","og_site_name":"Conexi\u00f3n 23","article_publisher":"https:\/\/www.facebook.com\/conexion23com","article_published_time":"2024-07-18T11:56:38+00:00","article_modified_time":"2024-07-18T11:56:43+00:00","og_image":[{"width":1249,"height":853,"url":"http:\/\/conexion23.com\/wp-content\/uploads\/2024\/07\/k-3.jpg","type":"image\/jpeg"}],"author":"Raffy Ben\u00edtez","twitter_card":"summary_large_image","twitter_misc":{"Escrito por":"Raffy Ben\u00edtez","Tiempo de lectura":"3 minutos"},"schema":{"@context":"https:\/\/schema.org","@graph":[{"@type":"Article","@id":"http:\/\/conexion23.com\/?p=30663#article","isPartOf":{"@id":"http:\/\/conexion23.com\/?p=30663"},"author":{"name":"Raffy Ben\u00edtez","@id":"https:\/\/conexion23.com\/#\/schema\/person\/03e36043331117e97a373299bbcd30a6"},"headline":"FRANKLIN PE\u00d1A LOGRA QUE SENADO RECONOZCA TRAYECTORIA DE JESUS FERIS IGLESIA Y MARCOS CAMINERO.","datePublished":"2024-07-18T11:56:38+00:00","dateModified":"2024-07-18T11:56:43+00:00","mainEntityOfPage":{"@id":"http:\/\/conexion23.com\/?p=30663"},"wordCount":509,"commentCount":0,"publisher":{"@id":"https:\/\/conexion23.com\/#organization"},"image":{"@id":"http:\/\/conexion23.com\/?p=30663#primaryimage"},"thumbnailUrl":"http:\/\/conexion23.com\/wp-content\/uploads\/2024\/07\/k-3.jpg","articleSection":["SPM"],"inLanguage":"es","potentialAction":[{"@type":"CommentAction","name":"Comment","target":["http:\/\/conexion23.com\/?p=30663#respond"]}]},{"@type":"WebPage","@id":"http:\/\/conexion23.com\/?p=30663","url":"http:\/\/conexion23.com\/?p=30663","name":"FRANKLIN PE\u00d1A LOGRA QUE SENADO RECONOZCA TRAYECTORIA DE JESUS FERIS IGLESIA Y MARCOS CAMINERO. - Conexi\u00f3n 23","isPartOf":{"@id":"https:\/\/conexion23.com\/#website"},"primaryImageOfPage":{"@id":"http:\/\/conexion23.com\/?p=30663#primaryimage"},"image":{"@id":"http:\/\/conexion23.com\/?p=30663#primaryimage"},"thumbnailUrl":"http:\/\/conexion23.com\/wp-content\/uploads\/2024\/07\/k-3.jpg","datePublished":"2024-07-18T11:56:38+00:00","dateModified":"2024-07-18T11:56:43+00:00","breadcrumb":{"@id":"http:\/\/conexion23.com\/?p=30663#breadcrumb"},"inLanguage":"es","potentialAction":[{"@type":"ReadAction","target":["http:\/\/conexion23.com\/?p=30663"]}]},{"@type":"ImageObject","inLanguage":"es","@id":"http:\/\/conexion23.com\/?p=30663#primaryimage","url":"http:\/\/conexion23.com\/wp-content\/uploads\/2024\/07\/k-3.jpg","contentUrl":"http:\/\/conexion23.com\/wp-content\/uploads\/2024\/07\/k-3.jpg","width":1249,"height":853},{"@type":"BreadcrumbList","@id":"http:\/\/conexion23.com\/?p=30663#breadcrumb","itemListElement":[{"@type":"ListItem","position":1,"name":"Portada","item":"https:\/\/conexion23.com\/"},{"@type":"ListItem","position":2,"name":"FRANKLIN PE\u00d1A LOGRA QUE SENADO RECONOZCA TRAYECTORIA DE JESUS FERIS IGLESIA Y MARCOS CAMINERO."}]},{"@type":"WebSite","@id":"https:\/\/conexion23.com\/#website","url":"https:\/\/conexion23.com\/","name":"Conexi\u00f3n 23","description":"Peri\u00f3dico 100% Petromacorisano","publisher":{"@id":"https:\/\/conexion23.com\/#organization"},"potentialAction":[{"@type":"SearchAction","target":{"@type":"EntryPoint","urlTemplate":"https:\/\/conexion23.com\/?s={search_term_string}"},"query-input":{"@type":"PropertyValueSpecification","valueRequired":true,"valueName":"search_term_string"}}],"inLanguage":"es"},{"@type":"Organization","@id":"https:\/\/conexion23.com\/#organization","name":"Conexion 23","url":"https:\/\/conexion23.com\/","logo":{"@type":"ImageObject","inLanguage":"es","@id":"https:\/\/conexion23.com\/#\/schema\/logo\/image\/","url":"https:\/\/conexion23.com\/wp-content\/uploads\/2021\/11\/Diseno-sin-titulo-2.png","contentUrl":"https:\/\/conexion23.com\/wp-content\/uploads\/2021\/11\/Diseno-sin-titulo-2.png","width":541,"height":90,"caption":"Conexion 23"},"image":{"@id":"https:\/\/conexion23.com\/#\/schema\/logo\/image\/"},"sameAs":["https:\/\/www.facebook.com\/conexion23com","https:\/\/www.instagram.com\/conexion23com\/","https:\/\/www.youtube.com\/channel\/UCYc7vxxFZMYLIHNsHHxPZ3Q"]},{"@type":"Person","@id":"https:\/\/conexion23.com\/#\/schema\/person\/03e36043331117e97a373299bbcd30a6","name":"Raffy Ben\u00edtez","image":{"@type":"ImageObject","inLanguage":"es","@id":"https:\/\/secure.gravatar.com\/avatar\/3190a6a6c5e1b0327500f7d6c56b6242472ee6cb974cf09b401ee6b3b0798f23?s=96&d=mm&r=g","url":"https:\/\/secure.gravatar.com\/avatar\/3190a6a6c5e1b0327500f7d6c56b6242472ee6cb974cf09b401ee6b3b0798f23?s=96&d=mm&r=g","contentUrl":"https:\/\/secure.gravatar.com\/avatar\/3190a6a6c5e1b0327500f7d6c56b6242472ee6cb974cf09b401ee6b3b0798f23?s=96&d=mm&r=g","caption":"Raffy Ben\u00edtez"},"url":"http:\/\/conexion23.com\/?author=15"}]}},"_links":{"self":[{"href":"http:\/\/conexion23.com\/index.php?rest_route=\/wp\/v2\/posts\/30663","targetHints":{"allow":["GET"]}}],"collection":[{"href":"http:\/\/conexion23.com\/index.php?rest_route=\/wp\/v2\/posts"}],"about":[{"href":"http:\/\/conexion23.com\/index.php?rest_route=\/wp\/v2\/types\/post"}],"author":[{"embeddable":true,"href":"http:\/\/conexion23.com\/index.php?rest_route=\/wp\/v2\/users\/15"}],"replies":[{"embeddable":true,"href":"http:\/\/conexion23.com\/index.php?rest_route=%2Fwp%2Fv2%2Fcomments&post=30663"}],"version-history":[{"count":1,"href":"http:\/\/conexion23.com\/index.php?rest_route=\/wp\/v2\/posts\/30663\/revisions"}],"predecessor-version":[{"id":30666,"href":"http:\/\/conexion23.com\/index.php?rest_route=\/wp\/v2\/posts\/30663\/revisions\/30666"}],"wp:featuredmedia":[{"embeddable":true,"href":"http:\/\/conexion23.com\/index.php?rest_route=\/wp\/v2\/media\/30664"}],"wp:attachment":[{"href":"http:\/\/conexion23.com\/index.php?rest_route=%2Fwp%2Fv2%2Fmedia&parent=30663"}],"wp:term":[{"taxonomy":"category","embeddable":true,"href":"http:\/\/conexion23.com\/index.php?rest_route=%2Fwp%2Fv2%2Fcategories&post=30663"},{"taxonomy":"post_tag","embeddable":true,"href":"http:\/\/conexion23.com\/index.php?rest_route=%2Fwp%2Fv2%2Ftags&post=30663"}],"curies":[{"name":"wp","href":"https:\/\/api.w.org\/{rel}","templated":true}]}}