{"id":30686,"date":"2024-07-19T07:39:44","date_gmt":"2024-07-19T11:39:44","guid":{"rendered":"https:\/\/conexion23.com\/?p=30686"},"modified":"2024-07-19T07:39:48","modified_gmt":"2024-07-19T11:39:48","slug":"someten-a-coronel-de-la-guardia-por-destruccion-de-iglesia-a-diaconisa-en-laguna-prieta-ramon-santana","status":"publish","type":"post","link":"http:\/\/conexion23.com\/?p=30686","title":{"rendered":"SOMETEN A CORONEL DE LA GUARDIA POR DESTRUCCI\u00d3N DE IGLESIA A DIACONISA EN LAGUNA PRIETA, RAM\u00d3N SANTANA."},"content":{"rendered":"\n<p class=\"wp-block-paragraph\">EL MIEMBRO DE LA GUARDIA SOMETIDO ES EL SE\u00d1OR FRANCIS VELEZ, QUIEN EST\u00c1 DE PUESTO EN LA GERENCIA DE CUMAYASA SAN PEDRO DE MACORIS.<\/p>\n\n\n\n<p class=\"wp-block-paragraph\">La afectada es, Odalis P\u00e9rez de Alc\u00e1ntara, una DIACONISA de la iglesia. <\/p>\n\n\n\n<p class=\"wp-block-paragraph\">\u00c9sta ante tal atropello decidi\u00f3 llevar ante la justicia al se\u00f1or FRANCIS VELEZ, ya que ese se\u00f1or se ha dado a la tarea de destruir las viviendas de iglesias de la localidad por instrucciones DE YAFREISY SANTANA, hija de SANTICO EL MUERTO quienes est\u00e1n interesados en el terreno donde existe el asentamiento AC-488.<\/p>\n\n\n\n<p class=\"wp-block-paragraph\">EL SE\u00d1OR VELEZ tambi\u00e9n irrumpi\u00f3 en otra propiedad y destruy\u00f3 varios cientos de bloks que eran para la mencionada construcci\u00f3n.<\/p>\n","protected":false},"excerpt":{"rendered":"<p>EL MIEMBRO DE LA GUARDIA SOMETIDO ES EL SE\u00d1OR FRANCIS VELEZ, QUIEN EST\u00c1 DE PUESTO EN LA GERENCIA DE CUMAYASA SAN PEDRO DE MACORIS. La afectada es, Odalis P\u00e9rez de Alc\u00e1ntara, una DIACONISA de la iglesia. \u00c9sta ante tal atropello decidi\u00f3 llevar ante la justicia al se\u00f1or FRANCIS VELEZ, ya que ese se\u00f1or se ha [&hellip;]<\/p>\n","protected":false},"author":15,"featured_media":30687,"comment_status":"open","ping_status":"open","sticky":false,"template":"","format":"standard","meta":{"footnotes":""},"categories":[35],"tags":[],"class_list":["post-30686","post","type-post","status-publish","format-standard","has-post-thumbnail","category-spm"],"yoast_head":"<!-- This site is optimized with the Yoast SEO plugin v27.6 - https:\/\/yoast.com\/product\/yoast-seo-wordpress\/ -->\n<title>SOMETEN A CORONEL DE LA GUARDIA POR DESTRUCCI\u00d3N DE IGLESIA A DIACONISA EN LAGUNA PRIETA, RAM\u00d3N SANTANA. - Conexi\u00f3n 23<\/title>\n<meta name=\"robots\" content=\"index, follow, max-snippet:-1, max-image-preview:large, max-video-preview:-1\" \/>\n<link rel=\"canonical\" href=\"http:\/\/conexion23.com\/?p=30686\" \/>\n<meta property=\"og:locale\" content=\"es_ES\" \/>\n<meta property=\"og:type\" content=\"article\" \/>\n<meta property=\"og:title\" content=\"SOMETEN A CORONEL DE LA GUARDIA POR DESTRUCCI\u00d3N DE IGLESIA A DIACONISA EN LAGUNA PRIETA, RAM\u00d3N SANTANA. - Conexi\u00f3n 23\" \/>\n<meta property=\"og:description\" content=\"EL MIEMBRO DE LA GUARDIA SOMETIDO ES EL SE\u00d1OR FRANCIS VELEZ, QUIEN EST\u00c1 DE PUESTO EN LA GERENCIA DE CUMAYASA SAN PEDRO DE MACORIS. La afectada es, Odalis P\u00e9rez de Alc\u00e1ntara, una DIACONISA de la iglesia. \u00c9sta ante tal atropello decidi\u00f3 llevar ante la justicia al se\u00f1or FRANCIS VELEZ, ya que ese se\u00f1or se ha [&hellip;]\" \/>\n<meta property=\"og:url\" content=\"http:\/\/conexion23.com\/?p=30686\" \/>\n<meta property=\"og:site_name\" content=\"Conexi\u00f3n 23\" \/>\n<meta property=\"article:publisher\" content=\"https:\/\/www.facebook.com\/conexion23com\" \/>\n<meta property=\"article:published_time\" content=\"2024-07-19T11:39:44+00:00\" \/>\n<meta property=\"article:modified_time\" content=\"2024-07-19T11:39:48+00:00\" \/>\n<meta property=\"og:image\" content=\"http:\/\/conexion23.com\/wp-content\/uploads\/2024\/07\/vg.jpg\" \/>\n\t<meta property=\"og:image:width\" content=\"605\" \/>\n\t<meta property=\"og:image:height\" content=\"600\" \/>\n\t<meta property=\"og:image:type\" content=\"image\/jpeg\" \/>\n<meta name=\"author\" content=\"Raffy Ben\u00edtez\" \/>\n<meta name=\"twitter:card\" content=\"summary_large_image\" \/>\n<meta name=\"twitter:label1\" content=\"Escrito por\" \/>\n\t<meta name=\"twitter:data1\" content=\"Raffy Ben\u00edtez\" \/>\n\t<meta name=\"twitter:label2\" content=\"Tiempo de lectura\" \/>\n\t<meta name=\"twitter:data2\" content=\"1 minuto\" \/>\n<script type=\"application\/ld+json\" class=\"yoast-schema-graph\">{\"@context\":\"https:\\\/\\\/schema.org\",\"@graph\":[{\"@type\":\"Article\",\"@id\":\"http:\\\/\\\/conexion23.com\\\/?p=30686#article\",\"isPartOf\":{\"@id\":\"http:\\\/\\\/conexion23.com\\\/?p=30686\"},\"author\":{\"name\":\"Raffy Ben\u00edtez\",\"@id\":\"https:\\\/\\\/conexion23.com\\\/#\\\/schema\\\/person\\\/03e36043331117e97a373299bbcd30a6\"},\"headline\":\"SOMETEN A CORONEL DE LA GUARDIA POR DESTRUCCI\u00d3N DE IGLESIA A DIACONISA EN LAGUNA PRIETA, RAM\u00d3N SANTANA.\",\"datePublished\":\"2024-07-19T11:39:44+00:00\",\"dateModified\":\"2024-07-19T11:39:48+00:00\",\"mainEntityOfPage\":{\"@id\":\"http:\\\/\\\/conexion23.com\\\/?p=30686\"},\"wordCount\":137,\"commentCount\":0,\"publisher\":{\"@id\":\"https:\\\/\\\/conexion23.com\\\/#organization\"},\"image\":{\"@id\":\"http:\\\/\\\/conexion23.com\\\/?p=30686#primaryimage\"},\"thumbnailUrl\":\"http:\\\/\\\/conexion23.com\\\/wp-content\\\/uploads\\\/2024\\\/07\\\/vg.jpg\",\"articleSection\":[\"SPM\"],\"inLanguage\":\"es\",\"potentialAction\":[{\"@type\":\"CommentAction\",\"name\":\"Comment\",\"target\":[\"http:\\\/\\\/conexion23.com\\\/?p=30686#respond\"]}]},{\"@type\":\"WebPage\",\"@id\":\"http:\\\/\\\/conexion23.com\\\/?p=30686\",\"url\":\"http:\\\/\\\/conexion23.com\\\/?p=30686\",\"name\":\"SOMETEN A CORONEL DE LA GUARDIA POR DESTRUCCI\u00d3N DE IGLESIA A DIACONISA EN LAGUNA PRIETA, RAM\u00d3N SANTANA. - Conexi\u00f3n 23\",\"isPartOf\":{\"@id\":\"https:\\\/\\\/conexion23.com\\\/#website\"},\"primaryImageOfPage\":{\"@id\":\"http:\\\/\\\/conexion23.com\\\/?p=30686#primaryimage\"},\"image\":{\"@id\":\"http:\\\/\\\/conexion23.com\\\/?p=30686#primaryimage\"},\"thumbnailUrl\":\"http:\\\/\\\/conexion23.com\\\/wp-content\\\/uploads\\\/2024\\\/07\\\/vg.jpg\",\"datePublished\":\"2024-07-19T11:39:44+00:00\",\"dateModified\":\"2024-07-19T11:39:48+00:00\",\"breadcrumb\":{\"@id\":\"http:\\\/\\\/conexion23.com\\\/?p=30686#breadcrumb\"},\"inLanguage\":\"es\",\"potentialAction\":[{\"@type\":\"ReadAction\",\"target\":[\"http:\\\/\\\/conexion23.com\\\/?p=30686\"]}]},{\"@type\":\"ImageObject\",\"inLanguage\":\"es\",\"@id\":\"http:\\\/\\\/conexion23.com\\\/?p=30686#primaryimage\",\"url\":\"http:\\\/\\\/conexion23.com\\\/wp-content\\\/uploads\\\/2024\\\/07\\\/vg.jpg\",\"contentUrl\":\"http:\\\/\\\/conexion23.com\\\/wp-content\\\/uploads\\\/2024\\\/07\\\/vg.jpg\",\"width\":605,\"height\":600},{\"@type\":\"BreadcrumbList\",\"@id\":\"http:\\\/\\\/conexion23.com\\\/?p=30686#breadcrumb\",\"itemListElement\":[{\"@type\":\"ListItem\",\"position\":1,\"name\":\"Portada\",\"item\":\"https:\\\/\\\/conexion23.com\\\/\"},{\"@type\":\"ListItem\",\"position\":2,\"name\":\"SOMETEN A CORONEL DE LA GUARDIA POR DESTRUCCI\u00d3N DE IGLESIA A DIACONISA EN LAGUNA PRIETA, RAM\u00d3N SANTANA.\"}]},{\"@type\":\"WebSite\",\"@id\":\"https:\\\/\\\/conexion23.com\\\/#website\",\"url\":\"https:\\\/\\\/conexion23.com\\\/\",\"name\":\"Conexi\u00f3n 23\",\"description\":\"Peri\u00f3dico 100% Petromacorisano\",\"publisher\":{\"@id\":\"https:\\\/\\\/conexion23.com\\\/#organization\"},\"potentialAction\":[{\"@type\":\"SearchAction\",\"target\":{\"@type\":\"EntryPoint\",\"urlTemplate\":\"https:\\\/\\\/conexion23.com\\\/?s={search_term_string}\"},\"query-input\":{\"@type\":\"PropertyValueSpecification\",\"valueRequired\":true,\"valueName\":\"search_term_string\"}}],\"inLanguage\":\"es\"},{\"@type\":\"Organization\",\"@id\":\"https:\\\/\\\/conexion23.com\\\/#organization\",\"name\":\"Conexion 23\",\"url\":\"https:\\\/\\\/conexion23.com\\\/\",\"logo\":{\"@type\":\"ImageObject\",\"inLanguage\":\"es\",\"@id\":\"https:\\\/\\\/conexion23.com\\\/#\\\/schema\\\/logo\\\/image\\\/\",\"url\":\"https:\\\/\\\/conexion23.com\\\/wp-content\\\/uploads\\\/2021\\\/11\\\/Diseno-sin-titulo-2.png\",\"contentUrl\":\"https:\\\/\\\/conexion23.com\\\/wp-content\\\/uploads\\\/2021\\\/11\\\/Diseno-sin-titulo-2.png\",\"width\":541,\"height\":90,\"caption\":\"Conexion 23\"},\"image\":{\"@id\":\"https:\\\/\\\/conexion23.com\\\/#\\\/schema\\\/logo\\\/image\\\/\"},\"sameAs\":[\"https:\\\/\\\/www.facebook.com\\\/conexion23com\",\"https:\\\/\\\/www.instagram.com\\\/conexion23com\\\/\",\"https:\\\/\\\/www.youtube.com\\\/channel\\\/UCYc7vxxFZMYLIHNsHHxPZ3Q\"]},{\"@type\":\"Person\",\"@id\":\"https:\\\/\\\/conexion23.com\\\/#\\\/schema\\\/person\\\/03e36043331117e97a373299bbcd30a6\",\"name\":\"Raffy Ben\u00edtez\",\"image\":{\"@type\":\"ImageObject\",\"inLanguage\":\"es\",\"@id\":\"https:\\\/\\\/secure.gravatar.com\\\/avatar\\\/3190a6a6c5e1b0327500f7d6c56b6242472ee6cb974cf09b401ee6b3b0798f23?s=96&d=mm&r=g\",\"url\":\"https:\\\/\\\/secure.gravatar.com\\\/avatar\\\/3190a6a6c5e1b0327500f7d6c56b6242472ee6cb974cf09b401ee6b3b0798f23?s=96&d=mm&r=g\",\"contentUrl\":\"https:\\\/\\\/secure.gravatar.com\\\/avatar\\\/3190a6a6c5e1b0327500f7d6c56b6242472ee6cb974cf09b401ee6b3b0798f23?s=96&d=mm&r=g\",\"caption\":\"Raffy Ben\u00edtez\"},\"url\":\"http:\\\/\\\/conexion23.com\\\/?author=15\"}]}<\/script>\n<!-- \/ Yoast SEO plugin. -->","yoast_head_json":{"title":"SOMETEN A CORONEL DE LA GUARDIA POR DESTRUCCI\u00d3N DE IGLESIA A DIACONISA EN LAGUNA PRIETA, RAM\u00d3N SANTANA. - Conexi\u00f3n 23","robots":{"index":"index","follow":"follow","max-snippet":"max-snippet:-1","max-image-preview":"max-image-preview:large","max-video-preview":"max-video-preview:-1"},"canonical":"http:\/\/conexion23.com\/?p=30686","og_locale":"es_ES","og_type":"article","og_title":"SOMETEN A CORONEL DE LA GUARDIA POR DESTRUCCI\u00d3N DE IGLESIA A DIACONISA EN LAGUNA PRIETA, RAM\u00d3N SANTANA. - Conexi\u00f3n 23","og_description":"EL MIEMBRO DE LA GUARDIA SOMETIDO ES EL SE\u00d1OR FRANCIS VELEZ, QUIEN EST\u00c1 DE PUESTO EN LA GERENCIA DE CUMAYASA SAN PEDRO DE MACORIS. La afectada es, Odalis P\u00e9rez de Alc\u00e1ntara, una DIACONISA de la iglesia. \u00c9sta ante tal atropello decidi\u00f3 llevar ante la justicia al se\u00f1or FRANCIS VELEZ, ya que ese se\u00f1or se ha [&hellip;]","og_url":"http:\/\/conexion23.com\/?p=30686","og_site_name":"Conexi\u00f3n 23","article_publisher":"https:\/\/www.facebook.com\/conexion23com","article_published_time":"2024-07-19T11:39:44+00:00","article_modified_time":"2024-07-19T11:39:48+00:00","og_image":[{"width":605,"height":600,"url":"http:\/\/conexion23.com\/wp-content\/uploads\/2024\/07\/vg.jpg","type":"image\/jpeg"}],"author":"Raffy Ben\u00edtez","twitter_card":"summary_large_image","twitter_misc":{"Escrito por":"Raffy Ben\u00edtez","Tiempo de lectura":"1 minuto"},"schema":{"@context":"https:\/\/schema.org","@graph":[{"@type":"Article","@id":"http:\/\/conexion23.com\/?p=30686#article","isPartOf":{"@id":"http:\/\/conexion23.com\/?p=30686"},"author":{"name":"Raffy Ben\u00edtez","@id":"https:\/\/conexion23.com\/#\/schema\/person\/03e36043331117e97a373299bbcd30a6"},"headline":"SOMETEN A CORONEL DE LA GUARDIA POR DESTRUCCI\u00d3N DE IGLESIA A DIACONISA EN LAGUNA PRIETA, RAM\u00d3N SANTANA.","datePublished":"2024-07-19T11:39:44+00:00","dateModified":"2024-07-19T11:39:48+00:00","mainEntityOfPage":{"@id":"http:\/\/conexion23.com\/?p=30686"},"wordCount":137,"commentCount":0,"publisher":{"@id":"https:\/\/conexion23.com\/#organization"},"image":{"@id":"http:\/\/conexion23.com\/?p=30686#primaryimage"},"thumbnailUrl":"http:\/\/conexion23.com\/wp-content\/uploads\/2024\/07\/vg.jpg","articleSection":["SPM"],"inLanguage":"es","potentialAction":[{"@type":"CommentAction","name":"Comment","target":["http:\/\/conexion23.com\/?p=30686#respond"]}]},{"@type":"WebPage","@id":"http:\/\/conexion23.com\/?p=30686","url":"http:\/\/conexion23.com\/?p=30686","name":"SOMETEN A CORONEL DE LA GUARDIA POR DESTRUCCI\u00d3N DE IGLESIA A DIACONISA EN LAGUNA PRIETA, RAM\u00d3N SANTANA. - Conexi\u00f3n 23","isPartOf":{"@id":"https:\/\/conexion23.com\/#website"},"primaryImageOfPage":{"@id":"http:\/\/conexion23.com\/?p=30686#primaryimage"},"image":{"@id":"http:\/\/conexion23.com\/?p=30686#primaryimage"},"thumbnailUrl":"http:\/\/conexion23.com\/wp-content\/uploads\/2024\/07\/vg.jpg","datePublished":"2024-07-19T11:39:44+00:00","dateModified":"2024-07-19T11:39:48+00:00","breadcrumb":{"@id":"http:\/\/conexion23.com\/?p=30686#breadcrumb"},"inLanguage":"es","potentialAction":[{"@type":"ReadAction","target":["http:\/\/conexion23.com\/?p=30686"]}]},{"@type":"ImageObject","inLanguage":"es","@id":"http:\/\/conexion23.com\/?p=30686#primaryimage","url":"http:\/\/conexion23.com\/wp-content\/uploads\/2024\/07\/vg.jpg","contentUrl":"http:\/\/conexion23.com\/wp-content\/uploads\/2024\/07\/vg.jpg","width":605,"height":600},{"@type":"BreadcrumbList","@id":"http:\/\/conexion23.com\/?p=30686#breadcrumb","itemListElement":[{"@type":"ListItem","position":1,"name":"Portada","item":"https:\/\/conexion23.com\/"},{"@type":"ListItem","position":2,"name":"SOMETEN A CORONEL DE LA GUARDIA POR DESTRUCCI\u00d3N DE IGLESIA A DIACONISA EN LAGUNA PRIETA, RAM\u00d3N SANTANA."}]},{"@type":"WebSite","@id":"https:\/\/conexion23.com\/#website","url":"https:\/\/conexion23.com\/","name":"Conexi\u00f3n 23","description":"Peri\u00f3dico 100% Petromacorisano","publisher":{"@id":"https:\/\/conexion23.com\/#organization"},"potentialAction":[{"@type":"SearchAction","target":{"@type":"EntryPoint","urlTemplate":"https:\/\/conexion23.com\/?s={search_term_string}"},"query-input":{"@type":"PropertyValueSpecification","valueRequired":true,"valueName":"search_term_string"}}],"inLanguage":"es"},{"@type":"Organization","@id":"https:\/\/conexion23.com\/#organization","name":"Conexion 23","url":"https:\/\/conexion23.com\/","logo":{"@type":"ImageObject","inLanguage":"es","@id":"https:\/\/conexion23.com\/#\/schema\/logo\/image\/","url":"https:\/\/conexion23.com\/wp-content\/uploads\/2021\/11\/Diseno-sin-titulo-2.png","contentUrl":"https:\/\/conexion23.com\/wp-content\/uploads\/2021\/11\/Diseno-sin-titulo-2.png","width":541,"height":90,"caption":"Conexion 23"},"image":{"@id":"https:\/\/conexion23.com\/#\/schema\/logo\/image\/"},"sameAs":["https:\/\/www.facebook.com\/conexion23com","https:\/\/www.instagram.com\/conexion23com\/","https:\/\/www.youtube.com\/channel\/UCYc7vxxFZMYLIHNsHHxPZ3Q"]},{"@type":"Person","@id":"https:\/\/conexion23.com\/#\/schema\/person\/03e36043331117e97a373299bbcd30a6","name":"Raffy Ben\u00edtez","image":{"@type":"ImageObject","inLanguage":"es","@id":"https:\/\/secure.gravatar.com\/avatar\/3190a6a6c5e1b0327500f7d6c56b6242472ee6cb974cf09b401ee6b3b0798f23?s=96&d=mm&r=g","url":"https:\/\/secure.gravatar.com\/avatar\/3190a6a6c5e1b0327500f7d6c56b6242472ee6cb974cf09b401ee6b3b0798f23?s=96&d=mm&r=g","contentUrl":"https:\/\/secure.gravatar.com\/avatar\/3190a6a6c5e1b0327500f7d6c56b6242472ee6cb974cf09b401ee6b3b0798f23?s=96&d=mm&r=g","caption":"Raffy Ben\u00edtez"},"url":"http:\/\/conexion23.com\/?author=15"}]}},"_links":{"self":[{"href":"http:\/\/conexion23.com\/index.php?rest_route=\/wp\/v2\/posts\/30686","targetHints":{"allow":["GET"]}}],"collection":[{"href":"http:\/\/conexion23.com\/index.php?rest_route=\/wp\/v2\/posts"}],"about":[{"href":"http:\/\/conexion23.com\/index.php?rest_route=\/wp\/v2\/types\/post"}],"author":[{"embeddable":true,"href":"http:\/\/conexion23.com\/index.php?rest_route=\/wp\/v2\/users\/15"}],"replies":[{"embeddable":true,"href":"http:\/\/conexion23.com\/index.php?rest_route=%2Fwp%2Fv2%2Fcomments&post=30686"}],"version-history":[{"count":1,"href":"http:\/\/conexion23.com\/index.php?rest_route=\/wp\/v2\/posts\/30686\/revisions"}],"predecessor-version":[{"id":30688,"href":"http:\/\/conexion23.com\/index.php?rest_route=\/wp\/v2\/posts\/30686\/revisions\/30688"}],"wp:featuredmedia":[{"embeddable":true,"href":"http:\/\/conexion23.com\/index.php?rest_route=\/wp\/v2\/media\/30687"}],"wp:attachment":[{"href":"http:\/\/conexion23.com\/index.php?rest_route=%2Fwp%2Fv2%2Fmedia&parent=30686"}],"wp:term":[{"taxonomy":"category","embeddable":true,"href":"http:\/\/conexion23.com\/index.php?rest_route=%2Fwp%2Fv2%2Fcategories&post=30686"},{"taxonomy":"post_tag","embeddable":true,"href":"http:\/\/conexion23.com\/index.php?rest_route=%2Fwp%2Fv2%2Ftags&post=30686"}],"curies":[{"name":"wp","href":"https:\/\/api.w.org\/{rel}","templated":true}]}}