{"id":30695,"date":"2024-07-19T08:04:34","date_gmt":"2024-07-19T12:04:34","guid":{"rendered":"https:\/\/conexion23.com\/?p=30695"},"modified":"2024-07-19T08:04:38","modified_gmt":"2024-07-19T12:04:38","slug":"general-de-los-bomberos-carlos-tomas-ramos-resulta-lesionado-en-accidente","status":"publish","type":"post","link":"http:\/\/conexion23.com\/?p=30695","title":{"rendered":"General de los bomberos Carlos Tomas Ramos resulta lesionado en accidente."},"content":{"rendered":"\n<p class=\"wp-block-paragraph\">El general de la academia internacional de los bomberos y ex intendente del Cuerpo de Bomberos, abogado y arquitecto Carlos Tom\u00e1s Ramos, result\u00f3 lesionado este jueves  en un accidente en la calle General Cabral.<\/p>\n\n\n\n<p class=\"wp-block-paragraph\">El accidente ocurri\u00f3 cuando Ramos, perdi\u00f3 los frenos de la yipeta que conduc\u00eda embistiendo varias motocicletas y chocando con una pared de un supermercado causando da\u00f1os en los tramos.<\/p>\n\n\n\n<p class=\"wp-block-paragraph\">Debido a los golpes que sufri\u00f3 recibi\u00f3 asistencia m\u00e9dica en la cl\u00ednica de Le\u00f3n.<\/p>\n\n\n\n<p class=\"wp-block-paragraph\">Gracias a Dios no presenta fractura y personas que se encontraban fuera y dentro del negocio no resultaron lesionadas.<\/p>\n","protected":false},"excerpt":{"rendered":"<p>El general de la academia internacional de los bomberos y ex intendente del Cuerpo de Bomberos, abogado y arquitecto Carlos Tom\u00e1s Ramos, result\u00f3 lesionado este jueves en un accidente en la calle General Cabral. El accidente ocurri\u00f3 cuando Ramos, perdi\u00f3 los frenos de la yipeta que conduc\u00eda embistiendo varias motocicletas y chocando con una pared [&hellip;]<\/p>\n","protected":false},"author":15,"featured_media":30696,"comment_status":"open","ping_status":"open","sticky":false,"template":"","format":"standard","meta":{"footnotes":""},"categories":[35],"tags":[],"class_list":["post-30695","post","type-post","status-publish","format-standard","has-post-thumbnail","category-spm"],"yoast_head":"<!-- This site is optimized with the Yoast SEO plugin v27.6 - https:\/\/yoast.com\/product\/yoast-seo-wordpress\/ -->\n<title>General de los bomberos Carlos Tomas Ramos resulta lesionado en accidente. - Conexi\u00f3n 23<\/title>\n<meta name=\"robots\" content=\"index, follow, max-snippet:-1, max-image-preview:large, max-video-preview:-1\" \/>\n<link rel=\"canonical\" href=\"http:\/\/conexion23.com\/?p=30695\" \/>\n<meta property=\"og:locale\" content=\"es_ES\" \/>\n<meta property=\"og:type\" content=\"article\" \/>\n<meta property=\"og:title\" content=\"General de los bomberos Carlos Tomas Ramos resulta lesionado en accidente. - Conexi\u00f3n 23\" \/>\n<meta property=\"og:description\" content=\"El general de la academia internacional de los bomberos y ex intendente del Cuerpo de Bomberos, abogado y arquitecto Carlos Tom\u00e1s Ramos, result\u00f3 lesionado este jueves en un accidente en la calle General Cabral. El accidente ocurri\u00f3 cuando Ramos, perdi\u00f3 los frenos de la yipeta que conduc\u00eda embistiendo varias motocicletas y chocando con una pared [&hellip;]\" \/>\n<meta property=\"og:url\" content=\"http:\/\/conexion23.com\/?p=30695\" \/>\n<meta property=\"og:site_name\" content=\"Conexi\u00f3n 23\" \/>\n<meta property=\"article:publisher\" content=\"https:\/\/www.facebook.com\/conexion23com\" \/>\n<meta property=\"article:published_time\" content=\"2024-07-19T12:04:34+00:00\" \/>\n<meta property=\"article:modified_time\" content=\"2024-07-19T12:04:38+00:00\" \/>\n<meta property=\"og:image\" content=\"http:\/\/conexion23.com\/wp-content\/uploads\/2024\/07\/g-4.jpg\" \/>\n\t<meta property=\"og:image:width\" content=\"253\" \/>\n\t<meta property=\"og:image:height\" content=\"194\" \/>\n\t<meta property=\"og:image:type\" content=\"image\/jpeg\" \/>\n<meta name=\"author\" content=\"Raffy Ben\u00edtez\" \/>\n<meta name=\"twitter:card\" content=\"summary_large_image\" \/>\n<meta name=\"twitter:label1\" content=\"Escrito por\" \/>\n\t<meta name=\"twitter:data1\" content=\"Raffy Ben\u00edtez\" \/>\n\t<meta name=\"twitter:label2\" content=\"Tiempo de lectura\" \/>\n\t<meta name=\"twitter:data2\" content=\"1 minuto\" \/>\n<script type=\"application\/ld+json\" class=\"yoast-schema-graph\">{\"@context\":\"https:\\\/\\\/schema.org\",\"@graph\":[{\"@type\":\"Article\",\"@id\":\"http:\\\/\\\/conexion23.com\\\/?p=30695#article\",\"isPartOf\":{\"@id\":\"http:\\\/\\\/conexion23.com\\\/?p=30695\"},\"author\":{\"name\":\"Raffy Ben\u00edtez\",\"@id\":\"http:\\\/\\\/conexion23.com\\\/#\\\/schema\\\/person\\\/03e36043331117e97a373299bbcd30a6\"},\"headline\":\"General de los bomberos Carlos Tomas Ramos resulta lesionado en accidente.\",\"datePublished\":\"2024-07-19T12:04:34+00:00\",\"dateModified\":\"2024-07-19T12:04:38+00:00\",\"mainEntityOfPage\":{\"@id\":\"http:\\\/\\\/conexion23.com\\\/?p=30695\"},\"wordCount\":113,\"commentCount\":0,\"publisher\":{\"@id\":\"http:\\\/\\\/conexion23.com\\\/#organization\"},\"image\":{\"@id\":\"http:\\\/\\\/conexion23.com\\\/?p=30695#primaryimage\"},\"thumbnailUrl\":\"http:\\\/\\\/conexion23.com\\\/wp-content\\\/uploads\\\/2024\\\/07\\\/g-4.jpg\",\"articleSection\":[\"SPM\"],\"inLanguage\":\"es\",\"potentialAction\":[{\"@type\":\"CommentAction\",\"name\":\"Comment\",\"target\":[\"http:\\\/\\\/conexion23.com\\\/?p=30695#respond\"]}]},{\"@type\":\"WebPage\",\"@id\":\"http:\\\/\\\/conexion23.com\\\/?p=30695\",\"url\":\"http:\\\/\\\/conexion23.com\\\/?p=30695\",\"name\":\"General de los bomberos Carlos Tomas Ramos resulta lesionado en accidente. - Conexi\u00f3n 23\",\"isPartOf\":{\"@id\":\"http:\\\/\\\/conexion23.com\\\/#website\"},\"primaryImageOfPage\":{\"@id\":\"http:\\\/\\\/conexion23.com\\\/?p=30695#primaryimage\"},\"image\":{\"@id\":\"http:\\\/\\\/conexion23.com\\\/?p=30695#primaryimage\"},\"thumbnailUrl\":\"http:\\\/\\\/conexion23.com\\\/wp-content\\\/uploads\\\/2024\\\/07\\\/g-4.jpg\",\"datePublished\":\"2024-07-19T12:04:34+00:00\",\"dateModified\":\"2024-07-19T12:04:38+00:00\",\"breadcrumb\":{\"@id\":\"http:\\\/\\\/conexion23.com\\\/?p=30695#breadcrumb\"},\"inLanguage\":\"es\",\"potentialAction\":[{\"@type\":\"ReadAction\",\"target\":[\"http:\\\/\\\/conexion23.com\\\/?p=30695\"]}]},{\"@type\":\"ImageObject\",\"inLanguage\":\"es\",\"@id\":\"http:\\\/\\\/conexion23.com\\\/?p=30695#primaryimage\",\"url\":\"http:\\\/\\\/conexion23.com\\\/wp-content\\\/uploads\\\/2024\\\/07\\\/g-4.jpg\",\"contentUrl\":\"http:\\\/\\\/conexion23.com\\\/wp-content\\\/uploads\\\/2024\\\/07\\\/g-4.jpg\",\"width\":253,\"height\":194},{\"@type\":\"BreadcrumbList\",\"@id\":\"http:\\\/\\\/conexion23.com\\\/?p=30695#breadcrumb\",\"itemListElement\":[{\"@type\":\"ListItem\",\"position\":1,\"name\":\"Portada\",\"item\":\"http:\\\/\\\/conexion23.com\\\/\"},{\"@type\":\"ListItem\",\"position\":2,\"name\":\"General de los bomberos Carlos Tomas Ramos resulta lesionado en accidente.\"}]},{\"@type\":\"WebSite\",\"@id\":\"http:\\\/\\\/conexion23.com\\\/#website\",\"url\":\"http:\\\/\\\/conexion23.com\\\/\",\"name\":\"Conexi\u00f3n 23\",\"description\":\"Peri\u00f3dico 100% Petromacorisano\",\"publisher\":{\"@id\":\"http:\\\/\\\/conexion23.com\\\/#organization\"},\"potentialAction\":[{\"@type\":\"SearchAction\",\"target\":{\"@type\":\"EntryPoint\",\"urlTemplate\":\"http:\\\/\\\/conexion23.com\\\/?s={search_term_string}\"},\"query-input\":{\"@type\":\"PropertyValueSpecification\",\"valueRequired\":true,\"valueName\":\"search_term_string\"}}],\"inLanguage\":\"es\"},{\"@type\":\"Organization\",\"@id\":\"http:\\\/\\\/conexion23.com\\\/#organization\",\"name\":\"Conexion 23\",\"url\":\"http:\\\/\\\/conexion23.com\\\/\",\"logo\":{\"@type\":\"ImageObject\",\"inLanguage\":\"es\",\"@id\":\"http:\\\/\\\/conexion23.com\\\/#\\\/schema\\\/logo\\\/image\\\/\",\"url\":\"https:\\\/\\\/conexion23.com\\\/wp-content\\\/uploads\\\/2021\\\/11\\\/Diseno-sin-titulo-2.png\",\"contentUrl\":\"https:\\\/\\\/conexion23.com\\\/wp-content\\\/uploads\\\/2021\\\/11\\\/Diseno-sin-titulo-2.png\",\"width\":541,\"height\":90,\"caption\":\"Conexion 23\"},\"image\":{\"@id\":\"http:\\\/\\\/conexion23.com\\\/#\\\/schema\\\/logo\\\/image\\\/\"},\"sameAs\":[\"https:\\\/\\\/www.facebook.com\\\/conexion23com\",\"https:\\\/\\\/www.instagram.com\\\/conexion23com\\\/\",\"https:\\\/\\\/www.youtube.com\\\/channel\\\/UCYc7vxxFZMYLIHNsHHxPZ3Q\"]},{\"@type\":\"Person\",\"@id\":\"http:\\\/\\\/conexion23.com\\\/#\\\/schema\\\/person\\\/03e36043331117e97a373299bbcd30a6\",\"name\":\"Raffy Ben\u00edtez\",\"image\":{\"@type\":\"ImageObject\",\"inLanguage\":\"es\",\"@id\":\"https:\\\/\\\/secure.gravatar.com\\\/avatar\\\/3190a6a6c5e1b0327500f7d6c56b6242472ee6cb974cf09b401ee6b3b0798f23?s=96&d=mm&r=g\",\"url\":\"https:\\\/\\\/secure.gravatar.com\\\/avatar\\\/3190a6a6c5e1b0327500f7d6c56b6242472ee6cb974cf09b401ee6b3b0798f23?s=96&d=mm&r=g\",\"contentUrl\":\"https:\\\/\\\/secure.gravatar.com\\\/avatar\\\/3190a6a6c5e1b0327500f7d6c56b6242472ee6cb974cf09b401ee6b3b0798f23?s=96&d=mm&r=g\",\"caption\":\"Raffy Ben\u00edtez\"},\"url\":\"http:\\\/\\\/conexion23.com\\\/?author=15\"}]}<\/script>\n<!-- \/ Yoast SEO plugin. -->","yoast_head_json":{"title":"General de los bomberos Carlos Tomas Ramos resulta lesionado en accidente. - Conexi\u00f3n 23","robots":{"index":"index","follow":"follow","max-snippet":"max-snippet:-1","max-image-preview":"max-image-preview:large","max-video-preview":"max-video-preview:-1"},"canonical":"http:\/\/conexion23.com\/?p=30695","og_locale":"es_ES","og_type":"article","og_title":"General de los bomberos Carlos Tomas Ramos resulta lesionado en accidente. - Conexi\u00f3n 23","og_description":"El general de la academia internacional de los bomberos y ex intendente del Cuerpo de Bomberos, abogado y arquitecto Carlos Tom\u00e1s Ramos, result\u00f3 lesionado este jueves en un accidente en la calle General Cabral. El accidente ocurri\u00f3 cuando Ramos, perdi\u00f3 los frenos de la yipeta que conduc\u00eda embistiendo varias motocicletas y chocando con una pared [&hellip;]","og_url":"http:\/\/conexion23.com\/?p=30695","og_site_name":"Conexi\u00f3n 23","article_publisher":"https:\/\/www.facebook.com\/conexion23com","article_published_time":"2024-07-19T12:04:34+00:00","article_modified_time":"2024-07-19T12:04:38+00:00","og_image":[{"width":253,"height":194,"url":"http:\/\/conexion23.com\/wp-content\/uploads\/2024\/07\/g-4.jpg","type":"image\/jpeg"}],"author":"Raffy Ben\u00edtez","twitter_card":"summary_large_image","twitter_misc":{"Escrito por":"Raffy Ben\u00edtez","Tiempo de lectura":"1 minuto"},"schema":{"@context":"https:\/\/schema.org","@graph":[{"@type":"Article","@id":"http:\/\/conexion23.com\/?p=30695#article","isPartOf":{"@id":"http:\/\/conexion23.com\/?p=30695"},"author":{"name":"Raffy Ben\u00edtez","@id":"http:\/\/conexion23.com\/#\/schema\/person\/03e36043331117e97a373299bbcd30a6"},"headline":"General de los bomberos Carlos Tomas Ramos resulta lesionado en accidente.","datePublished":"2024-07-19T12:04:34+00:00","dateModified":"2024-07-19T12:04:38+00:00","mainEntityOfPage":{"@id":"http:\/\/conexion23.com\/?p=30695"},"wordCount":113,"commentCount":0,"publisher":{"@id":"http:\/\/conexion23.com\/#organization"},"image":{"@id":"http:\/\/conexion23.com\/?p=30695#primaryimage"},"thumbnailUrl":"http:\/\/conexion23.com\/wp-content\/uploads\/2024\/07\/g-4.jpg","articleSection":["SPM"],"inLanguage":"es","potentialAction":[{"@type":"CommentAction","name":"Comment","target":["http:\/\/conexion23.com\/?p=30695#respond"]}]},{"@type":"WebPage","@id":"http:\/\/conexion23.com\/?p=30695","url":"http:\/\/conexion23.com\/?p=30695","name":"General de los bomberos Carlos Tomas Ramos resulta lesionado en accidente. - Conexi\u00f3n 23","isPartOf":{"@id":"http:\/\/conexion23.com\/#website"},"primaryImageOfPage":{"@id":"http:\/\/conexion23.com\/?p=30695#primaryimage"},"image":{"@id":"http:\/\/conexion23.com\/?p=30695#primaryimage"},"thumbnailUrl":"http:\/\/conexion23.com\/wp-content\/uploads\/2024\/07\/g-4.jpg","datePublished":"2024-07-19T12:04:34+00:00","dateModified":"2024-07-19T12:04:38+00:00","breadcrumb":{"@id":"http:\/\/conexion23.com\/?p=30695#breadcrumb"},"inLanguage":"es","potentialAction":[{"@type":"ReadAction","target":["http:\/\/conexion23.com\/?p=30695"]}]},{"@type":"ImageObject","inLanguage":"es","@id":"http:\/\/conexion23.com\/?p=30695#primaryimage","url":"http:\/\/conexion23.com\/wp-content\/uploads\/2024\/07\/g-4.jpg","contentUrl":"http:\/\/conexion23.com\/wp-content\/uploads\/2024\/07\/g-4.jpg","width":253,"height":194},{"@type":"BreadcrumbList","@id":"http:\/\/conexion23.com\/?p=30695#breadcrumb","itemListElement":[{"@type":"ListItem","position":1,"name":"Portada","item":"http:\/\/conexion23.com\/"},{"@type":"ListItem","position":2,"name":"General de los bomberos Carlos Tomas Ramos resulta lesionado en accidente."}]},{"@type":"WebSite","@id":"http:\/\/conexion23.com\/#website","url":"http:\/\/conexion23.com\/","name":"Conexi\u00f3n 23","description":"Peri\u00f3dico 100% Petromacorisano","publisher":{"@id":"http:\/\/conexion23.com\/#organization"},"potentialAction":[{"@type":"SearchAction","target":{"@type":"EntryPoint","urlTemplate":"http:\/\/conexion23.com\/?s={search_term_string}"},"query-input":{"@type":"PropertyValueSpecification","valueRequired":true,"valueName":"search_term_string"}}],"inLanguage":"es"},{"@type":"Organization","@id":"http:\/\/conexion23.com\/#organization","name":"Conexion 23","url":"http:\/\/conexion23.com\/","logo":{"@type":"ImageObject","inLanguage":"es","@id":"http:\/\/conexion23.com\/#\/schema\/logo\/image\/","url":"https:\/\/conexion23.com\/wp-content\/uploads\/2021\/11\/Diseno-sin-titulo-2.png","contentUrl":"https:\/\/conexion23.com\/wp-content\/uploads\/2021\/11\/Diseno-sin-titulo-2.png","width":541,"height":90,"caption":"Conexion 23"},"image":{"@id":"http:\/\/conexion23.com\/#\/schema\/logo\/image\/"},"sameAs":["https:\/\/www.facebook.com\/conexion23com","https:\/\/www.instagram.com\/conexion23com\/","https:\/\/www.youtube.com\/channel\/UCYc7vxxFZMYLIHNsHHxPZ3Q"]},{"@type":"Person","@id":"http:\/\/conexion23.com\/#\/schema\/person\/03e36043331117e97a373299bbcd30a6","name":"Raffy Ben\u00edtez","image":{"@type":"ImageObject","inLanguage":"es","@id":"https:\/\/secure.gravatar.com\/avatar\/3190a6a6c5e1b0327500f7d6c56b6242472ee6cb974cf09b401ee6b3b0798f23?s=96&d=mm&r=g","url":"https:\/\/secure.gravatar.com\/avatar\/3190a6a6c5e1b0327500f7d6c56b6242472ee6cb974cf09b401ee6b3b0798f23?s=96&d=mm&r=g","contentUrl":"https:\/\/secure.gravatar.com\/avatar\/3190a6a6c5e1b0327500f7d6c56b6242472ee6cb974cf09b401ee6b3b0798f23?s=96&d=mm&r=g","caption":"Raffy Ben\u00edtez"},"url":"http:\/\/conexion23.com\/?author=15"}]}},"_links":{"self":[{"href":"http:\/\/conexion23.com\/index.php?rest_route=\/wp\/v2\/posts\/30695","targetHints":{"allow":["GET"]}}],"collection":[{"href":"http:\/\/conexion23.com\/index.php?rest_route=\/wp\/v2\/posts"}],"about":[{"href":"http:\/\/conexion23.com\/index.php?rest_route=\/wp\/v2\/types\/post"}],"author":[{"embeddable":true,"href":"http:\/\/conexion23.com\/index.php?rest_route=\/wp\/v2\/users\/15"}],"replies":[{"embeddable":true,"href":"http:\/\/conexion23.com\/index.php?rest_route=%2Fwp%2Fv2%2Fcomments&post=30695"}],"version-history":[{"count":1,"href":"http:\/\/conexion23.com\/index.php?rest_route=\/wp\/v2\/posts\/30695\/revisions"}],"predecessor-version":[{"id":30697,"href":"http:\/\/conexion23.com\/index.php?rest_route=\/wp\/v2\/posts\/30695\/revisions\/30697"}],"wp:featuredmedia":[{"embeddable":true,"href":"http:\/\/conexion23.com\/index.php?rest_route=\/wp\/v2\/media\/30696"}],"wp:attachment":[{"href":"http:\/\/conexion23.com\/index.php?rest_route=%2Fwp%2Fv2%2Fmedia&parent=30695"}],"wp:term":[{"taxonomy":"category","embeddable":true,"href":"http:\/\/conexion23.com\/index.php?rest_route=%2Fwp%2Fv2%2Fcategories&post=30695"},{"taxonomy":"post_tag","embeddable":true,"href":"http:\/\/conexion23.com\/index.php?rest_route=%2Fwp%2Fv2%2Ftags&post=30695"}],"curies":[{"name":"wp","href":"https:\/\/api.w.org\/{rel}","templated":true}]}}