{"id":30698,"date":"2024-07-19T08:15:59","date_gmt":"2024-07-19T12:15:59","guid":{"rendered":"https:\/\/conexion23.com\/?p=30698"},"modified":"2024-07-19T08:16:03","modified_gmt":"2024-07-19T12:16:03","slug":"haiti-declara-estado-de-emergencia-para-enfrentar-a-las-bandas-armadas","status":"publish","type":"post","link":"http:\/\/conexion23.com\/?p=30698","title":{"rendered":"Hait\u00ed declara estado de emergencia para enfrentar a las bandas armadas."},"content":{"rendered":"\n<p class=\"wp-block-paragraph\">El primer ministro de&nbsp;<strong>Hait\u00ed<\/strong>, Garry Conille, anunci\u00f3 en un discurso a la naci\u00f3n este mi\u00e9rcoles que declar\u00f3 el&nbsp;<strong>estado<\/strong>&nbsp;de emergencia en los 14 municipios del pa\u00eds bajo la influencia de las poderosas&nbsp;<strong>bandas<\/strong>&nbsp;armadas, con miras a enfrentar a estos grupos y restablecer la&nbsp;<strong>seguridad<\/strong>&nbsp;nacional.<\/p>\n\n\n\n<p class=\"wp-block-paragraph\">\u00abEste\u00a0<strong>estado<\/strong>\u00a0de emergencia dar\u00e1 al\u00a0<strong>Gobierno<\/strong>\u00a0las herramientas e instrumentos necesarios para actuar, arrestar a los\u00a0<strong>bandidos<\/strong>\u00a0y luego restaurar la\u00a0<strong>autoridad<\/strong>\u00a0estatal. Pido a la poblaci\u00f3n de los municipios afectados que permanezcan alerta y mantengan la calma\u00bb, inform\u00f3 el gobernante.<a href=\"https:\/\/www.instagram.com\/norbertorodprm\/\"><\/a><\/p>\n\n\n\n<p class=\"wp-block-paragraph\">\u00abEl proceso que estamos a punto de iniciar no ser\u00e1 f\u00e1cil\u00bb, admiti\u00f3. \u00abA los\u00a0<strong>bandidos<\/strong>\u00a0les pido que depongan las armas, reconozcan la\u00a0<strong>autoridad<\/strong>\u00a0del Estado\u00bb, insisti\u00f3, pidiendo el matrimonio de la poblaci\u00f3n con la\u00a0<strong>Polic\u00eda<\/strong>\u00a0en la\u00a0<strong>lucha<\/strong>\u00a0contra la\u00a0<strong>inseguridad<\/strong>.<a href=\"https:\/\/www.instagram.com\/norbertorodprm\/\"><\/a><\/p>\n\n\n\n<h2 class=\"wp-block-heading\">Llama al&nbsp;<strong>despliegue<\/strong>&nbsp;de la&nbsp;<strong>Polic\u00eda<\/strong><\/h2>\n\n\n\n<p class=\"wp-block-paragraph\">\u00abPido a la&nbsp;<strong>Polic\u00eda<\/strong>&nbsp;Nacional de&nbsp;<strong>Hait\u00ed<\/strong>, con el apoyo de las fuerzas de Kenia, que comience gradualmente el&nbsp;<strong>despliegue<\/strong>&nbsp;y las operaciones en \u00e1reas espec\u00edficas seg\u00fan un plan preestablecido. El objetivo final es recuperar todas las zonas bajo control de las pandillas, casa por casa, distrito por distrito y ciudad por ciudad\u00bb, dijo Conille.<\/p>\n\n\n\n<p class=\"wp-block-paragraph\">Asimismo, dijo que el&nbsp;<strong>Gobierno<\/strong>&nbsp;trabajar\u00e1 en la independencia de la&nbsp;<strong>Justicia<\/strong>, en luchar contra la&nbsp;<strong>corrupci\u00f3n<\/strong>&nbsp;y garantizar que todos los ciudadanos, cualquiera que sea su condici\u00f3n, sean iguales ante la ley.<\/p>\n\n\n\n<p class=\"wp-block-paragraph\">\u00abVengo a anunciarles que, con el apoyo del&nbsp;<strong>Consejo<\/strong>&nbsp;Presidencial de Transici\u00f3n, implementaremos un conjunto de medidas concretas y decisivas para combatir la&nbsp;<strong>inseguridad<\/strong>&nbsp;y restablecer la paz en el pa\u00eds de una vez por todas\u00bb, dijo el primer ministro.<\/p>\n\n\n\n<h2 class=\"wp-block-heading\">Terminar con el caos<\/h2>\n\n\n\n<p class=\"wp-block-paragraph\">Seg\u00fan \u00e9l, estas iniciativas marcar\u00e1n un importante punto de inflexi\u00f3n en la\u00a0<strong>lucha<\/strong>\u00a0contra la \u00abterrible experiencia\u00bb que viven los\u00a0<strong>haitianos<\/strong>.<a href=\"https:\/\/puntoprints.com\/\"><\/a><\/p>\n\n\n\n<p class=\"wp-block-paragraph\">Son, asegur\u00f3, el resultado de varias semanas de planificaci\u00f3n y conversaciones con la&nbsp;<strong>Polic\u00eda<\/strong>&nbsp;Nacional de&nbsp;<strong>Hait\u00ed<\/strong>, con el apoyo de Kenia, las Fuerzas Armadas de&nbsp;<strong>Hait\u00ed<\/strong>&nbsp;y los servicios de inteligencia de todo el pa\u00eds.<\/p>\n\n\n\n<p class=\"wp-block-paragraph\">\u00abEstos grupos de personas (las&nbsp;<strong>bandas<\/strong>) crean un ambiente de&nbsp;<strong>anarqu\u00eda<\/strong>&nbsp;y&nbsp;<strong>terror<\/strong>. La vida cotidiana en Puerto Pr\u00edncipe es una batalla por sobrevivir. Las familias viven con miedo todo el tiempo. Moverse libremente en Puerto Pr\u00edncipe constituye una verdadera prueba\u00bb, admiti\u00f3 el jefe de Gabinete.<\/p>\n\n\n\n<p class=\"wp-block-paragraph\">Agreg\u00f3 que en varios barrios los ni\u00f1os ya no van a la escuela, los negocios han cerrado sus puertas, los hospitales y centros de salud est\u00e1n abandonados. Adem\u00e1s, las calles de la capital se transformaron en un campo de batalla donde pierden la vida muchas personas inocentes.<\/p>\n\n\n\n<h2 class=\"wp-block-heading\">Una situaci\u00f3n insostenible<\/h2>\n\n\n\n<p class=\"wp-block-paragraph\">Estos grupos criminales no s\u00f3lo han sembrado el&nbsp;<strong>terror<\/strong>, sino que tambi\u00e9n han afectado la&nbsp;<strong>econom\u00eda<\/strong>&nbsp;del pa\u00eds porque las rutas comerciales est\u00e1n bloqueadas y las cadenas de suministro interrumpidas. Una situaci\u00f3n que, afirm\u00f3 Conille, desanima a los&nbsp;<strong>inversionistas<\/strong>.<\/p>\n\n\n\n<p class=\"wp-block-paragraph\">\u00abLo que pone a la&nbsp;<strong>econom\u00eda<\/strong>&nbsp;del pa\u00eds en ca\u00edda libre. Esto crea m\u00e1s&nbsp;<strong>pobreza<\/strong>&nbsp;y&nbsp;<strong>desempleo<\/strong>&nbsp;y ha sumido a nuestros compatriotas en una incomodidad desesperada\u00bb, apostill\u00f3.<\/p>\n\n\n\n<p class=\"wp-block-paragraph\">\u00abLas mujeres y las ni\u00f1as, en particular, son las principales&nbsp;<strong>v\u00edctimas<\/strong>&nbsp;de estos&nbsp;<strong>cr\u00edmenes<\/strong>. A menudo son secuestradas y violadas y obligadas a hacer lo que no quieren bajo amenaza de las armas\u00bb, asever\u00f3.<\/p>\n\n\n\n<p class=\"wp-block-paragraph\">Conille dijo que esa tr\u00e1gica situaci\u00f3n ha empeorado con un clima de&nbsp;<strong>impunidad<\/strong>&nbsp;donde la&nbsp;<strong>Justicia<\/strong>&nbsp;es un sue\u00f1o. \u00abLa&nbsp;<strong>corrupci\u00f3n<\/strong>&nbsp;y el miedo impregnan nuestras instituciones, lo que hace m\u00e1s dif\u00edcil que las autoridades respondan eficazmente\u00bb, continu\u00f3.<\/p>\n\n\n\n<p class=\"wp-block-paragraph\">Agentes de polic\u00eda kenianos y&nbsp;<strong>haitianos<\/strong>&nbsp;sostuvieron un&nbsp;<strong>enfrentamiento<\/strong>&nbsp;este mi\u00e9rcoles con varios miembros de&nbsp;<strong>bandas<\/strong>&nbsp;armadas en el centro de Puerto Pr\u00edncipe, seg\u00fan constat\u00f3 EFE, en lo que es el primer choque conocido de las fuerzas de&nbsp;<strong>seguridad<\/strong>&nbsp;africanas desde su llegada al pa\u00eds el mes pasado.<\/p>\n\n\n\n<p class=\"wp-block-paragraph\">Esta operaci\u00f3n se produjo un d\u00eda despu\u00e9s de la llegada a&nbsp;<strong>Hait\u00ed<\/strong>&nbsp;de un segundo&nbsp;<strong>contingente<\/strong>&nbsp;de polic\u00edas kenianos, que iban acompa\u00f1ados de al menos ocho de los nuevos&nbsp;<strong>veh\u00edculos<\/strong>&nbsp;blindados, uno de los cuales se averi\u00f3.<\/p>\n","protected":false},"excerpt":{"rendered":"<p>El primer ministro de&nbsp;Hait\u00ed, Garry Conille, anunci\u00f3 en un discurso a la naci\u00f3n este mi\u00e9rcoles que declar\u00f3 el&nbsp;estado&nbsp;de emergencia en los 14 municipios del pa\u00eds bajo la influencia de las poderosas&nbsp;bandas&nbsp;armadas, con miras a enfrentar a estos grupos y restablecer la&nbsp;seguridad&nbsp;nacional. \u00abEste\u00a0estado\u00a0de emergencia dar\u00e1 al\u00a0Gobierno\u00a0las herramientas e instrumentos necesarios para actuar, arrestar a los\u00a0bandidos\u00a0y luego [&hellip;]<\/p>\n","protected":false},"author":15,"featured_media":30699,"comment_status":"open","ping_status":"open","sticky":false,"template":"","format":"standard","meta":{"footnotes":""},"categories":[1],"tags":[],"class_list":["post-30698","post","type-post","status-publish","format-standard","has-post-thumbnail","category-uncategorized"],"yoast_head":"<!-- This site is optimized with the Yoast SEO plugin v27.6 - https:\/\/yoast.com\/product\/yoast-seo-wordpress\/ -->\n<title>Hait\u00ed declara estado de emergencia para enfrentar a las bandas armadas. - Conexi\u00f3n 23<\/title>\n<meta name=\"robots\" content=\"index, follow, max-snippet:-1, max-image-preview:large, max-video-preview:-1\" \/>\n<link rel=\"canonical\" href=\"http:\/\/conexion23.com\/?p=30698\" \/>\n<meta property=\"og:locale\" content=\"es_ES\" \/>\n<meta property=\"og:type\" content=\"article\" \/>\n<meta property=\"og:title\" content=\"Hait\u00ed declara estado de emergencia para enfrentar a las bandas armadas. - Conexi\u00f3n 23\" \/>\n<meta property=\"og:description\" content=\"El primer ministro de&nbsp;Hait\u00ed, Garry Conille, anunci\u00f3 en un discurso a la naci\u00f3n este mi\u00e9rcoles que declar\u00f3 el&nbsp;estado&nbsp;de emergencia en los 14 municipios del pa\u00eds bajo la influencia de las poderosas&nbsp;bandas&nbsp;armadas, con miras a enfrentar a estos grupos y restablecer la&nbsp;seguridad&nbsp;nacional. \u00abEste\u00a0estado\u00a0de emergencia dar\u00e1 al\u00a0Gobierno\u00a0las herramientas e instrumentos necesarios para actuar, arrestar a los\u00a0bandidos\u00a0y luego [&hellip;]\" \/>\n<meta property=\"og:url\" content=\"http:\/\/conexion23.com\/?p=30698\" \/>\n<meta property=\"og:site_name\" content=\"Conexi\u00f3n 23\" \/>\n<meta property=\"article:publisher\" content=\"https:\/\/www.facebook.com\/conexion23com\" \/>\n<meta property=\"article:published_time\" content=\"2024-07-19T12:15:59+00:00\" \/>\n<meta property=\"article:modified_time\" content=\"2024-07-19T12:16:03+00:00\" \/>\n<meta property=\"og:image\" content=\"http:\/\/conexion23.com\/wp-content\/uploads\/2024\/07\/crisis-en-haiti-garry-conille-tomara-posesion-como-nuevo-primer-minis-focus-0-0-896-504.jpg\" \/>\n\t<meta property=\"og:image:width\" content=\"896\" \/>\n\t<meta property=\"og:image:height\" content=\"504\" \/>\n\t<meta property=\"og:image:type\" content=\"image\/jpeg\" \/>\n<meta name=\"author\" content=\"Raffy Ben\u00edtez\" \/>\n<meta name=\"twitter:card\" content=\"summary_large_image\" \/>\n<meta name=\"twitter:label1\" content=\"Escrito por\" \/>\n\t<meta name=\"twitter:data1\" content=\"Raffy Ben\u00edtez\" \/>\n\t<meta name=\"twitter:label2\" content=\"Tiempo de lectura\" \/>\n\t<meta name=\"twitter:data2\" content=\"4 minutos\" \/>\n<script type=\"application\/ld+json\" class=\"yoast-schema-graph\">{\"@context\":\"https:\\\/\\\/schema.org\",\"@graph\":[{\"@type\":\"Article\",\"@id\":\"http:\\\/\\\/conexion23.com\\\/?p=30698#article\",\"isPartOf\":{\"@id\":\"http:\\\/\\\/conexion23.com\\\/?p=30698\"},\"author\":{\"name\":\"Raffy Ben\u00edtez\",\"@id\":\"http:\\\/\\\/conexion23.com\\\/#\\\/schema\\\/person\\\/03e36043331117e97a373299bbcd30a6\"},\"headline\":\"Hait\u00ed declara estado de emergencia para enfrentar a las bandas armadas.\",\"datePublished\":\"2024-07-19T12:15:59+00:00\",\"dateModified\":\"2024-07-19T12:16:03+00:00\",\"mainEntityOfPage\":{\"@id\":\"http:\\\/\\\/conexion23.com\\\/?p=30698\"},\"wordCount\":781,\"commentCount\":0,\"publisher\":{\"@id\":\"http:\\\/\\\/conexion23.com\\\/#organization\"},\"image\":{\"@id\":\"http:\\\/\\\/conexion23.com\\\/?p=30698#primaryimage\"},\"thumbnailUrl\":\"http:\\\/\\\/conexion23.com\\\/wp-content\\\/uploads\\\/2024\\\/07\\\/crisis-en-haiti-garry-conille-tomara-posesion-como-nuevo-primer-minis-focus-0-0-896-504.jpg\",\"articleSection\":[\"Uncategorized\"],\"inLanguage\":\"es\",\"potentialAction\":[{\"@type\":\"CommentAction\",\"name\":\"Comment\",\"target\":[\"http:\\\/\\\/conexion23.com\\\/?p=30698#respond\"]}]},{\"@type\":\"WebPage\",\"@id\":\"http:\\\/\\\/conexion23.com\\\/?p=30698\",\"url\":\"http:\\\/\\\/conexion23.com\\\/?p=30698\",\"name\":\"Hait\u00ed declara estado de emergencia para enfrentar a las bandas armadas. - Conexi\u00f3n 23\",\"isPartOf\":{\"@id\":\"http:\\\/\\\/conexion23.com\\\/#website\"},\"primaryImageOfPage\":{\"@id\":\"http:\\\/\\\/conexion23.com\\\/?p=30698#primaryimage\"},\"image\":{\"@id\":\"http:\\\/\\\/conexion23.com\\\/?p=30698#primaryimage\"},\"thumbnailUrl\":\"http:\\\/\\\/conexion23.com\\\/wp-content\\\/uploads\\\/2024\\\/07\\\/crisis-en-haiti-garry-conille-tomara-posesion-como-nuevo-primer-minis-focus-0-0-896-504.jpg\",\"datePublished\":\"2024-07-19T12:15:59+00:00\",\"dateModified\":\"2024-07-19T12:16:03+00:00\",\"breadcrumb\":{\"@id\":\"http:\\\/\\\/conexion23.com\\\/?p=30698#breadcrumb\"},\"inLanguage\":\"es\",\"potentialAction\":[{\"@type\":\"ReadAction\",\"target\":[\"http:\\\/\\\/conexion23.com\\\/?p=30698\"]}]},{\"@type\":\"ImageObject\",\"inLanguage\":\"es\",\"@id\":\"http:\\\/\\\/conexion23.com\\\/?p=30698#primaryimage\",\"url\":\"http:\\\/\\\/conexion23.com\\\/wp-content\\\/uploads\\\/2024\\\/07\\\/crisis-en-haiti-garry-conille-tomara-posesion-como-nuevo-primer-minis-focus-0-0-896-504.jpg\",\"contentUrl\":\"http:\\\/\\\/conexion23.com\\\/wp-content\\\/uploads\\\/2024\\\/07\\\/crisis-en-haiti-garry-conille-tomara-posesion-como-nuevo-primer-minis-focus-0-0-896-504.jpg\",\"width\":896,\"height\":504},{\"@type\":\"BreadcrumbList\",\"@id\":\"http:\\\/\\\/conexion23.com\\\/?p=30698#breadcrumb\",\"itemListElement\":[{\"@type\":\"ListItem\",\"position\":1,\"name\":\"Portada\",\"item\":\"http:\\\/\\\/conexion23.com\\\/\"},{\"@type\":\"ListItem\",\"position\":2,\"name\":\"Hait\u00ed declara estado de emergencia para enfrentar a las bandas armadas.\"}]},{\"@type\":\"WebSite\",\"@id\":\"http:\\\/\\\/conexion23.com\\\/#website\",\"url\":\"http:\\\/\\\/conexion23.com\\\/\",\"name\":\"Conexi\u00f3n 23\",\"description\":\"Peri\u00f3dico 100% Petromacorisano\",\"publisher\":{\"@id\":\"http:\\\/\\\/conexion23.com\\\/#organization\"},\"potentialAction\":[{\"@type\":\"SearchAction\",\"target\":{\"@type\":\"EntryPoint\",\"urlTemplate\":\"http:\\\/\\\/conexion23.com\\\/?s={search_term_string}\"},\"query-input\":{\"@type\":\"PropertyValueSpecification\",\"valueRequired\":true,\"valueName\":\"search_term_string\"}}],\"inLanguage\":\"es\"},{\"@type\":\"Organization\",\"@id\":\"http:\\\/\\\/conexion23.com\\\/#organization\",\"name\":\"Conexion 23\",\"url\":\"http:\\\/\\\/conexion23.com\\\/\",\"logo\":{\"@type\":\"ImageObject\",\"inLanguage\":\"es\",\"@id\":\"http:\\\/\\\/conexion23.com\\\/#\\\/schema\\\/logo\\\/image\\\/\",\"url\":\"https:\\\/\\\/conexion23.com\\\/wp-content\\\/uploads\\\/2021\\\/11\\\/Diseno-sin-titulo-2.png\",\"contentUrl\":\"https:\\\/\\\/conexion23.com\\\/wp-content\\\/uploads\\\/2021\\\/11\\\/Diseno-sin-titulo-2.png\",\"width\":541,\"height\":90,\"caption\":\"Conexion 23\"},\"image\":{\"@id\":\"http:\\\/\\\/conexion23.com\\\/#\\\/schema\\\/logo\\\/image\\\/\"},\"sameAs\":[\"https:\\\/\\\/www.facebook.com\\\/conexion23com\",\"https:\\\/\\\/www.instagram.com\\\/conexion23com\\\/\",\"https:\\\/\\\/www.youtube.com\\\/channel\\\/UCYc7vxxFZMYLIHNsHHxPZ3Q\"]},{\"@type\":\"Person\",\"@id\":\"http:\\\/\\\/conexion23.com\\\/#\\\/schema\\\/person\\\/03e36043331117e97a373299bbcd30a6\",\"name\":\"Raffy Ben\u00edtez\",\"image\":{\"@type\":\"ImageObject\",\"inLanguage\":\"es\",\"@id\":\"https:\\\/\\\/secure.gravatar.com\\\/avatar\\\/3190a6a6c5e1b0327500f7d6c56b6242472ee6cb974cf09b401ee6b3b0798f23?s=96&d=mm&r=g\",\"url\":\"https:\\\/\\\/secure.gravatar.com\\\/avatar\\\/3190a6a6c5e1b0327500f7d6c56b6242472ee6cb974cf09b401ee6b3b0798f23?s=96&d=mm&r=g\",\"contentUrl\":\"https:\\\/\\\/secure.gravatar.com\\\/avatar\\\/3190a6a6c5e1b0327500f7d6c56b6242472ee6cb974cf09b401ee6b3b0798f23?s=96&d=mm&r=g\",\"caption\":\"Raffy Ben\u00edtez\"},\"url\":\"http:\\\/\\\/conexion23.com\\\/?author=15\"}]}<\/script>\n<!-- \/ Yoast SEO plugin. -->","yoast_head_json":{"title":"Hait\u00ed declara estado de emergencia para enfrentar a las bandas armadas. - Conexi\u00f3n 23","robots":{"index":"index","follow":"follow","max-snippet":"max-snippet:-1","max-image-preview":"max-image-preview:large","max-video-preview":"max-video-preview:-1"},"canonical":"http:\/\/conexion23.com\/?p=30698","og_locale":"es_ES","og_type":"article","og_title":"Hait\u00ed declara estado de emergencia para enfrentar a las bandas armadas. - Conexi\u00f3n 23","og_description":"El primer ministro de&nbsp;Hait\u00ed, Garry Conille, anunci\u00f3 en un discurso a la naci\u00f3n este mi\u00e9rcoles que declar\u00f3 el&nbsp;estado&nbsp;de emergencia en los 14 municipios del pa\u00eds bajo la influencia de las poderosas&nbsp;bandas&nbsp;armadas, con miras a enfrentar a estos grupos y restablecer la&nbsp;seguridad&nbsp;nacional. \u00abEste\u00a0estado\u00a0de emergencia dar\u00e1 al\u00a0Gobierno\u00a0las herramientas e instrumentos necesarios para actuar, arrestar a los\u00a0bandidos\u00a0y luego [&hellip;]","og_url":"http:\/\/conexion23.com\/?p=30698","og_site_name":"Conexi\u00f3n 23","article_publisher":"https:\/\/www.facebook.com\/conexion23com","article_published_time":"2024-07-19T12:15:59+00:00","article_modified_time":"2024-07-19T12:16:03+00:00","og_image":[{"width":896,"height":504,"url":"http:\/\/conexion23.com\/wp-content\/uploads\/2024\/07\/crisis-en-haiti-garry-conille-tomara-posesion-como-nuevo-primer-minis-focus-0-0-896-504.jpg","type":"image\/jpeg"}],"author":"Raffy Ben\u00edtez","twitter_card":"summary_large_image","twitter_misc":{"Escrito por":"Raffy Ben\u00edtez","Tiempo de lectura":"4 minutos"},"schema":{"@context":"https:\/\/schema.org","@graph":[{"@type":"Article","@id":"http:\/\/conexion23.com\/?p=30698#article","isPartOf":{"@id":"http:\/\/conexion23.com\/?p=30698"},"author":{"name":"Raffy Ben\u00edtez","@id":"http:\/\/conexion23.com\/#\/schema\/person\/03e36043331117e97a373299bbcd30a6"},"headline":"Hait\u00ed declara estado de emergencia para enfrentar a las bandas armadas.","datePublished":"2024-07-19T12:15:59+00:00","dateModified":"2024-07-19T12:16:03+00:00","mainEntityOfPage":{"@id":"http:\/\/conexion23.com\/?p=30698"},"wordCount":781,"commentCount":0,"publisher":{"@id":"http:\/\/conexion23.com\/#organization"},"image":{"@id":"http:\/\/conexion23.com\/?p=30698#primaryimage"},"thumbnailUrl":"http:\/\/conexion23.com\/wp-content\/uploads\/2024\/07\/crisis-en-haiti-garry-conille-tomara-posesion-como-nuevo-primer-minis-focus-0-0-896-504.jpg","articleSection":["Uncategorized"],"inLanguage":"es","potentialAction":[{"@type":"CommentAction","name":"Comment","target":["http:\/\/conexion23.com\/?p=30698#respond"]}]},{"@type":"WebPage","@id":"http:\/\/conexion23.com\/?p=30698","url":"http:\/\/conexion23.com\/?p=30698","name":"Hait\u00ed declara estado de emergencia para enfrentar a las bandas armadas. - Conexi\u00f3n 23","isPartOf":{"@id":"http:\/\/conexion23.com\/#website"},"primaryImageOfPage":{"@id":"http:\/\/conexion23.com\/?p=30698#primaryimage"},"image":{"@id":"http:\/\/conexion23.com\/?p=30698#primaryimage"},"thumbnailUrl":"http:\/\/conexion23.com\/wp-content\/uploads\/2024\/07\/crisis-en-haiti-garry-conille-tomara-posesion-como-nuevo-primer-minis-focus-0-0-896-504.jpg","datePublished":"2024-07-19T12:15:59+00:00","dateModified":"2024-07-19T12:16:03+00:00","breadcrumb":{"@id":"http:\/\/conexion23.com\/?p=30698#breadcrumb"},"inLanguage":"es","potentialAction":[{"@type":"ReadAction","target":["http:\/\/conexion23.com\/?p=30698"]}]},{"@type":"ImageObject","inLanguage":"es","@id":"http:\/\/conexion23.com\/?p=30698#primaryimage","url":"http:\/\/conexion23.com\/wp-content\/uploads\/2024\/07\/crisis-en-haiti-garry-conille-tomara-posesion-como-nuevo-primer-minis-focus-0-0-896-504.jpg","contentUrl":"http:\/\/conexion23.com\/wp-content\/uploads\/2024\/07\/crisis-en-haiti-garry-conille-tomara-posesion-como-nuevo-primer-minis-focus-0-0-896-504.jpg","width":896,"height":504},{"@type":"BreadcrumbList","@id":"http:\/\/conexion23.com\/?p=30698#breadcrumb","itemListElement":[{"@type":"ListItem","position":1,"name":"Portada","item":"http:\/\/conexion23.com\/"},{"@type":"ListItem","position":2,"name":"Hait\u00ed declara estado de emergencia para enfrentar a las bandas armadas."}]},{"@type":"WebSite","@id":"http:\/\/conexion23.com\/#website","url":"http:\/\/conexion23.com\/","name":"Conexi\u00f3n 23","description":"Peri\u00f3dico 100% Petromacorisano","publisher":{"@id":"http:\/\/conexion23.com\/#organization"},"potentialAction":[{"@type":"SearchAction","target":{"@type":"EntryPoint","urlTemplate":"http:\/\/conexion23.com\/?s={search_term_string}"},"query-input":{"@type":"PropertyValueSpecification","valueRequired":true,"valueName":"search_term_string"}}],"inLanguage":"es"},{"@type":"Organization","@id":"http:\/\/conexion23.com\/#organization","name":"Conexion 23","url":"http:\/\/conexion23.com\/","logo":{"@type":"ImageObject","inLanguage":"es","@id":"http:\/\/conexion23.com\/#\/schema\/logo\/image\/","url":"https:\/\/conexion23.com\/wp-content\/uploads\/2021\/11\/Diseno-sin-titulo-2.png","contentUrl":"https:\/\/conexion23.com\/wp-content\/uploads\/2021\/11\/Diseno-sin-titulo-2.png","width":541,"height":90,"caption":"Conexion 23"},"image":{"@id":"http:\/\/conexion23.com\/#\/schema\/logo\/image\/"},"sameAs":["https:\/\/www.facebook.com\/conexion23com","https:\/\/www.instagram.com\/conexion23com\/","https:\/\/www.youtube.com\/channel\/UCYc7vxxFZMYLIHNsHHxPZ3Q"]},{"@type":"Person","@id":"http:\/\/conexion23.com\/#\/schema\/person\/03e36043331117e97a373299bbcd30a6","name":"Raffy Ben\u00edtez","image":{"@type":"ImageObject","inLanguage":"es","@id":"https:\/\/secure.gravatar.com\/avatar\/3190a6a6c5e1b0327500f7d6c56b6242472ee6cb974cf09b401ee6b3b0798f23?s=96&d=mm&r=g","url":"https:\/\/secure.gravatar.com\/avatar\/3190a6a6c5e1b0327500f7d6c56b6242472ee6cb974cf09b401ee6b3b0798f23?s=96&d=mm&r=g","contentUrl":"https:\/\/secure.gravatar.com\/avatar\/3190a6a6c5e1b0327500f7d6c56b6242472ee6cb974cf09b401ee6b3b0798f23?s=96&d=mm&r=g","caption":"Raffy Ben\u00edtez"},"url":"http:\/\/conexion23.com\/?author=15"}]}},"_links":{"self":[{"href":"http:\/\/conexion23.com\/index.php?rest_route=\/wp\/v2\/posts\/30698","targetHints":{"allow":["GET"]}}],"collection":[{"href":"http:\/\/conexion23.com\/index.php?rest_route=\/wp\/v2\/posts"}],"about":[{"href":"http:\/\/conexion23.com\/index.php?rest_route=\/wp\/v2\/types\/post"}],"author":[{"embeddable":true,"href":"http:\/\/conexion23.com\/index.php?rest_route=\/wp\/v2\/users\/15"}],"replies":[{"embeddable":true,"href":"http:\/\/conexion23.com\/index.php?rest_route=%2Fwp%2Fv2%2Fcomments&post=30698"}],"version-history":[{"count":1,"href":"http:\/\/conexion23.com\/index.php?rest_route=\/wp\/v2\/posts\/30698\/revisions"}],"predecessor-version":[{"id":30700,"href":"http:\/\/conexion23.com\/index.php?rest_route=\/wp\/v2\/posts\/30698\/revisions\/30700"}],"wp:featuredmedia":[{"embeddable":true,"href":"http:\/\/conexion23.com\/index.php?rest_route=\/wp\/v2\/media\/30699"}],"wp:attachment":[{"href":"http:\/\/conexion23.com\/index.php?rest_route=%2Fwp%2Fv2%2Fmedia&parent=30698"}],"wp:term":[{"taxonomy":"category","embeddable":true,"href":"http:\/\/conexion23.com\/index.php?rest_route=%2Fwp%2Fv2%2Fcategories&post=30698"},{"taxonomy":"post_tag","embeddable":true,"href":"http:\/\/conexion23.com\/index.php?rest_route=%2Fwp%2Fv2%2Ftags&post=30698"}],"curies":[{"name":"wp","href":"https:\/\/api.w.org\/{rel}","templated":true}]}}