{"id":31421,"date":"2024-08-10T07:34:22","date_gmt":"2024-08-10T11:34:22","guid":{"rendered":"https:\/\/conexion23.com\/?p=31421"},"modified":"2024-08-10T07:34:24","modified_gmt":"2024-08-10T11:34:24","slug":"devuelven-al-pais-15-migrantes-detenidos-en-aguas-de-puerto-rico","status":"publish","type":"post","link":"http:\/\/conexion23.com\/?p=31421","title":{"rendered":"Devuelven al pa\u00eds 15 migrantes detenidos en aguas de Puerto Rico"},"content":{"rendered":"\n<p class=\"wp-block-paragraph\">La&nbsp;<strong>Guardia Costera estadounidense<\/strong>&nbsp;repatri\u00f3 este viernes a la Rep\u00fablica Dominicana a&nbsp;<strong>15 migrantes<\/strong>&nbsp;que fueron detenidos en una embarcaci\u00f3n en aguas del&nbsp;<strong>Canal de Mona<\/strong>, cerca de&nbsp;<strong>Puerto Rico.<\/strong><\/p>\n\n\n\n<p class=\"wp-block-paragraph\">La embarcaci\u00f3n fue divisada por una tripulaci\u00f3n a\u00e9rea de la O<strong>ficina de Aduanas y Protecci\u00f3n Fronteriza de Estados Unidos<\/strong>, que notific\u00f3 a los guardacostas la localizaci\u00f3n de la misma al suroeste del municipio puertorrique\u00f1o de Cabo Rojo.<\/p>\n\n\n\n<p class=\"wp-block-paragraph\">Los guardacostas detuvieron la embarcaci\u00f3n sospechosa, a bordo de la cual viajaban 14 migrantes, 11 hombres y tres mujeres, que afirmaron ser nacionales de la Rep\u00fablica Dominicana.<\/p>\n\n\n\n<p class=\"wp-block-paragraph\">El decimoquinto migrante repatriado hoy hab\u00eda sido detenido el pasado 30 de julio.<\/p>\n\n\n\n<p class=\"wp-block-paragraph\">El Canal de la Mona, que separa la Rep\u00fablica Dominicana de P<strong>uerto Rico,<\/strong>&nbsp;es una ruta migratoria muy utilizada por los dominicanos y los haitianos.<\/p>\n\n\n\n<p class=\"wp-block-paragraph\">Hace una semana, la Guardia Costera inform\u00f3 que hab\u00eda repatriado a m\u00e1s de 90 migrantes dominicanos cuyos barcos fueron interceptados tambi\u00e9n en el Canal de la Mona.&nbsp;<\/p>\n","protected":false},"excerpt":{"rendered":"<p>La&nbsp;Guardia Costera estadounidense&nbsp;repatri\u00f3 este viernes a la Rep\u00fablica Dominicana a&nbsp;15 migrantes&nbsp;que fueron detenidos en una embarcaci\u00f3n en aguas del&nbsp;Canal de Mona, cerca de&nbsp;Puerto Rico. La embarcaci\u00f3n fue divisada por una tripulaci\u00f3n a\u00e9rea de la Oficina de Aduanas y Protecci\u00f3n Fronteriza de Estados Unidos, que notific\u00f3 a los guardacostas la localizaci\u00f3n de la misma al suroeste [&hellip;]<\/p>\n","protected":false},"author":15,"featured_media":31422,"comment_status":"open","ping_status":"open","sticky":false,"template":"","format":"standard","meta":{"footnotes":""},"categories":[1],"tags":[],"class_list":["post-31421","post","type-post","status-publish","format-standard","has-post-thumbnail","category-uncategorized"],"yoast_head":"<!-- This site is optimized with the Yoast SEO plugin v27.6 - https:\/\/yoast.com\/product\/yoast-seo-wordpress\/ -->\n<title>Devuelven al pa\u00eds 15 migrantes detenidos en aguas de Puerto Rico - Conexi\u00f3n 23<\/title>\n<meta name=\"robots\" content=\"index, follow, max-snippet:-1, max-image-preview:large, max-video-preview:-1\" \/>\n<link rel=\"canonical\" href=\"http:\/\/conexion23.com\/?p=31421\" \/>\n<meta property=\"og:locale\" content=\"es_ES\" \/>\n<meta property=\"og:type\" content=\"article\" \/>\n<meta property=\"og:title\" content=\"Devuelven al pa\u00eds 15 migrantes detenidos en aguas de Puerto Rico - Conexi\u00f3n 23\" \/>\n<meta property=\"og:description\" content=\"La&nbsp;Guardia Costera estadounidense&nbsp;repatri\u00f3 este viernes a la Rep\u00fablica Dominicana a&nbsp;15 migrantes&nbsp;que fueron detenidos en una embarcaci\u00f3n en aguas del&nbsp;Canal de Mona, cerca de&nbsp;Puerto Rico. La embarcaci\u00f3n fue divisada por una tripulaci\u00f3n a\u00e9rea de la Oficina de Aduanas y Protecci\u00f3n Fronteriza de Estados Unidos, que notific\u00f3 a los guardacostas la localizaci\u00f3n de la misma al suroeste [&hellip;]\" \/>\n<meta property=\"og:url\" content=\"http:\/\/conexion23.com\/?p=31421\" \/>\n<meta property=\"og:site_name\" content=\"Conexi\u00f3n 23\" \/>\n<meta property=\"article:publisher\" content=\"https:\/\/www.facebook.com\/conexion23com\" \/>\n<meta property=\"article:published_time\" content=\"2024-08-10T11:34:22+00:00\" \/>\n<meta property=\"article:modified_time\" content=\"2024-08-10T11:34:24+00:00\" \/>\n<meta property=\"og:image\" content=\"http:\/\/conexion23.com\/wp-content\/uploads\/2024\/08\/65bbd8a3454fc.jpeg\" \/>\n\t<meta property=\"og:image:width\" content=\"598\" \/>\n\t<meta property=\"og:image:height\" content=\"531\" \/>\n\t<meta property=\"og:image:type\" content=\"image\/jpeg\" \/>\n<meta name=\"author\" content=\"Raffy Ben\u00edtez\" \/>\n<meta name=\"twitter:card\" content=\"summary_large_image\" \/>\n<meta name=\"twitter:label1\" content=\"Escrito por\" \/>\n\t<meta name=\"twitter:data1\" content=\"Raffy Ben\u00edtez\" \/>\n\t<meta name=\"twitter:label2\" content=\"Tiempo de lectura\" \/>\n\t<meta name=\"twitter:data2\" content=\"1 minuto\" \/>\n<script type=\"application\/ld+json\" class=\"yoast-schema-graph\">{\"@context\":\"https:\\\/\\\/schema.org\",\"@graph\":[{\"@type\":\"Article\",\"@id\":\"http:\\\/\\\/conexion23.com\\\/?p=31421#article\",\"isPartOf\":{\"@id\":\"http:\\\/\\\/conexion23.com\\\/?p=31421\"},\"author\":{\"name\":\"Raffy Ben\u00edtez\",\"@id\":\"https:\\\/\\\/conexion23.com\\\/#\\\/schema\\\/person\\\/03e36043331117e97a373299bbcd30a6\"},\"headline\":\"Devuelven al pa\u00eds 15 migrantes detenidos en aguas de Puerto Rico\",\"datePublished\":\"2024-08-10T11:34:22+00:00\",\"dateModified\":\"2024-08-10T11:34:24+00:00\",\"mainEntityOfPage\":{\"@id\":\"http:\\\/\\\/conexion23.com\\\/?p=31421\"},\"wordCount\":188,\"commentCount\":0,\"publisher\":{\"@id\":\"https:\\\/\\\/conexion23.com\\\/#organization\"},\"image\":{\"@id\":\"http:\\\/\\\/conexion23.com\\\/?p=31421#primaryimage\"},\"thumbnailUrl\":\"http:\\\/\\\/conexion23.com\\\/wp-content\\\/uploads\\\/2024\\\/08\\\/65bbd8a3454fc.jpeg\",\"articleSection\":[\"Uncategorized\"],\"inLanguage\":\"es\",\"potentialAction\":[{\"@type\":\"CommentAction\",\"name\":\"Comment\",\"target\":[\"http:\\\/\\\/conexion23.com\\\/?p=31421#respond\"]}]},{\"@type\":\"WebPage\",\"@id\":\"http:\\\/\\\/conexion23.com\\\/?p=31421\",\"url\":\"http:\\\/\\\/conexion23.com\\\/?p=31421\",\"name\":\"Devuelven al pa\u00eds 15 migrantes detenidos en aguas de Puerto Rico - Conexi\u00f3n 23\",\"isPartOf\":{\"@id\":\"https:\\\/\\\/conexion23.com\\\/#website\"},\"primaryImageOfPage\":{\"@id\":\"http:\\\/\\\/conexion23.com\\\/?p=31421#primaryimage\"},\"image\":{\"@id\":\"http:\\\/\\\/conexion23.com\\\/?p=31421#primaryimage\"},\"thumbnailUrl\":\"http:\\\/\\\/conexion23.com\\\/wp-content\\\/uploads\\\/2024\\\/08\\\/65bbd8a3454fc.jpeg\",\"datePublished\":\"2024-08-10T11:34:22+00:00\",\"dateModified\":\"2024-08-10T11:34:24+00:00\",\"breadcrumb\":{\"@id\":\"http:\\\/\\\/conexion23.com\\\/?p=31421#breadcrumb\"},\"inLanguage\":\"es\",\"potentialAction\":[{\"@type\":\"ReadAction\",\"target\":[\"http:\\\/\\\/conexion23.com\\\/?p=31421\"]}]},{\"@type\":\"ImageObject\",\"inLanguage\":\"es\",\"@id\":\"http:\\\/\\\/conexion23.com\\\/?p=31421#primaryimage\",\"url\":\"http:\\\/\\\/conexion23.com\\\/wp-content\\\/uploads\\\/2024\\\/08\\\/65bbd8a3454fc.jpeg\",\"contentUrl\":\"http:\\\/\\\/conexion23.com\\\/wp-content\\\/uploads\\\/2024\\\/08\\\/65bbd8a3454fc.jpeg\",\"width\":598,\"height\":531},{\"@type\":\"BreadcrumbList\",\"@id\":\"http:\\\/\\\/conexion23.com\\\/?p=31421#breadcrumb\",\"itemListElement\":[{\"@type\":\"ListItem\",\"position\":1,\"name\":\"Portada\",\"item\":\"https:\\\/\\\/conexion23.com\\\/\"},{\"@type\":\"ListItem\",\"position\":2,\"name\":\"Devuelven al pa\u00eds 15 migrantes detenidos en aguas de Puerto Rico\"}]},{\"@type\":\"WebSite\",\"@id\":\"https:\\\/\\\/conexion23.com\\\/#website\",\"url\":\"https:\\\/\\\/conexion23.com\\\/\",\"name\":\"Conexi\u00f3n 23\",\"description\":\"Peri\u00f3dico 100% Petromacorisano\",\"publisher\":{\"@id\":\"https:\\\/\\\/conexion23.com\\\/#organization\"},\"potentialAction\":[{\"@type\":\"SearchAction\",\"target\":{\"@type\":\"EntryPoint\",\"urlTemplate\":\"https:\\\/\\\/conexion23.com\\\/?s={search_term_string}\"},\"query-input\":{\"@type\":\"PropertyValueSpecification\",\"valueRequired\":true,\"valueName\":\"search_term_string\"}}],\"inLanguage\":\"es\"},{\"@type\":\"Organization\",\"@id\":\"https:\\\/\\\/conexion23.com\\\/#organization\",\"name\":\"Conexion 23\",\"url\":\"https:\\\/\\\/conexion23.com\\\/\",\"logo\":{\"@type\":\"ImageObject\",\"inLanguage\":\"es\",\"@id\":\"https:\\\/\\\/conexion23.com\\\/#\\\/schema\\\/logo\\\/image\\\/\",\"url\":\"https:\\\/\\\/conexion23.com\\\/wp-content\\\/uploads\\\/2021\\\/11\\\/Diseno-sin-titulo-2.png\",\"contentUrl\":\"https:\\\/\\\/conexion23.com\\\/wp-content\\\/uploads\\\/2021\\\/11\\\/Diseno-sin-titulo-2.png\",\"width\":541,\"height\":90,\"caption\":\"Conexion 23\"},\"image\":{\"@id\":\"https:\\\/\\\/conexion23.com\\\/#\\\/schema\\\/logo\\\/image\\\/\"},\"sameAs\":[\"https:\\\/\\\/www.facebook.com\\\/conexion23com\",\"https:\\\/\\\/www.instagram.com\\\/conexion23com\\\/\",\"https:\\\/\\\/www.youtube.com\\\/channel\\\/UCYc7vxxFZMYLIHNsHHxPZ3Q\"]},{\"@type\":\"Person\",\"@id\":\"https:\\\/\\\/conexion23.com\\\/#\\\/schema\\\/person\\\/03e36043331117e97a373299bbcd30a6\",\"name\":\"Raffy Ben\u00edtez\",\"image\":{\"@type\":\"ImageObject\",\"inLanguage\":\"es\",\"@id\":\"https:\\\/\\\/secure.gravatar.com\\\/avatar\\\/3190a6a6c5e1b0327500f7d6c56b6242472ee6cb974cf09b401ee6b3b0798f23?s=96&d=mm&r=g\",\"url\":\"https:\\\/\\\/secure.gravatar.com\\\/avatar\\\/3190a6a6c5e1b0327500f7d6c56b6242472ee6cb974cf09b401ee6b3b0798f23?s=96&d=mm&r=g\",\"contentUrl\":\"https:\\\/\\\/secure.gravatar.com\\\/avatar\\\/3190a6a6c5e1b0327500f7d6c56b6242472ee6cb974cf09b401ee6b3b0798f23?s=96&d=mm&r=g\",\"caption\":\"Raffy Ben\u00edtez\"},\"url\":\"http:\\\/\\\/conexion23.com\\\/?author=15\"}]}<\/script>\n<!-- \/ Yoast SEO plugin. -->","yoast_head_json":{"title":"Devuelven al pa\u00eds 15 migrantes detenidos en aguas de Puerto Rico - Conexi\u00f3n 23","robots":{"index":"index","follow":"follow","max-snippet":"max-snippet:-1","max-image-preview":"max-image-preview:large","max-video-preview":"max-video-preview:-1"},"canonical":"http:\/\/conexion23.com\/?p=31421","og_locale":"es_ES","og_type":"article","og_title":"Devuelven al pa\u00eds 15 migrantes detenidos en aguas de Puerto Rico - Conexi\u00f3n 23","og_description":"La&nbsp;Guardia Costera estadounidense&nbsp;repatri\u00f3 este viernes a la Rep\u00fablica Dominicana a&nbsp;15 migrantes&nbsp;que fueron detenidos en una embarcaci\u00f3n en aguas del&nbsp;Canal de Mona, cerca de&nbsp;Puerto Rico. La embarcaci\u00f3n fue divisada por una tripulaci\u00f3n a\u00e9rea de la Oficina de Aduanas y Protecci\u00f3n Fronteriza de Estados Unidos, que notific\u00f3 a los guardacostas la localizaci\u00f3n de la misma al suroeste [&hellip;]","og_url":"http:\/\/conexion23.com\/?p=31421","og_site_name":"Conexi\u00f3n 23","article_publisher":"https:\/\/www.facebook.com\/conexion23com","article_published_time":"2024-08-10T11:34:22+00:00","article_modified_time":"2024-08-10T11:34:24+00:00","og_image":[{"width":598,"height":531,"url":"http:\/\/conexion23.com\/wp-content\/uploads\/2024\/08\/65bbd8a3454fc.jpeg","type":"image\/jpeg"}],"author":"Raffy Ben\u00edtez","twitter_card":"summary_large_image","twitter_misc":{"Escrito por":"Raffy Ben\u00edtez","Tiempo de lectura":"1 minuto"},"schema":{"@context":"https:\/\/schema.org","@graph":[{"@type":"Article","@id":"http:\/\/conexion23.com\/?p=31421#article","isPartOf":{"@id":"http:\/\/conexion23.com\/?p=31421"},"author":{"name":"Raffy Ben\u00edtez","@id":"https:\/\/conexion23.com\/#\/schema\/person\/03e36043331117e97a373299bbcd30a6"},"headline":"Devuelven al pa\u00eds 15 migrantes detenidos en aguas de Puerto Rico","datePublished":"2024-08-10T11:34:22+00:00","dateModified":"2024-08-10T11:34:24+00:00","mainEntityOfPage":{"@id":"http:\/\/conexion23.com\/?p=31421"},"wordCount":188,"commentCount":0,"publisher":{"@id":"https:\/\/conexion23.com\/#organization"},"image":{"@id":"http:\/\/conexion23.com\/?p=31421#primaryimage"},"thumbnailUrl":"http:\/\/conexion23.com\/wp-content\/uploads\/2024\/08\/65bbd8a3454fc.jpeg","articleSection":["Uncategorized"],"inLanguage":"es","potentialAction":[{"@type":"CommentAction","name":"Comment","target":["http:\/\/conexion23.com\/?p=31421#respond"]}]},{"@type":"WebPage","@id":"http:\/\/conexion23.com\/?p=31421","url":"http:\/\/conexion23.com\/?p=31421","name":"Devuelven al pa\u00eds 15 migrantes detenidos en aguas de Puerto Rico - Conexi\u00f3n 23","isPartOf":{"@id":"https:\/\/conexion23.com\/#website"},"primaryImageOfPage":{"@id":"http:\/\/conexion23.com\/?p=31421#primaryimage"},"image":{"@id":"http:\/\/conexion23.com\/?p=31421#primaryimage"},"thumbnailUrl":"http:\/\/conexion23.com\/wp-content\/uploads\/2024\/08\/65bbd8a3454fc.jpeg","datePublished":"2024-08-10T11:34:22+00:00","dateModified":"2024-08-10T11:34:24+00:00","breadcrumb":{"@id":"http:\/\/conexion23.com\/?p=31421#breadcrumb"},"inLanguage":"es","potentialAction":[{"@type":"ReadAction","target":["http:\/\/conexion23.com\/?p=31421"]}]},{"@type":"ImageObject","inLanguage":"es","@id":"http:\/\/conexion23.com\/?p=31421#primaryimage","url":"http:\/\/conexion23.com\/wp-content\/uploads\/2024\/08\/65bbd8a3454fc.jpeg","contentUrl":"http:\/\/conexion23.com\/wp-content\/uploads\/2024\/08\/65bbd8a3454fc.jpeg","width":598,"height":531},{"@type":"BreadcrumbList","@id":"http:\/\/conexion23.com\/?p=31421#breadcrumb","itemListElement":[{"@type":"ListItem","position":1,"name":"Portada","item":"https:\/\/conexion23.com\/"},{"@type":"ListItem","position":2,"name":"Devuelven al pa\u00eds 15 migrantes detenidos en aguas de Puerto Rico"}]},{"@type":"WebSite","@id":"https:\/\/conexion23.com\/#website","url":"https:\/\/conexion23.com\/","name":"Conexi\u00f3n 23","description":"Peri\u00f3dico 100% Petromacorisano","publisher":{"@id":"https:\/\/conexion23.com\/#organization"},"potentialAction":[{"@type":"SearchAction","target":{"@type":"EntryPoint","urlTemplate":"https:\/\/conexion23.com\/?s={search_term_string}"},"query-input":{"@type":"PropertyValueSpecification","valueRequired":true,"valueName":"search_term_string"}}],"inLanguage":"es"},{"@type":"Organization","@id":"https:\/\/conexion23.com\/#organization","name":"Conexion 23","url":"https:\/\/conexion23.com\/","logo":{"@type":"ImageObject","inLanguage":"es","@id":"https:\/\/conexion23.com\/#\/schema\/logo\/image\/","url":"https:\/\/conexion23.com\/wp-content\/uploads\/2021\/11\/Diseno-sin-titulo-2.png","contentUrl":"https:\/\/conexion23.com\/wp-content\/uploads\/2021\/11\/Diseno-sin-titulo-2.png","width":541,"height":90,"caption":"Conexion 23"},"image":{"@id":"https:\/\/conexion23.com\/#\/schema\/logo\/image\/"},"sameAs":["https:\/\/www.facebook.com\/conexion23com","https:\/\/www.instagram.com\/conexion23com\/","https:\/\/www.youtube.com\/channel\/UCYc7vxxFZMYLIHNsHHxPZ3Q"]},{"@type":"Person","@id":"https:\/\/conexion23.com\/#\/schema\/person\/03e36043331117e97a373299bbcd30a6","name":"Raffy Ben\u00edtez","image":{"@type":"ImageObject","inLanguage":"es","@id":"https:\/\/secure.gravatar.com\/avatar\/3190a6a6c5e1b0327500f7d6c56b6242472ee6cb974cf09b401ee6b3b0798f23?s=96&d=mm&r=g","url":"https:\/\/secure.gravatar.com\/avatar\/3190a6a6c5e1b0327500f7d6c56b6242472ee6cb974cf09b401ee6b3b0798f23?s=96&d=mm&r=g","contentUrl":"https:\/\/secure.gravatar.com\/avatar\/3190a6a6c5e1b0327500f7d6c56b6242472ee6cb974cf09b401ee6b3b0798f23?s=96&d=mm&r=g","caption":"Raffy Ben\u00edtez"},"url":"http:\/\/conexion23.com\/?author=15"}]}},"_links":{"self":[{"href":"http:\/\/conexion23.com\/index.php?rest_route=\/wp\/v2\/posts\/31421","targetHints":{"allow":["GET"]}}],"collection":[{"href":"http:\/\/conexion23.com\/index.php?rest_route=\/wp\/v2\/posts"}],"about":[{"href":"http:\/\/conexion23.com\/index.php?rest_route=\/wp\/v2\/types\/post"}],"author":[{"embeddable":true,"href":"http:\/\/conexion23.com\/index.php?rest_route=\/wp\/v2\/users\/15"}],"replies":[{"embeddable":true,"href":"http:\/\/conexion23.com\/index.php?rest_route=%2Fwp%2Fv2%2Fcomments&post=31421"}],"version-history":[{"count":1,"href":"http:\/\/conexion23.com\/index.php?rest_route=\/wp\/v2\/posts\/31421\/revisions"}],"predecessor-version":[{"id":31423,"href":"http:\/\/conexion23.com\/index.php?rest_route=\/wp\/v2\/posts\/31421\/revisions\/31423"}],"wp:featuredmedia":[{"embeddable":true,"href":"http:\/\/conexion23.com\/index.php?rest_route=\/wp\/v2\/media\/31422"}],"wp:attachment":[{"href":"http:\/\/conexion23.com\/index.php?rest_route=%2Fwp%2Fv2%2Fmedia&parent=31421"}],"wp:term":[{"taxonomy":"category","embeddable":true,"href":"http:\/\/conexion23.com\/index.php?rest_route=%2Fwp%2Fv2%2Fcategories&post=31421"},{"taxonomy":"post_tag","embeddable":true,"href":"http:\/\/conexion23.com\/index.php?rest_route=%2Fwp%2Fv2%2Ftags&post=31421"}],"curies":[{"name":"wp","href":"https:\/\/api.w.org\/{rel}","templated":true}]}}