{"id":34607,"date":"2024-11-11T07:03:16","date_gmt":"2024-11-11T11:03:16","guid":{"rendered":"https:\/\/conexion23.com\/?p=34607"},"modified":"2024-11-11T07:03:18","modified_gmt":"2024-11-11T11:03:18","slug":"prd-llevara-al-tsa-caso-alcaldia-de-la-vega","status":"publish","type":"post","link":"http:\/\/conexion23.com\/?p=34607","title":{"rendered":"PRD llevar\u00e1 al TSA caso alcald\u00eda de La Vega"},"content":{"rendered":"\n<p class=\"wp-block-paragraph\"><em>&nbsp;<\/em>El secretario de Asuntos Municipales del PRD, V\u00edctor Feliz, afirm\u00f3 que el Partido Revolucionario Dominicano est\u00e1 validando la posibilidad de ir al Tribunal Superior Administrativo (TSA) e interponer una denuncia para invalidar, todo lo que est\u00e1 pasando en La Vega, con respecto a la renuncia del alcalde y quien ocupar\u00e1 el puesto.<\/p>\n\n\n\n<p class=\"wp-block-paragraph\">En una entrevista en el programa Contacto 360, detall\u00f3 que tras la renuncia del alcalde y de la vicealcaldesa de esa localidad y el desconocimiento del Partido Revolucionario Moderno, que se ha burlado del pa\u00eds en cuanto a much\u00edsimos temas, crey\u00f3 que iba ser un episodio en el que se burlar\u00edan del pueblo.<\/p>\n\n\n\n<p class=\"wp-block-paragraph\">\u201cLa ley es clara, dice que el presidente de la Rep\u00fablica debe nombrar a un sustituto, la sala capitular no puede reunirse para nombrar uno, la ley dice que el presidente de la Rep\u00fablica conoce una comunicaci\u00f3n que le manda el presidente de la sala capitular de La Vega, dici\u00e9ndole que aqu\u00ed hay una vacante y le corresponde a usted designarlo\u201d, resalt\u00f3 al ser entrevistado por Jenkin Orozco, Lorena Herasme y Edward Hidalgo.<\/p>\n\n\n\n<p class=\"wp-block-paragraph\">El dirigente pol\u00edtico afirm\u00f3, que lo correcto era nombrar un presidente interino y 15 d\u00edas despu\u00e9s fuera designado un alcalde a la luz de la ley anterior.<\/p>\n\n\n\n<p class=\"wp-block-paragraph\"><strong>Revela trama del PRM para poner alcalde en La Vega<\/strong><\/p>\n\n\n\n<p class=\"wp-block-paragraph\">Feliz revel\u00f3 que a ra\u00edz de que la Constituci\u00f3n de 2010, cay\u00f3 en desuso, le agregaron a la reciente Constituci\u00f3n el art\u00edculo 246, que dice que las vacantes que surgen en los gobiernos locales ser\u00e1n resueltas conforme a lo que establezca la ley, eso tratando de darle vigencia al art\u00edculo 64 que cay\u00f3 en desuso.<\/p>\n\n\n\n<p class=\"wp-block-paragraph\">\u201cSe olvid\u00f3 que la ley no tiene efecto inmediato, por lo que hay que hacer una ley para ellos, entonces el Congreso Nacional tiene que modificar la ley, para que le de competencia al presidente u otro m\u00e9todo para seleccionar el alcalde de la Vega\u201d, expres\u00f3.<\/p>\n\n\n\n<p class=\"wp-block-paragraph\">Puntualiz\u00f3 que La Vega es un tema que el PRM, no se ha puesto de acuerdo y los tienen de relajo.<\/p>\n","protected":false},"excerpt":{"rendered":"<p>&nbsp;El secretario de Asuntos Municipales del PRD, V\u00edctor Feliz, afirm\u00f3 que el Partido Revolucionario Dominicano est\u00e1 validando la posibilidad de ir al Tribunal Superior Administrativo (TSA) e interponer una denuncia para invalidar, todo lo que est\u00e1 pasando en La Vega, con respecto a la renuncia del alcalde y quien ocupar\u00e1 el puesto. En una entrevista [&hellip;]<\/p>\n","protected":false},"author":15,"featured_media":34608,"comment_status":"open","ping_status":"open","sticky":false,"template":"","format":"standard","meta":{"footnotes":""},"categories":[1],"tags":[],"class_list":["post-34607","post","type-post","status-publish","format-standard","has-post-thumbnail","category-uncategorized"],"yoast_head":"<!-- This site is optimized with the Yoast SEO plugin v27.6 - https:\/\/yoast.com\/product\/yoast-seo-wordpress\/ -->\n<title>PRD llevar\u00e1 al TSA caso alcald\u00eda de La Vega - Conexi\u00f3n 23<\/title>\n<meta name=\"robots\" content=\"index, follow, max-snippet:-1, max-image-preview:large, max-video-preview:-1\" \/>\n<link rel=\"canonical\" href=\"http:\/\/conexion23.com\/?p=34607\" \/>\n<meta property=\"og:locale\" content=\"es_ES\" \/>\n<meta property=\"og:type\" content=\"article\" \/>\n<meta property=\"og:title\" content=\"PRD llevar\u00e1 al TSA caso alcald\u00eda de La Vega - Conexi\u00f3n 23\" \/>\n<meta property=\"og:description\" content=\"&nbsp;El secretario de Asuntos Municipales del PRD, V\u00edctor Feliz, afirm\u00f3 que el Partido Revolucionario Dominicano est\u00e1 validando la posibilidad de ir al Tribunal Superior Administrativo (TSA) e interponer una denuncia para invalidar, todo lo que est\u00e1 pasando en La Vega, con respecto a la renuncia del alcalde y quien ocupar\u00e1 el puesto. En una entrevista [&hellip;]\" \/>\n<meta property=\"og:url\" content=\"http:\/\/conexion23.com\/?p=34607\" \/>\n<meta property=\"og:site_name\" content=\"Conexi\u00f3n 23\" \/>\n<meta property=\"article:publisher\" content=\"https:\/\/www.facebook.com\/conexion23com\" \/>\n<meta property=\"article:published_time\" content=\"2024-11-11T11:03:16+00:00\" \/>\n<meta property=\"article:modified_time\" content=\"2024-11-11T11:03:18+00:00\" \/>\n<meta property=\"og:image\" content=\"http:\/\/conexion23.com\/wp-content\/uploads\/2024\/11\/IMG-20241110-WA0028-780x470-1.jpg\" \/>\n\t<meta property=\"og:image:width\" content=\"780\" \/>\n\t<meta property=\"og:image:height\" content=\"470\" \/>\n\t<meta property=\"og:image:type\" content=\"image\/jpeg\" \/>\n<meta name=\"author\" content=\"Raffy Ben\u00edtez\" \/>\n<meta name=\"twitter:card\" content=\"summary_large_image\" \/>\n<meta name=\"twitter:label1\" content=\"Escrito por\" \/>\n\t<meta name=\"twitter:data1\" content=\"Raffy Ben\u00edtez\" \/>\n\t<meta name=\"twitter:label2\" content=\"Tiempo de lectura\" \/>\n\t<meta name=\"twitter:data2\" content=\"2 minutos\" \/>\n<script type=\"application\/ld+json\" class=\"yoast-schema-graph\">{\"@context\":\"https:\\\/\\\/schema.org\",\"@graph\":[{\"@type\":\"Article\",\"@id\":\"http:\\\/\\\/conexion23.com\\\/?p=34607#article\",\"isPartOf\":{\"@id\":\"http:\\\/\\\/conexion23.com\\\/?p=34607\"},\"author\":{\"name\":\"Raffy Ben\u00edtez\",\"@id\":\"https:\\\/\\\/conexion23.com\\\/#\\\/schema\\\/person\\\/03e36043331117e97a373299bbcd30a6\"},\"headline\":\"PRD llevar\u00e1 al TSA caso alcald\u00eda de La Vega\",\"datePublished\":\"2024-11-11T11:03:16+00:00\",\"dateModified\":\"2024-11-11T11:03:18+00:00\",\"mainEntityOfPage\":{\"@id\":\"http:\\\/\\\/conexion23.com\\\/?p=34607\"},\"wordCount\":361,\"commentCount\":0,\"publisher\":{\"@id\":\"https:\\\/\\\/conexion23.com\\\/#organization\"},\"image\":{\"@id\":\"http:\\\/\\\/conexion23.com\\\/?p=34607#primaryimage\"},\"thumbnailUrl\":\"http:\\\/\\\/conexion23.com\\\/wp-content\\\/uploads\\\/2024\\\/11\\\/IMG-20241110-WA0028-780x470-1.jpg\",\"articleSection\":[\"Uncategorized\"],\"inLanguage\":\"es\",\"potentialAction\":[{\"@type\":\"CommentAction\",\"name\":\"Comment\",\"target\":[\"http:\\\/\\\/conexion23.com\\\/?p=34607#respond\"]}]},{\"@type\":\"WebPage\",\"@id\":\"http:\\\/\\\/conexion23.com\\\/?p=34607\",\"url\":\"http:\\\/\\\/conexion23.com\\\/?p=34607\",\"name\":\"PRD llevar\u00e1 al TSA caso alcald\u00eda de La Vega - Conexi\u00f3n 23\",\"isPartOf\":{\"@id\":\"https:\\\/\\\/conexion23.com\\\/#website\"},\"primaryImageOfPage\":{\"@id\":\"http:\\\/\\\/conexion23.com\\\/?p=34607#primaryimage\"},\"image\":{\"@id\":\"http:\\\/\\\/conexion23.com\\\/?p=34607#primaryimage\"},\"thumbnailUrl\":\"http:\\\/\\\/conexion23.com\\\/wp-content\\\/uploads\\\/2024\\\/11\\\/IMG-20241110-WA0028-780x470-1.jpg\",\"datePublished\":\"2024-11-11T11:03:16+00:00\",\"dateModified\":\"2024-11-11T11:03:18+00:00\",\"breadcrumb\":{\"@id\":\"http:\\\/\\\/conexion23.com\\\/?p=34607#breadcrumb\"},\"inLanguage\":\"es\",\"potentialAction\":[{\"@type\":\"ReadAction\",\"target\":[\"http:\\\/\\\/conexion23.com\\\/?p=34607\"]}]},{\"@type\":\"ImageObject\",\"inLanguage\":\"es\",\"@id\":\"http:\\\/\\\/conexion23.com\\\/?p=34607#primaryimage\",\"url\":\"http:\\\/\\\/conexion23.com\\\/wp-content\\\/uploads\\\/2024\\\/11\\\/IMG-20241110-WA0028-780x470-1.jpg\",\"contentUrl\":\"http:\\\/\\\/conexion23.com\\\/wp-content\\\/uploads\\\/2024\\\/11\\\/IMG-20241110-WA0028-780x470-1.jpg\",\"width\":780,\"height\":470},{\"@type\":\"BreadcrumbList\",\"@id\":\"http:\\\/\\\/conexion23.com\\\/?p=34607#breadcrumb\",\"itemListElement\":[{\"@type\":\"ListItem\",\"position\":1,\"name\":\"Portada\",\"item\":\"https:\\\/\\\/conexion23.com\\\/\"},{\"@type\":\"ListItem\",\"position\":2,\"name\":\"PRD llevar\u00e1 al TSA caso alcald\u00eda de La Vega\"}]},{\"@type\":\"WebSite\",\"@id\":\"https:\\\/\\\/conexion23.com\\\/#website\",\"url\":\"https:\\\/\\\/conexion23.com\\\/\",\"name\":\"Conexi\u00f3n 23\",\"description\":\"Peri\u00f3dico 100% Petromacorisano\",\"publisher\":{\"@id\":\"https:\\\/\\\/conexion23.com\\\/#organization\"},\"potentialAction\":[{\"@type\":\"SearchAction\",\"target\":{\"@type\":\"EntryPoint\",\"urlTemplate\":\"https:\\\/\\\/conexion23.com\\\/?s={search_term_string}\"},\"query-input\":{\"@type\":\"PropertyValueSpecification\",\"valueRequired\":true,\"valueName\":\"search_term_string\"}}],\"inLanguage\":\"es\"},{\"@type\":\"Organization\",\"@id\":\"https:\\\/\\\/conexion23.com\\\/#organization\",\"name\":\"Conexion 23\",\"url\":\"https:\\\/\\\/conexion23.com\\\/\",\"logo\":{\"@type\":\"ImageObject\",\"inLanguage\":\"es\",\"@id\":\"https:\\\/\\\/conexion23.com\\\/#\\\/schema\\\/logo\\\/image\\\/\",\"url\":\"https:\\\/\\\/conexion23.com\\\/wp-content\\\/uploads\\\/2021\\\/11\\\/Diseno-sin-titulo-2.png\",\"contentUrl\":\"https:\\\/\\\/conexion23.com\\\/wp-content\\\/uploads\\\/2021\\\/11\\\/Diseno-sin-titulo-2.png\",\"width\":541,\"height\":90,\"caption\":\"Conexion 23\"},\"image\":{\"@id\":\"https:\\\/\\\/conexion23.com\\\/#\\\/schema\\\/logo\\\/image\\\/\"},\"sameAs\":[\"https:\\\/\\\/www.facebook.com\\\/conexion23com\",\"https:\\\/\\\/www.instagram.com\\\/conexion23com\\\/\",\"https:\\\/\\\/www.youtube.com\\\/channel\\\/UCYc7vxxFZMYLIHNsHHxPZ3Q\"]},{\"@type\":\"Person\",\"@id\":\"https:\\\/\\\/conexion23.com\\\/#\\\/schema\\\/person\\\/03e36043331117e97a373299bbcd30a6\",\"name\":\"Raffy Ben\u00edtez\",\"image\":{\"@type\":\"ImageObject\",\"inLanguage\":\"es\",\"@id\":\"https:\\\/\\\/secure.gravatar.com\\\/avatar\\\/3190a6a6c5e1b0327500f7d6c56b6242472ee6cb974cf09b401ee6b3b0798f23?s=96&d=mm&r=g\",\"url\":\"https:\\\/\\\/secure.gravatar.com\\\/avatar\\\/3190a6a6c5e1b0327500f7d6c56b6242472ee6cb974cf09b401ee6b3b0798f23?s=96&d=mm&r=g\",\"contentUrl\":\"https:\\\/\\\/secure.gravatar.com\\\/avatar\\\/3190a6a6c5e1b0327500f7d6c56b6242472ee6cb974cf09b401ee6b3b0798f23?s=96&d=mm&r=g\",\"caption\":\"Raffy Ben\u00edtez\"},\"url\":\"http:\\\/\\\/conexion23.com\\\/?author=15\"}]}<\/script>\n<!-- \/ Yoast SEO plugin. -->","yoast_head_json":{"title":"PRD llevar\u00e1 al TSA caso alcald\u00eda de La Vega - Conexi\u00f3n 23","robots":{"index":"index","follow":"follow","max-snippet":"max-snippet:-1","max-image-preview":"max-image-preview:large","max-video-preview":"max-video-preview:-1"},"canonical":"http:\/\/conexion23.com\/?p=34607","og_locale":"es_ES","og_type":"article","og_title":"PRD llevar\u00e1 al TSA caso alcald\u00eda de La Vega - Conexi\u00f3n 23","og_description":"&nbsp;El secretario de Asuntos Municipales del PRD, V\u00edctor Feliz, afirm\u00f3 que el Partido Revolucionario Dominicano est\u00e1 validando la posibilidad de ir al Tribunal Superior Administrativo (TSA) e interponer una denuncia para invalidar, todo lo que est\u00e1 pasando en La Vega, con respecto a la renuncia del alcalde y quien ocupar\u00e1 el puesto. En una entrevista [&hellip;]","og_url":"http:\/\/conexion23.com\/?p=34607","og_site_name":"Conexi\u00f3n 23","article_publisher":"https:\/\/www.facebook.com\/conexion23com","article_published_time":"2024-11-11T11:03:16+00:00","article_modified_time":"2024-11-11T11:03:18+00:00","og_image":[{"width":780,"height":470,"url":"http:\/\/conexion23.com\/wp-content\/uploads\/2024\/11\/IMG-20241110-WA0028-780x470-1.jpg","type":"image\/jpeg"}],"author":"Raffy Ben\u00edtez","twitter_card":"summary_large_image","twitter_misc":{"Escrito por":"Raffy Ben\u00edtez","Tiempo de lectura":"2 minutos"},"schema":{"@context":"https:\/\/schema.org","@graph":[{"@type":"Article","@id":"http:\/\/conexion23.com\/?p=34607#article","isPartOf":{"@id":"http:\/\/conexion23.com\/?p=34607"},"author":{"name":"Raffy Ben\u00edtez","@id":"https:\/\/conexion23.com\/#\/schema\/person\/03e36043331117e97a373299bbcd30a6"},"headline":"PRD llevar\u00e1 al TSA caso alcald\u00eda de La Vega","datePublished":"2024-11-11T11:03:16+00:00","dateModified":"2024-11-11T11:03:18+00:00","mainEntityOfPage":{"@id":"http:\/\/conexion23.com\/?p=34607"},"wordCount":361,"commentCount":0,"publisher":{"@id":"https:\/\/conexion23.com\/#organization"},"image":{"@id":"http:\/\/conexion23.com\/?p=34607#primaryimage"},"thumbnailUrl":"http:\/\/conexion23.com\/wp-content\/uploads\/2024\/11\/IMG-20241110-WA0028-780x470-1.jpg","articleSection":["Uncategorized"],"inLanguage":"es","potentialAction":[{"@type":"CommentAction","name":"Comment","target":["http:\/\/conexion23.com\/?p=34607#respond"]}]},{"@type":"WebPage","@id":"http:\/\/conexion23.com\/?p=34607","url":"http:\/\/conexion23.com\/?p=34607","name":"PRD llevar\u00e1 al TSA caso alcald\u00eda de La Vega - Conexi\u00f3n 23","isPartOf":{"@id":"https:\/\/conexion23.com\/#website"},"primaryImageOfPage":{"@id":"http:\/\/conexion23.com\/?p=34607#primaryimage"},"image":{"@id":"http:\/\/conexion23.com\/?p=34607#primaryimage"},"thumbnailUrl":"http:\/\/conexion23.com\/wp-content\/uploads\/2024\/11\/IMG-20241110-WA0028-780x470-1.jpg","datePublished":"2024-11-11T11:03:16+00:00","dateModified":"2024-11-11T11:03:18+00:00","breadcrumb":{"@id":"http:\/\/conexion23.com\/?p=34607#breadcrumb"},"inLanguage":"es","potentialAction":[{"@type":"ReadAction","target":["http:\/\/conexion23.com\/?p=34607"]}]},{"@type":"ImageObject","inLanguage":"es","@id":"http:\/\/conexion23.com\/?p=34607#primaryimage","url":"http:\/\/conexion23.com\/wp-content\/uploads\/2024\/11\/IMG-20241110-WA0028-780x470-1.jpg","contentUrl":"http:\/\/conexion23.com\/wp-content\/uploads\/2024\/11\/IMG-20241110-WA0028-780x470-1.jpg","width":780,"height":470},{"@type":"BreadcrumbList","@id":"http:\/\/conexion23.com\/?p=34607#breadcrumb","itemListElement":[{"@type":"ListItem","position":1,"name":"Portada","item":"https:\/\/conexion23.com\/"},{"@type":"ListItem","position":2,"name":"PRD llevar\u00e1 al TSA caso alcald\u00eda de La Vega"}]},{"@type":"WebSite","@id":"https:\/\/conexion23.com\/#website","url":"https:\/\/conexion23.com\/","name":"Conexi\u00f3n 23","description":"Peri\u00f3dico 100% Petromacorisano","publisher":{"@id":"https:\/\/conexion23.com\/#organization"},"potentialAction":[{"@type":"SearchAction","target":{"@type":"EntryPoint","urlTemplate":"https:\/\/conexion23.com\/?s={search_term_string}"},"query-input":{"@type":"PropertyValueSpecification","valueRequired":true,"valueName":"search_term_string"}}],"inLanguage":"es"},{"@type":"Organization","@id":"https:\/\/conexion23.com\/#organization","name":"Conexion 23","url":"https:\/\/conexion23.com\/","logo":{"@type":"ImageObject","inLanguage":"es","@id":"https:\/\/conexion23.com\/#\/schema\/logo\/image\/","url":"https:\/\/conexion23.com\/wp-content\/uploads\/2021\/11\/Diseno-sin-titulo-2.png","contentUrl":"https:\/\/conexion23.com\/wp-content\/uploads\/2021\/11\/Diseno-sin-titulo-2.png","width":541,"height":90,"caption":"Conexion 23"},"image":{"@id":"https:\/\/conexion23.com\/#\/schema\/logo\/image\/"},"sameAs":["https:\/\/www.facebook.com\/conexion23com","https:\/\/www.instagram.com\/conexion23com\/","https:\/\/www.youtube.com\/channel\/UCYc7vxxFZMYLIHNsHHxPZ3Q"]},{"@type":"Person","@id":"https:\/\/conexion23.com\/#\/schema\/person\/03e36043331117e97a373299bbcd30a6","name":"Raffy Ben\u00edtez","image":{"@type":"ImageObject","inLanguage":"es","@id":"https:\/\/secure.gravatar.com\/avatar\/3190a6a6c5e1b0327500f7d6c56b6242472ee6cb974cf09b401ee6b3b0798f23?s=96&d=mm&r=g","url":"https:\/\/secure.gravatar.com\/avatar\/3190a6a6c5e1b0327500f7d6c56b6242472ee6cb974cf09b401ee6b3b0798f23?s=96&d=mm&r=g","contentUrl":"https:\/\/secure.gravatar.com\/avatar\/3190a6a6c5e1b0327500f7d6c56b6242472ee6cb974cf09b401ee6b3b0798f23?s=96&d=mm&r=g","caption":"Raffy Ben\u00edtez"},"url":"http:\/\/conexion23.com\/?author=15"}]}},"_links":{"self":[{"href":"http:\/\/conexion23.com\/index.php?rest_route=\/wp\/v2\/posts\/34607","targetHints":{"allow":["GET"]}}],"collection":[{"href":"http:\/\/conexion23.com\/index.php?rest_route=\/wp\/v2\/posts"}],"about":[{"href":"http:\/\/conexion23.com\/index.php?rest_route=\/wp\/v2\/types\/post"}],"author":[{"embeddable":true,"href":"http:\/\/conexion23.com\/index.php?rest_route=\/wp\/v2\/users\/15"}],"replies":[{"embeddable":true,"href":"http:\/\/conexion23.com\/index.php?rest_route=%2Fwp%2Fv2%2Fcomments&post=34607"}],"version-history":[{"count":1,"href":"http:\/\/conexion23.com\/index.php?rest_route=\/wp\/v2\/posts\/34607\/revisions"}],"predecessor-version":[{"id":34609,"href":"http:\/\/conexion23.com\/index.php?rest_route=\/wp\/v2\/posts\/34607\/revisions\/34609"}],"wp:featuredmedia":[{"embeddable":true,"href":"http:\/\/conexion23.com\/index.php?rest_route=\/wp\/v2\/media\/34608"}],"wp:attachment":[{"href":"http:\/\/conexion23.com\/index.php?rest_route=%2Fwp%2Fv2%2Fmedia&parent=34607"}],"wp:term":[{"taxonomy":"category","embeddable":true,"href":"http:\/\/conexion23.com\/index.php?rest_route=%2Fwp%2Fv2%2Fcategories&post=34607"},{"taxonomy":"post_tag","embeddable":true,"href":"http:\/\/conexion23.com\/index.php?rest_route=%2Fwp%2Fv2%2Ftags&post=34607"}],"curies":[{"name":"wp","href":"https:\/\/api.w.org\/{rel}","templated":true}]}}