{"id":38106,"date":"2025-02-21T08:15:08","date_gmt":"2025-02-21T12:15:08","guid":{"rendered":"https:\/\/conexion23.com\/?p=38106"},"modified":"2025-02-21T08:15:11","modified_gmt":"2025-02-21T12:15:11","slug":"ponen-en-posesion-a-lic-franklin-villanueva-nuevo-director-regional-de-educacion-05","status":"publish","type":"post","link":"http:\/\/conexion23.com\/?p=38106","title":{"rendered":"Ponen en posesi\u00f3n a Lic. Franklin Villanueva, nuevo director Regional de Educaci\u00f3n 05."},"content":{"rendered":"\n<p class=\"wp-block-paragraph\">El licenciado Franklin Villanueva fue posesionado en la ma\u00f1ana de este jueves como nuevo director regional de Educaci\u00f3n 05, en sustituci\u00f3n del tambi\u00e9n licenciado Isidro Santana Ram\u00edrez.<\/p>\n\n\n\n<p class=\"wp-block-paragraph\">Al ser posesionado en la nueva posici\u00f3n, Villanueva manifest\u00f3 que asume sus nuevas funciones con humildad y con la disposici\u00f3n de trabajar en equipo para continuar impulsando la educaci\u00f3n de calidad como es el deseo del presidente Luis Abinader.<\/p>\n\n\n\n<p class=\"wp-block-paragraph\">El nuevo incumbente dijo que agradece haber sido designado en esas funciones, en las cuales trabajar\u00e1, al tiempo que expres\u00f3 que continuar\u00e1 la labor emprendida al frente de la instituci\u00f3n por su antecesor, licenciado Isidro Santana Ram\u00edrez.<\/p>\n\n\n\n<p class=\"wp-block-paragraph\">De su lado, Santana Ram\u00edrez dijo que Villanueva recibe una Direcci\u00f3n Regional de Educaci\u00f3n 05 con el mejor equipo de t\u00e9cnicos del pa\u00eds y el mejor personal administrativo, haciendo \u00e9nfasis en las conserjes de la instituci\u00f3n.<\/p>\n\n\n\n<p class=\"wp-block-paragraph\">Indic\u00f3 que en su gesti\u00f3n se logr\u00f3 que la Regionaal de Educaci\u00f3n 05 estuviera en los primeros lugares al nivel nacional, indicando que se hab\u00edan obtenido primeros lugares en varias \u00e1reas de la ense\u00f1anza.<\/p>\n\n\n\n<p class=\"wp-block-paragraph\">Entreg\u00f3 la documentaci\u00f3n contentiva del personal existente, de la situaci\u00f3n financiera en que dejaba la instituci\u00f3n y de las llaves de las diferentes dependencias y de los veh\u00edculos.<\/p>\n\n\n\n<p class=\"wp-block-paragraph\">En el acto de juramentaci\u00f3n estaban presentes el senador de Hato Mayor Crist\u00f3bal Castillo y los diputados de esa provincia Carmen Ligia Barcel\u00f3 y H\u00e9ctor Rosa, adem\u00e1s del diputado petromacorisano Miguel Arredondo.<\/p>\n\n\n\n<p class=\"wp-block-paragraph\">Estaba presente adem\u00e1s la dirigente magisterial Marisela Fern\u00e1ndez y representantes de distritos educativos de la provincia y la regi\u00f3n.<\/p>\n\n\n\n<p class=\"wp-block-paragraph\">Tambi\u00e9n el reci\u00e9n nombrado sub director de la Regional de Educaci\u00f3n 05 Juan Ram\u00f3n de los Santos.<\/p>\n\n\n\n<p class=\"wp-block-paragraph\">La bendici\u00f3n estuvo a cargo del sacerdote Rub\u00e9n Lievy.<\/p>\n","protected":false},"excerpt":{"rendered":"<p>El licenciado Franklin Villanueva fue posesionado en la ma\u00f1ana de este jueves como nuevo director regional de Educaci\u00f3n 05, en sustituci\u00f3n del tambi\u00e9n licenciado Isidro Santana Ram\u00edrez. Al ser posesionado en la nueva posici\u00f3n, Villanueva manifest\u00f3 que asume sus nuevas funciones con humildad y con la disposici\u00f3n de trabajar en equipo para continuar impulsando la [&hellip;]<\/p>\n","protected":false},"author":15,"featured_media":38107,"comment_status":"open","ping_status":"open","sticky":false,"template":"","format":"standard","meta":{"footnotes":""},"categories":[35],"tags":[],"class_list":["post-38106","post","type-post","status-publish","format-standard","has-post-thumbnail","category-spm"],"yoast_head":"<!-- This site is optimized with the Yoast SEO plugin v27.6 - https:\/\/yoast.com\/product\/yoast-seo-wordpress\/ -->\n<title>Ponen en posesi\u00f3n a Lic. Franklin Villanueva, nuevo director Regional de Educaci\u00f3n 05. - Conexi\u00f3n 23<\/title>\n<meta name=\"robots\" content=\"index, follow, max-snippet:-1, max-image-preview:large, max-video-preview:-1\" \/>\n<link rel=\"canonical\" href=\"http:\/\/conexion23.com\/?p=38106\" \/>\n<meta property=\"og:locale\" content=\"es_ES\" \/>\n<meta property=\"og:type\" content=\"article\" \/>\n<meta property=\"og:title\" content=\"Ponen en posesi\u00f3n a Lic. Franklin Villanueva, nuevo director Regional de Educaci\u00f3n 05. - Conexi\u00f3n 23\" \/>\n<meta property=\"og:description\" content=\"El licenciado Franklin Villanueva fue posesionado en la ma\u00f1ana de este jueves como nuevo director regional de Educaci\u00f3n 05, en sustituci\u00f3n del tambi\u00e9n licenciado Isidro Santana Ram\u00edrez. Al ser posesionado en la nueva posici\u00f3n, Villanueva manifest\u00f3 que asume sus nuevas funciones con humildad y con la disposici\u00f3n de trabajar en equipo para continuar impulsando la [&hellip;]\" \/>\n<meta property=\"og:url\" content=\"http:\/\/conexion23.com\/?p=38106\" \/>\n<meta property=\"og:site_name\" content=\"Conexi\u00f3n 23\" \/>\n<meta property=\"article:publisher\" content=\"https:\/\/www.facebook.com\/conexion23com\" \/>\n<meta property=\"article:published_time\" content=\"2025-02-21T12:15:08+00:00\" \/>\n<meta property=\"article:modified_time\" content=\"2025-02-21T12:15:11+00:00\" \/>\n<meta property=\"og:image\" content=\"http:\/\/conexion23.com\/wp-content\/uploads\/2025\/02\/Franklin.jpg\" \/>\n\t<meta property=\"og:image:width\" content=\"480\" \/>\n\t<meta property=\"og:image:height\" content=\"538\" \/>\n\t<meta property=\"og:image:type\" content=\"image\/jpeg\" \/>\n<meta name=\"author\" content=\"Raffy Ben\u00edtez\" \/>\n<meta name=\"twitter:card\" content=\"summary_large_image\" \/>\n<meta name=\"twitter:label1\" content=\"Escrito por\" \/>\n\t<meta name=\"twitter:data1\" content=\"Raffy Ben\u00edtez\" \/>\n\t<meta name=\"twitter:label2\" content=\"Tiempo de lectura\" \/>\n\t<meta name=\"twitter:data2\" content=\"2 minutos\" \/>\n<script type=\"application\/ld+json\" class=\"yoast-schema-graph\">{\"@context\":\"https:\\\/\\\/schema.org\",\"@graph\":[{\"@type\":\"Article\",\"@id\":\"http:\\\/\\\/conexion23.com\\\/?p=38106#article\",\"isPartOf\":{\"@id\":\"http:\\\/\\\/conexion23.com\\\/?p=38106\"},\"author\":{\"name\":\"Raffy Ben\u00edtez\",\"@id\":\"https:\\\/\\\/conexion23.com\\\/#\\\/schema\\\/person\\\/03e36043331117e97a373299bbcd30a6\"},\"headline\":\"Ponen en posesi\u00f3n a Lic. Franklin Villanueva, nuevo director Regional de Educaci\u00f3n 05.\",\"datePublished\":\"2025-02-21T12:15:08+00:00\",\"dateModified\":\"2025-02-21T12:15:11+00:00\",\"mainEntityOfPage\":{\"@id\":\"http:\\\/\\\/conexion23.com\\\/?p=38106\"},\"wordCount\":325,\"commentCount\":0,\"publisher\":{\"@id\":\"https:\\\/\\\/conexion23.com\\\/#organization\"},\"image\":{\"@id\":\"http:\\\/\\\/conexion23.com\\\/?p=38106#primaryimage\"},\"thumbnailUrl\":\"http:\\\/\\\/conexion23.com\\\/wp-content\\\/uploads\\\/2025\\\/02\\\/Franklin.jpg\",\"articleSection\":[\"SPM\"],\"inLanguage\":\"es\",\"potentialAction\":[{\"@type\":\"CommentAction\",\"name\":\"Comment\",\"target\":[\"http:\\\/\\\/conexion23.com\\\/?p=38106#respond\"]}]},{\"@type\":\"WebPage\",\"@id\":\"http:\\\/\\\/conexion23.com\\\/?p=38106\",\"url\":\"http:\\\/\\\/conexion23.com\\\/?p=38106\",\"name\":\"Ponen en posesi\u00f3n a Lic. Franklin Villanueva, nuevo director Regional de Educaci\u00f3n 05. - Conexi\u00f3n 23\",\"isPartOf\":{\"@id\":\"https:\\\/\\\/conexion23.com\\\/#website\"},\"primaryImageOfPage\":{\"@id\":\"http:\\\/\\\/conexion23.com\\\/?p=38106#primaryimage\"},\"image\":{\"@id\":\"http:\\\/\\\/conexion23.com\\\/?p=38106#primaryimage\"},\"thumbnailUrl\":\"http:\\\/\\\/conexion23.com\\\/wp-content\\\/uploads\\\/2025\\\/02\\\/Franklin.jpg\",\"datePublished\":\"2025-02-21T12:15:08+00:00\",\"dateModified\":\"2025-02-21T12:15:11+00:00\",\"breadcrumb\":{\"@id\":\"http:\\\/\\\/conexion23.com\\\/?p=38106#breadcrumb\"},\"inLanguage\":\"es\",\"potentialAction\":[{\"@type\":\"ReadAction\",\"target\":[\"http:\\\/\\\/conexion23.com\\\/?p=38106\"]}]},{\"@type\":\"ImageObject\",\"inLanguage\":\"es\",\"@id\":\"http:\\\/\\\/conexion23.com\\\/?p=38106#primaryimage\",\"url\":\"http:\\\/\\\/conexion23.com\\\/wp-content\\\/uploads\\\/2025\\\/02\\\/Franklin.jpg\",\"contentUrl\":\"http:\\\/\\\/conexion23.com\\\/wp-content\\\/uploads\\\/2025\\\/02\\\/Franklin.jpg\",\"width\":480,\"height\":538},{\"@type\":\"BreadcrumbList\",\"@id\":\"http:\\\/\\\/conexion23.com\\\/?p=38106#breadcrumb\",\"itemListElement\":[{\"@type\":\"ListItem\",\"position\":1,\"name\":\"Portada\",\"item\":\"https:\\\/\\\/conexion23.com\\\/\"},{\"@type\":\"ListItem\",\"position\":2,\"name\":\"Ponen en posesi\u00f3n a Lic. Franklin Villanueva, nuevo director Regional de Educaci\u00f3n 05.\"}]},{\"@type\":\"WebSite\",\"@id\":\"https:\\\/\\\/conexion23.com\\\/#website\",\"url\":\"https:\\\/\\\/conexion23.com\\\/\",\"name\":\"Conexi\u00f3n 23\",\"description\":\"Peri\u00f3dico 100% Petromacorisano\",\"publisher\":{\"@id\":\"https:\\\/\\\/conexion23.com\\\/#organization\"},\"potentialAction\":[{\"@type\":\"SearchAction\",\"target\":{\"@type\":\"EntryPoint\",\"urlTemplate\":\"https:\\\/\\\/conexion23.com\\\/?s={search_term_string}\"},\"query-input\":{\"@type\":\"PropertyValueSpecification\",\"valueRequired\":true,\"valueName\":\"search_term_string\"}}],\"inLanguage\":\"es\"},{\"@type\":\"Organization\",\"@id\":\"https:\\\/\\\/conexion23.com\\\/#organization\",\"name\":\"Conexion 23\",\"url\":\"https:\\\/\\\/conexion23.com\\\/\",\"logo\":{\"@type\":\"ImageObject\",\"inLanguage\":\"es\",\"@id\":\"https:\\\/\\\/conexion23.com\\\/#\\\/schema\\\/logo\\\/image\\\/\",\"url\":\"https:\\\/\\\/conexion23.com\\\/wp-content\\\/uploads\\\/2021\\\/11\\\/Diseno-sin-titulo-2.png\",\"contentUrl\":\"https:\\\/\\\/conexion23.com\\\/wp-content\\\/uploads\\\/2021\\\/11\\\/Diseno-sin-titulo-2.png\",\"width\":541,\"height\":90,\"caption\":\"Conexion 23\"},\"image\":{\"@id\":\"https:\\\/\\\/conexion23.com\\\/#\\\/schema\\\/logo\\\/image\\\/\"},\"sameAs\":[\"https:\\\/\\\/www.facebook.com\\\/conexion23com\",\"https:\\\/\\\/www.instagram.com\\\/conexion23com\\\/\",\"https:\\\/\\\/www.youtube.com\\\/channel\\\/UCYc7vxxFZMYLIHNsHHxPZ3Q\"]},{\"@type\":\"Person\",\"@id\":\"https:\\\/\\\/conexion23.com\\\/#\\\/schema\\\/person\\\/03e36043331117e97a373299bbcd30a6\",\"name\":\"Raffy Ben\u00edtez\",\"image\":{\"@type\":\"ImageObject\",\"inLanguage\":\"es\",\"@id\":\"https:\\\/\\\/secure.gravatar.com\\\/avatar\\\/3190a6a6c5e1b0327500f7d6c56b6242472ee6cb974cf09b401ee6b3b0798f23?s=96&d=mm&r=g\",\"url\":\"https:\\\/\\\/secure.gravatar.com\\\/avatar\\\/3190a6a6c5e1b0327500f7d6c56b6242472ee6cb974cf09b401ee6b3b0798f23?s=96&d=mm&r=g\",\"contentUrl\":\"https:\\\/\\\/secure.gravatar.com\\\/avatar\\\/3190a6a6c5e1b0327500f7d6c56b6242472ee6cb974cf09b401ee6b3b0798f23?s=96&d=mm&r=g\",\"caption\":\"Raffy Ben\u00edtez\"},\"url\":\"http:\\\/\\\/conexion23.com\\\/?author=15\"}]}<\/script>\n<!-- \/ Yoast SEO plugin. -->","yoast_head_json":{"title":"Ponen en posesi\u00f3n a Lic. Franklin Villanueva, nuevo director Regional de Educaci\u00f3n 05. - Conexi\u00f3n 23","robots":{"index":"index","follow":"follow","max-snippet":"max-snippet:-1","max-image-preview":"max-image-preview:large","max-video-preview":"max-video-preview:-1"},"canonical":"http:\/\/conexion23.com\/?p=38106","og_locale":"es_ES","og_type":"article","og_title":"Ponen en posesi\u00f3n a Lic. Franklin Villanueva, nuevo director Regional de Educaci\u00f3n 05. - Conexi\u00f3n 23","og_description":"El licenciado Franklin Villanueva fue posesionado en la ma\u00f1ana de este jueves como nuevo director regional de Educaci\u00f3n 05, en sustituci\u00f3n del tambi\u00e9n licenciado Isidro Santana Ram\u00edrez. Al ser posesionado en la nueva posici\u00f3n, Villanueva manifest\u00f3 que asume sus nuevas funciones con humildad y con la disposici\u00f3n de trabajar en equipo para continuar impulsando la [&hellip;]","og_url":"http:\/\/conexion23.com\/?p=38106","og_site_name":"Conexi\u00f3n 23","article_publisher":"https:\/\/www.facebook.com\/conexion23com","article_published_time":"2025-02-21T12:15:08+00:00","article_modified_time":"2025-02-21T12:15:11+00:00","og_image":[{"width":480,"height":538,"url":"http:\/\/conexion23.com\/wp-content\/uploads\/2025\/02\/Franklin.jpg","type":"image\/jpeg"}],"author":"Raffy Ben\u00edtez","twitter_card":"summary_large_image","twitter_misc":{"Escrito por":"Raffy Ben\u00edtez","Tiempo de lectura":"2 minutos"},"schema":{"@context":"https:\/\/schema.org","@graph":[{"@type":"Article","@id":"http:\/\/conexion23.com\/?p=38106#article","isPartOf":{"@id":"http:\/\/conexion23.com\/?p=38106"},"author":{"name":"Raffy Ben\u00edtez","@id":"https:\/\/conexion23.com\/#\/schema\/person\/03e36043331117e97a373299bbcd30a6"},"headline":"Ponen en posesi\u00f3n a Lic. Franklin Villanueva, nuevo director Regional de Educaci\u00f3n 05.","datePublished":"2025-02-21T12:15:08+00:00","dateModified":"2025-02-21T12:15:11+00:00","mainEntityOfPage":{"@id":"http:\/\/conexion23.com\/?p=38106"},"wordCount":325,"commentCount":0,"publisher":{"@id":"https:\/\/conexion23.com\/#organization"},"image":{"@id":"http:\/\/conexion23.com\/?p=38106#primaryimage"},"thumbnailUrl":"http:\/\/conexion23.com\/wp-content\/uploads\/2025\/02\/Franklin.jpg","articleSection":["SPM"],"inLanguage":"es","potentialAction":[{"@type":"CommentAction","name":"Comment","target":["http:\/\/conexion23.com\/?p=38106#respond"]}]},{"@type":"WebPage","@id":"http:\/\/conexion23.com\/?p=38106","url":"http:\/\/conexion23.com\/?p=38106","name":"Ponen en posesi\u00f3n a Lic. Franklin Villanueva, nuevo director Regional de Educaci\u00f3n 05. - Conexi\u00f3n 23","isPartOf":{"@id":"https:\/\/conexion23.com\/#website"},"primaryImageOfPage":{"@id":"http:\/\/conexion23.com\/?p=38106#primaryimage"},"image":{"@id":"http:\/\/conexion23.com\/?p=38106#primaryimage"},"thumbnailUrl":"http:\/\/conexion23.com\/wp-content\/uploads\/2025\/02\/Franklin.jpg","datePublished":"2025-02-21T12:15:08+00:00","dateModified":"2025-02-21T12:15:11+00:00","breadcrumb":{"@id":"http:\/\/conexion23.com\/?p=38106#breadcrumb"},"inLanguage":"es","potentialAction":[{"@type":"ReadAction","target":["http:\/\/conexion23.com\/?p=38106"]}]},{"@type":"ImageObject","inLanguage":"es","@id":"http:\/\/conexion23.com\/?p=38106#primaryimage","url":"http:\/\/conexion23.com\/wp-content\/uploads\/2025\/02\/Franklin.jpg","contentUrl":"http:\/\/conexion23.com\/wp-content\/uploads\/2025\/02\/Franklin.jpg","width":480,"height":538},{"@type":"BreadcrumbList","@id":"http:\/\/conexion23.com\/?p=38106#breadcrumb","itemListElement":[{"@type":"ListItem","position":1,"name":"Portada","item":"https:\/\/conexion23.com\/"},{"@type":"ListItem","position":2,"name":"Ponen en posesi\u00f3n a Lic. Franklin Villanueva, nuevo director Regional de Educaci\u00f3n 05."}]},{"@type":"WebSite","@id":"https:\/\/conexion23.com\/#website","url":"https:\/\/conexion23.com\/","name":"Conexi\u00f3n 23","description":"Peri\u00f3dico 100% Petromacorisano","publisher":{"@id":"https:\/\/conexion23.com\/#organization"},"potentialAction":[{"@type":"SearchAction","target":{"@type":"EntryPoint","urlTemplate":"https:\/\/conexion23.com\/?s={search_term_string}"},"query-input":{"@type":"PropertyValueSpecification","valueRequired":true,"valueName":"search_term_string"}}],"inLanguage":"es"},{"@type":"Organization","@id":"https:\/\/conexion23.com\/#organization","name":"Conexion 23","url":"https:\/\/conexion23.com\/","logo":{"@type":"ImageObject","inLanguage":"es","@id":"https:\/\/conexion23.com\/#\/schema\/logo\/image\/","url":"https:\/\/conexion23.com\/wp-content\/uploads\/2021\/11\/Diseno-sin-titulo-2.png","contentUrl":"https:\/\/conexion23.com\/wp-content\/uploads\/2021\/11\/Diseno-sin-titulo-2.png","width":541,"height":90,"caption":"Conexion 23"},"image":{"@id":"https:\/\/conexion23.com\/#\/schema\/logo\/image\/"},"sameAs":["https:\/\/www.facebook.com\/conexion23com","https:\/\/www.instagram.com\/conexion23com\/","https:\/\/www.youtube.com\/channel\/UCYc7vxxFZMYLIHNsHHxPZ3Q"]},{"@type":"Person","@id":"https:\/\/conexion23.com\/#\/schema\/person\/03e36043331117e97a373299bbcd30a6","name":"Raffy Ben\u00edtez","image":{"@type":"ImageObject","inLanguage":"es","@id":"https:\/\/secure.gravatar.com\/avatar\/3190a6a6c5e1b0327500f7d6c56b6242472ee6cb974cf09b401ee6b3b0798f23?s=96&d=mm&r=g","url":"https:\/\/secure.gravatar.com\/avatar\/3190a6a6c5e1b0327500f7d6c56b6242472ee6cb974cf09b401ee6b3b0798f23?s=96&d=mm&r=g","contentUrl":"https:\/\/secure.gravatar.com\/avatar\/3190a6a6c5e1b0327500f7d6c56b6242472ee6cb974cf09b401ee6b3b0798f23?s=96&d=mm&r=g","caption":"Raffy Ben\u00edtez"},"url":"http:\/\/conexion23.com\/?author=15"}]}},"_links":{"self":[{"href":"http:\/\/conexion23.com\/index.php?rest_route=\/wp\/v2\/posts\/38106","targetHints":{"allow":["GET"]}}],"collection":[{"href":"http:\/\/conexion23.com\/index.php?rest_route=\/wp\/v2\/posts"}],"about":[{"href":"http:\/\/conexion23.com\/index.php?rest_route=\/wp\/v2\/types\/post"}],"author":[{"embeddable":true,"href":"http:\/\/conexion23.com\/index.php?rest_route=\/wp\/v2\/users\/15"}],"replies":[{"embeddable":true,"href":"http:\/\/conexion23.com\/index.php?rest_route=%2Fwp%2Fv2%2Fcomments&post=38106"}],"version-history":[{"count":1,"href":"http:\/\/conexion23.com\/index.php?rest_route=\/wp\/v2\/posts\/38106\/revisions"}],"predecessor-version":[{"id":38108,"href":"http:\/\/conexion23.com\/index.php?rest_route=\/wp\/v2\/posts\/38106\/revisions\/38108"}],"wp:featuredmedia":[{"embeddable":true,"href":"http:\/\/conexion23.com\/index.php?rest_route=\/wp\/v2\/media\/38107"}],"wp:attachment":[{"href":"http:\/\/conexion23.com\/index.php?rest_route=%2Fwp%2Fv2%2Fmedia&parent=38106"}],"wp:term":[{"taxonomy":"category","embeddable":true,"href":"http:\/\/conexion23.com\/index.php?rest_route=%2Fwp%2Fv2%2Fcategories&post=38106"},{"taxonomy":"post_tag","embeddable":true,"href":"http:\/\/conexion23.com\/index.php?rest_route=%2Fwp%2Fv2%2Ftags&post=38106"}],"curies":[{"name":"wp","href":"https:\/\/api.w.org\/{rel}","templated":true}]}}