{"id":38115,"date":"2025-02-22T07:29:51","date_gmt":"2025-02-22T11:29:51","guid":{"rendered":"https:\/\/conexion23.com\/?p=38115"},"modified":"2025-02-22T07:29:53","modified_gmt":"2025-02-22T11:29:53","slug":"joven-fallece-tras-caer-del-sexto-piso-de-un-edificio-en-construccion","status":"publish","type":"post","link":"http:\/\/conexion23.com\/?p=38115","title":{"rendered":"Joven fallece tras caer del sexto piso de un edificio en construcci\u00f3n"},"content":{"rendered":"\n<p class=\"wp-block-paragraph\">En un suceso desgarrador que ha dejado a toda la comunidad en shock, el joven Johan Alejo, dedicado a los dise\u00f1os en construcci\u00f3n, sufri\u00f3 un fatal accidente al caer desde el sexto piso de una construcci\u00f3n perteneciente a una cl\u00ednica privada de La Vega.<\/p>\n\n\n\n<p class=\"wp-block-paragraph\">Seg\u00fan los primeros informes, el incidente ocurri\u00f3 de manera repentina y sin mediar aviso, demostrando la gravedad que pueden tener los trabajos en alturas.<\/p>\n\n\n\n<p class=\"wp-block-paragraph\">Testigos presenciales relataron que, en la madrugada de hoy, se escuch\u00f3 un fuerte estruendo proveniente de la obra en construcci\u00f3n, seguido de un ambiente de incredulidad y angustia.<\/p>\n\n\n\n<p class=\"wp-block-paragraph\">\u201cFue un momento impactante; est\u00e1bamos trabajando y, de repente, vimos a Johan Alejo caer desde una altura considerable.<\/p>\n\n\n\n<p class=\"wp-block-paragraph\">No pudimos creer lo que nuestros ojos estaban presenciando\u201d, coment\u00f3 uno de los trabajadores que prefiri\u00f3 mantener el anonimato.<\/p>\n\n\n\n<p class=\"wp-block-paragraph\">La rapidez con la que se produjo la ca\u00edda mortal impidi\u00f3 que se pudiera brindar asistencia m\u00e9dica oportuna.<\/p>\n\n\n\n<p class=\"wp-block-paragraph\">Inmediatamente, se alert\u00f3 a las autoridades competentes y se activaron los protocolos de emergencia. Personal del 911 y del cuerpo de bomberos llegaron al lugar para asegurar la zona y realizar las primeras investigaciones.<\/p>\n\n\n\n<p class=\"wp-block-paragraph\">Los equipos m\u00e9dicos del lugar constataron que, lamentablemente, el joven no presentaba signos vitales, confirmando la tr\u00e1gica p\u00e9rdida.<\/p>\n\n\n\n<p class=\"wp-block-paragraph\">Las autoridades de La Vega han iniciado una investigaci\u00f3n exhaustiva para determinar las causas exactas de este fat\u00eddico accidente.<\/p>\n\n\n\n<p class=\"wp-block-paragraph\">Se busca esclarecer si existieron fallas en los protocolos de seguridad, en el uso de equipos de protecci\u00f3n personal o en el cumplimiento de las normas laborales que rigen las actividades en alturas.<\/p>\n\n\n\n<p class=\"wp-block-paragraph\">La cl\u00ednica y la empresa responsable de la construcci\u00f3n han sido notificadas y se espera que colaboren plenamente en las indagaciones.<\/p>\n\n\n\n<p class=\"wp-block-paragraph\">La comunidad local ha expresado su profundo dolor y consternaci\u00f3n por la p\u00e9rdida de Johan Alejo, un joven reconocido por su talento y dedicaci\u00f3n en el \u00e1mbito del dise\u00f1o en construcci\u00f3n.<\/p>\n\n\n\n<p class=\"wp-block-paragraph\">Colegas, amigos y familiares han compartido numerosos mensajes de condolencia a trav\u00e9s de las redes sociales, recordando la pasi\u00f3n y el compromiso que siempre mostr\u00f3 en su trabajo.<\/p>\n\n\n\n<p class=\"wp-block-paragraph\">Perder a alguien tan valioso y prometedor<\/p>\n\n\n\n<p class=\"wp-block-paragraph\">\u201cPerder a alguien tan valioso y prometedor es una gran p\u00e9rdida para todos nosotros. Johan era un ejemplo de esfuerzo y creatividad, y su ausencia se sentir\u00e1 profundamente en nuestra comunidad\u201d, expres\u00f3 uno de sus compa\u00f1eros.<\/p>\n\n\n\n<p class=\"wp-block-paragraph\">Adem\u00e1s, se ha hecho un llamado a reforzar las medidas de seguridad en todas las obras de construcci\u00f3n para prevenir que incidentes tan tr\u00e1gicos se repitan.<\/p>\n\n\n\n<p class=\"wp-block-paragraph\">Este suceso es un recordatorio doloroso de la importancia de seguir estrictamente los protocolos establecidos para garantizar la seguridad de los trabajadores en entornos de alto riesgo.<\/p>\n\n\n\n<p class=\"wp-block-paragraph\">En medio del dolor y la incertidumbre, la comunidad de La Vega se une para rendir homenaje a la memoria de Johan Alejo, deseando que su alma descanse en paz y que su legado inspire futuras medidas de prevenci\u00f3n.<\/p>\n\n\n\n<p class=\"wp-block-paragraph\">Este tr\u00e1gico incidente servir\u00e1 como un recordatorio permanente de la necesidad de priorizar la seguridad y el bienestar de quienes desempe\u00f1an labores en condiciones complejas.<\/p>\n\n\n\n<p class=\"wp-block-paragraph\">La memoria de Johan Alejo quedar\u00e1 grabada en el coraz\u00f3n de quienes lo conocieron y valoraron su talento, mientras se espera que la investigaci\u00f3n arroje luz sobre las causas de este lamentable suceso.<\/p>\n","protected":false},"excerpt":{"rendered":"<p>En un suceso desgarrador que ha dejado a toda la comunidad en shock, el joven Johan Alejo, dedicado a los dise\u00f1os en construcci\u00f3n, sufri\u00f3 un fatal accidente al caer desde el sexto piso de una construcci\u00f3n perteneciente a una cl\u00ednica privada de La Vega. Seg\u00fan los primeros informes, el incidente ocurri\u00f3 de manera repentina y [&hellip;]<\/p>\n","protected":false},"author":15,"featured_media":38116,"comment_status":"open","ping_status":"open","sticky":false,"template":"","format":"standard","meta":{"footnotes":""},"categories":[1],"tags":[],"class_list":["post-38115","post","type-post","status-publish","format-standard","has-post-thumbnail","category-uncategorized"],"yoast_head":"<!-- This site is optimized with the Yoast SEO plugin v27.6 - https:\/\/yoast.com\/product\/yoast-seo-wordpress\/ -->\n<title>Joven fallece tras caer del sexto piso de un edificio en construcci\u00f3n - Conexi\u00f3n 23<\/title>\n<meta name=\"robots\" content=\"index, follow, max-snippet:-1, max-image-preview:large, max-video-preview:-1\" \/>\n<link rel=\"canonical\" href=\"http:\/\/conexion23.com\/?p=38115\" \/>\n<meta property=\"og:locale\" content=\"es_ES\" \/>\n<meta property=\"og:type\" content=\"article\" \/>\n<meta property=\"og:title\" content=\"Joven fallece tras caer del sexto piso de un edificio en construcci\u00f3n - Conexi\u00f3n 23\" \/>\n<meta property=\"og:description\" content=\"En un suceso desgarrador que ha dejado a toda la comunidad en shock, el joven Johan Alejo, dedicado a los dise\u00f1os en construcci\u00f3n, sufri\u00f3 un fatal accidente al caer desde el sexto piso de una construcci\u00f3n perteneciente a una cl\u00ednica privada de La Vega. Seg\u00fan los primeros informes, el incidente ocurri\u00f3 de manera repentina y [&hellip;]\" \/>\n<meta property=\"og:url\" content=\"http:\/\/conexion23.com\/?p=38115\" \/>\n<meta property=\"og:site_name\" content=\"Conexi\u00f3n 23\" \/>\n<meta property=\"article:publisher\" content=\"https:\/\/www.facebook.com\/conexion23com\" \/>\n<meta property=\"article:published_time\" content=\"2025-02-22T11:29:51+00:00\" \/>\n<meta property=\"article:modified_time\" content=\"2025-02-22T11:29:53+00:00\" \/>\n<meta property=\"og:image\" content=\"http:\/\/conexion23.com\/wp-content\/uploads\/2025\/02\/ja-1024x1020.jpg.webp\" \/>\n\t<meta property=\"og:image:width\" content=\"1024\" \/>\n\t<meta property=\"og:image:height\" content=\"1020\" \/>\n\t<meta property=\"og:image:type\" content=\"image\/webp\" \/>\n<meta name=\"author\" content=\"Raffy Ben\u00edtez\" \/>\n<meta name=\"twitter:card\" content=\"summary_large_image\" \/>\n<meta name=\"twitter:label1\" content=\"Escrito por\" \/>\n\t<meta name=\"twitter:data1\" content=\"Raffy Ben\u00edtez\" \/>\n\t<meta name=\"twitter:label2\" content=\"Tiempo de lectura\" \/>\n\t<meta name=\"twitter:data2\" content=\"3 minutos\" \/>\n<script type=\"application\/ld+json\" class=\"yoast-schema-graph\">{\"@context\":\"https:\\\/\\\/schema.org\",\"@graph\":[{\"@type\":\"Article\",\"@id\":\"http:\\\/\\\/conexion23.com\\\/?p=38115#article\",\"isPartOf\":{\"@id\":\"http:\\\/\\\/conexion23.com\\\/?p=38115\"},\"author\":{\"name\":\"Raffy Ben\u00edtez\",\"@id\":\"http:\\\/\\\/conexion23.com\\\/#\\\/schema\\\/person\\\/03e36043331117e97a373299bbcd30a6\"},\"headline\":\"Joven fallece tras caer del sexto piso de un edificio en construcci\u00f3n\",\"datePublished\":\"2025-02-22T11:29:51+00:00\",\"dateModified\":\"2025-02-22T11:29:53+00:00\",\"mainEntityOfPage\":{\"@id\":\"http:\\\/\\\/conexion23.com\\\/?p=38115\"},\"wordCount\":574,\"commentCount\":0,\"publisher\":{\"@id\":\"http:\\\/\\\/conexion23.com\\\/#organization\"},\"image\":{\"@id\":\"http:\\\/\\\/conexion23.com\\\/?p=38115#primaryimage\"},\"thumbnailUrl\":\"http:\\\/\\\/conexion23.com\\\/wp-content\\\/uploads\\\/2025\\\/02\\\/ja-1024x1020.jpg.webp\",\"articleSection\":[\"Uncategorized\"],\"inLanguage\":\"es\",\"potentialAction\":[{\"@type\":\"CommentAction\",\"name\":\"Comment\",\"target\":[\"http:\\\/\\\/conexion23.com\\\/?p=38115#respond\"]}]},{\"@type\":\"WebPage\",\"@id\":\"http:\\\/\\\/conexion23.com\\\/?p=38115\",\"url\":\"http:\\\/\\\/conexion23.com\\\/?p=38115\",\"name\":\"Joven fallece tras caer del sexto piso de un edificio en construcci\u00f3n - Conexi\u00f3n 23\",\"isPartOf\":{\"@id\":\"http:\\\/\\\/conexion23.com\\\/#website\"},\"primaryImageOfPage\":{\"@id\":\"http:\\\/\\\/conexion23.com\\\/?p=38115#primaryimage\"},\"image\":{\"@id\":\"http:\\\/\\\/conexion23.com\\\/?p=38115#primaryimage\"},\"thumbnailUrl\":\"http:\\\/\\\/conexion23.com\\\/wp-content\\\/uploads\\\/2025\\\/02\\\/ja-1024x1020.jpg.webp\",\"datePublished\":\"2025-02-22T11:29:51+00:00\",\"dateModified\":\"2025-02-22T11:29:53+00:00\",\"breadcrumb\":{\"@id\":\"http:\\\/\\\/conexion23.com\\\/?p=38115#breadcrumb\"},\"inLanguage\":\"es\",\"potentialAction\":[{\"@type\":\"ReadAction\",\"target\":[\"http:\\\/\\\/conexion23.com\\\/?p=38115\"]}]},{\"@type\":\"ImageObject\",\"inLanguage\":\"es\",\"@id\":\"http:\\\/\\\/conexion23.com\\\/?p=38115#primaryimage\",\"url\":\"http:\\\/\\\/conexion23.com\\\/wp-content\\\/uploads\\\/2025\\\/02\\\/ja-1024x1020.jpg.webp\",\"contentUrl\":\"http:\\\/\\\/conexion23.com\\\/wp-content\\\/uploads\\\/2025\\\/02\\\/ja-1024x1020.jpg.webp\",\"width\":1024,\"height\":1020},{\"@type\":\"BreadcrumbList\",\"@id\":\"http:\\\/\\\/conexion23.com\\\/?p=38115#breadcrumb\",\"itemListElement\":[{\"@type\":\"ListItem\",\"position\":1,\"name\":\"Portada\",\"item\":\"http:\\\/\\\/conexion23.com\\\/\"},{\"@type\":\"ListItem\",\"position\":2,\"name\":\"Joven fallece tras caer del sexto piso de un edificio en construcci\u00f3n\"}]},{\"@type\":\"WebSite\",\"@id\":\"http:\\\/\\\/conexion23.com\\\/#website\",\"url\":\"http:\\\/\\\/conexion23.com\\\/\",\"name\":\"Conexi\u00f3n 23\",\"description\":\"Peri\u00f3dico 100% Petromacorisano\",\"publisher\":{\"@id\":\"http:\\\/\\\/conexion23.com\\\/#organization\"},\"potentialAction\":[{\"@type\":\"SearchAction\",\"target\":{\"@type\":\"EntryPoint\",\"urlTemplate\":\"http:\\\/\\\/conexion23.com\\\/?s={search_term_string}\"},\"query-input\":{\"@type\":\"PropertyValueSpecification\",\"valueRequired\":true,\"valueName\":\"search_term_string\"}}],\"inLanguage\":\"es\"},{\"@type\":\"Organization\",\"@id\":\"http:\\\/\\\/conexion23.com\\\/#organization\",\"name\":\"Conexion 23\",\"url\":\"http:\\\/\\\/conexion23.com\\\/\",\"logo\":{\"@type\":\"ImageObject\",\"inLanguage\":\"es\",\"@id\":\"http:\\\/\\\/conexion23.com\\\/#\\\/schema\\\/logo\\\/image\\\/\",\"url\":\"https:\\\/\\\/conexion23.com\\\/wp-content\\\/uploads\\\/2021\\\/11\\\/Diseno-sin-titulo-2.png\",\"contentUrl\":\"https:\\\/\\\/conexion23.com\\\/wp-content\\\/uploads\\\/2021\\\/11\\\/Diseno-sin-titulo-2.png\",\"width\":541,\"height\":90,\"caption\":\"Conexion 23\"},\"image\":{\"@id\":\"http:\\\/\\\/conexion23.com\\\/#\\\/schema\\\/logo\\\/image\\\/\"},\"sameAs\":[\"https:\\\/\\\/www.facebook.com\\\/conexion23com\",\"https:\\\/\\\/www.instagram.com\\\/conexion23com\\\/\",\"https:\\\/\\\/www.youtube.com\\\/channel\\\/UCYc7vxxFZMYLIHNsHHxPZ3Q\"]},{\"@type\":\"Person\",\"@id\":\"http:\\\/\\\/conexion23.com\\\/#\\\/schema\\\/person\\\/03e36043331117e97a373299bbcd30a6\",\"name\":\"Raffy Ben\u00edtez\",\"image\":{\"@type\":\"ImageObject\",\"inLanguage\":\"es\",\"@id\":\"https:\\\/\\\/secure.gravatar.com\\\/avatar\\\/3190a6a6c5e1b0327500f7d6c56b6242472ee6cb974cf09b401ee6b3b0798f23?s=96&d=mm&r=g\",\"url\":\"https:\\\/\\\/secure.gravatar.com\\\/avatar\\\/3190a6a6c5e1b0327500f7d6c56b6242472ee6cb974cf09b401ee6b3b0798f23?s=96&d=mm&r=g\",\"contentUrl\":\"https:\\\/\\\/secure.gravatar.com\\\/avatar\\\/3190a6a6c5e1b0327500f7d6c56b6242472ee6cb974cf09b401ee6b3b0798f23?s=96&d=mm&r=g\",\"caption\":\"Raffy Ben\u00edtez\"},\"url\":\"http:\\\/\\\/conexion23.com\\\/?author=15\"}]}<\/script>\n<!-- \/ Yoast SEO plugin. -->","yoast_head_json":{"title":"Joven fallece tras caer del sexto piso de un edificio en construcci\u00f3n - Conexi\u00f3n 23","robots":{"index":"index","follow":"follow","max-snippet":"max-snippet:-1","max-image-preview":"max-image-preview:large","max-video-preview":"max-video-preview:-1"},"canonical":"http:\/\/conexion23.com\/?p=38115","og_locale":"es_ES","og_type":"article","og_title":"Joven fallece tras caer del sexto piso de un edificio en construcci\u00f3n - Conexi\u00f3n 23","og_description":"En un suceso desgarrador que ha dejado a toda la comunidad en shock, el joven Johan Alejo, dedicado a los dise\u00f1os en construcci\u00f3n, sufri\u00f3 un fatal accidente al caer desde el sexto piso de una construcci\u00f3n perteneciente a una cl\u00ednica privada de La Vega. Seg\u00fan los primeros informes, el incidente ocurri\u00f3 de manera repentina y [&hellip;]","og_url":"http:\/\/conexion23.com\/?p=38115","og_site_name":"Conexi\u00f3n 23","article_publisher":"https:\/\/www.facebook.com\/conexion23com","article_published_time":"2025-02-22T11:29:51+00:00","article_modified_time":"2025-02-22T11:29:53+00:00","og_image":[{"width":1024,"height":1020,"url":"http:\/\/conexion23.com\/wp-content\/uploads\/2025\/02\/ja-1024x1020.jpg.webp","type":"image\/webp"}],"author":"Raffy Ben\u00edtez","twitter_card":"summary_large_image","twitter_misc":{"Escrito por":"Raffy Ben\u00edtez","Tiempo de lectura":"3 minutos"},"schema":{"@context":"https:\/\/schema.org","@graph":[{"@type":"Article","@id":"http:\/\/conexion23.com\/?p=38115#article","isPartOf":{"@id":"http:\/\/conexion23.com\/?p=38115"},"author":{"name":"Raffy Ben\u00edtez","@id":"http:\/\/conexion23.com\/#\/schema\/person\/03e36043331117e97a373299bbcd30a6"},"headline":"Joven fallece tras caer del sexto piso de un edificio en construcci\u00f3n","datePublished":"2025-02-22T11:29:51+00:00","dateModified":"2025-02-22T11:29:53+00:00","mainEntityOfPage":{"@id":"http:\/\/conexion23.com\/?p=38115"},"wordCount":574,"commentCount":0,"publisher":{"@id":"http:\/\/conexion23.com\/#organization"},"image":{"@id":"http:\/\/conexion23.com\/?p=38115#primaryimage"},"thumbnailUrl":"http:\/\/conexion23.com\/wp-content\/uploads\/2025\/02\/ja-1024x1020.jpg.webp","articleSection":["Uncategorized"],"inLanguage":"es","potentialAction":[{"@type":"CommentAction","name":"Comment","target":["http:\/\/conexion23.com\/?p=38115#respond"]}]},{"@type":"WebPage","@id":"http:\/\/conexion23.com\/?p=38115","url":"http:\/\/conexion23.com\/?p=38115","name":"Joven fallece tras caer del sexto piso de un edificio en construcci\u00f3n - Conexi\u00f3n 23","isPartOf":{"@id":"http:\/\/conexion23.com\/#website"},"primaryImageOfPage":{"@id":"http:\/\/conexion23.com\/?p=38115#primaryimage"},"image":{"@id":"http:\/\/conexion23.com\/?p=38115#primaryimage"},"thumbnailUrl":"http:\/\/conexion23.com\/wp-content\/uploads\/2025\/02\/ja-1024x1020.jpg.webp","datePublished":"2025-02-22T11:29:51+00:00","dateModified":"2025-02-22T11:29:53+00:00","breadcrumb":{"@id":"http:\/\/conexion23.com\/?p=38115#breadcrumb"},"inLanguage":"es","potentialAction":[{"@type":"ReadAction","target":["http:\/\/conexion23.com\/?p=38115"]}]},{"@type":"ImageObject","inLanguage":"es","@id":"http:\/\/conexion23.com\/?p=38115#primaryimage","url":"http:\/\/conexion23.com\/wp-content\/uploads\/2025\/02\/ja-1024x1020.jpg.webp","contentUrl":"http:\/\/conexion23.com\/wp-content\/uploads\/2025\/02\/ja-1024x1020.jpg.webp","width":1024,"height":1020},{"@type":"BreadcrumbList","@id":"http:\/\/conexion23.com\/?p=38115#breadcrumb","itemListElement":[{"@type":"ListItem","position":1,"name":"Portada","item":"http:\/\/conexion23.com\/"},{"@type":"ListItem","position":2,"name":"Joven fallece tras caer del sexto piso de un edificio en construcci\u00f3n"}]},{"@type":"WebSite","@id":"http:\/\/conexion23.com\/#website","url":"http:\/\/conexion23.com\/","name":"Conexi\u00f3n 23","description":"Peri\u00f3dico 100% Petromacorisano","publisher":{"@id":"http:\/\/conexion23.com\/#organization"},"potentialAction":[{"@type":"SearchAction","target":{"@type":"EntryPoint","urlTemplate":"http:\/\/conexion23.com\/?s={search_term_string}"},"query-input":{"@type":"PropertyValueSpecification","valueRequired":true,"valueName":"search_term_string"}}],"inLanguage":"es"},{"@type":"Organization","@id":"http:\/\/conexion23.com\/#organization","name":"Conexion 23","url":"http:\/\/conexion23.com\/","logo":{"@type":"ImageObject","inLanguage":"es","@id":"http:\/\/conexion23.com\/#\/schema\/logo\/image\/","url":"https:\/\/conexion23.com\/wp-content\/uploads\/2021\/11\/Diseno-sin-titulo-2.png","contentUrl":"https:\/\/conexion23.com\/wp-content\/uploads\/2021\/11\/Diseno-sin-titulo-2.png","width":541,"height":90,"caption":"Conexion 23"},"image":{"@id":"http:\/\/conexion23.com\/#\/schema\/logo\/image\/"},"sameAs":["https:\/\/www.facebook.com\/conexion23com","https:\/\/www.instagram.com\/conexion23com\/","https:\/\/www.youtube.com\/channel\/UCYc7vxxFZMYLIHNsHHxPZ3Q"]},{"@type":"Person","@id":"http:\/\/conexion23.com\/#\/schema\/person\/03e36043331117e97a373299bbcd30a6","name":"Raffy Ben\u00edtez","image":{"@type":"ImageObject","inLanguage":"es","@id":"https:\/\/secure.gravatar.com\/avatar\/3190a6a6c5e1b0327500f7d6c56b6242472ee6cb974cf09b401ee6b3b0798f23?s=96&d=mm&r=g","url":"https:\/\/secure.gravatar.com\/avatar\/3190a6a6c5e1b0327500f7d6c56b6242472ee6cb974cf09b401ee6b3b0798f23?s=96&d=mm&r=g","contentUrl":"https:\/\/secure.gravatar.com\/avatar\/3190a6a6c5e1b0327500f7d6c56b6242472ee6cb974cf09b401ee6b3b0798f23?s=96&d=mm&r=g","caption":"Raffy Ben\u00edtez"},"url":"http:\/\/conexion23.com\/?author=15"}]}},"_links":{"self":[{"href":"http:\/\/conexion23.com\/index.php?rest_route=\/wp\/v2\/posts\/38115","targetHints":{"allow":["GET"]}}],"collection":[{"href":"http:\/\/conexion23.com\/index.php?rest_route=\/wp\/v2\/posts"}],"about":[{"href":"http:\/\/conexion23.com\/index.php?rest_route=\/wp\/v2\/types\/post"}],"author":[{"embeddable":true,"href":"http:\/\/conexion23.com\/index.php?rest_route=\/wp\/v2\/users\/15"}],"replies":[{"embeddable":true,"href":"http:\/\/conexion23.com\/index.php?rest_route=%2Fwp%2Fv2%2Fcomments&post=38115"}],"version-history":[{"count":1,"href":"http:\/\/conexion23.com\/index.php?rest_route=\/wp\/v2\/posts\/38115\/revisions"}],"predecessor-version":[{"id":38117,"href":"http:\/\/conexion23.com\/index.php?rest_route=\/wp\/v2\/posts\/38115\/revisions\/38117"}],"wp:featuredmedia":[{"embeddable":true,"href":"http:\/\/conexion23.com\/index.php?rest_route=\/wp\/v2\/media\/38116"}],"wp:attachment":[{"href":"http:\/\/conexion23.com\/index.php?rest_route=%2Fwp%2Fv2%2Fmedia&parent=38115"}],"wp:term":[{"taxonomy":"category","embeddable":true,"href":"http:\/\/conexion23.com\/index.php?rest_route=%2Fwp%2Fv2%2Fcategories&post=38115"},{"taxonomy":"post_tag","embeddable":true,"href":"http:\/\/conexion23.com\/index.php?rest_route=%2Fwp%2Fv2%2Ftags&post=38115"}],"curies":[{"name":"wp","href":"https:\/\/api.w.org\/{rel}","templated":true}]}}