{"id":38955,"date":"2025-03-18T08:25:49","date_gmt":"2025-03-18T12:25:49","guid":{"rendered":"https:\/\/conexion23.com\/?p=38955"},"modified":"2025-03-18T08:25:51","modified_gmt":"2025-03-18T12:25:51","slug":"capturan-hombre-con-arma-de-fabricacion-casera-en-villa-pereyra","status":"publish","type":"post","link":"http:\/\/conexion23.com\/?p=38955","title":{"rendered":"Capturan hombre con arma de fabricaci\u00f3n casera en Villa Pereyra"},"content":{"rendered":"\n<p class=\"wp-block-paragraph\">La presencia activa de los patrulleros en el sector de Villa Pereyra result\u00f3 clave para la captura de un hombre que portaba un arma de fabricaci\u00f3n no industrial.<\/p>\n\n\n\n<p class=\"wp-block-paragraph\">El detenido, que mostr\u00f3 una actitud sospechosa mientras transitaba por la calle Duarte, fue abordado por las autoridades para un control rutinario.<\/p>\n\n\n\n<p class=\"wp-block-paragraph\">Durante la inspecci\u00f3n corporal, los agentes encontraron en su poder un arma de fabricaci\u00f3n casera, com\u00fanmente conocida como \u00abchag\u00f3n\u00bb, acompa\u00f1ada de un cartucho calibre 12.<\/p>\n\n\n\n<p class=\"wp-block-paragraph\">Tras el hallazgo, el hombre fue detenido y ser\u00e1 puesto a disposici\u00f3n del Ministerio P\u00fablico para que se lleven a cabo las investigaciones y acciones legales pertinentes.<\/p>\n\n\n\n<p class=\"wp-block-paragraph\">Este procedimiento resalta la eficacia de la vigilancia policial en la prevenci\u00f3n de delitos en la comunidad.<\/p>\n","protected":false},"excerpt":{"rendered":"<p>La presencia activa de los patrulleros en el sector de Villa Pereyra result\u00f3 clave para la captura de un hombre que portaba un arma de fabricaci\u00f3n no industrial. El detenido, que mostr\u00f3 una actitud sospechosa mientras transitaba por la calle Duarte, fue abordado por las autoridades para un control rutinario. Durante la inspecci\u00f3n corporal, los [&hellip;]<\/p>\n","protected":false},"author":15,"featured_media":38956,"comment_status":"open","ping_status":"open","sticky":false,"template":"","format":"standard","meta":{"footnotes":""},"categories":[2473],"tags":[],"class_list":["post-38955","post","type-post","status-publish","format-standard","has-post-thumbnail","category-la-romana"],"yoast_head":"<!-- This site is optimized with the Yoast SEO plugin v27.6 - https:\/\/yoast.com\/product\/yoast-seo-wordpress\/ -->\n<title>Capturan hombre con arma de fabricaci\u00f3n casera en Villa Pereyra - Conexi\u00f3n 23<\/title>\n<meta name=\"robots\" content=\"index, follow, max-snippet:-1, max-image-preview:large, max-video-preview:-1\" \/>\n<link rel=\"canonical\" href=\"http:\/\/conexion23.com\/?p=38955\" \/>\n<meta property=\"og:locale\" content=\"es_ES\" \/>\n<meta property=\"og:type\" content=\"article\" \/>\n<meta property=\"og:title\" content=\"Capturan hombre con arma de fabricaci\u00f3n casera en Villa Pereyra - Conexi\u00f3n 23\" \/>\n<meta property=\"og:description\" content=\"La presencia activa de los patrulleros en el sector de Villa Pereyra result\u00f3 clave para la captura de un hombre que portaba un arma de fabricaci\u00f3n no industrial. El detenido, que mostr\u00f3 una actitud sospechosa mientras transitaba por la calle Duarte, fue abordado por las autoridades para un control rutinario. Durante la inspecci\u00f3n corporal, los [&hellip;]\" \/>\n<meta property=\"og:url\" content=\"http:\/\/conexion23.com\/?p=38955\" \/>\n<meta property=\"og:site_name\" content=\"Conexi\u00f3n 23\" \/>\n<meta property=\"article:publisher\" content=\"https:\/\/www.facebook.com\/conexion23com\" \/>\n<meta property=\"article:published_time\" content=\"2025-03-18T12:25:49+00:00\" \/>\n<meta property=\"article:modified_time\" content=\"2025-03-18T12:25:51+00:00\" \/>\n<meta property=\"og:image\" content=\"http:\/\/conexion23.com\/wp-content\/uploads\/2025\/03\/descarga-1-14.jpg\" \/>\n\t<meta property=\"og:image:width\" content=\"299\" \/>\n\t<meta property=\"og:image:height\" content=\"168\" \/>\n\t<meta property=\"og:image:type\" content=\"image\/jpeg\" \/>\n<meta name=\"author\" content=\"Raffy Ben\u00edtez\" \/>\n<meta name=\"twitter:card\" content=\"summary_large_image\" \/>\n<meta name=\"twitter:label1\" content=\"Escrito por\" \/>\n\t<meta name=\"twitter:data1\" content=\"Raffy Ben\u00edtez\" \/>\n\t<meta name=\"twitter:label2\" content=\"Tiempo de lectura\" \/>\n\t<meta name=\"twitter:data2\" content=\"1 minuto\" \/>\n<script type=\"application\/ld+json\" class=\"yoast-schema-graph\">{\"@context\":\"https:\\\/\\\/schema.org\",\"@graph\":[{\"@type\":\"Article\",\"@id\":\"http:\\\/\\\/conexion23.com\\\/?p=38955#article\",\"isPartOf\":{\"@id\":\"http:\\\/\\\/conexion23.com\\\/?p=38955\"},\"author\":{\"name\":\"Raffy Ben\u00edtez\",\"@id\":\"https:\\\/\\\/conexion23.com\\\/#\\\/schema\\\/person\\\/03e36043331117e97a373299bbcd30a6\"},\"headline\":\"Capturan hombre con arma de fabricaci\u00f3n casera en Villa Pereyra\",\"datePublished\":\"2025-03-18T12:25:49+00:00\",\"dateModified\":\"2025-03-18T12:25:51+00:00\",\"mainEntityOfPage\":{\"@id\":\"http:\\\/\\\/conexion23.com\\\/?p=38955\"},\"wordCount\":138,\"commentCount\":0,\"publisher\":{\"@id\":\"https:\\\/\\\/conexion23.com\\\/#organization\"},\"image\":{\"@id\":\"http:\\\/\\\/conexion23.com\\\/?p=38955#primaryimage\"},\"thumbnailUrl\":\"http:\\\/\\\/conexion23.com\\\/wp-content\\\/uploads\\\/2025\\\/03\\\/descarga-1-14.jpg\",\"articleSection\":[\"La Romana\"],\"inLanguage\":\"es\",\"potentialAction\":[{\"@type\":\"CommentAction\",\"name\":\"Comment\",\"target\":[\"http:\\\/\\\/conexion23.com\\\/?p=38955#respond\"]}]},{\"@type\":\"WebPage\",\"@id\":\"http:\\\/\\\/conexion23.com\\\/?p=38955\",\"url\":\"http:\\\/\\\/conexion23.com\\\/?p=38955\",\"name\":\"Capturan hombre con arma de fabricaci\u00f3n casera en Villa Pereyra - Conexi\u00f3n 23\",\"isPartOf\":{\"@id\":\"https:\\\/\\\/conexion23.com\\\/#website\"},\"primaryImageOfPage\":{\"@id\":\"http:\\\/\\\/conexion23.com\\\/?p=38955#primaryimage\"},\"image\":{\"@id\":\"http:\\\/\\\/conexion23.com\\\/?p=38955#primaryimage\"},\"thumbnailUrl\":\"http:\\\/\\\/conexion23.com\\\/wp-content\\\/uploads\\\/2025\\\/03\\\/descarga-1-14.jpg\",\"datePublished\":\"2025-03-18T12:25:49+00:00\",\"dateModified\":\"2025-03-18T12:25:51+00:00\",\"breadcrumb\":{\"@id\":\"http:\\\/\\\/conexion23.com\\\/?p=38955#breadcrumb\"},\"inLanguage\":\"es\",\"potentialAction\":[{\"@type\":\"ReadAction\",\"target\":[\"http:\\\/\\\/conexion23.com\\\/?p=38955\"]}]},{\"@type\":\"ImageObject\",\"inLanguage\":\"es\",\"@id\":\"http:\\\/\\\/conexion23.com\\\/?p=38955#primaryimage\",\"url\":\"http:\\\/\\\/conexion23.com\\\/wp-content\\\/uploads\\\/2025\\\/03\\\/descarga-1-14.jpg\",\"contentUrl\":\"http:\\\/\\\/conexion23.com\\\/wp-content\\\/uploads\\\/2025\\\/03\\\/descarga-1-14.jpg\",\"width\":299,\"height\":168},{\"@type\":\"BreadcrumbList\",\"@id\":\"http:\\\/\\\/conexion23.com\\\/?p=38955#breadcrumb\",\"itemListElement\":[{\"@type\":\"ListItem\",\"position\":1,\"name\":\"Portada\",\"item\":\"https:\\\/\\\/conexion23.com\\\/\"},{\"@type\":\"ListItem\",\"position\":2,\"name\":\"Capturan hombre con arma de fabricaci\u00f3n casera en Villa Pereyra\"}]},{\"@type\":\"WebSite\",\"@id\":\"https:\\\/\\\/conexion23.com\\\/#website\",\"url\":\"https:\\\/\\\/conexion23.com\\\/\",\"name\":\"Conexi\u00f3n 23\",\"description\":\"Peri\u00f3dico 100% Petromacorisano\",\"publisher\":{\"@id\":\"https:\\\/\\\/conexion23.com\\\/#organization\"},\"potentialAction\":[{\"@type\":\"SearchAction\",\"target\":{\"@type\":\"EntryPoint\",\"urlTemplate\":\"https:\\\/\\\/conexion23.com\\\/?s={search_term_string}\"},\"query-input\":{\"@type\":\"PropertyValueSpecification\",\"valueRequired\":true,\"valueName\":\"search_term_string\"}}],\"inLanguage\":\"es\"},{\"@type\":\"Organization\",\"@id\":\"https:\\\/\\\/conexion23.com\\\/#organization\",\"name\":\"Conexion 23\",\"url\":\"https:\\\/\\\/conexion23.com\\\/\",\"logo\":{\"@type\":\"ImageObject\",\"inLanguage\":\"es\",\"@id\":\"https:\\\/\\\/conexion23.com\\\/#\\\/schema\\\/logo\\\/image\\\/\",\"url\":\"https:\\\/\\\/conexion23.com\\\/wp-content\\\/uploads\\\/2021\\\/11\\\/Diseno-sin-titulo-2.png\",\"contentUrl\":\"https:\\\/\\\/conexion23.com\\\/wp-content\\\/uploads\\\/2021\\\/11\\\/Diseno-sin-titulo-2.png\",\"width\":541,\"height\":90,\"caption\":\"Conexion 23\"},\"image\":{\"@id\":\"https:\\\/\\\/conexion23.com\\\/#\\\/schema\\\/logo\\\/image\\\/\"},\"sameAs\":[\"https:\\\/\\\/www.facebook.com\\\/conexion23com\",\"https:\\\/\\\/www.instagram.com\\\/conexion23com\\\/\",\"https:\\\/\\\/www.youtube.com\\\/channel\\\/UCYc7vxxFZMYLIHNsHHxPZ3Q\"]},{\"@type\":\"Person\",\"@id\":\"https:\\\/\\\/conexion23.com\\\/#\\\/schema\\\/person\\\/03e36043331117e97a373299bbcd30a6\",\"name\":\"Raffy Ben\u00edtez\",\"image\":{\"@type\":\"ImageObject\",\"inLanguage\":\"es\",\"@id\":\"https:\\\/\\\/secure.gravatar.com\\\/avatar\\\/3190a6a6c5e1b0327500f7d6c56b6242472ee6cb974cf09b401ee6b3b0798f23?s=96&d=mm&r=g\",\"url\":\"https:\\\/\\\/secure.gravatar.com\\\/avatar\\\/3190a6a6c5e1b0327500f7d6c56b6242472ee6cb974cf09b401ee6b3b0798f23?s=96&d=mm&r=g\",\"contentUrl\":\"https:\\\/\\\/secure.gravatar.com\\\/avatar\\\/3190a6a6c5e1b0327500f7d6c56b6242472ee6cb974cf09b401ee6b3b0798f23?s=96&d=mm&r=g\",\"caption\":\"Raffy Ben\u00edtez\"},\"url\":\"http:\\\/\\\/conexion23.com\\\/?author=15\"}]}<\/script>\n<!-- \/ Yoast SEO plugin. -->","yoast_head_json":{"title":"Capturan hombre con arma de fabricaci\u00f3n casera en Villa Pereyra - Conexi\u00f3n 23","robots":{"index":"index","follow":"follow","max-snippet":"max-snippet:-1","max-image-preview":"max-image-preview:large","max-video-preview":"max-video-preview:-1"},"canonical":"http:\/\/conexion23.com\/?p=38955","og_locale":"es_ES","og_type":"article","og_title":"Capturan hombre con arma de fabricaci\u00f3n casera en Villa Pereyra - Conexi\u00f3n 23","og_description":"La presencia activa de los patrulleros en el sector de Villa Pereyra result\u00f3 clave para la captura de un hombre que portaba un arma de fabricaci\u00f3n no industrial. El detenido, que mostr\u00f3 una actitud sospechosa mientras transitaba por la calle Duarte, fue abordado por las autoridades para un control rutinario. Durante la inspecci\u00f3n corporal, los [&hellip;]","og_url":"http:\/\/conexion23.com\/?p=38955","og_site_name":"Conexi\u00f3n 23","article_publisher":"https:\/\/www.facebook.com\/conexion23com","article_published_time":"2025-03-18T12:25:49+00:00","article_modified_time":"2025-03-18T12:25:51+00:00","og_image":[{"width":299,"height":168,"url":"http:\/\/conexion23.com\/wp-content\/uploads\/2025\/03\/descarga-1-14.jpg","type":"image\/jpeg"}],"author":"Raffy Ben\u00edtez","twitter_card":"summary_large_image","twitter_misc":{"Escrito por":"Raffy Ben\u00edtez","Tiempo de lectura":"1 minuto"},"schema":{"@context":"https:\/\/schema.org","@graph":[{"@type":"Article","@id":"http:\/\/conexion23.com\/?p=38955#article","isPartOf":{"@id":"http:\/\/conexion23.com\/?p=38955"},"author":{"name":"Raffy Ben\u00edtez","@id":"https:\/\/conexion23.com\/#\/schema\/person\/03e36043331117e97a373299bbcd30a6"},"headline":"Capturan hombre con arma de fabricaci\u00f3n casera en Villa Pereyra","datePublished":"2025-03-18T12:25:49+00:00","dateModified":"2025-03-18T12:25:51+00:00","mainEntityOfPage":{"@id":"http:\/\/conexion23.com\/?p=38955"},"wordCount":138,"commentCount":0,"publisher":{"@id":"https:\/\/conexion23.com\/#organization"},"image":{"@id":"http:\/\/conexion23.com\/?p=38955#primaryimage"},"thumbnailUrl":"http:\/\/conexion23.com\/wp-content\/uploads\/2025\/03\/descarga-1-14.jpg","articleSection":["La Romana"],"inLanguage":"es","potentialAction":[{"@type":"CommentAction","name":"Comment","target":["http:\/\/conexion23.com\/?p=38955#respond"]}]},{"@type":"WebPage","@id":"http:\/\/conexion23.com\/?p=38955","url":"http:\/\/conexion23.com\/?p=38955","name":"Capturan hombre con arma de fabricaci\u00f3n casera en Villa Pereyra - Conexi\u00f3n 23","isPartOf":{"@id":"https:\/\/conexion23.com\/#website"},"primaryImageOfPage":{"@id":"http:\/\/conexion23.com\/?p=38955#primaryimage"},"image":{"@id":"http:\/\/conexion23.com\/?p=38955#primaryimage"},"thumbnailUrl":"http:\/\/conexion23.com\/wp-content\/uploads\/2025\/03\/descarga-1-14.jpg","datePublished":"2025-03-18T12:25:49+00:00","dateModified":"2025-03-18T12:25:51+00:00","breadcrumb":{"@id":"http:\/\/conexion23.com\/?p=38955#breadcrumb"},"inLanguage":"es","potentialAction":[{"@type":"ReadAction","target":["http:\/\/conexion23.com\/?p=38955"]}]},{"@type":"ImageObject","inLanguage":"es","@id":"http:\/\/conexion23.com\/?p=38955#primaryimage","url":"http:\/\/conexion23.com\/wp-content\/uploads\/2025\/03\/descarga-1-14.jpg","contentUrl":"http:\/\/conexion23.com\/wp-content\/uploads\/2025\/03\/descarga-1-14.jpg","width":299,"height":168},{"@type":"BreadcrumbList","@id":"http:\/\/conexion23.com\/?p=38955#breadcrumb","itemListElement":[{"@type":"ListItem","position":1,"name":"Portada","item":"https:\/\/conexion23.com\/"},{"@type":"ListItem","position":2,"name":"Capturan hombre con arma de fabricaci\u00f3n casera en Villa Pereyra"}]},{"@type":"WebSite","@id":"https:\/\/conexion23.com\/#website","url":"https:\/\/conexion23.com\/","name":"Conexi\u00f3n 23","description":"Peri\u00f3dico 100% Petromacorisano","publisher":{"@id":"https:\/\/conexion23.com\/#organization"},"potentialAction":[{"@type":"SearchAction","target":{"@type":"EntryPoint","urlTemplate":"https:\/\/conexion23.com\/?s={search_term_string}"},"query-input":{"@type":"PropertyValueSpecification","valueRequired":true,"valueName":"search_term_string"}}],"inLanguage":"es"},{"@type":"Organization","@id":"https:\/\/conexion23.com\/#organization","name":"Conexion 23","url":"https:\/\/conexion23.com\/","logo":{"@type":"ImageObject","inLanguage":"es","@id":"https:\/\/conexion23.com\/#\/schema\/logo\/image\/","url":"https:\/\/conexion23.com\/wp-content\/uploads\/2021\/11\/Diseno-sin-titulo-2.png","contentUrl":"https:\/\/conexion23.com\/wp-content\/uploads\/2021\/11\/Diseno-sin-titulo-2.png","width":541,"height":90,"caption":"Conexion 23"},"image":{"@id":"https:\/\/conexion23.com\/#\/schema\/logo\/image\/"},"sameAs":["https:\/\/www.facebook.com\/conexion23com","https:\/\/www.instagram.com\/conexion23com\/","https:\/\/www.youtube.com\/channel\/UCYc7vxxFZMYLIHNsHHxPZ3Q"]},{"@type":"Person","@id":"https:\/\/conexion23.com\/#\/schema\/person\/03e36043331117e97a373299bbcd30a6","name":"Raffy Ben\u00edtez","image":{"@type":"ImageObject","inLanguage":"es","@id":"https:\/\/secure.gravatar.com\/avatar\/3190a6a6c5e1b0327500f7d6c56b6242472ee6cb974cf09b401ee6b3b0798f23?s=96&d=mm&r=g","url":"https:\/\/secure.gravatar.com\/avatar\/3190a6a6c5e1b0327500f7d6c56b6242472ee6cb974cf09b401ee6b3b0798f23?s=96&d=mm&r=g","contentUrl":"https:\/\/secure.gravatar.com\/avatar\/3190a6a6c5e1b0327500f7d6c56b6242472ee6cb974cf09b401ee6b3b0798f23?s=96&d=mm&r=g","caption":"Raffy Ben\u00edtez"},"url":"http:\/\/conexion23.com\/?author=15"}]}},"_links":{"self":[{"href":"http:\/\/conexion23.com\/index.php?rest_route=\/wp\/v2\/posts\/38955","targetHints":{"allow":["GET"]}}],"collection":[{"href":"http:\/\/conexion23.com\/index.php?rest_route=\/wp\/v2\/posts"}],"about":[{"href":"http:\/\/conexion23.com\/index.php?rest_route=\/wp\/v2\/types\/post"}],"author":[{"embeddable":true,"href":"http:\/\/conexion23.com\/index.php?rest_route=\/wp\/v2\/users\/15"}],"replies":[{"embeddable":true,"href":"http:\/\/conexion23.com\/index.php?rest_route=%2Fwp%2Fv2%2Fcomments&post=38955"}],"version-history":[{"count":1,"href":"http:\/\/conexion23.com\/index.php?rest_route=\/wp\/v2\/posts\/38955\/revisions"}],"predecessor-version":[{"id":38957,"href":"http:\/\/conexion23.com\/index.php?rest_route=\/wp\/v2\/posts\/38955\/revisions\/38957"}],"wp:featuredmedia":[{"embeddable":true,"href":"http:\/\/conexion23.com\/index.php?rest_route=\/wp\/v2\/media\/38956"}],"wp:attachment":[{"href":"http:\/\/conexion23.com\/index.php?rest_route=%2Fwp%2Fv2%2Fmedia&parent=38955"}],"wp:term":[{"taxonomy":"category","embeddable":true,"href":"http:\/\/conexion23.com\/index.php?rest_route=%2Fwp%2Fv2%2Fcategories&post=38955"},{"taxonomy":"post_tag","embeddable":true,"href":"http:\/\/conexion23.com\/index.php?rest_route=%2Fwp%2Fv2%2Ftags&post=38955"}],"curies":[{"name":"wp","href":"https:\/\/api.w.org\/{rel}","templated":true}]}}