{"id":38958,"date":"2025-03-18T08:27:57","date_gmt":"2025-03-18T12:27:57","guid":{"rendered":"https:\/\/conexion23.com\/?p=38958"},"modified":"2025-03-18T08:27:59","modified_gmt":"2025-03-18T12:27:59","slug":"facturas-electricas-se-disparan-en-higuey-y-usuarios-alegan-no-se-corresponden-con-consumo","status":"publish","type":"post","link":"http:\/\/conexion23.com\/?p=38958","title":{"rendered":"Facturas el\u00e9ctricas se disparan en Hig\u00fcey y usuarios alegan no se corresponden con consumo"},"content":{"rendered":"\n<p class=\"wp-block-paragraph\">Aumentan las denuncias y reclamaciones de clientes por alta facturaci\u00f3n contra la Empresa Distribuidora de Energ\u00eda del Este (Edeeste), en esta ciudad. Afectados en diferentes sectores de Hig\u00fcey califican como \u00ababuso\u00bb las acciones de los administradores de dicha entidad, las cuales afectan directamente la econom\u00eda familiar. Los testimonios sobre la problem\u00e1tica son numerosos.<\/p>\n\n\n\n<p class=\"wp-block-paragraph\">Tal es el caso de Carmen Jim\u00e9nez, de 58 a\u00f1os, quien posee una peque\u00f1a vivienda techada de zinc, con solo dos bombillos, y que seg\u00fan sus declaraciones sol\u00eda pagar una factura de RD$90.00 durante los per\u00edodos administrativos de los presidentes Leonel Fern\u00e1ndez, Hip\u00f3lito Mej\u00eda y Danilo Medina. \u00abSin embargo, a mediados del a\u00f1o pasado, me lleg\u00f3 un recibo de RD$2,200.00. Es una cifra exagerada\u00bb, se\u00f1al\u00f3 Jim\u00e9nez, refiri\u00e9ndose a su casita ubicada en el paraje El Cascajito, en el Cruce Jovina, perteneciente a la secci\u00f3n La Enea, a 17 kil\u00f3metros de Hig\u00fcey.<\/p>\n\n\n\n<p class=\"wp-block-paragraph\">La dama revel\u00f3 que \u00able dije que procedieran a suspender el servicio e inmediatamente me dirig\u00ed a la oficina de Protecci\u00f3n de Usuarios del Servicio El\u00e9ctrico (Protecom), que tiene su oficina en la salida hacia San Rafael del Yuma, con el objetivo de realizar una reclamaci\u00f3n, luego de pagar RD$500.00 por concepto de cinco facturas, de deuda\u00bb. Indic\u00f3 que debi\u00f3 esperar aproximadamente un a\u00f1o, pero finalmente otorgaron el fallo a su favor.<\/p>\n\n\n\n<p class=\"wp-block-paragraph\">El c\u00famulo de reclamaciones en Protecom, instituci\u00f3n intermediaria jur\u00ed- dica entre Edeeste y la ciudadan\u00eda, es tan amplio que los ciudadanos hig\u00fceyanos deben esperar de tres a ocho meses para poder obtener respuestas sobre sus demandas. Asimismo, Santa de la Rosa, quien alquil\u00f3 una casa familiar en el sector S\u00e1vica con tres bombillos de bajo consumo, vio c\u00f3mo se incrementaba el monto de su factura mensual de RD$500.00 a RD$3,000.00.<\/p>\n\n\n\n<p class=\"wp-block-paragraph\">\u00abNo valieron los esfuerzos de hacer reclamos, pues la indolencia se mud\u00f3 a esas oficinas de Edeeste en Hig\u00fcey\u00bb, se\u00f1al\u00f3 la se\u00f1ora, nativa de San Pedro de Macor\u00eds. De igual modo, cientos de usuarios del servicio el\u00e9ctrico manifiestan que, para realizar un reclamo sobre alta facturaci\u00f3n en las oficinas de EDEESTE, la empresa cobra el 30 por ciento de la supuesta deuda para que la petici\u00f3n proceda, seg\u00fan el departamento jur\u00eddico de la entidad.<\/p>\n\n\n\n<p class=\"wp-block-paragraph\">Los ciudadanos dijeron que otra de las anomal\u00edas que se registran en Hig\u00fcey es que, despu\u00e9s de suspender el servicio a un cliente, la factura contin\u00faa aumentando, lo que es interpretado por la ciudadan\u00eda como una actitud arbitraria y violatoria de los derechos humanos y una injusticia social. La se\u00f1ora Marina Ram\u00edrez, de 71 a\u00f1os, residente en Cerro Lindo, ubicado en Villa Cerro, denunci\u00f3 que paga regularmente entre RD$2,000.00 y RD$3,000.00, pero le lleg\u00f3 un recibo de RD$30,267.00.<\/p>\n\n\n\n<p class=\"wp-block-paragraph\">\u00abEsos casos, como el m\u00edo, abundan en Villa Cerro. Incluso en residencias que est\u00e1n cerradas llegan facturas de RD$30,000.00 y RD$40,000.00\u00bb, afirma la dama que ha vivido en el lugar durante 27 a\u00f1os. Expresa que el desorden administrativo de Edeeste se incrementa cada vez m\u00e1s en Hig\u00fcey. De acuerdo con datos de la Superintendencia de Electricidad (SIE), a trav\u00e9s de la entidad conocida como Protecom, se reciben un promedio de 30 reclamaciones al d\u00eda de diferentes barrios del municipio Hig\u00fcey.<\/p>\n","protected":false},"excerpt":{"rendered":"<p>Aumentan las denuncias y reclamaciones de clientes por alta facturaci\u00f3n contra la Empresa Distribuidora de Energ\u00eda del Este (Edeeste), en esta ciudad. Afectados en diferentes sectores de Hig\u00fcey califican como \u00ababuso\u00bb las acciones de los administradores de dicha entidad, las cuales afectan directamente la econom\u00eda familiar. Los testimonios sobre la problem\u00e1tica son numerosos. Tal es [&hellip;]<\/p>\n","protected":false},"author":15,"featured_media":38959,"comment_status":"open","ping_status":"open","sticky":false,"template":"","format":"standard","meta":{"footnotes":""},"categories":[2474],"tags":[],"class_list":["post-38958","post","type-post","status-publish","format-standard","has-post-thumbnail","category-la-altagracia"],"yoast_head":"<!-- This site is optimized with the Yoast SEO plugin v27.6 - https:\/\/yoast.com\/product\/yoast-seo-wordpress\/ -->\n<title>Facturas el\u00e9ctricas se disparan en Hig\u00fcey y usuarios alegan no se corresponden con consumo - Conexi\u00f3n 23<\/title>\n<meta name=\"robots\" content=\"index, follow, max-snippet:-1, max-image-preview:large, max-video-preview:-1\" \/>\n<link rel=\"canonical\" href=\"http:\/\/conexion23.com\/?p=38958\" \/>\n<meta property=\"og:locale\" content=\"es_ES\" \/>\n<meta property=\"og:type\" content=\"article\" \/>\n<meta property=\"og:title\" content=\"Facturas el\u00e9ctricas se disparan en Hig\u00fcey y usuarios alegan no se corresponden con consumo - Conexi\u00f3n 23\" \/>\n<meta property=\"og:description\" content=\"Aumentan las denuncias y reclamaciones de clientes por alta facturaci\u00f3n contra la Empresa Distribuidora de Energ\u00eda del Este (Edeeste), en esta ciudad. Afectados en diferentes sectores de Hig\u00fcey califican como \u00ababuso\u00bb las acciones de los administradores de dicha entidad, las cuales afectan directamente la econom\u00eda familiar. Los testimonios sobre la problem\u00e1tica son numerosos. Tal es [&hellip;]\" \/>\n<meta property=\"og:url\" content=\"http:\/\/conexion23.com\/?p=38958\" \/>\n<meta property=\"og:site_name\" content=\"Conexi\u00f3n 23\" \/>\n<meta property=\"article:publisher\" content=\"https:\/\/www.facebook.com\/conexion23com\" \/>\n<meta property=\"article:published_time\" content=\"2025-03-18T12:27:57+00:00\" \/>\n<meta property=\"article:modified_time\" content=\"2025-03-18T12:27:59+00:00\" \/>\n<meta property=\"og:image\" content=\"http:\/\/conexion23.com\/wp-content\/uploads\/2025\/03\/descarga-2-4.jpg\" \/>\n\t<meta property=\"og:image:width\" content=\"300\" \/>\n\t<meta property=\"og:image:height\" content=\"168\" \/>\n\t<meta property=\"og:image:type\" content=\"image\/jpeg\" \/>\n<meta name=\"author\" content=\"Raffy Ben\u00edtez\" \/>\n<meta name=\"twitter:card\" content=\"summary_large_image\" \/>\n<meta name=\"twitter:label1\" content=\"Escrito por\" \/>\n\t<meta name=\"twitter:data1\" content=\"Raffy Ben\u00edtez\" \/>\n\t<meta name=\"twitter:label2\" content=\"Tiempo de lectura\" \/>\n\t<meta name=\"twitter:data2\" content=\"3 minutos\" \/>\n<script type=\"application\/ld+json\" class=\"yoast-schema-graph\">{\"@context\":\"https:\\\/\\\/schema.org\",\"@graph\":[{\"@type\":\"Article\",\"@id\":\"http:\\\/\\\/conexion23.com\\\/?p=38958#article\",\"isPartOf\":{\"@id\":\"http:\\\/\\\/conexion23.com\\\/?p=38958\"},\"author\":{\"name\":\"Raffy Ben\u00edtez\",\"@id\":\"https:\\\/\\\/conexion23.com\\\/#\\\/schema\\\/person\\\/03e36043331117e97a373299bbcd30a6\"},\"headline\":\"Facturas el\u00e9ctricas se disparan en Hig\u00fcey y usuarios alegan no se corresponden con consumo\",\"datePublished\":\"2025-03-18T12:27:57+00:00\",\"dateModified\":\"2025-03-18T12:27:59+00:00\",\"mainEntityOfPage\":{\"@id\":\"http:\\\/\\\/conexion23.com\\\/?p=38958\"},\"wordCount\":585,\"commentCount\":0,\"publisher\":{\"@id\":\"https:\\\/\\\/conexion23.com\\\/#organization\"},\"image\":{\"@id\":\"http:\\\/\\\/conexion23.com\\\/?p=38958#primaryimage\"},\"thumbnailUrl\":\"http:\\\/\\\/conexion23.com\\\/wp-content\\\/uploads\\\/2025\\\/03\\\/descarga-2-4.jpg\",\"articleSection\":[\"La Altagracia\"],\"inLanguage\":\"es\",\"potentialAction\":[{\"@type\":\"CommentAction\",\"name\":\"Comment\",\"target\":[\"http:\\\/\\\/conexion23.com\\\/?p=38958#respond\"]}]},{\"@type\":\"WebPage\",\"@id\":\"http:\\\/\\\/conexion23.com\\\/?p=38958\",\"url\":\"http:\\\/\\\/conexion23.com\\\/?p=38958\",\"name\":\"Facturas el\u00e9ctricas se disparan en Hig\u00fcey y usuarios alegan no se corresponden con consumo - Conexi\u00f3n 23\",\"isPartOf\":{\"@id\":\"https:\\\/\\\/conexion23.com\\\/#website\"},\"primaryImageOfPage\":{\"@id\":\"http:\\\/\\\/conexion23.com\\\/?p=38958#primaryimage\"},\"image\":{\"@id\":\"http:\\\/\\\/conexion23.com\\\/?p=38958#primaryimage\"},\"thumbnailUrl\":\"http:\\\/\\\/conexion23.com\\\/wp-content\\\/uploads\\\/2025\\\/03\\\/descarga-2-4.jpg\",\"datePublished\":\"2025-03-18T12:27:57+00:00\",\"dateModified\":\"2025-03-18T12:27:59+00:00\",\"breadcrumb\":{\"@id\":\"http:\\\/\\\/conexion23.com\\\/?p=38958#breadcrumb\"},\"inLanguage\":\"es\",\"potentialAction\":[{\"@type\":\"ReadAction\",\"target\":[\"http:\\\/\\\/conexion23.com\\\/?p=38958\"]}]},{\"@type\":\"ImageObject\",\"inLanguage\":\"es\",\"@id\":\"http:\\\/\\\/conexion23.com\\\/?p=38958#primaryimage\",\"url\":\"http:\\\/\\\/conexion23.com\\\/wp-content\\\/uploads\\\/2025\\\/03\\\/descarga-2-4.jpg\",\"contentUrl\":\"http:\\\/\\\/conexion23.com\\\/wp-content\\\/uploads\\\/2025\\\/03\\\/descarga-2-4.jpg\",\"width\":300,\"height\":168},{\"@type\":\"BreadcrumbList\",\"@id\":\"http:\\\/\\\/conexion23.com\\\/?p=38958#breadcrumb\",\"itemListElement\":[{\"@type\":\"ListItem\",\"position\":1,\"name\":\"Portada\",\"item\":\"https:\\\/\\\/conexion23.com\\\/\"},{\"@type\":\"ListItem\",\"position\":2,\"name\":\"Facturas el\u00e9ctricas se disparan en Hig\u00fcey y usuarios alegan no se corresponden con consumo\"}]},{\"@type\":\"WebSite\",\"@id\":\"https:\\\/\\\/conexion23.com\\\/#website\",\"url\":\"https:\\\/\\\/conexion23.com\\\/\",\"name\":\"Conexi\u00f3n 23\",\"description\":\"Peri\u00f3dico 100% Petromacorisano\",\"publisher\":{\"@id\":\"https:\\\/\\\/conexion23.com\\\/#organization\"},\"potentialAction\":[{\"@type\":\"SearchAction\",\"target\":{\"@type\":\"EntryPoint\",\"urlTemplate\":\"https:\\\/\\\/conexion23.com\\\/?s={search_term_string}\"},\"query-input\":{\"@type\":\"PropertyValueSpecification\",\"valueRequired\":true,\"valueName\":\"search_term_string\"}}],\"inLanguage\":\"es\"},{\"@type\":\"Organization\",\"@id\":\"https:\\\/\\\/conexion23.com\\\/#organization\",\"name\":\"Conexion 23\",\"url\":\"https:\\\/\\\/conexion23.com\\\/\",\"logo\":{\"@type\":\"ImageObject\",\"inLanguage\":\"es\",\"@id\":\"https:\\\/\\\/conexion23.com\\\/#\\\/schema\\\/logo\\\/image\\\/\",\"url\":\"https:\\\/\\\/conexion23.com\\\/wp-content\\\/uploads\\\/2021\\\/11\\\/Diseno-sin-titulo-2.png\",\"contentUrl\":\"https:\\\/\\\/conexion23.com\\\/wp-content\\\/uploads\\\/2021\\\/11\\\/Diseno-sin-titulo-2.png\",\"width\":541,\"height\":90,\"caption\":\"Conexion 23\"},\"image\":{\"@id\":\"https:\\\/\\\/conexion23.com\\\/#\\\/schema\\\/logo\\\/image\\\/\"},\"sameAs\":[\"https:\\\/\\\/www.facebook.com\\\/conexion23com\",\"https:\\\/\\\/www.instagram.com\\\/conexion23com\\\/\",\"https:\\\/\\\/www.youtube.com\\\/channel\\\/UCYc7vxxFZMYLIHNsHHxPZ3Q\"]},{\"@type\":\"Person\",\"@id\":\"https:\\\/\\\/conexion23.com\\\/#\\\/schema\\\/person\\\/03e36043331117e97a373299bbcd30a6\",\"name\":\"Raffy Ben\u00edtez\",\"image\":{\"@type\":\"ImageObject\",\"inLanguage\":\"es\",\"@id\":\"https:\\\/\\\/secure.gravatar.com\\\/avatar\\\/3190a6a6c5e1b0327500f7d6c56b6242472ee6cb974cf09b401ee6b3b0798f23?s=96&d=mm&r=g\",\"url\":\"https:\\\/\\\/secure.gravatar.com\\\/avatar\\\/3190a6a6c5e1b0327500f7d6c56b6242472ee6cb974cf09b401ee6b3b0798f23?s=96&d=mm&r=g\",\"contentUrl\":\"https:\\\/\\\/secure.gravatar.com\\\/avatar\\\/3190a6a6c5e1b0327500f7d6c56b6242472ee6cb974cf09b401ee6b3b0798f23?s=96&d=mm&r=g\",\"caption\":\"Raffy Ben\u00edtez\"},\"url\":\"http:\\\/\\\/conexion23.com\\\/?author=15\"}]}<\/script>\n<!-- \/ Yoast SEO plugin. -->","yoast_head_json":{"title":"Facturas el\u00e9ctricas se disparan en Hig\u00fcey y usuarios alegan no se corresponden con consumo - Conexi\u00f3n 23","robots":{"index":"index","follow":"follow","max-snippet":"max-snippet:-1","max-image-preview":"max-image-preview:large","max-video-preview":"max-video-preview:-1"},"canonical":"http:\/\/conexion23.com\/?p=38958","og_locale":"es_ES","og_type":"article","og_title":"Facturas el\u00e9ctricas se disparan en Hig\u00fcey y usuarios alegan no se corresponden con consumo - Conexi\u00f3n 23","og_description":"Aumentan las denuncias y reclamaciones de clientes por alta facturaci\u00f3n contra la Empresa Distribuidora de Energ\u00eda del Este (Edeeste), en esta ciudad. Afectados en diferentes sectores de Hig\u00fcey califican como \u00ababuso\u00bb las acciones de los administradores de dicha entidad, las cuales afectan directamente la econom\u00eda familiar. Los testimonios sobre la problem\u00e1tica son numerosos. Tal es [&hellip;]","og_url":"http:\/\/conexion23.com\/?p=38958","og_site_name":"Conexi\u00f3n 23","article_publisher":"https:\/\/www.facebook.com\/conexion23com","article_published_time":"2025-03-18T12:27:57+00:00","article_modified_time":"2025-03-18T12:27:59+00:00","og_image":[{"width":300,"height":168,"url":"http:\/\/conexion23.com\/wp-content\/uploads\/2025\/03\/descarga-2-4.jpg","type":"image\/jpeg"}],"author":"Raffy Ben\u00edtez","twitter_card":"summary_large_image","twitter_misc":{"Escrito por":"Raffy Ben\u00edtez","Tiempo de lectura":"3 minutos"},"schema":{"@context":"https:\/\/schema.org","@graph":[{"@type":"Article","@id":"http:\/\/conexion23.com\/?p=38958#article","isPartOf":{"@id":"http:\/\/conexion23.com\/?p=38958"},"author":{"name":"Raffy Ben\u00edtez","@id":"https:\/\/conexion23.com\/#\/schema\/person\/03e36043331117e97a373299bbcd30a6"},"headline":"Facturas el\u00e9ctricas se disparan en Hig\u00fcey y usuarios alegan no se corresponden con consumo","datePublished":"2025-03-18T12:27:57+00:00","dateModified":"2025-03-18T12:27:59+00:00","mainEntityOfPage":{"@id":"http:\/\/conexion23.com\/?p=38958"},"wordCount":585,"commentCount":0,"publisher":{"@id":"https:\/\/conexion23.com\/#organization"},"image":{"@id":"http:\/\/conexion23.com\/?p=38958#primaryimage"},"thumbnailUrl":"http:\/\/conexion23.com\/wp-content\/uploads\/2025\/03\/descarga-2-4.jpg","articleSection":["La Altagracia"],"inLanguage":"es","potentialAction":[{"@type":"CommentAction","name":"Comment","target":["http:\/\/conexion23.com\/?p=38958#respond"]}]},{"@type":"WebPage","@id":"http:\/\/conexion23.com\/?p=38958","url":"http:\/\/conexion23.com\/?p=38958","name":"Facturas el\u00e9ctricas se disparan en Hig\u00fcey y usuarios alegan no se corresponden con consumo - Conexi\u00f3n 23","isPartOf":{"@id":"https:\/\/conexion23.com\/#website"},"primaryImageOfPage":{"@id":"http:\/\/conexion23.com\/?p=38958#primaryimage"},"image":{"@id":"http:\/\/conexion23.com\/?p=38958#primaryimage"},"thumbnailUrl":"http:\/\/conexion23.com\/wp-content\/uploads\/2025\/03\/descarga-2-4.jpg","datePublished":"2025-03-18T12:27:57+00:00","dateModified":"2025-03-18T12:27:59+00:00","breadcrumb":{"@id":"http:\/\/conexion23.com\/?p=38958#breadcrumb"},"inLanguage":"es","potentialAction":[{"@type":"ReadAction","target":["http:\/\/conexion23.com\/?p=38958"]}]},{"@type":"ImageObject","inLanguage":"es","@id":"http:\/\/conexion23.com\/?p=38958#primaryimage","url":"http:\/\/conexion23.com\/wp-content\/uploads\/2025\/03\/descarga-2-4.jpg","contentUrl":"http:\/\/conexion23.com\/wp-content\/uploads\/2025\/03\/descarga-2-4.jpg","width":300,"height":168},{"@type":"BreadcrumbList","@id":"http:\/\/conexion23.com\/?p=38958#breadcrumb","itemListElement":[{"@type":"ListItem","position":1,"name":"Portada","item":"https:\/\/conexion23.com\/"},{"@type":"ListItem","position":2,"name":"Facturas el\u00e9ctricas se disparan en Hig\u00fcey y usuarios alegan no se corresponden con consumo"}]},{"@type":"WebSite","@id":"https:\/\/conexion23.com\/#website","url":"https:\/\/conexion23.com\/","name":"Conexi\u00f3n 23","description":"Peri\u00f3dico 100% Petromacorisano","publisher":{"@id":"https:\/\/conexion23.com\/#organization"},"potentialAction":[{"@type":"SearchAction","target":{"@type":"EntryPoint","urlTemplate":"https:\/\/conexion23.com\/?s={search_term_string}"},"query-input":{"@type":"PropertyValueSpecification","valueRequired":true,"valueName":"search_term_string"}}],"inLanguage":"es"},{"@type":"Organization","@id":"https:\/\/conexion23.com\/#organization","name":"Conexion 23","url":"https:\/\/conexion23.com\/","logo":{"@type":"ImageObject","inLanguage":"es","@id":"https:\/\/conexion23.com\/#\/schema\/logo\/image\/","url":"https:\/\/conexion23.com\/wp-content\/uploads\/2021\/11\/Diseno-sin-titulo-2.png","contentUrl":"https:\/\/conexion23.com\/wp-content\/uploads\/2021\/11\/Diseno-sin-titulo-2.png","width":541,"height":90,"caption":"Conexion 23"},"image":{"@id":"https:\/\/conexion23.com\/#\/schema\/logo\/image\/"},"sameAs":["https:\/\/www.facebook.com\/conexion23com","https:\/\/www.instagram.com\/conexion23com\/","https:\/\/www.youtube.com\/channel\/UCYc7vxxFZMYLIHNsHHxPZ3Q"]},{"@type":"Person","@id":"https:\/\/conexion23.com\/#\/schema\/person\/03e36043331117e97a373299bbcd30a6","name":"Raffy Ben\u00edtez","image":{"@type":"ImageObject","inLanguage":"es","@id":"https:\/\/secure.gravatar.com\/avatar\/3190a6a6c5e1b0327500f7d6c56b6242472ee6cb974cf09b401ee6b3b0798f23?s=96&d=mm&r=g","url":"https:\/\/secure.gravatar.com\/avatar\/3190a6a6c5e1b0327500f7d6c56b6242472ee6cb974cf09b401ee6b3b0798f23?s=96&d=mm&r=g","contentUrl":"https:\/\/secure.gravatar.com\/avatar\/3190a6a6c5e1b0327500f7d6c56b6242472ee6cb974cf09b401ee6b3b0798f23?s=96&d=mm&r=g","caption":"Raffy Ben\u00edtez"},"url":"http:\/\/conexion23.com\/?author=15"}]}},"_links":{"self":[{"href":"http:\/\/conexion23.com\/index.php?rest_route=\/wp\/v2\/posts\/38958","targetHints":{"allow":["GET"]}}],"collection":[{"href":"http:\/\/conexion23.com\/index.php?rest_route=\/wp\/v2\/posts"}],"about":[{"href":"http:\/\/conexion23.com\/index.php?rest_route=\/wp\/v2\/types\/post"}],"author":[{"embeddable":true,"href":"http:\/\/conexion23.com\/index.php?rest_route=\/wp\/v2\/users\/15"}],"replies":[{"embeddable":true,"href":"http:\/\/conexion23.com\/index.php?rest_route=%2Fwp%2Fv2%2Fcomments&post=38958"}],"version-history":[{"count":1,"href":"http:\/\/conexion23.com\/index.php?rest_route=\/wp\/v2\/posts\/38958\/revisions"}],"predecessor-version":[{"id":38960,"href":"http:\/\/conexion23.com\/index.php?rest_route=\/wp\/v2\/posts\/38958\/revisions\/38960"}],"wp:featuredmedia":[{"embeddable":true,"href":"http:\/\/conexion23.com\/index.php?rest_route=\/wp\/v2\/media\/38959"}],"wp:attachment":[{"href":"http:\/\/conexion23.com\/index.php?rest_route=%2Fwp%2Fv2%2Fmedia&parent=38958"}],"wp:term":[{"taxonomy":"category","embeddable":true,"href":"http:\/\/conexion23.com\/index.php?rest_route=%2Fwp%2Fv2%2Fcategories&post=38958"},{"taxonomy":"post_tag","embeddable":true,"href":"http:\/\/conexion23.com\/index.php?rest_route=%2Fwp%2Fv2%2Ftags&post=38958"}],"curies":[{"name":"wp","href":"https:\/\/api.w.org\/{rel}","templated":true}]}}