{"id":38962,"date":"2025-03-19T07:11:47","date_gmt":"2025-03-19T11:11:47","guid":{"rendered":"https:\/\/conexion23.com\/?p=38962"},"modified":"2025-03-19T07:11:49","modified_gmt":"2025-03-19T11:11:49","slug":"arrestan-2-dominicanos-ocultaban-indocumentados-en-maletero-de-autobus-en-san-juan-de-la-maguana","status":"publish","type":"post","link":"http:\/\/conexion23.com\/?p=38962","title":{"rendered":"Arrestan 2 dominicanos ocultaban indocumentados en maletero de autob\u00fas en San Juan de la Maguana"},"content":{"rendered":"\n<p class=\"wp-block-paragraph\">Dos hombres fueron detenidos por miembros del Ej\u00e9rcito de Rep\u00fablica Dominicana cuando transportaban a 04 nacionales haitianos en condici\u00f3n migratoria irregular, ocultos en el compartimento de equipaje y la parte trasera de los asientos de un autob\u00fas en San Juan de la Maguana.<\/p>\n\n\n\n<p class=\"wp-block-paragraph\">Los detenidos fueron identificados como Joel De Los Santos Victoriano y Jos\u00e9 Antonio Bruno Calder\u00f3n, quienes abordo del autob\u00fas marca Hyundai, color rosado, placa I-068552 transportaban escondidos a los extranjeros por el km 13 de la Carretera San Juan \u2013Azua.<\/p>\n\n\n\n<p class=\"wp-block-paragraph\">De los Santos Victoriano y Bruno Calder\u00f3n ser\u00e1n enviados ante el Ministerio Publico, junto con el autob\u00fas en el que llevaban a los extranjeros en estatus migratorio irregular, los cuales ser\u00e1n entregados a la Direcci\u00f3n General de Migraci\u00f3n para el proceso de repatriaci\u00f3n.<\/p>\n\n\n\n<p class=\"wp-block-paragraph\"><strong>Otros 32 indocumentados fueron interceptados durante operativos realizados en Santiago Rodr\u00edguez<\/strong><\/p>\n\n\n\n<p class=\"wp-block-paragraph\">Mediante operativos de interdicci\u00f3n realizados por miembros del ERD y del servicio de inteligencia, S-2, interceptaron en el sector San Jos\u00e9, perteneciente a la provincia Santiago Rodr\u00edguez, a 32 nacionales haitianos de los cuales 26 son hombres y 06 mujeres, todos sin documentos, los cuales ser\u00e1n entregados a la DGM para el debido proceso legal.<\/p>\n\n\n\n<p class=\"wp-block-paragraph\"><strong>Otros indocumentados fueron detenidos cuando eran transportados por un nacional haitiano en condici\u00f3n legal en Dajab\u00f3n.<\/strong><\/p>\n\n\n\n<figure class=\"wp-block-embed is-type-rich is-provider-gestor-del-servicio wp-block-embed-gestor-del-servicio\"><div class=\"wp-block-embed__wrapper\">\nhttps:\/\/youtube.com\/watch?v=zA0EgKNfc4Q%3Ffeature%3Doembed\n<\/div><\/figure>\n\n\n\n<p class=\"wp-block-paragraph\">Uniformados del ERD destacados para servicio al puesto de chequeo El Laurel, del distrito municipal Ca\u00f1ongo, provincia Dajab\u00f3n, detuvieron a otros 03 mujeres haitianas en estatus migratorio irregular, las cuales eran trasportadas en el carro Hyundai Sonata color gris, conducido por el tambi\u00e9n nacional haitiano Nelus Awentex, el cual tiene su pasaporte visado vigente.<\/p>\n","protected":false},"excerpt":{"rendered":"<p>Dos hombres fueron detenidos por miembros del Ej\u00e9rcito de Rep\u00fablica Dominicana cuando transportaban a 04 nacionales haitianos en condici\u00f3n migratoria irregular, ocultos en el compartimento de equipaje y la parte trasera de los asientos de un autob\u00fas en San Juan de la Maguana. Los detenidos fueron identificados como Joel De Los Santos Victoriano y Jos\u00e9 [&hellip;]<\/p>\n","protected":false},"author":15,"featured_media":38964,"comment_status":"open","ping_status":"open","sticky":false,"template":"","format":"standard","meta":{"footnotes":""},"categories":[1],"tags":[],"class_list":["post-38962","post","type-post","status-publish","format-standard","has-post-thumbnail","category-uncategorized"],"yoast_head":"<!-- This site is optimized with the Yoast SEO plugin v27.6 - https:\/\/yoast.com\/product\/yoast-seo-wordpress\/ -->\n<title>Arrestan 2 dominicanos ocultaban indocumentados en maletero de autob\u00fas en San Juan de la Maguana - Conexi\u00f3n 23<\/title>\n<meta name=\"robots\" content=\"index, follow, max-snippet:-1, max-image-preview:large, max-video-preview:-1\" \/>\n<link rel=\"canonical\" href=\"http:\/\/conexion23.com\/?p=38962\" \/>\n<meta property=\"og:locale\" content=\"es_ES\" \/>\n<meta property=\"og:type\" content=\"article\" \/>\n<meta property=\"og:title\" content=\"Arrestan 2 dominicanos ocultaban indocumentados en maletero de autob\u00fas en San Juan de la Maguana - Conexi\u00f3n 23\" \/>\n<meta property=\"og:description\" content=\"Dos hombres fueron detenidos por miembros del Ej\u00e9rcito de Rep\u00fablica Dominicana cuando transportaban a 04 nacionales haitianos en condici\u00f3n migratoria irregular, ocultos en el compartimento de equipaje y la parte trasera de los asientos de un autob\u00fas en San Juan de la Maguana. Los detenidos fueron identificados como Joel De Los Santos Victoriano y Jos\u00e9 [&hellip;]\" \/>\n<meta property=\"og:url\" content=\"http:\/\/conexion23.com\/?p=38962\" \/>\n<meta property=\"og:site_name\" content=\"Conexi\u00f3n 23\" \/>\n<meta property=\"article:publisher\" content=\"https:\/\/www.facebook.com\/conexion23com\" \/>\n<meta property=\"article:published_time\" content=\"2025-03-19T11:11:47+00:00\" \/>\n<meta property=\"article:modified_time\" content=\"2025-03-19T11:11:49+00:00\" \/>\n<meta property=\"og:image\" content=\"http:\/\/conexion23.com\/wp-content\/uploads\/2025\/03\/auto-750x375-1.jpg\" \/>\n\t<meta property=\"og:image:width\" content=\"750\" \/>\n\t<meta property=\"og:image:height\" content=\"375\" \/>\n\t<meta property=\"og:image:type\" content=\"image\/jpeg\" \/>\n<meta name=\"author\" content=\"Raffy Ben\u00edtez\" \/>\n<meta name=\"twitter:card\" content=\"summary_large_image\" \/>\n<meta name=\"twitter:label1\" content=\"Escrito por\" \/>\n\t<meta name=\"twitter:data1\" content=\"Raffy Ben\u00edtez\" \/>\n\t<meta name=\"twitter:label2\" content=\"Tiempo de lectura\" \/>\n\t<meta name=\"twitter:data2\" content=\"2 minutos\" \/>\n<script type=\"application\/ld+json\" class=\"yoast-schema-graph\">{\"@context\":\"https:\\\/\\\/schema.org\",\"@graph\":[{\"@type\":\"Article\",\"@id\":\"http:\\\/\\\/conexion23.com\\\/?p=38962#article\",\"isPartOf\":{\"@id\":\"http:\\\/\\\/conexion23.com\\\/?p=38962\"},\"author\":{\"name\":\"Raffy Ben\u00edtez\",\"@id\":\"https:\\\/\\\/conexion23.com\\\/#\\\/schema\\\/person\\\/03e36043331117e97a373299bbcd30a6\"},\"headline\":\"Arrestan 2 dominicanos ocultaban indocumentados en maletero de autob\u00fas en San Juan de la Maguana\",\"datePublished\":\"2025-03-19T11:11:47+00:00\",\"dateModified\":\"2025-03-19T11:11:49+00:00\",\"mainEntityOfPage\":{\"@id\":\"http:\\\/\\\/conexion23.com\\\/?p=38962\"},\"wordCount\":302,\"commentCount\":0,\"publisher\":{\"@id\":\"https:\\\/\\\/conexion23.com\\\/#organization\"},\"image\":{\"@id\":\"http:\\\/\\\/conexion23.com\\\/?p=38962#primaryimage\"},\"thumbnailUrl\":\"http:\\\/\\\/conexion23.com\\\/wp-content\\\/uploads\\\/2025\\\/03\\\/auto-750x375-1.jpg\",\"articleSection\":[\"Uncategorized\"],\"inLanguage\":\"es\",\"potentialAction\":[{\"@type\":\"CommentAction\",\"name\":\"Comment\",\"target\":[\"http:\\\/\\\/conexion23.com\\\/?p=38962#respond\"]}]},{\"@type\":\"WebPage\",\"@id\":\"http:\\\/\\\/conexion23.com\\\/?p=38962\",\"url\":\"http:\\\/\\\/conexion23.com\\\/?p=38962\",\"name\":\"Arrestan 2 dominicanos ocultaban indocumentados en maletero de autob\u00fas en San Juan de la Maguana - Conexi\u00f3n 23\",\"isPartOf\":{\"@id\":\"https:\\\/\\\/conexion23.com\\\/#website\"},\"primaryImageOfPage\":{\"@id\":\"http:\\\/\\\/conexion23.com\\\/?p=38962#primaryimage\"},\"image\":{\"@id\":\"http:\\\/\\\/conexion23.com\\\/?p=38962#primaryimage\"},\"thumbnailUrl\":\"http:\\\/\\\/conexion23.com\\\/wp-content\\\/uploads\\\/2025\\\/03\\\/auto-750x375-1.jpg\",\"datePublished\":\"2025-03-19T11:11:47+00:00\",\"dateModified\":\"2025-03-19T11:11:49+00:00\",\"breadcrumb\":{\"@id\":\"http:\\\/\\\/conexion23.com\\\/?p=38962#breadcrumb\"},\"inLanguage\":\"es\",\"potentialAction\":[{\"@type\":\"ReadAction\",\"target\":[\"http:\\\/\\\/conexion23.com\\\/?p=38962\"]}]},{\"@type\":\"ImageObject\",\"inLanguage\":\"es\",\"@id\":\"http:\\\/\\\/conexion23.com\\\/?p=38962#primaryimage\",\"url\":\"http:\\\/\\\/conexion23.com\\\/wp-content\\\/uploads\\\/2025\\\/03\\\/auto-750x375-1.jpg\",\"contentUrl\":\"http:\\\/\\\/conexion23.com\\\/wp-content\\\/uploads\\\/2025\\\/03\\\/auto-750x375-1.jpg\",\"width\":750,\"height\":375},{\"@type\":\"BreadcrumbList\",\"@id\":\"http:\\\/\\\/conexion23.com\\\/?p=38962#breadcrumb\",\"itemListElement\":[{\"@type\":\"ListItem\",\"position\":1,\"name\":\"Portada\",\"item\":\"https:\\\/\\\/conexion23.com\\\/\"},{\"@type\":\"ListItem\",\"position\":2,\"name\":\"Arrestan 2 dominicanos ocultaban indocumentados en maletero de autob\u00fas en San Juan de la Maguana\"}]},{\"@type\":\"WebSite\",\"@id\":\"https:\\\/\\\/conexion23.com\\\/#website\",\"url\":\"https:\\\/\\\/conexion23.com\\\/\",\"name\":\"Conexi\u00f3n 23\",\"description\":\"Peri\u00f3dico 100% Petromacorisano\",\"publisher\":{\"@id\":\"https:\\\/\\\/conexion23.com\\\/#organization\"},\"potentialAction\":[{\"@type\":\"SearchAction\",\"target\":{\"@type\":\"EntryPoint\",\"urlTemplate\":\"https:\\\/\\\/conexion23.com\\\/?s={search_term_string}\"},\"query-input\":{\"@type\":\"PropertyValueSpecification\",\"valueRequired\":true,\"valueName\":\"search_term_string\"}}],\"inLanguage\":\"es\"},{\"@type\":\"Organization\",\"@id\":\"https:\\\/\\\/conexion23.com\\\/#organization\",\"name\":\"Conexion 23\",\"url\":\"https:\\\/\\\/conexion23.com\\\/\",\"logo\":{\"@type\":\"ImageObject\",\"inLanguage\":\"es\",\"@id\":\"https:\\\/\\\/conexion23.com\\\/#\\\/schema\\\/logo\\\/image\\\/\",\"url\":\"https:\\\/\\\/conexion23.com\\\/wp-content\\\/uploads\\\/2021\\\/11\\\/Diseno-sin-titulo-2.png\",\"contentUrl\":\"https:\\\/\\\/conexion23.com\\\/wp-content\\\/uploads\\\/2021\\\/11\\\/Diseno-sin-titulo-2.png\",\"width\":541,\"height\":90,\"caption\":\"Conexion 23\"},\"image\":{\"@id\":\"https:\\\/\\\/conexion23.com\\\/#\\\/schema\\\/logo\\\/image\\\/\"},\"sameAs\":[\"https:\\\/\\\/www.facebook.com\\\/conexion23com\",\"https:\\\/\\\/www.instagram.com\\\/conexion23com\\\/\",\"https:\\\/\\\/www.youtube.com\\\/channel\\\/UCYc7vxxFZMYLIHNsHHxPZ3Q\"]},{\"@type\":\"Person\",\"@id\":\"https:\\\/\\\/conexion23.com\\\/#\\\/schema\\\/person\\\/03e36043331117e97a373299bbcd30a6\",\"name\":\"Raffy Ben\u00edtez\",\"image\":{\"@type\":\"ImageObject\",\"inLanguage\":\"es\",\"@id\":\"https:\\\/\\\/secure.gravatar.com\\\/avatar\\\/3190a6a6c5e1b0327500f7d6c56b6242472ee6cb974cf09b401ee6b3b0798f23?s=96&d=mm&r=g\",\"url\":\"https:\\\/\\\/secure.gravatar.com\\\/avatar\\\/3190a6a6c5e1b0327500f7d6c56b6242472ee6cb974cf09b401ee6b3b0798f23?s=96&d=mm&r=g\",\"contentUrl\":\"https:\\\/\\\/secure.gravatar.com\\\/avatar\\\/3190a6a6c5e1b0327500f7d6c56b6242472ee6cb974cf09b401ee6b3b0798f23?s=96&d=mm&r=g\",\"caption\":\"Raffy Ben\u00edtez\"},\"url\":\"http:\\\/\\\/conexion23.com\\\/?author=15\"}]}<\/script>\n<!-- \/ Yoast SEO plugin. -->","yoast_head_json":{"title":"Arrestan 2 dominicanos ocultaban indocumentados en maletero de autob\u00fas en San Juan de la Maguana - Conexi\u00f3n 23","robots":{"index":"index","follow":"follow","max-snippet":"max-snippet:-1","max-image-preview":"max-image-preview:large","max-video-preview":"max-video-preview:-1"},"canonical":"http:\/\/conexion23.com\/?p=38962","og_locale":"es_ES","og_type":"article","og_title":"Arrestan 2 dominicanos ocultaban indocumentados en maletero de autob\u00fas en San Juan de la Maguana - Conexi\u00f3n 23","og_description":"Dos hombres fueron detenidos por miembros del Ej\u00e9rcito de Rep\u00fablica Dominicana cuando transportaban a 04 nacionales haitianos en condici\u00f3n migratoria irregular, ocultos en el compartimento de equipaje y la parte trasera de los asientos de un autob\u00fas en San Juan de la Maguana. Los detenidos fueron identificados como Joel De Los Santos Victoriano y Jos\u00e9 [&hellip;]","og_url":"http:\/\/conexion23.com\/?p=38962","og_site_name":"Conexi\u00f3n 23","article_publisher":"https:\/\/www.facebook.com\/conexion23com","article_published_time":"2025-03-19T11:11:47+00:00","article_modified_time":"2025-03-19T11:11:49+00:00","og_image":[{"width":750,"height":375,"url":"http:\/\/conexion23.com\/wp-content\/uploads\/2025\/03\/auto-750x375-1.jpg","type":"image\/jpeg"}],"author":"Raffy Ben\u00edtez","twitter_card":"summary_large_image","twitter_misc":{"Escrito por":"Raffy Ben\u00edtez","Tiempo de lectura":"2 minutos"},"schema":{"@context":"https:\/\/schema.org","@graph":[{"@type":"Article","@id":"http:\/\/conexion23.com\/?p=38962#article","isPartOf":{"@id":"http:\/\/conexion23.com\/?p=38962"},"author":{"name":"Raffy Ben\u00edtez","@id":"https:\/\/conexion23.com\/#\/schema\/person\/03e36043331117e97a373299bbcd30a6"},"headline":"Arrestan 2 dominicanos ocultaban indocumentados en maletero de autob\u00fas en San Juan de la Maguana","datePublished":"2025-03-19T11:11:47+00:00","dateModified":"2025-03-19T11:11:49+00:00","mainEntityOfPage":{"@id":"http:\/\/conexion23.com\/?p=38962"},"wordCount":302,"commentCount":0,"publisher":{"@id":"https:\/\/conexion23.com\/#organization"},"image":{"@id":"http:\/\/conexion23.com\/?p=38962#primaryimage"},"thumbnailUrl":"http:\/\/conexion23.com\/wp-content\/uploads\/2025\/03\/auto-750x375-1.jpg","articleSection":["Uncategorized"],"inLanguage":"es","potentialAction":[{"@type":"CommentAction","name":"Comment","target":["http:\/\/conexion23.com\/?p=38962#respond"]}]},{"@type":"WebPage","@id":"http:\/\/conexion23.com\/?p=38962","url":"http:\/\/conexion23.com\/?p=38962","name":"Arrestan 2 dominicanos ocultaban indocumentados en maletero de autob\u00fas en San Juan de la Maguana - Conexi\u00f3n 23","isPartOf":{"@id":"https:\/\/conexion23.com\/#website"},"primaryImageOfPage":{"@id":"http:\/\/conexion23.com\/?p=38962#primaryimage"},"image":{"@id":"http:\/\/conexion23.com\/?p=38962#primaryimage"},"thumbnailUrl":"http:\/\/conexion23.com\/wp-content\/uploads\/2025\/03\/auto-750x375-1.jpg","datePublished":"2025-03-19T11:11:47+00:00","dateModified":"2025-03-19T11:11:49+00:00","breadcrumb":{"@id":"http:\/\/conexion23.com\/?p=38962#breadcrumb"},"inLanguage":"es","potentialAction":[{"@type":"ReadAction","target":["http:\/\/conexion23.com\/?p=38962"]}]},{"@type":"ImageObject","inLanguage":"es","@id":"http:\/\/conexion23.com\/?p=38962#primaryimage","url":"http:\/\/conexion23.com\/wp-content\/uploads\/2025\/03\/auto-750x375-1.jpg","contentUrl":"http:\/\/conexion23.com\/wp-content\/uploads\/2025\/03\/auto-750x375-1.jpg","width":750,"height":375},{"@type":"BreadcrumbList","@id":"http:\/\/conexion23.com\/?p=38962#breadcrumb","itemListElement":[{"@type":"ListItem","position":1,"name":"Portada","item":"https:\/\/conexion23.com\/"},{"@type":"ListItem","position":2,"name":"Arrestan 2 dominicanos ocultaban indocumentados en maletero de autob\u00fas en San Juan de la Maguana"}]},{"@type":"WebSite","@id":"https:\/\/conexion23.com\/#website","url":"https:\/\/conexion23.com\/","name":"Conexi\u00f3n 23","description":"Peri\u00f3dico 100% Petromacorisano","publisher":{"@id":"https:\/\/conexion23.com\/#organization"},"potentialAction":[{"@type":"SearchAction","target":{"@type":"EntryPoint","urlTemplate":"https:\/\/conexion23.com\/?s={search_term_string}"},"query-input":{"@type":"PropertyValueSpecification","valueRequired":true,"valueName":"search_term_string"}}],"inLanguage":"es"},{"@type":"Organization","@id":"https:\/\/conexion23.com\/#organization","name":"Conexion 23","url":"https:\/\/conexion23.com\/","logo":{"@type":"ImageObject","inLanguage":"es","@id":"https:\/\/conexion23.com\/#\/schema\/logo\/image\/","url":"https:\/\/conexion23.com\/wp-content\/uploads\/2021\/11\/Diseno-sin-titulo-2.png","contentUrl":"https:\/\/conexion23.com\/wp-content\/uploads\/2021\/11\/Diseno-sin-titulo-2.png","width":541,"height":90,"caption":"Conexion 23"},"image":{"@id":"https:\/\/conexion23.com\/#\/schema\/logo\/image\/"},"sameAs":["https:\/\/www.facebook.com\/conexion23com","https:\/\/www.instagram.com\/conexion23com\/","https:\/\/www.youtube.com\/channel\/UCYc7vxxFZMYLIHNsHHxPZ3Q"]},{"@type":"Person","@id":"https:\/\/conexion23.com\/#\/schema\/person\/03e36043331117e97a373299bbcd30a6","name":"Raffy Ben\u00edtez","image":{"@type":"ImageObject","inLanguage":"es","@id":"https:\/\/secure.gravatar.com\/avatar\/3190a6a6c5e1b0327500f7d6c56b6242472ee6cb974cf09b401ee6b3b0798f23?s=96&d=mm&r=g","url":"https:\/\/secure.gravatar.com\/avatar\/3190a6a6c5e1b0327500f7d6c56b6242472ee6cb974cf09b401ee6b3b0798f23?s=96&d=mm&r=g","contentUrl":"https:\/\/secure.gravatar.com\/avatar\/3190a6a6c5e1b0327500f7d6c56b6242472ee6cb974cf09b401ee6b3b0798f23?s=96&d=mm&r=g","caption":"Raffy Ben\u00edtez"},"url":"http:\/\/conexion23.com\/?author=15"}]}},"_links":{"self":[{"href":"http:\/\/conexion23.com\/index.php?rest_route=\/wp\/v2\/posts\/38962","targetHints":{"allow":["GET"]}}],"collection":[{"href":"http:\/\/conexion23.com\/index.php?rest_route=\/wp\/v2\/posts"}],"about":[{"href":"http:\/\/conexion23.com\/index.php?rest_route=\/wp\/v2\/types\/post"}],"author":[{"embeddable":true,"href":"http:\/\/conexion23.com\/index.php?rest_route=\/wp\/v2\/users\/15"}],"replies":[{"embeddable":true,"href":"http:\/\/conexion23.com\/index.php?rest_route=%2Fwp%2Fv2%2Fcomments&post=38962"}],"version-history":[{"count":1,"href":"http:\/\/conexion23.com\/index.php?rest_route=\/wp\/v2\/posts\/38962\/revisions"}],"predecessor-version":[{"id":38965,"href":"http:\/\/conexion23.com\/index.php?rest_route=\/wp\/v2\/posts\/38962\/revisions\/38965"}],"wp:featuredmedia":[{"embeddable":true,"href":"http:\/\/conexion23.com\/index.php?rest_route=\/wp\/v2\/media\/38964"}],"wp:attachment":[{"href":"http:\/\/conexion23.com\/index.php?rest_route=%2Fwp%2Fv2%2Fmedia&parent=38962"}],"wp:term":[{"taxonomy":"category","embeddable":true,"href":"http:\/\/conexion23.com\/index.php?rest_route=%2Fwp%2Fv2%2Fcategories&post=38962"},{"taxonomy":"post_tag","embeddable":true,"href":"http:\/\/conexion23.com\/index.php?rest_route=%2Fwp%2Fv2%2Ftags&post=38962"}],"curies":[{"name":"wp","href":"https:\/\/api.w.org\/{rel}","templated":true}]}}