{"id":38972,"date":"2025-03-19T07:21:00","date_gmt":"2025-03-19T11:21:00","guid":{"rendered":"https:\/\/conexion23.com\/?p=38972"},"modified":"2025-03-19T07:21:03","modified_gmt":"2025-03-19T11:21:03","slug":"nino-de-8-anos-muere-tras-ser-atropellado-en-batey-algodon","status":"publish","type":"post","link":"http:\/\/conexion23.com\/?p=38972","title":{"rendered":"Ni\u00f1o de 8 a\u00f1os muere tras ser atropellado en Batey Algod\u00f3n"},"content":{"rendered":"\n<p class=\"wp-block-paragraph\">Un tr\u00e1gico accidente vial cobr\u00f3 la vida de un menor de 8 a\u00f1os la noche de&nbsp;ayer&nbsp;lunes en la comunidad de Batey Algod\u00f3n, provincia Barahona.<\/p>\n\n\n\n<p class=\"wp-block-paragraph\">La v\u00edctima fue identificada como Yeicor Encarnaci\u00f3n, quien falleci\u00f3 mientras recib\u00eda atenci\u00f3n en la sala de emergencias del Hospital Universitario Regional Jaime Mota, tras sufrir politraumatismos severos.<\/p>\n\n\n\n<p class=\"wp-block-paragraph\">Seg\u00fan testigos, el conductor del veh\u00edculo involucrado se dio a la fuga inmediatamente despu\u00e9s del impacto, sin que hasta el momento se tengan detalles sobre su identidad.<\/p>\n\n\n\n<p class=\"wp-block-paragraph\">Yeicor resid\u00eda en la calle principal de Batey Algod\u00f3n junto a su madre, Ana Luc\u00eda Encarnaci\u00f3n, de 21 a\u00f1os, quien ahora clama por justicia.<\/p>\n\n\n\n<p class=\"wp-block-paragraph\">Miembros de la Polic\u00eda Nacional han habierto las investigaciones para dar con el paradero del responsable del hecho, ocurrido alrededor de las 9:30 de la noche en la citada localidad.<\/p>\n","protected":false},"excerpt":{"rendered":"<p>Un tr\u00e1gico accidente vial cobr\u00f3 la vida de un menor de 8 a\u00f1os la noche de&nbsp;ayer&nbsp;lunes en la comunidad de Batey Algod\u00f3n, provincia Barahona. La v\u00edctima fue identificada como Yeicor Encarnaci\u00f3n, quien falleci\u00f3 mientras recib\u00eda atenci\u00f3n en la sala de emergencias del Hospital Universitario Regional Jaime Mota, tras sufrir politraumatismos severos. Seg\u00fan testigos, el conductor [&hellip;]<\/p>\n","protected":false},"author":15,"featured_media":38973,"comment_status":"open","ping_status":"open","sticky":false,"template":"","format":"standard","meta":{"footnotes":""},"categories":[1],"tags":[],"class_list":["post-38972","post","type-post","status-publish","format-standard","has-post-thumbnail","category-uncategorized"],"yoast_head":"<!-- This site is optimized with the Yoast SEO plugin v27.6 - https:\/\/yoast.com\/product\/yoast-seo-wordpress\/ -->\n<title>Ni\u00f1o de 8 a\u00f1os muere tras ser atropellado en Batey Algod\u00f3n - Conexi\u00f3n 23<\/title>\n<meta name=\"robots\" content=\"index, follow, max-snippet:-1, max-image-preview:large, max-video-preview:-1\" \/>\n<link rel=\"canonical\" href=\"http:\/\/conexion23.com\/?p=38972\" \/>\n<meta property=\"og:locale\" content=\"es_ES\" \/>\n<meta property=\"og:type\" content=\"article\" \/>\n<meta property=\"og:title\" content=\"Ni\u00f1o de 8 a\u00f1os muere tras ser atropellado en Batey Algod\u00f3n - Conexi\u00f3n 23\" \/>\n<meta property=\"og:description\" content=\"Un tr\u00e1gico accidente vial cobr\u00f3 la vida de un menor de 8 a\u00f1os la noche de&nbsp;ayer&nbsp;lunes en la comunidad de Batey Algod\u00f3n, provincia Barahona. La v\u00edctima fue identificada como Yeicor Encarnaci\u00f3n, quien falleci\u00f3 mientras recib\u00eda atenci\u00f3n en la sala de emergencias del Hospital Universitario Regional Jaime Mota, tras sufrir politraumatismos severos. Seg\u00fan testigos, el conductor [&hellip;]\" \/>\n<meta property=\"og:url\" content=\"http:\/\/conexion23.com\/?p=38972\" \/>\n<meta property=\"og:site_name\" content=\"Conexi\u00f3n 23\" \/>\n<meta property=\"article:publisher\" content=\"https:\/\/www.facebook.com\/conexion23com\" \/>\n<meta property=\"article:published_time\" content=\"2025-03-19T11:21:00+00:00\" \/>\n<meta property=\"article:modified_time\" content=\"2025-03-19T11:21:03+00:00\" \/>\n<meta property=\"og:image\" content=\"http:\/\/conexion23.com\/wp-content\/uploads\/2025\/03\/Nino-atropellado.webp\" \/>\n\t<meta property=\"og:image:width\" content=\"438\" \/>\n\t<meta property=\"og:image:height\" content=\"298\" \/>\n\t<meta property=\"og:image:type\" content=\"image\/webp\" \/>\n<meta name=\"author\" content=\"Raffy Ben\u00edtez\" \/>\n<meta name=\"twitter:card\" content=\"summary_large_image\" \/>\n<meta name=\"twitter:label1\" content=\"Escrito por\" \/>\n\t<meta name=\"twitter:data1\" content=\"Raffy Ben\u00edtez\" \/>\n\t<meta name=\"twitter:label2\" content=\"Tiempo de lectura\" \/>\n\t<meta name=\"twitter:data2\" content=\"1 minuto\" \/>\n<script type=\"application\/ld+json\" class=\"yoast-schema-graph\">{\"@context\":\"https:\\\/\\\/schema.org\",\"@graph\":[{\"@type\":\"Article\",\"@id\":\"http:\\\/\\\/conexion23.com\\\/?p=38972#article\",\"isPartOf\":{\"@id\":\"http:\\\/\\\/conexion23.com\\\/?p=38972\"},\"author\":{\"name\":\"Raffy Ben\u00edtez\",\"@id\":\"https:\\\/\\\/conexion23.com\\\/#\\\/schema\\\/person\\\/03e36043331117e97a373299bbcd30a6\"},\"headline\":\"Ni\u00f1o de 8 a\u00f1os muere tras ser atropellado en Batey Algod\u00f3n\",\"datePublished\":\"2025-03-19T11:21:00+00:00\",\"dateModified\":\"2025-03-19T11:21:03+00:00\",\"mainEntityOfPage\":{\"@id\":\"http:\\\/\\\/conexion23.com\\\/?p=38972\"},\"wordCount\":162,\"commentCount\":0,\"publisher\":{\"@id\":\"https:\\\/\\\/conexion23.com\\\/#organization\"},\"image\":{\"@id\":\"http:\\\/\\\/conexion23.com\\\/?p=38972#primaryimage\"},\"thumbnailUrl\":\"http:\\\/\\\/conexion23.com\\\/wp-content\\\/uploads\\\/2025\\\/03\\\/Nino-atropellado.webp\",\"articleSection\":[\"Uncategorized\"],\"inLanguage\":\"es\",\"potentialAction\":[{\"@type\":\"CommentAction\",\"name\":\"Comment\",\"target\":[\"http:\\\/\\\/conexion23.com\\\/?p=38972#respond\"]}]},{\"@type\":\"WebPage\",\"@id\":\"http:\\\/\\\/conexion23.com\\\/?p=38972\",\"url\":\"http:\\\/\\\/conexion23.com\\\/?p=38972\",\"name\":\"Ni\u00f1o de 8 a\u00f1os muere tras ser atropellado en Batey Algod\u00f3n - Conexi\u00f3n 23\",\"isPartOf\":{\"@id\":\"https:\\\/\\\/conexion23.com\\\/#website\"},\"primaryImageOfPage\":{\"@id\":\"http:\\\/\\\/conexion23.com\\\/?p=38972#primaryimage\"},\"image\":{\"@id\":\"http:\\\/\\\/conexion23.com\\\/?p=38972#primaryimage\"},\"thumbnailUrl\":\"http:\\\/\\\/conexion23.com\\\/wp-content\\\/uploads\\\/2025\\\/03\\\/Nino-atropellado.webp\",\"datePublished\":\"2025-03-19T11:21:00+00:00\",\"dateModified\":\"2025-03-19T11:21:03+00:00\",\"breadcrumb\":{\"@id\":\"http:\\\/\\\/conexion23.com\\\/?p=38972#breadcrumb\"},\"inLanguage\":\"es\",\"potentialAction\":[{\"@type\":\"ReadAction\",\"target\":[\"http:\\\/\\\/conexion23.com\\\/?p=38972\"]}]},{\"@type\":\"ImageObject\",\"inLanguage\":\"es\",\"@id\":\"http:\\\/\\\/conexion23.com\\\/?p=38972#primaryimage\",\"url\":\"http:\\\/\\\/conexion23.com\\\/wp-content\\\/uploads\\\/2025\\\/03\\\/Nino-atropellado.webp\",\"contentUrl\":\"http:\\\/\\\/conexion23.com\\\/wp-content\\\/uploads\\\/2025\\\/03\\\/Nino-atropellado.webp\",\"width\":438,\"height\":298},{\"@type\":\"BreadcrumbList\",\"@id\":\"http:\\\/\\\/conexion23.com\\\/?p=38972#breadcrumb\",\"itemListElement\":[{\"@type\":\"ListItem\",\"position\":1,\"name\":\"Portada\",\"item\":\"https:\\\/\\\/conexion23.com\\\/\"},{\"@type\":\"ListItem\",\"position\":2,\"name\":\"Ni\u00f1o de 8 a\u00f1os muere tras ser atropellado en Batey Algod\u00f3n\"}]},{\"@type\":\"WebSite\",\"@id\":\"https:\\\/\\\/conexion23.com\\\/#website\",\"url\":\"https:\\\/\\\/conexion23.com\\\/\",\"name\":\"Conexi\u00f3n 23\",\"description\":\"Peri\u00f3dico 100% Petromacorisano\",\"publisher\":{\"@id\":\"https:\\\/\\\/conexion23.com\\\/#organization\"},\"potentialAction\":[{\"@type\":\"SearchAction\",\"target\":{\"@type\":\"EntryPoint\",\"urlTemplate\":\"https:\\\/\\\/conexion23.com\\\/?s={search_term_string}\"},\"query-input\":{\"@type\":\"PropertyValueSpecification\",\"valueRequired\":true,\"valueName\":\"search_term_string\"}}],\"inLanguage\":\"es\"},{\"@type\":\"Organization\",\"@id\":\"https:\\\/\\\/conexion23.com\\\/#organization\",\"name\":\"Conexion 23\",\"url\":\"https:\\\/\\\/conexion23.com\\\/\",\"logo\":{\"@type\":\"ImageObject\",\"inLanguage\":\"es\",\"@id\":\"https:\\\/\\\/conexion23.com\\\/#\\\/schema\\\/logo\\\/image\\\/\",\"url\":\"https:\\\/\\\/conexion23.com\\\/wp-content\\\/uploads\\\/2021\\\/11\\\/Diseno-sin-titulo-2.png\",\"contentUrl\":\"https:\\\/\\\/conexion23.com\\\/wp-content\\\/uploads\\\/2021\\\/11\\\/Diseno-sin-titulo-2.png\",\"width\":541,\"height\":90,\"caption\":\"Conexion 23\"},\"image\":{\"@id\":\"https:\\\/\\\/conexion23.com\\\/#\\\/schema\\\/logo\\\/image\\\/\"},\"sameAs\":[\"https:\\\/\\\/www.facebook.com\\\/conexion23com\",\"https:\\\/\\\/www.instagram.com\\\/conexion23com\\\/\",\"https:\\\/\\\/www.youtube.com\\\/channel\\\/UCYc7vxxFZMYLIHNsHHxPZ3Q\"]},{\"@type\":\"Person\",\"@id\":\"https:\\\/\\\/conexion23.com\\\/#\\\/schema\\\/person\\\/03e36043331117e97a373299bbcd30a6\",\"name\":\"Raffy Ben\u00edtez\",\"image\":{\"@type\":\"ImageObject\",\"inLanguage\":\"es\",\"@id\":\"https:\\\/\\\/secure.gravatar.com\\\/avatar\\\/3190a6a6c5e1b0327500f7d6c56b6242472ee6cb974cf09b401ee6b3b0798f23?s=96&d=mm&r=g\",\"url\":\"https:\\\/\\\/secure.gravatar.com\\\/avatar\\\/3190a6a6c5e1b0327500f7d6c56b6242472ee6cb974cf09b401ee6b3b0798f23?s=96&d=mm&r=g\",\"contentUrl\":\"https:\\\/\\\/secure.gravatar.com\\\/avatar\\\/3190a6a6c5e1b0327500f7d6c56b6242472ee6cb974cf09b401ee6b3b0798f23?s=96&d=mm&r=g\",\"caption\":\"Raffy Ben\u00edtez\"},\"url\":\"http:\\\/\\\/conexion23.com\\\/?author=15\"}]}<\/script>\n<!-- \/ Yoast SEO plugin. -->","yoast_head_json":{"title":"Ni\u00f1o de 8 a\u00f1os muere tras ser atropellado en Batey Algod\u00f3n - Conexi\u00f3n 23","robots":{"index":"index","follow":"follow","max-snippet":"max-snippet:-1","max-image-preview":"max-image-preview:large","max-video-preview":"max-video-preview:-1"},"canonical":"http:\/\/conexion23.com\/?p=38972","og_locale":"es_ES","og_type":"article","og_title":"Ni\u00f1o de 8 a\u00f1os muere tras ser atropellado en Batey Algod\u00f3n - Conexi\u00f3n 23","og_description":"Un tr\u00e1gico accidente vial cobr\u00f3 la vida de un menor de 8 a\u00f1os la noche de&nbsp;ayer&nbsp;lunes en la comunidad de Batey Algod\u00f3n, provincia Barahona. La v\u00edctima fue identificada como Yeicor Encarnaci\u00f3n, quien falleci\u00f3 mientras recib\u00eda atenci\u00f3n en la sala de emergencias del Hospital Universitario Regional Jaime Mota, tras sufrir politraumatismos severos. Seg\u00fan testigos, el conductor [&hellip;]","og_url":"http:\/\/conexion23.com\/?p=38972","og_site_name":"Conexi\u00f3n 23","article_publisher":"https:\/\/www.facebook.com\/conexion23com","article_published_time":"2025-03-19T11:21:00+00:00","article_modified_time":"2025-03-19T11:21:03+00:00","og_image":[{"width":438,"height":298,"url":"http:\/\/conexion23.com\/wp-content\/uploads\/2025\/03\/Nino-atropellado.webp","type":"image\/webp"}],"author":"Raffy Ben\u00edtez","twitter_card":"summary_large_image","twitter_misc":{"Escrito por":"Raffy Ben\u00edtez","Tiempo de lectura":"1 minuto"},"schema":{"@context":"https:\/\/schema.org","@graph":[{"@type":"Article","@id":"http:\/\/conexion23.com\/?p=38972#article","isPartOf":{"@id":"http:\/\/conexion23.com\/?p=38972"},"author":{"name":"Raffy Ben\u00edtez","@id":"https:\/\/conexion23.com\/#\/schema\/person\/03e36043331117e97a373299bbcd30a6"},"headline":"Ni\u00f1o de 8 a\u00f1os muere tras ser atropellado en Batey Algod\u00f3n","datePublished":"2025-03-19T11:21:00+00:00","dateModified":"2025-03-19T11:21:03+00:00","mainEntityOfPage":{"@id":"http:\/\/conexion23.com\/?p=38972"},"wordCount":162,"commentCount":0,"publisher":{"@id":"https:\/\/conexion23.com\/#organization"},"image":{"@id":"http:\/\/conexion23.com\/?p=38972#primaryimage"},"thumbnailUrl":"http:\/\/conexion23.com\/wp-content\/uploads\/2025\/03\/Nino-atropellado.webp","articleSection":["Uncategorized"],"inLanguage":"es","potentialAction":[{"@type":"CommentAction","name":"Comment","target":["http:\/\/conexion23.com\/?p=38972#respond"]}]},{"@type":"WebPage","@id":"http:\/\/conexion23.com\/?p=38972","url":"http:\/\/conexion23.com\/?p=38972","name":"Ni\u00f1o de 8 a\u00f1os muere tras ser atropellado en Batey Algod\u00f3n - Conexi\u00f3n 23","isPartOf":{"@id":"https:\/\/conexion23.com\/#website"},"primaryImageOfPage":{"@id":"http:\/\/conexion23.com\/?p=38972#primaryimage"},"image":{"@id":"http:\/\/conexion23.com\/?p=38972#primaryimage"},"thumbnailUrl":"http:\/\/conexion23.com\/wp-content\/uploads\/2025\/03\/Nino-atropellado.webp","datePublished":"2025-03-19T11:21:00+00:00","dateModified":"2025-03-19T11:21:03+00:00","breadcrumb":{"@id":"http:\/\/conexion23.com\/?p=38972#breadcrumb"},"inLanguage":"es","potentialAction":[{"@type":"ReadAction","target":["http:\/\/conexion23.com\/?p=38972"]}]},{"@type":"ImageObject","inLanguage":"es","@id":"http:\/\/conexion23.com\/?p=38972#primaryimage","url":"http:\/\/conexion23.com\/wp-content\/uploads\/2025\/03\/Nino-atropellado.webp","contentUrl":"http:\/\/conexion23.com\/wp-content\/uploads\/2025\/03\/Nino-atropellado.webp","width":438,"height":298},{"@type":"BreadcrumbList","@id":"http:\/\/conexion23.com\/?p=38972#breadcrumb","itemListElement":[{"@type":"ListItem","position":1,"name":"Portada","item":"https:\/\/conexion23.com\/"},{"@type":"ListItem","position":2,"name":"Ni\u00f1o de 8 a\u00f1os muere tras ser atropellado en Batey Algod\u00f3n"}]},{"@type":"WebSite","@id":"https:\/\/conexion23.com\/#website","url":"https:\/\/conexion23.com\/","name":"Conexi\u00f3n 23","description":"Peri\u00f3dico 100% Petromacorisano","publisher":{"@id":"https:\/\/conexion23.com\/#organization"},"potentialAction":[{"@type":"SearchAction","target":{"@type":"EntryPoint","urlTemplate":"https:\/\/conexion23.com\/?s={search_term_string}"},"query-input":{"@type":"PropertyValueSpecification","valueRequired":true,"valueName":"search_term_string"}}],"inLanguage":"es"},{"@type":"Organization","@id":"https:\/\/conexion23.com\/#organization","name":"Conexion 23","url":"https:\/\/conexion23.com\/","logo":{"@type":"ImageObject","inLanguage":"es","@id":"https:\/\/conexion23.com\/#\/schema\/logo\/image\/","url":"https:\/\/conexion23.com\/wp-content\/uploads\/2021\/11\/Diseno-sin-titulo-2.png","contentUrl":"https:\/\/conexion23.com\/wp-content\/uploads\/2021\/11\/Diseno-sin-titulo-2.png","width":541,"height":90,"caption":"Conexion 23"},"image":{"@id":"https:\/\/conexion23.com\/#\/schema\/logo\/image\/"},"sameAs":["https:\/\/www.facebook.com\/conexion23com","https:\/\/www.instagram.com\/conexion23com\/","https:\/\/www.youtube.com\/channel\/UCYc7vxxFZMYLIHNsHHxPZ3Q"]},{"@type":"Person","@id":"https:\/\/conexion23.com\/#\/schema\/person\/03e36043331117e97a373299bbcd30a6","name":"Raffy Ben\u00edtez","image":{"@type":"ImageObject","inLanguage":"es","@id":"https:\/\/secure.gravatar.com\/avatar\/3190a6a6c5e1b0327500f7d6c56b6242472ee6cb974cf09b401ee6b3b0798f23?s=96&d=mm&r=g","url":"https:\/\/secure.gravatar.com\/avatar\/3190a6a6c5e1b0327500f7d6c56b6242472ee6cb974cf09b401ee6b3b0798f23?s=96&d=mm&r=g","contentUrl":"https:\/\/secure.gravatar.com\/avatar\/3190a6a6c5e1b0327500f7d6c56b6242472ee6cb974cf09b401ee6b3b0798f23?s=96&d=mm&r=g","caption":"Raffy Ben\u00edtez"},"url":"http:\/\/conexion23.com\/?author=15"}]}},"_links":{"self":[{"href":"http:\/\/conexion23.com\/index.php?rest_route=\/wp\/v2\/posts\/38972","targetHints":{"allow":["GET"]}}],"collection":[{"href":"http:\/\/conexion23.com\/index.php?rest_route=\/wp\/v2\/posts"}],"about":[{"href":"http:\/\/conexion23.com\/index.php?rest_route=\/wp\/v2\/types\/post"}],"author":[{"embeddable":true,"href":"http:\/\/conexion23.com\/index.php?rest_route=\/wp\/v2\/users\/15"}],"replies":[{"embeddable":true,"href":"http:\/\/conexion23.com\/index.php?rest_route=%2Fwp%2Fv2%2Fcomments&post=38972"}],"version-history":[{"count":1,"href":"http:\/\/conexion23.com\/index.php?rest_route=\/wp\/v2\/posts\/38972\/revisions"}],"predecessor-version":[{"id":38974,"href":"http:\/\/conexion23.com\/index.php?rest_route=\/wp\/v2\/posts\/38972\/revisions\/38974"}],"wp:featuredmedia":[{"embeddable":true,"href":"http:\/\/conexion23.com\/index.php?rest_route=\/wp\/v2\/media\/38973"}],"wp:attachment":[{"href":"http:\/\/conexion23.com\/index.php?rest_route=%2Fwp%2Fv2%2Fmedia&parent=38972"}],"wp:term":[{"taxonomy":"category","embeddable":true,"href":"http:\/\/conexion23.com\/index.php?rest_route=%2Fwp%2Fv2%2Fcategories&post=38972"},{"taxonomy":"post_tag","embeddable":true,"href":"http:\/\/conexion23.com\/index.php?rest_route=%2Fwp%2Fv2%2Ftags&post=38972"}],"curies":[{"name":"wp","href":"https:\/\/api.w.org\/{rel}","templated":true}]}}