{"id":38975,"date":"2025-03-19T07:23:39","date_gmt":"2025-03-19T11:23:39","guid":{"rendered":"https:\/\/conexion23.com\/?p=38975"},"modified":"2025-03-19T07:52:03","modified_gmt":"2025-03-19T11:52:03","slug":"joven-reportado-como-desaparecido-en-san-pedro-de-macoris-es-localizado-en-la-vega","status":"publish","type":"post","link":"http:\/\/conexion23.com\/?p=38975","title":{"rendered":"Joven reportado como desaparecido en San Pedro de Macor\u00eds es localizado en La Vega."},"content":{"rendered":"\n<p class=\"wp-block-paragraph\">La Polic\u00eda Nacional inform\u00f3 que Marco Antonio P\u00e9rez, un joven de 20 a\u00f1os que hab\u00eda sido reportado como desaparecido por su madre en San Pedro de Macor\u00eds, fue localizado sano y salvo en La Vega.<\/p>\n\n\n\n<p class=\"wp-block-paragraph\">La denuncia de su desaparici\u00f3n fue interpuesta el pasado 14 de marzo por la se\u00f1ora Eusebia Cristina P\u00e9rez Perdomo, quien indic\u00f3 que no ten\u00eda noticias de su hijo desde el 25 de febrero, cuando se comunicaron por \u00faltima vez v\u00eda WhatsApp. Seg\u00fan su testimonio, Marco Antonio sali\u00f3 de su residencia en San Pedro de Macor\u00eds el 30 de enero con destino a Santo Domingo y, desde entonces, su paradero era desconocido.<\/p>\n\n\n\n<p class=\"wp-block-paragraph\">Tras labores de b\u00fasqueda e investigaci\u00f3n, las autoridades lograron ubicarlo la tarde del 17 de marzo en la calle principal del sector Las Yayas, en La Vega. Al ser entrevistado, el joven explic\u00f3 que se hab\u00eda casado y que su familia estaba al tanto de la situaci\u00f3n, raz\u00f3n por la cual no hab\u00eda mantenido contacto frecuente.<\/p>\n\n\n\n<p class=\"wp-block-paragraph\">Luego de su localizaci\u00f3n, la Polic\u00eda Nacional notific\u00f3 a sus familiares y lo entreg\u00f3 a su madre, dando por cerrado el caso.<\/p>\n","protected":false},"excerpt":{"rendered":"<p>La Polic\u00eda Nacional inform\u00f3 que Marco Antonio P\u00e9rez, un joven de 20 a\u00f1os que hab\u00eda sido reportado como desaparecido por su madre en San Pedro de Macor\u00eds, fue localizado sano y salvo en La Vega. La denuncia de su desaparici\u00f3n fue interpuesta el pasado 14 de marzo por la se\u00f1ora Eusebia Cristina P\u00e9rez Perdomo, quien [&hellip;]<\/p>\n","protected":false},"author":15,"featured_media":38976,"comment_status":"open","ping_status":"open","sticky":false,"template":"","format":"standard","meta":{"footnotes":""},"categories":[1],"tags":[],"class_list":["post-38975","post","type-post","status-publish","format-standard","has-post-thumbnail","category-uncategorized"],"yoast_head":"<!-- This site is optimized with the Yoast SEO plugin v27.6 - https:\/\/yoast.com\/product\/yoast-seo-wordpress\/ -->\n<title>Joven reportado como desaparecido en San Pedro de Macor\u00eds es localizado en La Vega. - Conexi\u00f3n 23<\/title>\n<meta name=\"robots\" content=\"index, follow, max-snippet:-1, max-image-preview:large, max-video-preview:-1\" \/>\n<link rel=\"canonical\" href=\"http:\/\/conexion23.com\/?p=38975\" \/>\n<meta property=\"og:locale\" content=\"es_ES\" \/>\n<meta property=\"og:type\" content=\"article\" \/>\n<meta property=\"og:title\" content=\"Joven reportado como desaparecido en San Pedro de Macor\u00eds es localizado en La Vega. - Conexi\u00f3n 23\" \/>\n<meta property=\"og:description\" content=\"La Polic\u00eda Nacional inform\u00f3 que Marco Antonio P\u00e9rez, un joven de 20 a\u00f1os que hab\u00eda sido reportado como desaparecido por su madre en San Pedro de Macor\u00eds, fue localizado sano y salvo en La Vega. La denuncia de su desaparici\u00f3n fue interpuesta el pasado 14 de marzo por la se\u00f1ora Eusebia Cristina P\u00e9rez Perdomo, quien [&hellip;]\" \/>\n<meta property=\"og:url\" content=\"http:\/\/conexion23.com\/?p=38975\" \/>\n<meta property=\"og:site_name\" content=\"Conexi\u00f3n 23\" \/>\n<meta property=\"article:publisher\" content=\"https:\/\/www.facebook.com\/conexion23com\" \/>\n<meta property=\"article:published_time\" content=\"2025-03-19T11:23:39+00:00\" \/>\n<meta property=\"article:modified_time\" content=\"2025-03-19T11:52:03+00:00\" \/>\n<meta property=\"og:image\" content=\"http:\/\/conexion23.com\/wp-content\/uploads\/2025\/03\/4f0dc986-6f2d-470d-ba9c-92bb9d18889b.jpg\" \/>\n\t<meta property=\"og:image:width\" content=\"720\" \/>\n\t<meta property=\"og:image:height\" content=\"960\" \/>\n\t<meta property=\"og:image:type\" content=\"image\/jpeg\" \/>\n<meta name=\"author\" content=\"Raffy Ben\u00edtez\" \/>\n<meta name=\"twitter:card\" content=\"summary_large_image\" \/>\n<meta name=\"twitter:label1\" content=\"Escrito por\" \/>\n\t<meta name=\"twitter:data1\" content=\"Raffy Ben\u00edtez\" \/>\n\t<meta name=\"twitter:label2\" content=\"Tiempo de lectura\" \/>\n\t<meta name=\"twitter:data2\" content=\"2 minutos\" \/>\n<script type=\"application\/ld+json\" class=\"yoast-schema-graph\">{\"@context\":\"https:\\\/\\\/schema.org\",\"@graph\":[{\"@type\":\"Article\",\"@id\":\"http:\\\/\\\/conexion23.com\\\/?p=38975#article\",\"isPartOf\":{\"@id\":\"http:\\\/\\\/conexion23.com\\\/?p=38975\"},\"author\":{\"name\":\"Raffy Ben\u00edtez\",\"@id\":\"http:\\\/\\\/conexion23.com\\\/#\\\/schema\\\/person\\\/03e36043331117e97a373299bbcd30a6\"},\"headline\":\"Joven reportado como desaparecido en San Pedro de Macor\u00eds es localizado en La Vega.\",\"datePublished\":\"2025-03-19T11:23:39+00:00\",\"dateModified\":\"2025-03-19T11:52:03+00:00\",\"mainEntityOfPage\":{\"@id\":\"http:\\\/\\\/conexion23.com\\\/?p=38975\"},\"wordCount\":214,\"commentCount\":0,\"publisher\":{\"@id\":\"http:\\\/\\\/conexion23.com\\\/#organization\"},\"image\":{\"@id\":\"http:\\\/\\\/conexion23.com\\\/?p=38975#primaryimage\"},\"thumbnailUrl\":\"http:\\\/\\\/conexion23.com\\\/wp-content\\\/uploads\\\/2025\\\/03\\\/4f0dc986-6f2d-470d-ba9c-92bb9d18889b.jpg\",\"articleSection\":[\"Uncategorized\"],\"inLanguage\":\"es\",\"potentialAction\":[{\"@type\":\"CommentAction\",\"name\":\"Comment\",\"target\":[\"http:\\\/\\\/conexion23.com\\\/?p=38975#respond\"]}]},{\"@type\":\"WebPage\",\"@id\":\"http:\\\/\\\/conexion23.com\\\/?p=38975\",\"url\":\"http:\\\/\\\/conexion23.com\\\/?p=38975\",\"name\":\"Joven reportado como desaparecido en San Pedro de Macor\u00eds es localizado en La Vega. - Conexi\u00f3n 23\",\"isPartOf\":{\"@id\":\"http:\\\/\\\/conexion23.com\\\/#website\"},\"primaryImageOfPage\":{\"@id\":\"http:\\\/\\\/conexion23.com\\\/?p=38975#primaryimage\"},\"image\":{\"@id\":\"http:\\\/\\\/conexion23.com\\\/?p=38975#primaryimage\"},\"thumbnailUrl\":\"http:\\\/\\\/conexion23.com\\\/wp-content\\\/uploads\\\/2025\\\/03\\\/4f0dc986-6f2d-470d-ba9c-92bb9d18889b.jpg\",\"datePublished\":\"2025-03-19T11:23:39+00:00\",\"dateModified\":\"2025-03-19T11:52:03+00:00\",\"breadcrumb\":{\"@id\":\"http:\\\/\\\/conexion23.com\\\/?p=38975#breadcrumb\"},\"inLanguage\":\"es\",\"potentialAction\":[{\"@type\":\"ReadAction\",\"target\":[\"http:\\\/\\\/conexion23.com\\\/?p=38975\"]}]},{\"@type\":\"ImageObject\",\"inLanguage\":\"es\",\"@id\":\"http:\\\/\\\/conexion23.com\\\/?p=38975#primaryimage\",\"url\":\"http:\\\/\\\/conexion23.com\\\/wp-content\\\/uploads\\\/2025\\\/03\\\/4f0dc986-6f2d-470d-ba9c-92bb9d18889b.jpg\",\"contentUrl\":\"http:\\\/\\\/conexion23.com\\\/wp-content\\\/uploads\\\/2025\\\/03\\\/4f0dc986-6f2d-470d-ba9c-92bb9d18889b.jpg\",\"width\":720,\"height\":960},{\"@type\":\"BreadcrumbList\",\"@id\":\"http:\\\/\\\/conexion23.com\\\/?p=38975#breadcrumb\",\"itemListElement\":[{\"@type\":\"ListItem\",\"position\":1,\"name\":\"Portada\",\"item\":\"http:\\\/\\\/conexion23.com\\\/\"},{\"@type\":\"ListItem\",\"position\":2,\"name\":\"Joven reportado como desaparecido en San Pedro de Macor\u00eds es localizado en La Vega.\"}]},{\"@type\":\"WebSite\",\"@id\":\"http:\\\/\\\/conexion23.com\\\/#website\",\"url\":\"http:\\\/\\\/conexion23.com\\\/\",\"name\":\"Conexi\u00f3n 23\",\"description\":\"Peri\u00f3dico 100% Petromacorisano\",\"publisher\":{\"@id\":\"http:\\\/\\\/conexion23.com\\\/#organization\"},\"potentialAction\":[{\"@type\":\"SearchAction\",\"target\":{\"@type\":\"EntryPoint\",\"urlTemplate\":\"http:\\\/\\\/conexion23.com\\\/?s={search_term_string}\"},\"query-input\":{\"@type\":\"PropertyValueSpecification\",\"valueRequired\":true,\"valueName\":\"search_term_string\"}}],\"inLanguage\":\"es\"},{\"@type\":\"Organization\",\"@id\":\"http:\\\/\\\/conexion23.com\\\/#organization\",\"name\":\"Conexion 23\",\"url\":\"http:\\\/\\\/conexion23.com\\\/\",\"logo\":{\"@type\":\"ImageObject\",\"inLanguage\":\"es\",\"@id\":\"http:\\\/\\\/conexion23.com\\\/#\\\/schema\\\/logo\\\/image\\\/\",\"url\":\"https:\\\/\\\/conexion23.com\\\/wp-content\\\/uploads\\\/2021\\\/11\\\/Diseno-sin-titulo-2.png\",\"contentUrl\":\"https:\\\/\\\/conexion23.com\\\/wp-content\\\/uploads\\\/2021\\\/11\\\/Diseno-sin-titulo-2.png\",\"width\":541,\"height\":90,\"caption\":\"Conexion 23\"},\"image\":{\"@id\":\"http:\\\/\\\/conexion23.com\\\/#\\\/schema\\\/logo\\\/image\\\/\"},\"sameAs\":[\"https:\\\/\\\/www.facebook.com\\\/conexion23com\",\"https:\\\/\\\/www.instagram.com\\\/conexion23com\\\/\",\"https:\\\/\\\/www.youtube.com\\\/channel\\\/UCYc7vxxFZMYLIHNsHHxPZ3Q\"]},{\"@type\":\"Person\",\"@id\":\"http:\\\/\\\/conexion23.com\\\/#\\\/schema\\\/person\\\/03e36043331117e97a373299bbcd30a6\",\"name\":\"Raffy Ben\u00edtez\",\"image\":{\"@type\":\"ImageObject\",\"inLanguage\":\"es\",\"@id\":\"https:\\\/\\\/secure.gravatar.com\\\/avatar\\\/3190a6a6c5e1b0327500f7d6c56b6242472ee6cb974cf09b401ee6b3b0798f23?s=96&d=mm&r=g\",\"url\":\"https:\\\/\\\/secure.gravatar.com\\\/avatar\\\/3190a6a6c5e1b0327500f7d6c56b6242472ee6cb974cf09b401ee6b3b0798f23?s=96&d=mm&r=g\",\"contentUrl\":\"https:\\\/\\\/secure.gravatar.com\\\/avatar\\\/3190a6a6c5e1b0327500f7d6c56b6242472ee6cb974cf09b401ee6b3b0798f23?s=96&d=mm&r=g\",\"caption\":\"Raffy Ben\u00edtez\"},\"url\":\"http:\\\/\\\/conexion23.com\\\/?author=15\"}]}<\/script>\n<!-- \/ Yoast SEO plugin. -->","yoast_head_json":{"title":"Joven reportado como desaparecido en San Pedro de Macor\u00eds es localizado en La Vega. - Conexi\u00f3n 23","robots":{"index":"index","follow":"follow","max-snippet":"max-snippet:-1","max-image-preview":"max-image-preview:large","max-video-preview":"max-video-preview:-1"},"canonical":"http:\/\/conexion23.com\/?p=38975","og_locale":"es_ES","og_type":"article","og_title":"Joven reportado como desaparecido en San Pedro de Macor\u00eds es localizado en La Vega. - Conexi\u00f3n 23","og_description":"La Polic\u00eda Nacional inform\u00f3 que Marco Antonio P\u00e9rez, un joven de 20 a\u00f1os que hab\u00eda sido reportado como desaparecido por su madre en San Pedro de Macor\u00eds, fue localizado sano y salvo en La Vega. La denuncia de su desaparici\u00f3n fue interpuesta el pasado 14 de marzo por la se\u00f1ora Eusebia Cristina P\u00e9rez Perdomo, quien [&hellip;]","og_url":"http:\/\/conexion23.com\/?p=38975","og_site_name":"Conexi\u00f3n 23","article_publisher":"https:\/\/www.facebook.com\/conexion23com","article_published_time":"2025-03-19T11:23:39+00:00","article_modified_time":"2025-03-19T11:52:03+00:00","og_image":[{"width":720,"height":960,"url":"http:\/\/conexion23.com\/wp-content\/uploads\/2025\/03\/4f0dc986-6f2d-470d-ba9c-92bb9d18889b.jpg","type":"image\/jpeg"}],"author":"Raffy Ben\u00edtez","twitter_card":"summary_large_image","twitter_misc":{"Escrito por":"Raffy Ben\u00edtez","Tiempo de lectura":"2 minutos"},"schema":{"@context":"https:\/\/schema.org","@graph":[{"@type":"Article","@id":"http:\/\/conexion23.com\/?p=38975#article","isPartOf":{"@id":"http:\/\/conexion23.com\/?p=38975"},"author":{"name":"Raffy Ben\u00edtez","@id":"http:\/\/conexion23.com\/#\/schema\/person\/03e36043331117e97a373299bbcd30a6"},"headline":"Joven reportado como desaparecido en San Pedro de Macor\u00eds es localizado en La Vega.","datePublished":"2025-03-19T11:23:39+00:00","dateModified":"2025-03-19T11:52:03+00:00","mainEntityOfPage":{"@id":"http:\/\/conexion23.com\/?p=38975"},"wordCount":214,"commentCount":0,"publisher":{"@id":"http:\/\/conexion23.com\/#organization"},"image":{"@id":"http:\/\/conexion23.com\/?p=38975#primaryimage"},"thumbnailUrl":"http:\/\/conexion23.com\/wp-content\/uploads\/2025\/03\/4f0dc986-6f2d-470d-ba9c-92bb9d18889b.jpg","articleSection":["Uncategorized"],"inLanguage":"es","potentialAction":[{"@type":"CommentAction","name":"Comment","target":["http:\/\/conexion23.com\/?p=38975#respond"]}]},{"@type":"WebPage","@id":"http:\/\/conexion23.com\/?p=38975","url":"http:\/\/conexion23.com\/?p=38975","name":"Joven reportado como desaparecido en San Pedro de Macor\u00eds es localizado en La Vega. - Conexi\u00f3n 23","isPartOf":{"@id":"http:\/\/conexion23.com\/#website"},"primaryImageOfPage":{"@id":"http:\/\/conexion23.com\/?p=38975#primaryimage"},"image":{"@id":"http:\/\/conexion23.com\/?p=38975#primaryimage"},"thumbnailUrl":"http:\/\/conexion23.com\/wp-content\/uploads\/2025\/03\/4f0dc986-6f2d-470d-ba9c-92bb9d18889b.jpg","datePublished":"2025-03-19T11:23:39+00:00","dateModified":"2025-03-19T11:52:03+00:00","breadcrumb":{"@id":"http:\/\/conexion23.com\/?p=38975#breadcrumb"},"inLanguage":"es","potentialAction":[{"@type":"ReadAction","target":["http:\/\/conexion23.com\/?p=38975"]}]},{"@type":"ImageObject","inLanguage":"es","@id":"http:\/\/conexion23.com\/?p=38975#primaryimage","url":"http:\/\/conexion23.com\/wp-content\/uploads\/2025\/03\/4f0dc986-6f2d-470d-ba9c-92bb9d18889b.jpg","contentUrl":"http:\/\/conexion23.com\/wp-content\/uploads\/2025\/03\/4f0dc986-6f2d-470d-ba9c-92bb9d18889b.jpg","width":720,"height":960},{"@type":"BreadcrumbList","@id":"http:\/\/conexion23.com\/?p=38975#breadcrumb","itemListElement":[{"@type":"ListItem","position":1,"name":"Portada","item":"http:\/\/conexion23.com\/"},{"@type":"ListItem","position":2,"name":"Joven reportado como desaparecido en San Pedro de Macor\u00eds es localizado en La Vega."}]},{"@type":"WebSite","@id":"http:\/\/conexion23.com\/#website","url":"http:\/\/conexion23.com\/","name":"Conexi\u00f3n 23","description":"Peri\u00f3dico 100% Petromacorisano","publisher":{"@id":"http:\/\/conexion23.com\/#organization"},"potentialAction":[{"@type":"SearchAction","target":{"@type":"EntryPoint","urlTemplate":"http:\/\/conexion23.com\/?s={search_term_string}"},"query-input":{"@type":"PropertyValueSpecification","valueRequired":true,"valueName":"search_term_string"}}],"inLanguage":"es"},{"@type":"Organization","@id":"http:\/\/conexion23.com\/#organization","name":"Conexion 23","url":"http:\/\/conexion23.com\/","logo":{"@type":"ImageObject","inLanguage":"es","@id":"http:\/\/conexion23.com\/#\/schema\/logo\/image\/","url":"https:\/\/conexion23.com\/wp-content\/uploads\/2021\/11\/Diseno-sin-titulo-2.png","contentUrl":"https:\/\/conexion23.com\/wp-content\/uploads\/2021\/11\/Diseno-sin-titulo-2.png","width":541,"height":90,"caption":"Conexion 23"},"image":{"@id":"http:\/\/conexion23.com\/#\/schema\/logo\/image\/"},"sameAs":["https:\/\/www.facebook.com\/conexion23com","https:\/\/www.instagram.com\/conexion23com\/","https:\/\/www.youtube.com\/channel\/UCYc7vxxFZMYLIHNsHHxPZ3Q"]},{"@type":"Person","@id":"http:\/\/conexion23.com\/#\/schema\/person\/03e36043331117e97a373299bbcd30a6","name":"Raffy Ben\u00edtez","image":{"@type":"ImageObject","inLanguage":"es","@id":"https:\/\/secure.gravatar.com\/avatar\/3190a6a6c5e1b0327500f7d6c56b6242472ee6cb974cf09b401ee6b3b0798f23?s=96&d=mm&r=g","url":"https:\/\/secure.gravatar.com\/avatar\/3190a6a6c5e1b0327500f7d6c56b6242472ee6cb974cf09b401ee6b3b0798f23?s=96&d=mm&r=g","contentUrl":"https:\/\/secure.gravatar.com\/avatar\/3190a6a6c5e1b0327500f7d6c56b6242472ee6cb974cf09b401ee6b3b0798f23?s=96&d=mm&r=g","caption":"Raffy Ben\u00edtez"},"url":"http:\/\/conexion23.com\/?author=15"}]}},"_links":{"self":[{"href":"http:\/\/conexion23.com\/index.php?rest_route=\/wp\/v2\/posts\/38975","targetHints":{"allow":["GET"]}}],"collection":[{"href":"http:\/\/conexion23.com\/index.php?rest_route=\/wp\/v2\/posts"}],"about":[{"href":"http:\/\/conexion23.com\/index.php?rest_route=\/wp\/v2\/types\/post"}],"author":[{"embeddable":true,"href":"http:\/\/conexion23.com\/index.php?rest_route=\/wp\/v2\/users\/15"}],"replies":[{"embeddable":true,"href":"http:\/\/conexion23.com\/index.php?rest_route=%2Fwp%2Fv2%2Fcomments&post=38975"}],"version-history":[{"count":1,"href":"http:\/\/conexion23.com\/index.php?rest_route=\/wp\/v2\/posts\/38975\/revisions"}],"predecessor-version":[{"id":38977,"href":"http:\/\/conexion23.com\/index.php?rest_route=\/wp\/v2\/posts\/38975\/revisions\/38977"}],"wp:featuredmedia":[{"embeddable":true,"href":"http:\/\/conexion23.com\/index.php?rest_route=\/wp\/v2\/media\/38976"}],"wp:attachment":[{"href":"http:\/\/conexion23.com\/index.php?rest_route=%2Fwp%2Fv2%2Fmedia&parent=38975"}],"wp:term":[{"taxonomy":"category","embeddable":true,"href":"http:\/\/conexion23.com\/index.php?rest_route=%2Fwp%2Fv2%2Fcategories&post=38975"},{"taxonomy":"post_tag","embeddable":true,"href":"http:\/\/conexion23.com\/index.php?rest_route=%2Fwp%2Fv2%2Ftags&post=38975"}],"curies":[{"name":"wp","href":"https:\/\/api.w.org\/{rel}","templated":true}]}}