{"id":38978,"date":"2025-03-19T07:26:23","date_gmt":"2025-03-19T11:26:23","guid":{"rendered":"https:\/\/conexion23.com\/?p=38978"},"modified":"2025-03-19T07:26:25","modified_gmt":"2025-03-19T11:26:25","slug":"mujer-muere-y-dos-heridos-en-otro-accidente-en-la-carretera-la-romana-higuey","status":"publish","type":"post","link":"http:\/\/conexion23.com\/?p=38978","title":{"rendered":"Mujer muere y dos heridos en otro accidente en la carretera La Romana&#8211;Hig\u00fcey"},"content":{"rendered":"\n<p class=\"wp-block-paragraph\">Una&nbsp; mujer falleci\u00f3 y dos hombres heridos en un accidente de tr\u00e1nsito ocurrido anoche en la carretera La Romana-Hig\u00fcey, pr\u00f3ximo al puente de La Represa.<\/p>\n\n\n\n<p class=\"wp-block-paragraph\">La mujer, cuyo nombre no se di\u00f3 a conocer, en el interior de uno de los veh\u00edculos involucrados en el siniestro, en tanto, que resultaron heridos:Algenis Francisco, de 29 a\u00f1os, quien sufri\u00f3 un trauma en la rodilla derecha y Miguel de Jes\u00fas \u00c1lvarez Mota, con m\u00faltiples traumas.<\/p>\n\n\n\n<p class=\"wp-block-paragraph\">Unidades del Sistema de Emergencias 9-1-1, se presentaron al lugar con param\u00e9dicos, miembros del Cuerpo de Bomberos, y agentes de la Direcci\u00f3n General de Seguridad de Tr\u00e1nsito y Transporte Terrestre (DIGESETT), entre otras entidades odiciales.<\/p>\n\n\n\n<p class=\"wp-block-paragraph\">Personal de las entidades oficiales, brindaron asistencia a los afectados y trabajaron en la regulaci\u00f3n del tr\u00e1nsito, sin que se detallaran las razones que provocaron el accidente.<\/p>\n","protected":false},"excerpt":{"rendered":"<p>Una&nbsp; mujer falleci\u00f3 y dos hombres heridos en un accidente de tr\u00e1nsito ocurrido anoche en la carretera La Romana-Hig\u00fcey, pr\u00f3ximo al puente de La Represa. La mujer, cuyo nombre no se di\u00f3 a conocer, en el interior de uno de los veh\u00edculos involucrados en el siniestro, en tanto, que resultaron heridos:Algenis Francisco, de 29 a\u00f1os, [&hellip;]<\/p>\n","protected":false},"author":15,"featured_media":38979,"comment_status":"open","ping_status":"open","sticky":false,"template":"","format":"standard","meta":{"footnotes":""},"categories":[2474],"tags":[],"class_list":["post-38978","post","type-post","status-publish","format-standard","has-post-thumbnail","category-la-altagracia"],"yoast_head":"<!-- This site is optimized with the Yoast SEO plugin v27.6 - https:\/\/yoast.com\/product\/yoast-seo-wordpress\/ -->\n<title>Mujer muere y dos heridos en otro accidente en la carretera La Romana-Hig\u00fcey - Conexi\u00f3n 23<\/title>\n<meta name=\"robots\" content=\"index, follow, max-snippet:-1, max-image-preview:large, max-video-preview:-1\" \/>\n<link rel=\"canonical\" href=\"http:\/\/conexion23.com\/?p=38978\" \/>\n<meta property=\"og:locale\" content=\"es_ES\" \/>\n<meta property=\"og:type\" content=\"article\" \/>\n<meta property=\"og:title\" content=\"Mujer muere y dos heridos en otro accidente en la carretera La Romana-Hig\u00fcey - Conexi\u00f3n 23\" \/>\n<meta property=\"og:description\" content=\"Una&nbsp; mujer falleci\u00f3 y dos hombres heridos en un accidente de tr\u00e1nsito ocurrido anoche en la carretera La Romana-Hig\u00fcey, pr\u00f3ximo al puente de La Represa. La mujer, cuyo nombre no se di\u00f3 a conocer, en el interior de uno de los veh\u00edculos involucrados en el siniestro, en tanto, que resultaron heridos:Algenis Francisco, de 29 a\u00f1os, [&hellip;]\" \/>\n<meta property=\"og:url\" content=\"http:\/\/conexion23.com\/?p=38978\" \/>\n<meta property=\"og:site_name\" content=\"Conexi\u00f3n 23\" \/>\n<meta property=\"article:publisher\" content=\"https:\/\/www.facebook.com\/conexion23com\" \/>\n<meta property=\"article:published_time\" content=\"2025-03-19T11:26:23+00:00\" \/>\n<meta property=\"article:modified_time\" content=\"2025-03-19T11:26:25+00:00\" \/>\n<meta property=\"og:image\" content=\"http:\/\/conexion23.com\/wp-content\/uploads\/2025\/03\/IMG-20250318-WA0128.jpg\" \/>\n\t<meta property=\"og:image:width\" content=\"285\" \/>\n\t<meta property=\"og:image:height\" content=\"172\" \/>\n\t<meta property=\"og:image:type\" content=\"image\/jpeg\" \/>\n<meta name=\"author\" content=\"Raffy Ben\u00edtez\" \/>\n<meta name=\"twitter:card\" content=\"summary_large_image\" \/>\n<meta name=\"twitter:label1\" content=\"Escrito por\" \/>\n\t<meta name=\"twitter:data1\" content=\"Raffy Ben\u00edtez\" \/>\n\t<meta name=\"twitter:label2\" content=\"Tiempo de lectura\" \/>\n\t<meta name=\"twitter:data2\" content=\"1 minuto\" \/>\n<script type=\"application\/ld+json\" class=\"yoast-schema-graph\">{\"@context\":\"https:\\\/\\\/schema.org\",\"@graph\":[{\"@type\":\"Article\",\"@id\":\"http:\\\/\\\/conexion23.com\\\/?p=38978#article\",\"isPartOf\":{\"@id\":\"http:\\\/\\\/conexion23.com\\\/?p=38978\"},\"author\":{\"name\":\"Raffy Ben\u00edtez\",\"@id\":\"http:\\\/\\\/conexion23.com\\\/#\\\/schema\\\/person\\\/03e36043331117e97a373299bbcd30a6\"},\"headline\":\"Mujer muere y dos heridos en otro accidente en la carretera La Romana&#8211;Hig\u00fcey\",\"datePublished\":\"2025-03-19T11:26:23+00:00\",\"dateModified\":\"2025-03-19T11:26:25+00:00\",\"mainEntityOfPage\":{\"@id\":\"http:\\\/\\\/conexion23.com\\\/?p=38978\"},\"wordCount\":162,\"commentCount\":0,\"publisher\":{\"@id\":\"http:\\\/\\\/conexion23.com\\\/#organization\"},\"image\":{\"@id\":\"http:\\\/\\\/conexion23.com\\\/?p=38978#primaryimage\"},\"thumbnailUrl\":\"http:\\\/\\\/conexion23.com\\\/wp-content\\\/uploads\\\/2025\\\/03\\\/IMG-20250318-WA0128.jpg\",\"articleSection\":[\"La Altagracia\"],\"inLanguage\":\"es\",\"potentialAction\":[{\"@type\":\"CommentAction\",\"name\":\"Comment\",\"target\":[\"http:\\\/\\\/conexion23.com\\\/?p=38978#respond\"]}]},{\"@type\":\"WebPage\",\"@id\":\"http:\\\/\\\/conexion23.com\\\/?p=38978\",\"url\":\"http:\\\/\\\/conexion23.com\\\/?p=38978\",\"name\":\"Mujer muere y dos heridos en otro accidente en la carretera La Romana-Hig\u00fcey - Conexi\u00f3n 23\",\"isPartOf\":{\"@id\":\"http:\\\/\\\/conexion23.com\\\/#website\"},\"primaryImageOfPage\":{\"@id\":\"http:\\\/\\\/conexion23.com\\\/?p=38978#primaryimage\"},\"image\":{\"@id\":\"http:\\\/\\\/conexion23.com\\\/?p=38978#primaryimage\"},\"thumbnailUrl\":\"http:\\\/\\\/conexion23.com\\\/wp-content\\\/uploads\\\/2025\\\/03\\\/IMG-20250318-WA0128.jpg\",\"datePublished\":\"2025-03-19T11:26:23+00:00\",\"dateModified\":\"2025-03-19T11:26:25+00:00\",\"breadcrumb\":{\"@id\":\"http:\\\/\\\/conexion23.com\\\/?p=38978#breadcrumb\"},\"inLanguage\":\"es\",\"potentialAction\":[{\"@type\":\"ReadAction\",\"target\":[\"http:\\\/\\\/conexion23.com\\\/?p=38978\"]}]},{\"@type\":\"ImageObject\",\"inLanguage\":\"es\",\"@id\":\"http:\\\/\\\/conexion23.com\\\/?p=38978#primaryimage\",\"url\":\"http:\\\/\\\/conexion23.com\\\/wp-content\\\/uploads\\\/2025\\\/03\\\/IMG-20250318-WA0128.jpg\",\"contentUrl\":\"http:\\\/\\\/conexion23.com\\\/wp-content\\\/uploads\\\/2025\\\/03\\\/IMG-20250318-WA0128.jpg\",\"width\":285,\"height\":172},{\"@type\":\"BreadcrumbList\",\"@id\":\"http:\\\/\\\/conexion23.com\\\/?p=38978#breadcrumb\",\"itemListElement\":[{\"@type\":\"ListItem\",\"position\":1,\"name\":\"Portada\",\"item\":\"http:\\\/\\\/conexion23.com\\\/\"},{\"@type\":\"ListItem\",\"position\":2,\"name\":\"Mujer muere y dos heridos en otro accidente en la carretera La Romana&#8211;Hig\u00fcey\"}]},{\"@type\":\"WebSite\",\"@id\":\"http:\\\/\\\/conexion23.com\\\/#website\",\"url\":\"http:\\\/\\\/conexion23.com\\\/\",\"name\":\"Conexi\u00f3n 23\",\"description\":\"Peri\u00f3dico 100% Petromacorisano\",\"publisher\":{\"@id\":\"http:\\\/\\\/conexion23.com\\\/#organization\"},\"potentialAction\":[{\"@type\":\"SearchAction\",\"target\":{\"@type\":\"EntryPoint\",\"urlTemplate\":\"http:\\\/\\\/conexion23.com\\\/?s={search_term_string}\"},\"query-input\":{\"@type\":\"PropertyValueSpecification\",\"valueRequired\":true,\"valueName\":\"search_term_string\"}}],\"inLanguage\":\"es\"},{\"@type\":\"Organization\",\"@id\":\"http:\\\/\\\/conexion23.com\\\/#organization\",\"name\":\"Conexion 23\",\"url\":\"http:\\\/\\\/conexion23.com\\\/\",\"logo\":{\"@type\":\"ImageObject\",\"inLanguage\":\"es\",\"@id\":\"http:\\\/\\\/conexion23.com\\\/#\\\/schema\\\/logo\\\/image\\\/\",\"url\":\"https:\\\/\\\/conexion23.com\\\/wp-content\\\/uploads\\\/2021\\\/11\\\/Diseno-sin-titulo-2.png\",\"contentUrl\":\"https:\\\/\\\/conexion23.com\\\/wp-content\\\/uploads\\\/2021\\\/11\\\/Diseno-sin-titulo-2.png\",\"width\":541,\"height\":90,\"caption\":\"Conexion 23\"},\"image\":{\"@id\":\"http:\\\/\\\/conexion23.com\\\/#\\\/schema\\\/logo\\\/image\\\/\"},\"sameAs\":[\"https:\\\/\\\/www.facebook.com\\\/conexion23com\",\"https:\\\/\\\/www.instagram.com\\\/conexion23com\\\/\",\"https:\\\/\\\/www.youtube.com\\\/channel\\\/UCYc7vxxFZMYLIHNsHHxPZ3Q\"]},{\"@type\":\"Person\",\"@id\":\"http:\\\/\\\/conexion23.com\\\/#\\\/schema\\\/person\\\/03e36043331117e97a373299bbcd30a6\",\"name\":\"Raffy Ben\u00edtez\",\"image\":{\"@type\":\"ImageObject\",\"inLanguage\":\"es\",\"@id\":\"https:\\\/\\\/secure.gravatar.com\\\/avatar\\\/3190a6a6c5e1b0327500f7d6c56b6242472ee6cb974cf09b401ee6b3b0798f23?s=96&d=mm&r=g\",\"url\":\"https:\\\/\\\/secure.gravatar.com\\\/avatar\\\/3190a6a6c5e1b0327500f7d6c56b6242472ee6cb974cf09b401ee6b3b0798f23?s=96&d=mm&r=g\",\"contentUrl\":\"https:\\\/\\\/secure.gravatar.com\\\/avatar\\\/3190a6a6c5e1b0327500f7d6c56b6242472ee6cb974cf09b401ee6b3b0798f23?s=96&d=mm&r=g\",\"caption\":\"Raffy Ben\u00edtez\"},\"url\":\"http:\\\/\\\/conexion23.com\\\/?author=15\"}]}<\/script>\n<!-- \/ Yoast SEO plugin. -->","yoast_head_json":{"title":"Mujer muere y dos heridos en otro accidente en la carretera La Romana-Hig\u00fcey - Conexi\u00f3n 23","robots":{"index":"index","follow":"follow","max-snippet":"max-snippet:-1","max-image-preview":"max-image-preview:large","max-video-preview":"max-video-preview:-1"},"canonical":"http:\/\/conexion23.com\/?p=38978","og_locale":"es_ES","og_type":"article","og_title":"Mujer muere y dos heridos en otro accidente en la carretera La Romana-Hig\u00fcey - Conexi\u00f3n 23","og_description":"Una&nbsp; mujer falleci\u00f3 y dos hombres heridos en un accidente de tr\u00e1nsito ocurrido anoche en la carretera La Romana-Hig\u00fcey, pr\u00f3ximo al puente de La Represa. La mujer, cuyo nombre no se di\u00f3 a conocer, en el interior de uno de los veh\u00edculos involucrados en el siniestro, en tanto, que resultaron heridos:Algenis Francisco, de 29 a\u00f1os, [&hellip;]","og_url":"http:\/\/conexion23.com\/?p=38978","og_site_name":"Conexi\u00f3n 23","article_publisher":"https:\/\/www.facebook.com\/conexion23com","article_published_time":"2025-03-19T11:26:23+00:00","article_modified_time":"2025-03-19T11:26:25+00:00","og_image":[{"width":285,"height":172,"url":"http:\/\/conexion23.com\/wp-content\/uploads\/2025\/03\/IMG-20250318-WA0128.jpg","type":"image\/jpeg"}],"author":"Raffy Ben\u00edtez","twitter_card":"summary_large_image","twitter_misc":{"Escrito por":"Raffy Ben\u00edtez","Tiempo de lectura":"1 minuto"},"schema":{"@context":"https:\/\/schema.org","@graph":[{"@type":"Article","@id":"http:\/\/conexion23.com\/?p=38978#article","isPartOf":{"@id":"http:\/\/conexion23.com\/?p=38978"},"author":{"name":"Raffy Ben\u00edtez","@id":"http:\/\/conexion23.com\/#\/schema\/person\/03e36043331117e97a373299bbcd30a6"},"headline":"Mujer muere y dos heridos en otro accidente en la carretera La Romana&#8211;Hig\u00fcey","datePublished":"2025-03-19T11:26:23+00:00","dateModified":"2025-03-19T11:26:25+00:00","mainEntityOfPage":{"@id":"http:\/\/conexion23.com\/?p=38978"},"wordCount":162,"commentCount":0,"publisher":{"@id":"http:\/\/conexion23.com\/#organization"},"image":{"@id":"http:\/\/conexion23.com\/?p=38978#primaryimage"},"thumbnailUrl":"http:\/\/conexion23.com\/wp-content\/uploads\/2025\/03\/IMG-20250318-WA0128.jpg","articleSection":["La Altagracia"],"inLanguage":"es","potentialAction":[{"@type":"CommentAction","name":"Comment","target":["http:\/\/conexion23.com\/?p=38978#respond"]}]},{"@type":"WebPage","@id":"http:\/\/conexion23.com\/?p=38978","url":"http:\/\/conexion23.com\/?p=38978","name":"Mujer muere y dos heridos en otro accidente en la carretera La Romana-Hig\u00fcey - Conexi\u00f3n 23","isPartOf":{"@id":"http:\/\/conexion23.com\/#website"},"primaryImageOfPage":{"@id":"http:\/\/conexion23.com\/?p=38978#primaryimage"},"image":{"@id":"http:\/\/conexion23.com\/?p=38978#primaryimage"},"thumbnailUrl":"http:\/\/conexion23.com\/wp-content\/uploads\/2025\/03\/IMG-20250318-WA0128.jpg","datePublished":"2025-03-19T11:26:23+00:00","dateModified":"2025-03-19T11:26:25+00:00","breadcrumb":{"@id":"http:\/\/conexion23.com\/?p=38978#breadcrumb"},"inLanguage":"es","potentialAction":[{"@type":"ReadAction","target":["http:\/\/conexion23.com\/?p=38978"]}]},{"@type":"ImageObject","inLanguage":"es","@id":"http:\/\/conexion23.com\/?p=38978#primaryimage","url":"http:\/\/conexion23.com\/wp-content\/uploads\/2025\/03\/IMG-20250318-WA0128.jpg","contentUrl":"http:\/\/conexion23.com\/wp-content\/uploads\/2025\/03\/IMG-20250318-WA0128.jpg","width":285,"height":172},{"@type":"BreadcrumbList","@id":"http:\/\/conexion23.com\/?p=38978#breadcrumb","itemListElement":[{"@type":"ListItem","position":1,"name":"Portada","item":"http:\/\/conexion23.com\/"},{"@type":"ListItem","position":2,"name":"Mujer muere y dos heridos en otro accidente en la carretera La Romana&#8211;Hig\u00fcey"}]},{"@type":"WebSite","@id":"http:\/\/conexion23.com\/#website","url":"http:\/\/conexion23.com\/","name":"Conexi\u00f3n 23","description":"Peri\u00f3dico 100% Petromacorisano","publisher":{"@id":"http:\/\/conexion23.com\/#organization"},"potentialAction":[{"@type":"SearchAction","target":{"@type":"EntryPoint","urlTemplate":"http:\/\/conexion23.com\/?s={search_term_string}"},"query-input":{"@type":"PropertyValueSpecification","valueRequired":true,"valueName":"search_term_string"}}],"inLanguage":"es"},{"@type":"Organization","@id":"http:\/\/conexion23.com\/#organization","name":"Conexion 23","url":"http:\/\/conexion23.com\/","logo":{"@type":"ImageObject","inLanguage":"es","@id":"http:\/\/conexion23.com\/#\/schema\/logo\/image\/","url":"https:\/\/conexion23.com\/wp-content\/uploads\/2021\/11\/Diseno-sin-titulo-2.png","contentUrl":"https:\/\/conexion23.com\/wp-content\/uploads\/2021\/11\/Diseno-sin-titulo-2.png","width":541,"height":90,"caption":"Conexion 23"},"image":{"@id":"http:\/\/conexion23.com\/#\/schema\/logo\/image\/"},"sameAs":["https:\/\/www.facebook.com\/conexion23com","https:\/\/www.instagram.com\/conexion23com\/","https:\/\/www.youtube.com\/channel\/UCYc7vxxFZMYLIHNsHHxPZ3Q"]},{"@type":"Person","@id":"http:\/\/conexion23.com\/#\/schema\/person\/03e36043331117e97a373299bbcd30a6","name":"Raffy Ben\u00edtez","image":{"@type":"ImageObject","inLanguage":"es","@id":"https:\/\/secure.gravatar.com\/avatar\/3190a6a6c5e1b0327500f7d6c56b6242472ee6cb974cf09b401ee6b3b0798f23?s=96&d=mm&r=g","url":"https:\/\/secure.gravatar.com\/avatar\/3190a6a6c5e1b0327500f7d6c56b6242472ee6cb974cf09b401ee6b3b0798f23?s=96&d=mm&r=g","contentUrl":"https:\/\/secure.gravatar.com\/avatar\/3190a6a6c5e1b0327500f7d6c56b6242472ee6cb974cf09b401ee6b3b0798f23?s=96&d=mm&r=g","caption":"Raffy Ben\u00edtez"},"url":"http:\/\/conexion23.com\/?author=15"}]}},"_links":{"self":[{"href":"http:\/\/conexion23.com\/index.php?rest_route=\/wp\/v2\/posts\/38978","targetHints":{"allow":["GET"]}}],"collection":[{"href":"http:\/\/conexion23.com\/index.php?rest_route=\/wp\/v2\/posts"}],"about":[{"href":"http:\/\/conexion23.com\/index.php?rest_route=\/wp\/v2\/types\/post"}],"author":[{"embeddable":true,"href":"http:\/\/conexion23.com\/index.php?rest_route=\/wp\/v2\/users\/15"}],"replies":[{"embeddable":true,"href":"http:\/\/conexion23.com\/index.php?rest_route=%2Fwp%2Fv2%2Fcomments&post=38978"}],"version-history":[{"count":1,"href":"http:\/\/conexion23.com\/index.php?rest_route=\/wp\/v2\/posts\/38978\/revisions"}],"predecessor-version":[{"id":38980,"href":"http:\/\/conexion23.com\/index.php?rest_route=\/wp\/v2\/posts\/38978\/revisions\/38980"}],"wp:featuredmedia":[{"embeddable":true,"href":"http:\/\/conexion23.com\/index.php?rest_route=\/wp\/v2\/media\/38979"}],"wp:attachment":[{"href":"http:\/\/conexion23.com\/index.php?rest_route=%2Fwp%2Fv2%2Fmedia&parent=38978"}],"wp:term":[{"taxonomy":"category","embeddable":true,"href":"http:\/\/conexion23.com\/index.php?rest_route=%2Fwp%2Fv2%2Fcategories&post=38978"},{"taxonomy":"post_tag","embeddable":true,"href":"http:\/\/conexion23.com\/index.php?rest_route=%2Fwp%2Fv2%2Ftags&post=38978"}],"curies":[{"name":"wp","href":"https:\/\/api.w.org\/{rel}","templated":true}]}}