{"id":38997,"date":"2025-03-19T08:15:55","date_gmt":"2025-03-19T12:15:55","guid":{"rendered":"https:\/\/conexion23.com\/?p=38997"},"modified":"2025-03-19T08:15:57","modified_gmt":"2025-03-19T12:15:57","slug":"comite-de-prevencion-mitigacion-y-respuestas-cpmr-se-reune-para-el-operativo-de-semana-santa","status":"publish","type":"post","link":"http:\/\/conexion23.com\/?p=38997","title":{"rendered":"COMITE DE PREVENCION MITIGACION Y RESPUESTAS ( CPMR ) SE REUNE PARA EL OPERATIVO DE SEMANA SANTA."},"content":{"rendered":"\n<p class=\"wp-block-paragraph\">Con el compromiso de garantizar la seguridad y el bienestar de todos durante el asueto, el Comit\u00e9 de Prevenci\u00f3n, Mitigaci\u00f3n y Respuesta (CPMR) de San Pedro de Macor\u00eds llev\u00f3 a cabo una reuni\u00f3n clave de planificaci\u00f3n para el Operativo Semana Santa 2025.<\/p>\n\n\n\n<p class=\"wp-block-paragraph\">&nbsp; &nbsp; &nbsp;El encuentro, realizado en el Sal\u00f3n Francisco Comarazamy del Ayuntamiento Municipal, estuvo encabezado por la gobernadora Yovanis Baltazar y el director regional de la Defensa Civil, Starlin Leger, quienes, junto a representantes de diversas instituciones, definieron estrategias preventivas y operativas.<\/p>\n\n\n\n<figure class=\"wp-block-image\"><a href=\"https:\/\/blogger.googleusercontent.com\/img\/b\/R29vZ2xl\/AVvXsEjk1uDkOUX3FuSJ7a6wcrZnqsAxmGmGTrI8zYBO4LgbYtQKOZ5LuxHlug8DPeQhwCdIGNvOG6GMx_LZUYUOVwbTBciSBNevjsBBkr3QuQmkswtK2lcWSRQeLjGPR09iOqVna6Zegom9Op5wbESWMvTmYcGQJ3s9h8TgVLEjqrATWvoz4AMUayRD-iVUUDEB\/s3840\/defenza.jpg\"><img decoding=\"async\" src=\"https:\/\/blogger.googleusercontent.com\/img\/b\/R29vZ2xl\/AVvXsEjk1uDkOUX3FuSJ7a6wcrZnqsAxmGmGTrI8zYBO4LgbYtQKOZ5LuxHlug8DPeQhwCdIGNvOG6GMx_LZUYUOVwbTBciSBNevjsBBkr3QuQmkswtK2lcWSRQeLjGPR09iOqVna6Zegom9Op5wbESWMvTmYcGQJ3s9h8TgVLEjqrATWvoz4AMUayRD-iVUUDEB\/s320-rw\/defenza.jpg\" alt=\"\"\/><\/a><\/figure>\n\n\n\n<p class=\"wp-block-paragraph\">&nbsp; &nbsp; &nbsp; En dicho&nbsp; encuentro tambi\u00e9n participaron los alcaldes Carlos Melo (Quisqueya) y Domingo Ventura (Los Llanos), reafirmando el compromiso de sus municipios con la seguridad y el orden durante la Semana Santa. Instutuciones como la Polic\u00eda Nacional, POLITUR, DIGESETT, el Ej\u00e9rcito, el Cuerpo de Bomberos, el Ministerio P\u00fablico, 911, entre otras entidades clave.<\/p>\n","protected":false},"excerpt":{"rendered":"<p>Con el compromiso de garantizar la seguridad y el bienestar de todos durante el asueto, el Comit\u00e9 de Prevenci\u00f3n, Mitigaci\u00f3n y Respuesta (CPMR) de San Pedro de Macor\u00eds llev\u00f3 a cabo una reuni\u00f3n clave de planificaci\u00f3n para el Operativo Semana Santa 2025. &nbsp; &nbsp; &nbsp;El encuentro, realizado en el Sal\u00f3n Francisco Comarazamy del Ayuntamiento Municipal, [&hellip;]<\/p>\n","protected":false},"author":15,"featured_media":38998,"comment_status":"open","ping_status":"open","sticky":false,"template":"","format":"standard","meta":{"footnotes":""},"categories":[35],"tags":[],"class_list":["post-38997","post","type-post","status-publish","format-standard","has-post-thumbnail","category-spm"],"yoast_head":"<!-- This site is optimized with the Yoast SEO plugin v27.6 - https:\/\/yoast.com\/product\/yoast-seo-wordpress\/ -->\n<title>COMITE DE PREVENCION MITIGACION Y RESPUESTAS ( CPMR ) SE REUNE PARA EL OPERATIVO DE SEMANA SANTA. - Conexi\u00f3n 23<\/title>\n<meta name=\"robots\" content=\"index, follow, max-snippet:-1, max-image-preview:large, max-video-preview:-1\" \/>\n<link rel=\"canonical\" href=\"http:\/\/conexion23.com\/?p=38997\" \/>\n<meta property=\"og:locale\" content=\"es_ES\" \/>\n<meta property=\"og:type\" content=\"article\" \/>\n<meta property=\"og:title\" content=\"COMITE DE PREVENCION MITIGACION Y RESPUESTAS ( CPMR ) SE REUNE PARA EL OPERATIVO DE SEMANA SANTA. - Conexi\u00f3n 23\" \/>\n<meta property=\"og:description\" content=\"Con el compromiso de garantizar la seguridad y el bienestar de todos durante el asueto, el Comit\u00e9 de Prevenci\u00f3n, Mitigaci\u00f3n y Respuesta (CPMR) de San Pedro de Macor\u00eds llev\u00f3 a cabo una reuni\u00f3n clave de planificaci\u00f3n para el Operativo Semana Santa 2025. &nbsp; &nbsp; &nbsp;El encuentro, realizado en el Sal\u00f3n Francisco Comarazamy del Ayuntamiento Municipal, [&hellip;]\" \/>\n<meta property=\"og:url\" content=\"http:\/\/conexion23.com\/?p=38997\" \/>\n<meta property=\"og:site_name\" content=\"Conexi\u00f3n 23\" \/>\n<meta property=\"article:publisher\" content=\"https:\/\/www.facebook.com\/conexion23com\" \/>\n<meta property=\"article:published_time\" content=\"2025-03-19T12:15:55+00:00\" \/>\n<meta property=\"article:modified_time\" content=\"2025-03-19T12:15:57+00:00\" \/>\n<meta property=\"og:image\" content=\"http:\/\/conexion23.com\/wp-content\/uploads\/2025\/03\/yovanis-y-cuertpos.webp\" \/>\n\t<meta property=\"og:image:width\" content=\"320\" \/>\n\t<meta property=\"og:image:height\" content=\"240\" \/>\n\t<meta property=\"og:image:type\" content=\"image\/webp\" \/>\n<meta name=\"author\" content=\"Raffy Ben\u00edtez\" \/>\n<meta name=\"twitter:card\" content=\"summary_large_image\" \/>\n<meta name=\"twitter:label1\" content=\"Escrito por\" \/>\n\t<meta name=\"twitter:data1\" content=\"Raffy Ben\u00edtez\" \/>\n\t<meta name=\"twitter:label2\" content=\"Tiempo de lectura\" \/>\n\t<meta name=\"twitter:data2\" content=\"2 minutos\" \/>\n<script type=\"application\/ld+json\" class=\"yoast-schema-graph\">{\"@context\":\"https:\\\/\\\/schema.org\",\"@graph\":[{\"@type\":\"Article\",\"@id\":\"http:\\\/\\\/conexion23.com\\\/?p=38997#article\",\"isPartOf\":{\"@id\":\"http:\\\/\\\/conexion23.com\\\/?p=38997\"},\"author\":{\"name\":\"Raffy Ben\u00edtez\",\"@id\":\"http:\\\/\\\/conexion23.com\\\/#\\\/schema\\\/person\\\/03e36043331117e97a373299bbcd30a6\"},\"headline\":\"COMITE DE PREVENCION MITIGACION Y RESPUESTAS ( CPMR ) SE REUNE PARA EL OPERATIVO DE SEMANA SANTA.\",\"datePublished\":\"2025-03-19T12:15:55+00:00\",\"dateModified\":\"2025-03-19T12:15:57+00:00\",\"mainEntityOfPage\":{\"@id\":\"http:\\\/\\\/conexion23.com\\\/?p=38997\"},\"wordCount\":164,\"commentCount\":0,\"publisher\":{\"@id\":\"http:\\\/\\\/conexion23.com\\\/#organization\"},\"image\":{\"@id\":\"http:\\\/\\\/conexion23.com\\\/?p=38997#primaryimage\"},\"thumbnailUrl\":\"http:\\\/\\\/conexion23.com\\\/wp-content\\\/uploads\\\/2025\\\/03\\\/yovanis-y-cuertpos.webp\",\"articleSection\":[\"SPM\"],\"inLanguage\":\"es\",\"potentialAction\":[{\"@type\":\"CommentAction\",\"name\":\"Comment\",\"target\":[\"http:\\\/\\\/conexion23.com\\\/?p=38997#respond\"]}]},{\"@type\":\"WebPage\",\"@id\":\"http:\\\/\\\/conexion23.com\\\/?p=38997\",\"url\":\"http:\\\/\\\/conexion23.com\\\/?p=38997\",\"name\":\"COMITE DE PREVENCION MITIGACION Y RESPUESTAS ( CPMR ) SE REUNE PARA EL OPERATIVO DE SEMANA SANTA. - Conexi\u00f3n 23\",\"isPartOf\":{\"@id\":\"http:\\\/\\\/conexion23.com\\\/#website\"},\"primaryImageOfPage\":{\"@id\":\"http:\\\/\\\/conexion23.com\\\/?p=38997#primaryimage\"},\"image\":{\"@id\":\"http:\\\/\\\/conexion23.com\\\/?p=38997#primaryimage\"},\"thumbnailUrl\":\"http:\\\/\\\/conexion23.com\\\/wp-content\\\/uploads\\\/2025\\\/03\\\/yovanis-y-cuertpos.webp\",\"datePublished\":\"2025-03-19T12:15:55+00:00\",\"dateModified\":\"2025-03-19T12:15:57+00:00\",\"breadcrumb\":{\"@id\":\"http:\\\/\\\/conexion23.com\\\/?p=38997#breadcrumb\"},\"inLanguage\":\"es\",\"potentialAction\":[{\"@type\":\"ReadAction\",\"target\":[\"http:\\\/\\\/conexion23.com\\\/?p=38997\"]}]},{\"@type\":\"ImageObject\",\"inLanguage\":\"es\",\"@id\":\"http:\\\/\\\/conexion23.com\\\/?p=38997#primaryimage\",\"url\":\"http:\\\/\\\/conexion23.com\\\/wp-content\\\/uploads\\\/2025\\\/03\\\/yovanis-y-cuertpos.webp\",\"contentUrl\":\"http:\\\/\\\/conexion23.com\\\/wp-content\\\/uploads\\\/2025\\\/03\\\/yovanis-y-cuertpos.webp\",\"width\":320,\"height\":240},{\"@type\":\"BreadcrumbList\",\"@id\":\"http:\\\/\\\/conexion23.com\\\/?p=38997#breadcrumb\",\"itemListElement\":[{\"@type\":\"ListItem\",\"position\":1,\"name\":\"Portada\",\"item\":\"http:\\\/\\\/conexion23.com\\\/\"},{\"@type\":\"ListItem\",\"position\":2,\"name\":\"COMITE DE PREVENCION MITIGACION Y RESPUESTAS ( CPMR ) SE REUNE PARA EL OPERATIVO DE SEMANA SANTA.\"}]},{\"@type\":\"WebSite\",\"@id\":\"http:\\\/\\\/conexion23.com\\\/#website\",\"url\":\"http:\\\/\\\/conexion23.com\\\/\",\"name\":\"Conexi\u00f3n 23\",\"description\":\"Peri\u00f3dico 100% Petromacorisano\",\"publisher\":{\"@id\":\"http:\\\/\\\/conexion23.com\\\/#organization\"},\"potentialAction\":[{\"@type\":\"SearchAction\",\"target\":{\"@type\":\"EntryPoint\",\"urlTemplate\":\"http:\\\/\\\/conexion23.com\\\/?s={search_term_string}\"},\"query-input\":{\"@type\":\"PropertyValueSpecification\",\"valueRequired\":true,\"valueName\":\"search_term_string\"}}],\"inLanguage\":\"es\"},{\"@type\":\"Organization\",\"@id\":\"http:\\\/\\\/conexion23.com\\\/#organization\",\"name\":\"Conexion 23\",\"url\":\"http:\\\/\\\/conexion23.com\\\/\",\"logo\":{\"@type\":\"ImageObject\",\"inLanguage\":\"es\",\"@id\":\"http:\\\/\\\/conexion23.com\\\/#\\\/schema\\\/logo\\\/image\\\/\",\"url\":\"https:\\\/\\\/conexion23.com\\\/wp-content\\\/uploads\\\/2021\\\/11\\\/Diseno-sin-titulo-2.png\",\"contentUrl\":\"https:\\\/\\\/conexion23.com\\\/wp-content\\\/uploads\\\/2021\\\/11\\\/Diseno-sin-titulo-2.png\",\"width\":541,\"height\":90,\"caption\":\"Conexion 23\"},\"image\":{\"@id\":\"http:\\\/\\\/conexion23.com\\\/#\\\/schema\\\/logo\\\/image\\\/\"},\"sameAs\":[\"https:\\\/\\\/www.facebook.com\\\/conexion23com\",\"https:\\\/\\\/www.instagram.com\\\/conexion23com\\\/\",\"https:\\\/\\\/www.youtube.com\\\/channel\\\/UCYc7vxxFZMYLIHNsHHxPZ3Q\"]},{\"@type\":\"Person\",\"@id\":\"http:\\\/\\\/conexion23.com\\\/#\\\/schema\\\/person\\\/03e36043331117e97a373299bbcd30a6\",\"name\":\"Raffy Ben\u00edtez\",\"image\":{\"@type\":\"ImageObject\",\"inLanguage\":\"es\",\"@id\":\"https:\\\/\\\/secure.gravatar.com\\\/avatar\\\/3190a6a6c5e1b0327500f7d6c56b6242472ee6cb974cf09b401ee6b3b0798f23?s=96&d=mm&r=g\",\"url\":\"https:\\\/\\\/secure.gravatar.com\\\/avatar\\\/3190a6a6c5e1b0327500f7d6c56b6242472ee6cb974cf09b401ee6b3b0798f23?s=96&d=mm&r=g\",\"contentUrl\":\"https:\\\/\\\/secure.gravatar.com\\\/avatar\\\/3190a6a6c5e1b0327500f7d6c56b6242472ee6cb974cf09b401ee6b3b0798f23?s=96&d=mm&r=g\",\"caption\":\"Raffy Ben\u00edtez\"},\"url\":\"http:\\\/\\\/conexion23.com\\\/?author=15\"}]}<\/script>\n<!-- \/ Yoast SEO plugin. -->","yoast_head_json":{"title":"COMITE DE PREVENCION MITIGACION Y RESPUESTAS ( CPMR ) SE REUNE PARA EL OPERATIVO DE SEMANA SANTA. - Conexi\u00f3n 23","robots":{"index":"index","follow":"follow","max-snippet":"max-snippet:-1","max-image-preview":"max-image-preview:large","max-video-preview":"max-video-preview:-1"},"canonical":"http:\/\/conexion23.com\/?p=38997","og_locale":"es_ES","og_type":"article","og_title":"COMITE DE PREVENCION MITIGACION Y RESPUESTAS ( CPMR ) SE REUNE PARA EL OPERATIVO DE SEMANA SANTA. - Conexi\u00f3n 23","og_description":"Con el compromiso de garantizar la seguridad y el bienestar de todos durante el asueto, el Comit\u00e9 de Prevenci\u00f3n, Mitigaci\u00f3n y Respuesta (CPMR) de San Pedro de Macor\u00eds llev\u00f3 a cabo una reuni\u00f3n clave de planificaci\u00f3n para el Operativo Semana Santa 2025. &nbsp; &nbsp; &nbsp;El encuentro, realizado en el Sal\u00f3n Francisco Comarazamy del Ayuntamiento Municipal, [&hellip;]","og_url":"http:\/\/conexion23.com\/?p=38997","og_site_name":"Conexi\u00f3n 23","article_publisher":"https:\/\/www.facebook.com\/conexion23com","article_published_time":"2025-03-19T12:15:55+00:00","article_modified_time":"2025-03-19T12:15:57+00:00","og_image":[{"width":320,"height":240,"url":"http:\/\/conexion23.com\/wp-content\/uploads\/2025\/03\/yovanis-y-cuertpos.webp","type":"image\/webp"}],"author":"Raffy Ben\u00edtez","twitter_card":"summary_large_image","twitter_misc":{"Escrito por":"Raffy Ben\u00edtez","Tiempo de lectura":"2 minutos"},"schema":{"@context":"https:\/\/schema.org","@graph":[{"@type":"Article","@id":"http:\/\/conexion23.com\/?p=38997#article","isPartOf":{"@id":"http:\/\/conexion23.com\/?p=38997"},"author":{"name":"Raffy Ben\u00edtez","@id":"http:\/\/conexion23.com\/#\/schema\/person\/03e36043331117e97a373299bbcd30a6"},"headline":"COMITE DE PREVENCION MITIGACION Y RESPUESTAS ( CPMR ) SE REUNE PARA EL OPERATIVO DE SEMANA SANTA.","datePublished":"2025-03-19T12:15:55+00:00","dateModified":"2025-03-19T12:15:57+00:00","mainEntityOfPage":{"@id":"http:\/\/conexion23.com\/?p=38997"},"wordCount":164,"commentCount":0,"publisher":{"@id":"http:\/\/conexion23.com\/#organization"},"image":{"@id":"http:\/\/conexion23.com\/?p=38997#primaryimage"},"thumbnailUrl":"http:\/\/conexion23.com\/wp-content\/uploads\/2025\/03\/yovanis-y-cuertpos.webp","articleSection":["SPM"],"inLanguage":"es","potentialAction":[{"@type":"CommentAction","name":"Comment","target":["http:\/\/conexion23.com\/?p=38997#respond"]}]},{"@type":"WebPage","@id":"http:\/\/conexion23.com\/?p=38997","url":"http:\/\/conexion23.com\/?p=38997","name":"COMITE DE PREVENCION MITIGACION Y RESPUESTAS ( CPMR ) SE REUNE PARA EL OPERATIVO DE SEMANA SANTA. - Conexi\u00f3n 23","isPartOf":{"@id":"http:\/\/conexion23.com\/#website"},"primaryImageOfPage":{"@id":"http:\/\/conexion23.com\/?p=38997#primaryimage"},"image":{"@id":"http:\/\/conexion23.com\/?p=38997#primaryimage"},"thumbnailUrl":"http:\/\/conexion23.com\/wp-content\/uploads\/2025\/03\/yovanis-y-cuertpos.webp","datePublished":"2025-03-19T12:15:55+00:00","dateModified":"2025-03-19T12:15:57+00:00","breadcrumb":{"@id":"http:\/\/conexion23.com\/?p=38997#breadcrumb"},"inLanguage":"es","potentialAction":[{"@type":"ReadAction","target":["http:\/\/conexion23.com\/?p=38997"]}]},{"@type":"ImageObject","inLanguage":"es","@id":"http:\/\/conexion23.com\/?p=38997#primaryimage","url":"http:\/\/conexion23.com\/wp-content\/uploads\/2025\/03\/yovanis-y-cuertpos.webp","contentUrl":"http:\/\/conexion23.com\/wp-content\/uploads\/2025\/03\/yovanis-y-cuertpos.webp","width":320,"height":240},{"@type":"BreadcrumbList","@id":"http:\/\/conexion23.com\/?p=38997#breadcrumb","itemListElement":[{"@type":"ListItem","position":1,"name":"Portada","item":"http:\/\/conexion23.com\/"},{"@type":"ListItem","position":2,"name":"COMITE DE PREVENCION MITIGACION Y RESPUESTAS ( CPMR ) SE REUNE PARA EL OPERATIVO DE SEMANA SANTA."}]},{"@type":"WebSite","@id":"http:\/\/conexion23.com\/#website","url":"http:\/\/conexion23.com\/","name":"Conexi\u00f3n 23","description":"Peri\u00f3dico 100% Petromacorisano","publisher":{"@id":"http:\/\/conexion23.com\/#organization"},"potentialAction":[{"@type":"SearchAction","target":{"@type":"EntryPoint","urlTemplate":"http:\/\/conexion23.com\/?s={search_term_string}"},"query-input":{"@type":"PropertyValueSpecification","valueRequired":true,"valueName":"search_term_string"}}],"inLanguage":"es"},{"@type":"Organization","@id":"http:\/\/conexion23.com\/#organization","name":"Conexion 23","url":"http:\/\/conexion23.com\/","logo":{"@type":"ImageObject","inLanguage":"es","@id":"http:\/\/conexion23.com\/#\/schema\/logo\/image\/","url":"https:\/\/conexion23.com\/wp-content\/uploads\/2021\/11\/Diseno-sin-titulo-2.png","contentUrl":"https:\/\/conexion23.com\/wp-content\/uploads\/2021\/11\/Diseno-sin-titulo-2.png","width":541,"height":90,"caption":"Conexion 23"},"image":{"@id":"http:\/\/conexion23.com\/#\/schema\/logo\/image\/"},"sameAs":["https:\/\/www.facebook.com\/conexion23com","https:\/\/www.instagram.com\/conexion23com\/","https:\/\/www.youtube.com\/channel\/UCYc7vxxFZMYLIHNsHHxPZ3Q"]},{"@type":"Person","@id":"http:\/\/conexion23.com\/#\/schema\/person\/03e36043331117e97a373299bbcd30a6","name":"Raffy Ben\u00edtez","image":{"@type":"ImageObject","inLanguage":"es","@id":"https:\/\/secure.gravatar.com\/avatar\/3190a6a6c5e1b0327500f7d6c56b6242472ee6cb974cf09b401ee6b3b0798f23?s=96&d=mm&r=g","url":"https:\/\/secure.gravatar.com\/avatar\/3190a6a6c5e1b0327500f7d6c56b6242472ee6cb974cf09b401ee6b3b0798f23?s=96&d=mm&r=g","contentUrl":"https:\/\/secure.gravatar.com\/avatar\/3190a6a6c5e1b0327500f7d6c56b6242472ee6cb974cf09b401ee6b3b0798f23?s=96&d=mm&r=g","caption":"Raffy Ben\u00edtez"},"url":"http:\/\/conexion23.com\/?author=15"}]}},"_links":{"self":[{"href":"http:\/\/conexion23.com\/index.php?rest_route=\/wp\/v2\/posts\/38997","targetHints":{"allow":["GET"]}}],"collection":[{"href":"http:\/\/conexion23.com\/index.php?rest_route=\/wp\/v2\/posts"}],"about":[{"href":"http:\/\/conexion23.com\/index.php?rest_route=\/wp\/v2\/types\/post"}],"author":[{"embeddable":true,"href":"http:\/\/conexion23.com\/index.php?rest_route=\/wp\/v2\/users\/15"}],"replies":[{"embeddable":true,"href":"http:\/\/conexion23.com\/index.php?rest_route=%2Fwp%2Fv2%2Fcomments&post=38997"}],"version-history":[{"count":1,"href":"http:\/\/conexion23.com\/index.php?rest_route=\/wp\/v2\/posts\/38997\/revisions"}],"predecessor-version":[{"id":38999,"href":"http:\/\/conexion23.com\/index.php?rest_route=\/wp\/v2\/posts\/38997\/revisions\/38999"}],"wp:featuredmedia":[{"embeddable":true,"href":"http:\/\/conexion23.com\/index.php?rest_route=\/wp\/v2\/media\/38998"}],"wp:attachment":[{"href":"http:\/\/conexion23.com\/index.php?rest_route=%2Fwp%2Fv2%2Fmedia&parent=38997"}],"wp:term":[{"taxonomy":"category","embeddable":true,"href":"http:\/\/conexion23.com\/index.php?rest_route=%2Fwp%2Fv2%2Fcategories&post=38997"},{"taxonomy":"post_tag","embeddable":true,"href":"http:\/\/conexion23.com\/index.php?rest_route=%2Fwp%2Fv2%2Ftags&post=38997"}],"curies":[{"name":"wp","href":"https:\/\/api.w.org\/{rel}","templated":true}]}}