{"id":39031,"date":"2025-03-20T08:07:31","date_gmt":"2025-03-20T12:07:31","guid":{"rendered":"https:\/\/conexion23.com\/?p=39031"},"modified":"2025-03-20T08:07:33","modified_gmt":"2025-03-20T12:07:33","slug":"pn-y-mp-investigan-circunstancias-del-fallecimiento-de-joven-en-villa-hermosa-la-romana","status":"publish","type":"post","link":"http:\/\/conexion23.com\/?p=39031","title":{"rendered":"PN y MP investigan circunstancias del fallecimiento de joven en Villa Hermosa la Romana"},"content":{"rendered":"\n<p class=\"wp-block-paragraph\">El director regional Este de la Polic\u00eda Nacional, general Wandy Mad\u00e9 Montilla, dispuso hoy una investigaci\u00f3n exhaustiva sobre el incidente que involucr\u00f3 al joven Rafael Acevedo Valdez, quien lamentablemente falleci\u00f3 mientras recib\u00eda atenci\u00f3n m\u00e9dica en el hospital del municipio de Villa Hermosa.<\/p>\n\n\n\n<p class=\"wp-block-paragraph\">Este suceso ha generado gran preocupaci\u00f3n en la comunidad y entre las autoridades locales, lo que ha llevado a la activaci\u00f3n de todos los organismos correspondientes para esclarecer los hechos y determinar las circunstancias que rodearon este acontecimiento.<\/p>\n\n\n\n<p class=\"wp-block-paragraph\">Seg\u00fan el informe preliminar, el joven Acevedo Valdez, sin motivo aparente y actitud agresiva dio un golpe con las manos ensangrentadas a una unidad policial, la cual se encontraba en labores preventivas.<br>En ese momento, uno de los agentes se baj\u00f3 para preguntarle por qu\u00e9 hab\u00eda actuado de esa manera. El joven respondi\u00f3 propin\u00e1ndole un golpe, lo que llev\u00f3 a los agentes a someterlo a la obediencia utilizando una pistola Taser.<\/p>\n\n\n\n<p class=\"wp-block-paragraph\">El informe a\u00f1ade que antes del suceso seg\u00fan testigos este habr\u00eda destruido su negocio tipo barber\u00eda y agredi\u00f3 a otras personas. tras ser detenido .<br>El joven fue trasladado al hospital de Villa Hermosa, donde se percataron de que presentaba una herida en la cabeza<\/p>\n\n\n\n<p class=\"wp-block-paragraph\">All\u00ed recibi\u00f3 atenci\u00f3n m\u00e9dica y fue curado, pero posteriormente fue llevado al destacamento policial para iniciar el procedimiento correspondiente.<\/p>\n\n\n\n<p class=\"wp-block-paragraph\">Horas m\u00e1s tarde, inici\u00f3 con una conducta autoagresiva y fue trasladado una vez m\u00e1s al hospital para recibir atenciones m\u00e9dicas.<\/p>\n\n\n\n<p class=\"wp-block-paragraph\">El general Mad\u00e9 Montilla ha subrayado la importancia de garantizar una investigaci\u00f3n objetiva y transparente, que respete los derechos de todas las partes involucradas. Asimismo, hizo un llamado a la ciudadan\u00eda a mantener la calma y evitar la propagaci\u00f3n de desinformaci\u00f3n mientras se llevan a cabo las indagatorias.<\/p>\n\n\n\n<p class=\"wp-block-paragraph\">Las autoridades han asegurado que se ofrecer\u00e1n detalles adicionales a medida que avancen las investigaciones, manteniendo un compromiso con la transparencia y la adecuada comunicaci\u00f3n con la poblaci\u00f3n.<\/p>\n\n\n\n<p class=\"wp-block-paragraph\">Una nota sumistrada por el departamento de comunicaci\u00f3n y estrategias de la regional Este, expresa que Polic\u00eda Nacional agradece la comprensi\u00f3n y el apoyo de la comunidad en la b\u00fasqueda de la verdad en este caso que ha conmocionado a la localidad.<\/p>\n","protected":false},"excerpt":{"rendered":"<p>El director regional Este de la Polic\u00eda Nacional, general Wandy Mad\u00e9 Montilla, dispuso hoy una investigaci\u00f3n exhaustiva sobre el incidente que involucr\u00f3 al joven Rafael Acevedo Valdez, quien lamentablemente falleci\u00f3 mientras recib\u00eda atenci\u00f3n m\u00e9dica en el hospital del municipio de Villa Hermosa. Este suceso ha generado gran preocupaci\u00f3n en la comunidad y entre las autoridades [&hellip;]<\/p>\n","protected":false},"author":15,"featured_media":39032,"comment_status":"open","ping_status":"open","sticky":false,"template":"","format":"standard","meta":{"footnotes":""},"categories":[2473],"tags":[],"class_list":["post-39031","post","type-post","status-publish","format-standard","has-post-thumbnail","category-la-romana"],"yoast_head":"<!-- This site is optimized with the Yoast SEO plugin v27.6 - https:\/\/yoast.com\/product\/yoast-seo-wordpress\/ -->\n<title>PN y MP investigan circunstancias del fallecimiento de joven en Villa Hermosa la Romana - Conexi\u00f3n 23<\/title>\n<meta name=\"robots\" content=\"index, follow, max-snippet:-1, max-image-preview:large, max-video-preview:-1\" \/>\n<link rel=\"canonical\" href=\"http:\/\/conexion23.com\/?p=39031\" \/>\n<meta property=\"og:locale\" content=\"es_ES\" \/>\n<meta property=\"og:type\" content=\"article\" \/>\n<meta property=\"og:title\" content=\"PN y MP investigan circunstancias del fallecimiento de joven en Villa Hermosa la Romana - Conexi\u00f3n 23\" \/>\n<meta property=\"og:description\" content=\"El director regional Este de la Polic\u00eda Nacional, general Wandy Mad\u00e9 Montilla, dispuso hoy una investigaci\u00f3n exhaustiva sobre el incidente que involucr\u00f3 al joven Rafael Acevedo Valdez, quien lamentablemente falleci\u00f3 mientras recib\u00eda atenci\u00f3n m\u00e9dica en el hospital del municipio de Villa Hermosa. Este suceso ha generado gran preocupaci\u00f3n en la comunidad y entre las autoridades [&hellip;]\" \/>\n<meta property=\"og:url\" content=\"http:\/\/conexion23.com\/?p=39031\" \/>\n<meta property=\"og:site_name\" content=\"Conexi\u00f3n 23\" \/>\n<meta property=\"article:publisher\" content=\"https:\/\/www.facebook.com\/conexion23com\" \/>\n<meta property=\"article:published_time\" content=\"2025-03-20T12:07:31+00:00\" \/>\n<meta property=\"article:modified_time\" content=\"2025-03-20T12:07:33+00:00\" \/>\n<meta property=\"og:image\" content=\"http:\/\/conexion23.com\/wp-content\/uploads\/2025\/03\/d29fe35f-e735-49c9-bbb8-fe2994d28bd0.jpg\" \/>\n\t<meta property=\"og:image:width\" content=\"1600\" \/>\n\t<meta property=\"og:image:height\" content=\"1556\" \/>\n\t<meta property=\"og:image:type\" content=\"image\/jpeg\" \/>\n<meta name=\"author\" content=\"Raffy Ben\u00edtez\" \/>\n<meta name=\"twitter:card\" content=\"summary_large_image\" \/>\n<meta name=\"twitter:label1\" content=\"Escrito por\" \/>\n\t<meta name=\"twitter:data1\" content=\"Raffy Ben\u00edtez\" \/>\n\t<meta name=\"twitter:label2\" content=\"Tiempo de lectura\" \/>\n\t<meta name=\"twitter:data2\" content=\"2 minutos\" \/>\n<script type=\"application\/ld+json\" class=\"yoast-schema-graph\">{\"@context\":\"https:\\\/\\\/schema.org\",\"@graph\":[{\"@type\":\"Article\",\"@id\":\"http:\\\/\\\/conexion23.com\\\/?p=39031#article\",\"isPartOf\":{\"@id\":\"http:\\\/\\\/conexion23.com\\\/?p=39031\"},\"author\":{\"name\":\"Raffy Ben\u00edtez\",\"@id\":\"https:\\\/\\\/conexion23.com\\\/#\\\/schema\\\/person\\\/03e36043331117e97a373299bbcd30a6\"},\"headline\":\"PN y MP investigan circunstancias del fallecimiento de joven en Villa Hermosa la Romana\",\"datePublished\":\"2025-03-20T12:07:31+00:00\",\"dateModified\":\"2025-03-20T12:07:33+00:00\",\"mainEntityOfPage\":{\"@id\":\"http:\\\/\\\/conexion23.com\\\/?p=39031\"},\"wordCount\":396,\"commentCount\":0,\"publisher\":{\"@id\":\"https:\\\/\\\/conexion23.com\\\/#organization\"},\"image\":{\"@id\":\"http:\\\/\\\/conexion23.com\\\/?p=39031#primaryimage\"},\"thumbnailUrl\":\"http:\\\/\\\/conexion23.com\\\/wp-content\\\/uploads\\\/2025\\\/03\\\/d29fe35f-e735-49c9-bbb8-fe2994d28bd0.jpg\",\"articleSection\":[\"La Romana\"],\"inLanguage\":\"es\",\"potentialAction\":[{\"@type\":\"CommentAction\",\"name\":\"Comment\",\"target\":[\"http:\\\/\\\/conexion23.com\\\/?p=39031#respond\"]}]},{\"@type\":\"WebPage\",\"@id\":\"http:\\\/\\\/conexion23.com\\\/?p=39031\",\"url\":\"http:\\\/\\\/conexion23.com\\\/?p=39031\",\"name\":\"PN y MP investigan circunstancias del fallecimiento de joven en Villa Hermosa la Romana - Conexi\u00f3n 23\",\"isPartOf\":{\"@id\":\"https:\\\/\\\/conexion23.com\\\/#website\"},\"primaryImageOfPage\":{\"@id\":\"http:\\\/\\\/conexion23.com\\\/?p=39031#primaryimage\"},\"image\":{\"@id\":\"http:\\\/\\\/conexion23.com\\\/?p=39031#primaryimage\"},\"thumbnailUrl\":\"http:\\\/\\\/conexion23.com\\\/wp-content\\\/uploads\\\/2025\\\/03\\\/d29fe35f-e735-49c9-bbb8-fe2994d28bd0.jpg\",\"datePublished\":\"2025-03-20T12:07:31+00:00\",\"dateModified\":\"2025-03-20T12:07:33+00:00\",\"breadcrumb\":{\"@id\":\"http:\\\/\\\/conexion23.com\\\/?p=39031#breadcrumb\"},\"inLanguage\":\"es\",\"potentialAction\":[{\"@type\":\"ReadAction\",\"target\":[\"http:\\\/\\\/conexion23.com\\\/?p=39031\"]}]},{\"@type\":\"ImageObject\",\"inLanguage\":\"es\",\"@id\":\"http:\\\/\\\/conexion23.com\\\/?p=39031#primaryimage\",\"url\":\"http:\\\/\\\/conexion23.com\\\/wp-content\\\/uploads\\\/2025\\\/03\\\/d29fe35f-e735-49c9-bbb8-fe2994d28bd0.jpg\",\"contentUrl\":\"http:\\\/\\\/conexion23.com\\\/wp-content\\\/uploads\\\/2025\\\/03\\\/d29fe35f-e735-49c9-bbb8-fe2994d28bd0.jpg\",\"width\":1600,\"height\":1556},{\"@type\":\"BreadcrumbList\",\"@id\":\"http:\\\/\\\/conexion23.com\\\/?p=39031#breadcrumb\",\"itemListElement\":[{\"@type\":\"ListItem\",\"position\":1,\"name\":\"Portada\",\"item\":\"https:\\\/\\\/conexion23.com\\\/\"},{\"@type\":\"ListItem\",\"position\":2,\"name\":\"PN y MP investigan circunstancias del fallecimiento de joven en Villa Hermosa la Romana\"}]},{\"@type\":\"WebSite\",\"@id\":\"https:\\\/\\\/conexion23.com\\\/#website\",\"url\":\"https:\\\/\\\/conexion23.com\\\/\",\"name\":\"Conexi\u00f3n 23\",\"description\":\"Peri\u00f3dico 100% Petromacorisano\",\"publisher\":{\"@id\":\"https:\\\/\\\/conexion23.com\\\/#organization\"},\"potentialAction\":[{\"@type\":\"SearchAction\",\"target\":{\"@type\":\"EntryPoint\",\"urlTemplate\":\"https:\\\/\\\/conexion23.com\\\/?s={search_term_string}\"},\"query-input\":{\"@type\":\"PropertyValueSpecification\",\"valueRequired\":true,\"valueName\":\"search_term_string\"}}],\"inLanguage\":\"es\"},{\"@type\":\"Organization\",\"@id\":\"https:\\\/\\\/conexion23.com\\\/#organization\",\"name\":\"Conexion 23\",\"url\":\"https:\\\/\\\/conexion23.com\\\/\",\"logo\":{\"@type\":\"ImageObject\",\"inLanguage\":\"es\",\"@id\":\"https:\\\/\\\/conexion23.com\\\/#\\\/schema\\\/logo\\\/image\\\/\",\"url\":\"https:\\\/\\\/conexion23.com\\\/wp-content\\\/uploads\\\/2021\\\/11\\\/Diseno-sin-titulo-2.png\",\"contentUrl\":\"https:\\\/\\\/conexion23.com\\\/wp-content\\\/uploads\\\/2021\\\/11\\\/Diseno-sin-titulo-2.png\",\"width\":541,\"height\":90,\"caption\":\"Conexion 23\"},\"image\":{\"@id\":\"https:\\\/\\\/conexion23.com\\\/#\\\/schema\\\/logo\\\/image\\\/\"},\"sameAs\":[\"https:\\\/\\\/www.facebook.com\\\/conexion23com\",\"https:\\\/\\\/www.instagram.com\\\/conexion23com\\\/\",\"https:\\\/\\\/www.youtube.com\\\/channel\\\/UCYc7vxxFZMYLIHNsHHxPZ3Q\"]},{\"@type\":\"Person\",\"@id\":\"https:\\\/\\\/conexion23.com\\\/#\\\/schema\\\/person\\\/03e36043331117e97a373299bbcd30a6\",\"name\":\"Raffy Ben\u00edtez\",\"image\":{\"@type\":\"ImageObject\",\"inLanguage\":\"es\",\"@id\":\"https:\\\/\\\/secure.gravatar.com\\\/avatar\\\/3190a6a6c5e1b0327500f7d6c56b6242472ee6cb974cf09b401ee6b3b0798f23?s=96&d=mm&r=g\",\"url\":\"https:\\\/\\\/secure.gravatar.com\\\/avatar\\\/3190a6a6c5e1b0327500f7d6c56b6242472ee6cb974cf09b401ee6b3b0798f23?s=96&d=mm&r=g\",\"contentUrl\":\"https:\\\/\\\/secure.gravatar.com\\\/avatar\\\/3190a6a6c5e1b0327500f7d6c56b6242472ee6cb974cf09b401ee6b3b0798f23?s=96&d=mm&r=g\",\"caption\":\"Raffy Ben\u00edtez\"},\"url\":\"http:\\\/\\\/conexion23.com\\\/?author=15\"}]}<\/script>\n<!-- \/ Yoast SEO plugin. -->","yoast_head_json":{"title":"PN y MP investigan circunstancias del fallecimiento de joven en Villa Hermosa la Romana - Conexi\u00f3n 23","robots":{"index":"index","follow":"follow","max-snippet":"max-snippet:-1","max-image-preview":"max-image-preview:large","max-video-preview":"max-video-preview:-1"},"canonical":"http:\/\/conexion23.com\/?p=39031","og_locale":"es_ES","og_type":"article","og_title":"PN y MP investigan circunstancias del fallecimiento de joven en Villa Hermosa la Romana - Conexi\u00f3n 23","og_description":"El director regional Este de la Polic\u00eda Nacional, general Wandy Mad\u00e9 Montilla, dispuso hoy una investigaci\u00f3n exhaustiva sobre el incidente que involucr\u00f3 al joven Rafael Acevedo Valdez, quien lamentablemente falleci\u00f3 mientras recib\u00eda atenci\u00f3n m\u00e9dica en el hospital del municipio de Villa Hermosa. Este suceso ha generado gran preocupaci\u00f3n en la comunidad y entre las autoridades [&hellip;]","og_url":"http:\/\/conexion23.com\/?p=39031","og_site_name":"Conexi\u00f3n 23","article_publisher":"https:\/\/www.facebook.com\/conexion23com","article_published_time":"2025-03-20T12:07:31+00:00","article_modified_time":"2025-03-20T12:07:33+00:00","og_image":[{"width":1600,"height":1556,"url":"http:\/\/conexion23.com\/wp-content\/uploads\/2025\/03\/d29fe35f-e735-49c9-bbb8-fe2994d28bd0.jpg","type":"image\/jpeg"}],"author":"Raffy Ben\u00edtez","twitter_card":"summary_large_image","twitter_misc":{"Escrito por":"Raffy Ben\u00edtez","Tiempo de lectura":"2 minutos"},"schema":{"@context":"https:\/\/schema.org","@graph":[{"@type":"Article","@id":"http:\/\/conexion23.com\/?p=39031#article","isPartOf":{"@id":"http:\/\/conexion23.com\/?p=39031"},"author":{"name":"Raffy Ben\u00edtez","@id":"https:\/\/conexion23.com\/#\/schema\/person\/03e36043331117e97a373299bbcd30a6"},"headline":"PN y MP investigan circunstancias del fallecimiento de joven en Villa Hermosa la Romana","datePublished":"2025-03-20T12:07:31+00:00","dateModified":"2025-03-20T12:07:33+00:00","mainEntityOfPage":{"@id":"http:\/\/conexion23.com\/?p=39031"},"wordCount":396,"commentCount":0,"publisher":{"@id":"https:\/\/conexion23.com\/#organization"},"image":{"@id":"http:\/\/conexion23.com\/?p=39031#primaryimage"},"thumbnailUrl":"http:\/\/conexion23.com\/wp-content\/uploads\/2025\/03\/d29fe35f-e735-49c9-bbb8-fe2994d28bd0.jpg","articleSection":["La Romana"],"inLanguage":"es","potentialAction":[{"@type":"CommentAction","name":"Comment","target":["http:\/\/conexion23.com\/?p=39031#respond"]}]},{"@type":"WebPage","@id":"http:\/\/conexion23.com\/?p=39031","url":"http:\/\/conexion23.com\/?p=39031","name":"PN y MP investigan circunstancias del fallecimiento de joven en Villa Hermosa la Romana - Conexi\u00f3n 23","isPartOf":{"@id":"https:\/\/conexion23.com\/#website"},"primaryImageOfPage":{"@id":"http:\/\/conexion23.com\/?p=39031#primaryimage"},"image":{"@id":"http:\/\/conexion23.com\/?p=39031#primaryimage"},"thumbnailUrl":"http:\/\/conexion23.com\/wp-content\/uploads\/2025\/03\/d29fe35f-e735-49c9-bbb8-fe2994d28bd0.jpg","datePublished":"2025-03-20T12:07:31+00:00","dateModified":"2025-03-20T12:07:33+00:00","breadcrumb":{"@id":"http:\/\/conexion23.com\/?p=39031#breadcrumb"},"inLanguage":"es","potentialAction":[{"@type":"ReadAction","target":["http:\/\/conexion23.com\/?p=39031"]}]},{"@type":"ImageObject","inLanguage":"es","@id":"http:\/\/conexion23.com\/?p=39031#primaryimage","url":"http:\/\/conexion23.com\/wp-content\/uploads\/2025\/03\/d29fe35f-e735-49c9-bbb8-fe2994d28bd0.jpg","contentUrl":"http:\/\/conexion23.com\/wp-content\/uploads\/2025\/03\/d29fe35f-e735-49c9-bbb8-fe2994d28bd0.jpg","width":1600,"height":1556},{"@type":"BreadcrumbList","@id":"http:\/\/conexion23.com\/?p=39031#breadcrumb","itemListElement":[{"@type":"ListItem","position":1,"name":"Portada","item":"https:\/\/conexion23.com\/"},{"@type":"ListItem","position":2,"name":"PN y MP investigan circunstancias del fallecimiento de joven en Villa Hermosa la Romana"}]},{"@type":"WebSite","@id":"https:\/\/conexion23.com\/#website","url":"https:\/\/conexion23.com\/","name":"Conexi\u00f3n 23","description":"Peri\u00f3dico 100% Petromacorisano","publisher":{"@id":"https:\/\/conexion23.com\/#organization"},"potentialAction":[{"@type":"SearchAction","target":{"@type":"EntryPoint","urlTemplate":"https:\/\/conexion23.com\/?s={search_term_string}"},"query-input":{"@type":"PropertyValueSpecification","valueRequired":true,"valueName":"search_term_string"}}],"inLanguage":"es"},{"@type":"Organization","@id":"https:\/\/conexion23.com\/#organization","name":"Conexion 23","url":"https:\/\/conexion23.com\/","logo":{"@type":"ImageObject","inLanguage":"es","@id":"https:\/\/conexion23.com\/#\/schema\/logo\/image\/","url":"https:\/\/conexion23.com\/wp-content\/uploads\/2021\/11\/Diseno-sin-titulo-2.png","contentUrl":"https:\/\/conexion23.com\/wp-content\/uploads\/2021\/11\/Diseno-sin-titulo-2.png","width":541,"height":90,"caption":"Conexion 23"},"image":{"@id":"https:\/\/conexion23.com\/#\/schema\/logo\/image\/"},"sameAs":["https:\/\/www.facebook.com\/conexion23com","https:\/\/www.instagram.com\/conexion23com\/","https:\/\/www.youtube.com\/channel\/UCYc7vxxFZMYLIHNsHHxPZ3Q"]},{"@type":"Person","@id":"https:\/\/conexion23.com\/#\/schema\/person\/03e36043331117e97a373299bbcd30a6","name":"Raffy Ben\u00edtez","image":{"@type":"ImageObject","inLanguage":"es","@id":"https:\/\/secure.gravatar.com\/avatar\/3190a6a6c5e1b0327500f7d6c56b6242472ee6cb974cf09b401ee6b3b0798f23?s=96&d=mm&r=g","url":"https:\/\/secure.gravatar.com\/avatar\/3190a6a6c5e1b0327500f7d6c56b6242472ee6cb974cf09b401ee6b3b0798f23?s=96&d=mm&r=g","contentUrl":"https:\/\/secure.gravatar.com\/avatar\/3190a6a6c5e1b0327500f7d6c56b6242472ee6cb974cf09b401ee6b3b0798f23?s=96&d=mm&r=g","caption":"Raffy Ben\u00edtez"},"url":"http:\/\/conexion23.com\/?author=15"}]}},"_links":{"self":[{"href":"http:\/\/conexion23.com\/index.php?rest_route=\/wp\/v2\/posts\/39031","targetHints":{"allow":["GET"]}}],"collection":[{"href":"http:\/\/conexion23.com\/index.php?rest_route=\/wp\/v2\/posts"}],"about":[{"href":"http:\/\/conexion23.com\/index.php?rest_route=\/wp\/v2\/types\/post"}],"author":[{"embeddable":true,"href":"http:\/\/conexion23.com\/index.php?rest_route=\/wp\/v2\/users\/15"}],"replies":[{"embeddable":true,"href":"http:\/\/conexion23.com\/index.php?rest_route=%2Fwp%2Fv2%2Fcomments&post=39031"}],"version-history":[{"count":1,"href":"http:\/\/conexion23.com\/index.php?rest_route=\/wp\/v2\/posts\/39031\/revisions"}],"predecessor-version":[{"id":39033,"href":"http:\/\/conexion23.com\/index.php?rest_route=\/wp\/v2\/posts\/39031\/revisions\/39033"}],"wp:featuredmedia":[{"embeddable":true,"href":"http:\/\/conexion23.com\/index.php?rest_route=\/wp\/v2\/media\/39032"}],"wp:attachment":[{"href":"http:\/\/conexion23.com\/index.php?rest_route=%2Fwp%2Fv2%2Fmedia&parent=39031"}],"wp:term":[{"taxonomy":"category","embeddable":true,"href":"http:\/\/conexion23.com\/index.php?rest_route=%2Fwp%2Fv2%2Fcategories&post=39031"},{"taxonomy":"post_tag","embeddable":true,"href":"http:\/\/conexion23.com\/index.php?rest_route=%2Fwp%2Fv2%2Ftags&post=39031"}],"curies":[{"name":"wp","href":"https:\/\/api.w.org\/{rel}","templated":true}]}}