{"id":39416,"date":"2025-05-20T07:37:55","date_gmt":"2025-05-20T11:37:55","guid":{"rendered":"https:\/\/conexion23.com\/?p=39416"},"modified":"2025-05-20T07:37:58","modified_gmt":"2025-05-20T11:37:58","slug":"universidad-central-del-este-crea-centro-para-la-gobernanza-y-el-desarrollo-local","status":"publish","type":"post","link":"http:\/\/conexion23.com\/?p=39416","title":{"rendered":"Universidad Central del Este crea Centro para la Gobernanza y el Desarrollo Local"},"content":{"rendered":"\n<p class=\"wp-block-paragraph\">La Universidad Central del Este (UCE) hizo el lanzamiento del Centro UCE para la Gobernanza y el Desarrollo Local, una iniciativa acad\u00e9mica orientada a fortalecer la gesti\u00f3n p\u00fablica y promover soluciones innovadoras para los desaf\u00edos locales, con la participaci\u00f3n de autoridades municipales de toda la regi\u00f3n Este y un destacado grupo de expertos en desarrollo territorial.&nbsp;<\/p>\n\n\n\n<p class=\"wp-block-paragraph\">El acto fue encabezado por el rector de la universidad, Mtro. Jos\u00e9 Hazim Torres, quien afirm\u00f3 que el nuevo centro ser\u00e1 un espacio de reflexi\u00f3n, formaci\u00f3n y acompa\u00f1amiento t\u00e9cnico a las instituciones locales, nacionales e internacionales que trabajan por el bien com\u00fan.<\/p>\n\n\n\n<p class=\"wp-block-paragraph\">\u201cEl desarrollo local constituye la piedra angular del fortalecimiento de nuestra sociedad. Sin una articulaci\u00f3n efectiva en los territorios, el desarrollo nacional simplemente no puede prosperar\u201d, expres\u00f3 el rector durante su intervenci\u00f3n. Asimismo, reiter\u00f3 el compromiso de la UCE de colaborar desde la academia, libre de intereses pol\u00edtico-partidarios, con todos los actores involucrados en la formulaci\u00f3n y ejecuci\u00f3n de pol\u00edticas p\u00fablicas.<\/p>\n\n\n\n<p class=\"wp-block-paragraph\">Hazim Torres concluy\u00f3 sus palabras destacando que este nuevo centro nace para \u201cfortalecer las instituciones locales y regionales, aportar soluciones pr\u00e1cticas, acompa\u00f1ar proyectos puntuales y facilitar la interacci\u00f3n entre los diversos actores sociales que operan a nivel comunitario\u201d.<\/p>\n\n\n\n<p class=\"wp-block-paragraph\">Durante el acto fue anunciado como director ejecutivo del Centro UCE para la Gobernanza y el Desarrollo Local, el licenciado Sergio Cede\u00f1o, exalcalde, exdiputado y reconocido municipalista dominicano. Cede\u00f1o present\u00f3 las l\u00edneas de acci\u00f3n del centro, las cuales girar\u00e1n en torno a siete ejes estrat\u00e9gicos: ordenamiento territorial y desarrollo regional; cambio clim\u00e1tico y gesti\u00f3n de desastres naturales; ciencia del fuego; cooperaci\u00f3n nacional e internacional para el desarrollo local; fundamentos para la gesti\u00f3n municipal; acompa\u00f1amiento en investigaciones cuantitativas y cualitativas; y asesor\u00eda en formulaci\u00f3n, gesti\u00f3n y financiamiento de proyectos.<\/p>\n\n\n\n<p class=\"wp-block-paragraph\">El evento cont\u00f3 con la presencia de destacadas personalidades del \u00e1mbito municipal y acad\u00e9mico, entre ellos el licenciado Domingo Mat\u00edas, viceministro de Ordenamiento Territorial y Desarrollo Regional del Ministerio de Econom\u00eda, Planificaci\u00f3n y Desarrollo; el Lic. V\u00edctor D\u00b4Aza, presidente de la Liga Municipal Dominicana; y el Dr. Pedro Richardson, director ejecutivo de la Federaci\u00f3n Dominicana de Distritos Municipales.<\/p>\n\n\n\n<p class=\"wp-block-paragraph\">Tras el acto inaugural, se desarroll\u00f3 una Mesa Redonda de Expertos, coordinada por el soci\u00f3logo Jos\u00e9 Oviedo, con la participaci\u00f3n de los arquitectos Erick Dorrejo, Julio del Corral, Gustavo Valdez y el economista Jos\u00e9 Antonio Chevallier, quienes abordaron temas clave sobre gobernanza, planificaci\u00f3n urbana y desarrollo territorial.<\/p>\n\n\n\n<p class=\"wp-block-paragraph\">El lanzamiento del Centro UCE para la Gobernanza y el Desarrollo Local marca un paso trascendental en el compromiso de la Universidad Central del Este con el fortalecimiento institucional y la construcci\u00f3n de territorios m\u00e1s sostenibles, resilientes y participativos.<\/p>\n","protected":false},"excerpt":{"rendered":"<p>La Universidad Central del Este (UCE) hizo el lanzamiento del Centro UCE para la Gobernanza y el Desarrollo Local, una iniciativa acad\u00e9mica orientada a fortalecer la gesti\u00f3n p\u00fablica y promover soluciones innovadoras para los desaf\u00edos locales, con la participaci\u00f3n de autoridades municipales de toda la regi\u00f3n Este y un destacado grupo de expertos en desarrollo [&hellip;]<\/p>\n","protected":false},"author":15,"featured_media":39417,"comment_status":"open","ping_status":"open","sticky":false,"template":"","format":"standard","meta":{"footnotes":""},"categories":[35],"tags":[],"class_list":["post-39416","post","type-post","status-publish","format-standard","has-post-thumbnail","category-spm"],"yoast_head":"<!-- This site is optimized with the Yoast SEO plugin v27.6 - https:\/\/yoast.com\/product\/yoast-seo-wordpress\/ -->\n<title>Universidad Central del Este crea Centro para la Gobernanza y el Desarrollo Local - Conexi\u00f3n 23<\/title>\n<meta name=\"robots\" content=\"index, follow, max-snippet:-1, max-image-preview:large, max-video-preview:-1\" \/>\n<link rel=\"canonical\" href=\"http:\/\/conexion23.com\/?p=39416\" \/>\n<meta property=\"og:locale\" content=\"es_ES\" \/>\n<meta property=\"og:type\" content=\"article\" \/>\n<meta property=\"og:title\" content=\"Universidad Central del Este crea Centro para la Gobernanza y el Desarrollo Local - Conexi\u00f3n 23\" \/>\n<meta property=\"og:description\" content=\"La Universidad Central del Este (UCE) hizo el lanzamiento del Centro UCE para la Gobernanza y el Desarrollo Local, una iniciativa acad\u00e9mica orientada a fortalecer la gesti\u00f3n p\u00fablica y promover soluciones innovadoras para los desaf\u00edos locales, con la participaci\u00f3n de autoridades municipales de toda la regi\u00f3n Este y un destacado grupo de expertos en desarrollo [&hellip;]\" \/>\n<meta property=\"og:url\" content=\"http:\/\/conexion23.com\/?p=39416\" \/>\n<meta property=\"og:site_name\" content=\"Conexi\u00f3n 23\" \/>\n<meta property=\"article:publisher\" content=\"https:\/\/www.facebook.com\/conexion23com\" \/>\n<meta property=\"article:published_time\" content=\"2025-05-20T11:37:55+00:00\" \/>\n<meta property=\"article:modified_time\" content=\"2025-05-20T11:37:58+00:00\" \/>\n<meta property=\"og:image\" content=\"http:\/\/conexion23.com\/wp-content\/uploads\/2025\/05\/IMG-20250519-WA0077.jpg\" \/>\n\t<meta property=\"og:image:width\" content=\"320\" \/>\n\t<meta property=\"og:image:height\" content=\"213\" \/>\n\t<meta property=\"og:image:type\" content=\"image\/jpeg\" \/>\n<meta name=\"author\" content=\"Raffy Ben\u00edtez\" \/>\n<meta name=\"twitter:card\" content=\"summary_large_image\" \/>\n<meta name=\"twitter:label1\" content=\"Escrito por\" \/>\n\t<meta name=\"twitter:data1\" content=\"Raffy Ben\u00edtez\" \/>\n\t<meta name=\"twitter:label2\" content=\"Tiempo de lectura\" \/>\n\t<meta name=\"twitter:data2\" content=\"3 minutos\" \/>\n<script type=\"application\/ld+json\" class=\"yoast-schema-graph\">{\"@context\":\"https:\\\/\\\/schema.org\",\"@graph\":[{\"@type\":\"Article\",\"@id\":\"http:\\\/\\\/conexion23.com\\\/?p=39416#article\",\"isPartOf\":{\"@id\":\"http:\\\/\\\/conexion23.com\\\/?p=39416\"},\"author\":{\"name\":\"Raffy Ben\u00edtez\",\"@id\":\"http:\\\/\\\/conexion23.com\\\/#\\\/schema\\\/person\\\/03e36043331117e97a373299bbcd30a6\"},\"headline\":\"Universidad Central del Este crea Centro para la Gobernanza y el Desarrollo Local\",\"datePublished\":\"2025-05-20T11:37:55+00:00\",\"dateModified\":\"2025-05-20T11:37:58+00:00\",\"mainEntityOfPage\":{\"@id\":\"http:\\\/\\\/conexion23.com\\\/?p=39416\"},\"wordCount\":490,\"commentCount\":0,\"publisher\":{\"@id\":\"http:\\\/\\\/conexion23.com\\\/#organization\"},\"image\":{\"@id\":\"http:\\\/\\\/conexion23.com\\\/?p=39416#primaryimage\"},\"thumbnailUrl\":\"http:\\\/\\\/conexion23.com\\\/wp-content\\\/uploads\\\/2025\\\/05\\\/IMG-20250519-WA0077.jpg\",\"articleSection\":[\"SPM\"],\"inLanguage\":\"es\",\"potentialAction\":[{\"@type\":\"CommentAction\",\"name\":\"Comment\",\"target\":[\"http:\\\/\\\/conexion23.com\\\/?p=39416#respond\"]}]},{\"@type\":\"WebPage\",\"@id\":\"http:\\\/\\\/conexion23.com\\\/?p=39416\",\"url\":\"http:\\\/\\\/conexion23.com\\\/?p=39416\",\"name\":\"Universidad Central del Este crea Centro para la Gobernanza y el Desarrollo Local - Conexi\u00f3n 23\",\"isPartOf\":{\"@id\":\"http:\\\/\\\/conexion23.com\\\/#website\"},\"primaryImageOfPage\":{\"@id\":\"http:\\\/\\\/conexion23.com\\\/?p=39416#primaryimage\"},\"image\":{\"@id\":\"http:\\\/\\\/conexion23.com\\\/?p=39416#primaryimage\"},\"thumbnailUrl\":\"http:\\\/\\\/conexion23.com\\\/wp-content\\\/uploads\\\/2025\\\/05\\\/IMG-20250519-WA0077.jpg\",\"datePublished\":\"2025-05-20T11:37:55+00:00\",\"dateModified\":\"2025-05-20T11:37:58+00:00\",\"breadcrumb\":{\"@id\":\"http:\\\/\\\/conexion23.com\\\/?p=39416#breadcrumb\"},\"inLanguage\":\"es\",\"potentialAction\":[{\"@type\":\"ReadAction\",\"target\":[\"http:\\\/\\\/conexion23.com\\\/?p=39416\"]}]},{\"@type\":\"ImageObject\",\"inLanguage\":\"es\",\"@id\":\"http:\\\/\\\/conexion23.com\\\/?p=39416#primaryimage\",\"url\":\"http:\\\/\\\/conexion23.com\\\/wp-content\\\/uploads\\\/2025\\\/05\\\/IMG-20250519-WA0077.jpg\",\"contentUrl\":\"http:\\\/\\\/conexion23.com\\\/wp-content\\\/uploads\\\/2025\\\/05\\\/IMG-20250519-WA0077.jpg\",\"width\":320,\"height\":213},{\"@type\":\"BreadcrumbList\",\"@id\":\"http:\\\/\\\/conexion23.com\\\/?p=39416#breadcrumb\",\"itemListElement\":[{\"@type\":\"ListItem\",\"position\":1,\"name\":\"Portada\",\"item\":\"http:\\\/\\\/conexion23.com\\\/\"},{\"@type\":\"ListItem\",\"position\":2,\"name\":\"Universidad Central del Este crea Centro para la Gobernanza y el Desarrollo Local\"}]},{\"@type\":\"WebSite\",\"@id\":\"http:\\\/\\\/conexion23.com\\\/#website\",\"url\":\"http:\\\/\\\/conexion23.com\\\/\",\"name\":\"Conexi\u00f3n 23\",\"description\":\"Peri\u00f3dico 100% Petromacorisano\",\"publisher\":{\"@id\":\"http:\\\/\\\/conexion23.com\\\/#organization\"},\"potentialAction\":[{\"@type\":\"SearchAction\",\"target\":{\"@type\":\"EntryPoint\",\"urlTemplate\":\"http:\\\/\\\/conexion23.com\\\/?s={search_term_string}\"},\"query-input\":{\"@type\":\"PropertyValueSpecification\",\"valueRequired\":true,\"valueName\":\"search_term_string\"}}],\"inLanguage\":\"es\"},{\"@type\":\"Organization\",\"@id\":\"http:\\\/\\\/conexion23.com\\\/#organization\",\"name\":\"Conexion 23\",\"url\":\"http:\\\/\\\/conexion23.com\\\/\",\"logo\":{\"@type\":\"ImageObject\",\"inLanguage\":\"es\",\"@id\":\"http:\\\/\\\/conexion23.com\\\/#\\\/schema\\\/logo\\\/image\\\/\",\"url\":\"https:\\\/\\\/conexion23.com\\\/wp-content\\\/uploads\\\/2021\\\/11\\\/Diseno-sin-titulo-2.png\",\"contentUrl\":\"https:\\\/\\\/conexion23.com\\\/wp-content\\\/uploads\\\/2021\\\/11\\\/Diseno-sin-titulo-2.png\",\"width\":541,\"height\":90,\"caption\":\"Conexion 23\"},\"image\":{\"@id\":\"http:\\\/\\\/conexion23.com\\\/#\\\/schema\\\/logo\\\/image\\\/\"},\"sameAs\":[\"https:\\\/\\\/www.facebook.com\\\/conexion23com\",\"https:\\\/\\\/www.instagram.com\\\/conexion23com\\\/\",\"https:\\\/\\\/www.youtube.com\\\/channel\\\/UCYc7vxxFZMYLIHNsHHxPZ3Q\"]},{\"@type\":\"Person\",\"@id\":\"http:\\\/\\\/conexion23.com\\\/#\\\/schema\\\/person\\\/03e36043331117e97a373299bbcd30a6\",\"name\":\"Raffy Ben\u00edtez\",\"image\":{\"@type\":\"ImageObject\",\"inLanguage\":\"es\",\"@id\":\"https:\\\/\\\/secure.gravatar.com\\\/avatar\\\/3190a6a6c5e1b0327500f7d6c56b6242472ee6cb974cf09b401ee6b3b0798f23?s=96&d=mm&r=g\",\"url\":\"https:\\\/\\\/secure.gravatar.com\\\/avatar\\\/3190a6a6c5e1b0327500f7d6c56b6242472ee6cb974cf09b401ee6b3b0798f23?s=96&d=mm&r=g\",\"contentUrl\":\"https:\\\/\\\/secure.gravatar.com\\\/avatar\\\/3190a6a6c5e1b0327500f7d6c56b6242472ee6cb974cf09b401ee6b3b0798f23?s=96&d=mm&r=g\",\"caption\":\"Raffy Ben\u00edtez\"},\"url\":\"http:\\\/\\\/conexion23.com\\\/?author=15\"}]}<\/script>\n<!-- \/ Yoast SEO plugin. -->","yoast_head_json":{"title":"Universidad Central del Este crea Centro para la Gobernanza y el Desarrollo Local - Conexi\u00f3n 23","robots":{"index":"index","follow":"follow","max-snippet":"max-snippet:-1","max-image-preview":"max-image-preview:large","max-video-preview":"max-video-preview:-1"},"canonical":"http:\/\/conexion23.com\/?p=39416","og_locale":"es_ES","og_type":"article","og_title":"Universidad Central del Este crea Centro para la Gobernanza y el Desarrollo Local - Conexi\u00f3n 23","og_description":"La Universidad Central del Este (UCE) hizo el lanzamiento del Centro UCE para la Gobernanza y el Desarrollo Local, una iniciativa acad\u00e9mica orientada a fortalecer la gesti\u00f3n p\u00fablica y promover soluciones innovadoras para los desaf\u00edos locales, con la participaci\u00f3n de autoridades municipales de toda la regi\u00f3n Este y un destacado grupo de expertos en desarrollo [&hellip;]","og_url":"http:\/\/conexion23.com\/?p=39416","og_site_name":"Conexi\u00f3n 23","article_publisher":"https:\/\/www.facebook.com\/conexion23com","article_published_time":"2025-05-20T11:37:55+00:00","article_modified_time":"2025-05-20T11:37:58+00:00","og_image":[{"width":320,"height":213,"url":"http:\/\/conexion23.com\/wp-content\/uploads\/2025\/05\/IMG-20250519-WA0077.jpg","type":"image\/jpeg"}],"author":"Raffy Ben\u00edtez","twitter_card":"summary_large_image","twitter_misc":{"Escrito por":"Raffy Ben\u00edtez","Tiempo de lectura":"3 minutos"},"schema":{"@context":"https:\/\/schema.org","@graph":[{"@type":"Article","@id":"http:\/\/conexion23.com\/?p=39416#article","isPartOf":{"@id":"http:\/\/conexion23.com\/?p=39416"},"author":{"name":"Raffy Ben\u00edtez","@id":"http:\/\/conexion23.com\/#\/schema\/person\/03e36043331117e97a373299bbcd30a6"},"headline":"Universidad Central del Este crea Centro para la Gobernanza y el Desarrollo Local","datePublished":"2025-05-20T11:37:55+00:00","dateModified":"2025-05-20T11:37:58+00:00","mainEntityOfPage":{"@id":"http:\/\/conexion23.com\/?p=39416"},"wordCount":490,"commentCount":0,"publisher":{"@id":"http:\/\/conexion23.com\/#organization"},"image":{"@id":"http:\/\/conexion23.com\/?p=39416#primaryimage"},"thumbnailUrl":"http:\/\/conexion23.com\/wp-content\/uploads\/2025\/05\/IMG-20250519-WA0077.jpg","articleSection":["SPM"],"inLanguage":"es","potentialAction":[{"@type":"CommentAction","name":"Comment","target":["http:\/\/conexion23.com\/?p=39416#respond"]}]},{"@type":"WebPage","@id":"http:\/\/conexion23.com\/?p=39416","url":"http:\/\/conexion23.com\/?p=39416","name":"Universidad Central del Este crea Centro para la Gobernanza y el Desarrollo Local - Conexi\u00f3n 23","isPartOf":{"@id":"http:\/\/conexion23.com\/#website"},"primaryImageOfPage":{"@id":"http:\/\/conexion23.com\/?p=39416#primaryimage"},"image":{"@id":"http:\/\/conexion23.com\/?p=39416#primaryimage"},"thumbnailUrl":"http:\/\/conexion23.com\/wp-content\/uploads\/2025\/05\/IMG-20250519-WA0077.jpg","datePublished":"2025-05-20T11:37:55+00:00","dateModified":"2025-05-20T11:37:58+00:00","breadcrumb":{"@id":"http:\/\/conexion23.com\/?p=39416#breadcrumb"},"inLanguage":"es","potentialAction":[{"@type":"ReadAction","target":["http:\/\/conexion23.com\/?p=39416"]}]},{"@type":"ImageObject","inLanguage":"es","@id":"http:\/\/conexion23.com\/?p=39416#primaryimage","url":"http:\/\/conexion23.com\/wp-content\/uploads\/2025\/05\/IMG-20250519-WA0077.jpg","contentUrl":"http:\/\/conexion23.com\/wp-content\/uploads\/2025\/05\/IMG-20250519-WA0077.jpg","width":320,"height":213},{"@type":"BreadcrumbList","@id":"http:\/\/conexion23.com\/?p=39416#breadcrumb","itemListElement":[{"@type":"ListItem","position":1,"name":"Portada","item":"http:\/\/conexion23.com\/"},{"@type":"ListItem","position":2,"name":"Universidad Central del Este crea Centro para la Gobernanza y el Desarrollo Local"}]},{"@type":"WebSite","@id":"http:\/\/conexion23.com\/#website","url":"http:\/\/conexion23.com\/","name":"Conexi\u00f3n 23","description":"Peri\u00f3dico 100% Petromacorisano","publisher":{"@id":"http:\/\/conexion23.com\/#organization"},"potentialAction":[{"@type":"SearchAction","target":{"@type":"EntryPoint","urlTemplate":"http:\/\/conexion23.com\/?s={search_term_string}"},"query-input":{"@type":"PropertyValueSpecification","valueRequired":true,"valueName":"search_term_string"}}],"inLanguage":"es"},{"@type":"Organization","@id":"http:\/\/conexion23.com\/#organization","name":"Conexion 23","url":"http:\/\/conexion23.com\/","logo":{"@type":"ImageObject","inLanguage":"es","@id":"http:\/\/conexion23.com\/#\/schema\/logo\/image\/","url":"https:\/\/conexion23.com\/wp-content\/uploads\/2021\/11\/Diseno-sin-titulo-2.png","contentUrl":"https:\/\/conexion23.com\/wp-content\/uploads\/2021\/11\/Diseno-sin-titulo-2.png","width":541,"height":90,"caption":"Conexion 23"},"image":{"@id":"http:\/\/conexion23.com\/#\/schema\/logo\/image\/"},"sameAs":["https:\/\/www.facebook.com\/conexion23com","https:\/\/www.instagram.com\/conexion23com\/","https:\/\/www.youtube.com\/channel\/UCYc7vxxFZMYLIHNsHHxPZ3Q"]},{"@type":"Person","@id":"http:\/\/conexion23.com\/#\/schema\/person\/03e36043331117e97a373299bbcd30a6","name":"Raffy Ben\u00edtez","image":{"@type":"ImageObject","inLanguage":"es","@id":"https:\/\/secure.gravatar.com\/avatar\/3190a6a6c5e1b0327500f7d6c56b6242472ee6cb974cf09b401ee6b3b0798f23?s=96&d=mm&r=g","url":"https:\/\/secure.gravatar.com\/avatar\/3190a6a6c5e1b0327500f7d6c56b6242472ee6cb974cf09b401ee6b3b0798f23?s=96&d=mm&r=g","contentUrl":"https:\/\/secure.gravatar.com\/avatar\/3190a6a6c5e1b0327500f7d6c56b6242472ee6cb974cf09b401ee6b3b0798f23?s=96&d=mm&r=g","caption":"Raffy Ben\u00edtez"},"url":"http:\/\/conexion23.com\/?author=15"}]}},"_links":{"self":[{"href":"http:\/\/conexion23.com\/index.php?rest_route=\/wp\/v2\/posts\/39416","targetHints":{"allow":["GET"]}}],"collection":[{"href":"http:\/\/conexion23.com\/index.php?rest_route=\/wp\/v2\/posts"}],"about":[{"href":"http:\/\/conexion23.com\/index.php?rest_route=\/wp\/v2\/types\/post"}],"author":[{"embeddable":true,"href":"http:\/\/conexion23.com\/index.php?rest_route=\/wp\/v2\/users\/15"}],"replies":[{"embeddable":true,"href":"http:\/\/conexion23.com\/index.php?rest_route=%2Fwp%2Fv2%2Fcomments&post=39416"}],"version-history":[{"count":1,"href":"http:\/\/conexion23.com\/index.php?rest_route=\/wp\/v2\/posts\/39416\/revisions"}],"predecessor-version":[{"id":39418,"href":"http:\/\/conexion23.com\/index.php?rest_route=\/wp\/v2\/posts\/39416\/revisions\/39418"}],"wp:featuredmedia":[{"embeddable":true,"href":"http:\/\/conexion23.com\/index.php?rest_route=\/wp\/v2\/media\/39417"}],"wp:attachment":[{"href":"http:\/\/conexion23.com\/index.php?rest_route=%2Fwp%2Fv2%2Fmedia&parent=39416"}],"wp:term":[{"taxonomy":"category","embeddable":true,"href":"http:\/\/conexion23.com\/index.php?rest_route=%2Fwp%2Fv2%2Fcategories&post=39416"},{"taxonomy":"post_tag","embeddable":true,"href":"http:\/\/conexion23.com\/index.php?rest_route=%2Fwp%2Fv2%2Ftags&post=39416"}],"curies":[{"name":"wp","href":"https:\/\/api.w.org\/{rel}","templated":true}]}}