{"id":39434,"date":"2025-05-20T09:14:20","date_gmt":"2025-05-20T13:14:20","guid":{"rendered":"https:\/\/conexion23.com\/?p=39434"},"modified":"2025-05-20T09:14:23","modified_gmt":"2025-05-20T13:14:23","slug":"ponen-en-marcha-plan-piloto-para-bloquear-senales-y-frenar-delitos-desde-carceles","status":"publish","type":"post","link":"http:\/\/conexion23.com\/?p=39434","title":{"rendered":"Ponen en marcha plan piloto para bloquear se\u00f1ales y frenar delitos desde c\u00e1rceles."},"content":{"rendered":"\n<p class=\"wp-block-paragraph\">Con el objetivo de frenar las comunicaciones delictivas desde los centros penitenciarios, se puso en marcha un plan piloto de instalaci\u00f3n de bloqueadores de se\u00f1al en varias c\u00e1rceles del pa\u00eds, tras la firma de un acuerdo entre el Ministerio P\u00fablico y la Direcci\u00f3n de Espectro Radioel\u00e9ctrico del INDOTEL.<\/p>\n\n\n\n<p class=\"wp-block-paragraph\">La informaci\u00f3n fue confirmada por Guido G\u00f3mez Mazara, quien explic\u00f3 que el proyecto, que combina inversi\u00f3n tecnol\u00f3gica, cooperaci\u00f3n interinstitucional y control presupuestario, cuenta con una donaci\u00f3n de RD$300 millones por parte del INDOTEL, destinados a la adquisici\u00f3n de equipos inhibidores de se\u00f1ales de telecomunicaciones.<\/p>\n\n\n\n<p class=\"wp-block-paragraph\">Detall\u00f3 que la ejecuci\u00f3n del plan est\u00e1 a cargo del Ministerio P\u00fablico y la Direcci\u00f3n General de Servicios Penitenciarios, y ser\u00e1 implementado en centros penitenciarios priorizados como:<\/p>\n\n\n\n<p class=\"wp-block-paragraph\">El Pino, en La Vega<br>CCR-15, en Azua<br>Ana Mulla, en Hig\u00fcey<br>Centro Penitenciario de Santiago<br>Dijo que la Direcci\u00f3n de Espectro Radioel\u00e9ctrico del INDOTEL ser\u00e1 responsable de coordinar los aspectos t\u00e9cnicos del uso de frecuencia y supervisar el funcionamiento de los equipos.<\/p>\n\n\n\n<p class=\"wp-block-paragraph\">Manifest\u00f3 que esta medida busca reducir significativamente las acciones delictivas que se planifican o ejecutan desde las c\u00e1rceles mediante el uso ilegal de tel\u00e9fonos m\u00f3viles.<\/p>\n","protected":false},"excerpt":{"rendered":"<p>Con el objetivo de frenar las comunicaciones delictivas desde los centros penitenciarios, se puso en marcha un plan piloto de instalaci\u00f3n de bloqueadores de se\u00f1al en varias c\u00e1rceles del pa\u00eds, tras la firma de un acuerdo entre el Ministerio P\u00fablico y la Direcci\u00f3n de Espectro Radioel\u00e9ctrico del INDOTEL. La informaci\u00f3n fue confirmada por Guido G\u00f3mez [&hellip;]<\/p>\n","protected":false},"author":15,"featured_media":39435,"comment_status":"open","ping_status":"open","sticky":false,"template":"","format":"standard","meta":{"footnotes":""},"categories":[1],"tags":[],"class_list":["post-39434","post","type-post","status-publish","format-standard","has-post-thumbnail","category-uncategorized"],"yoast_head":"<!-- This site is optimized with the Yoast SEO plugin v27.6 - https:\/\/yoast.com\/product\/yoast-seo-wordpress\/ -->\n<title>Ponen en marcha plan piloto para bloquear se\u00f1ales y frenar delitos desde c\u00e1rceles. - Conexi\u00f3n 23<\/title>\n<meta name=\"robots\" content=\"index, follow, max-snippet:-1, max-image-preview:large, max-video-preview:-1\" \/>\n<link rel=\"canonical\" href=\"http:\/\/conexion23.com\/?p=39434\" \/>\n<meta property=\"og:locale\" content=\"es_ES\" \/>\n<meta property=\"og:type\" content=\"article\" \/>\n<meta property=\"og:title\" content=\"Ponen en marcha plan piloto para bloquear se\u00f1ales y frenar delitos desde c\u00e1rceles. - Conexi\u00f3n 23\" \/>\n<meta property=\"og:description\" content=\"Con el objetivo de frenar las comunicaciones delictivas desde los centros penitenciarios, se puso en marcha un plan piloto de instalaci\u00f3n de bloqueadores de se\u00f1al en varias c\u00e1rceles del pa\u00eds, tras la firma de un acuerdo entre el Ministerio P\u00fablico y la Direcci\u00f3n de Espectro Radioel\u00e9ctrico del INDOTEL. La informaci\u00f3n fue confirmada por Guido G\u00f3mez [&hellip;]\" \/>\n<meta property=\"og:url\" content=\"http:\/\/conexion23.com\/?p=39434\" \/>\n<meta property=\"og:site_name\" content=\"Conexi\u00f3n 23\" \/>\n<meta property=\"article:publisher\" content=\"https:\/\/www.facebook.com\/conexion23com\" \/>\n<meta property=\"article:published_time\" content=\"2025-05-20T13:14:20+00:00\" \/>\n<meta property=\"article:modified_time\" content=\"2025-05-20T13:14:23+00:00\" \/>\n<meta property=\"og:image\" content=\"http:\/\/conexion23.com\/wp-content\/uploads\/2025\/05\/643268849a53e.webp\" \/>\n\t<meta property=\"og:image:width\" content=\"1200\" \/>\n\t<meta property=\"og:image:height\" content=\"675\" \/>\n\t<meta property=\"og:image:type\" content=\"image\/webp\" \/>\n<meta name=\"author\" content=\"Raffy Ben\u00edtez\" \/>\n<meta name=\"twitter:card\" content=\"summary_large_image\" \/>\n<meta name=\"twitter:label1\" content=\"Escrito por\" \/>\n\t<meta name=\"twitter:data1\" content=\"Raffy Ben\u00edtez\" \/>\n\t<meta name=\"twitter:label2\" content=\"Tiempo de lectura\" \/>\n\t<meta name=\"twitter:data2\" content=\"2 minutos\" \/>\n<script type=\"application\/ld+json\" class=\"yoast-schema-graph\">{\"@context\":\"https:\\\/\\\/schema.org\",\"@graph\":[{\"@type\":\"Article\",\"@id\":\"http:\\\/\\\/conexion23.com\\\/?p=39434#article\",\"isPartOf\":{\"@id\":\"http:\\\/\\\/conexion23.com\\\/?p=39434\"},\"author\":{\"name\":\"Raffy Ben\u00edtez\",\"@id\":\"https:\\\/\\\/conexion23.com\\\/#\\\/schema\\\/person\\\/03e36043331117e97a373299bbcd30a6\"},\"headline\":\"Ponen en marcha plan piloto para bloquear se\u00f1ales y frenar delitos desde c\u00e1rceles.\",\"datePublished\":\"2025-05-20T13:14:20+00:00\",\"dateModified\":\"2025-05-20T13:14:23+00:00\",\"mainEntityOfPage\":{\"@id\":\"http:\\\/\\\/conexion23.com\\\/?p=39434\"},\"wordCount\":223,\"commentCount\":0,\"publisher\":{\"@id\":\"https:\\\/\\\/conexion23.com\\\/#organization\"},\"image\":{\"@id\":\"http:\\\/\\\/conexion23.com\\\/?p=39434#primaryimage\"},\"thumbnailUrl\":\"http:\\\/\\\/conexion23.com\\\/wp-content\\\/uploads\\\/2025\\\/05\\\/643268849a53e.webp\",\"articleSection\":[\"Uncategorized\"],\"inLanguage\":\"es\",\"potentialAction\":[{\"@type\":\"CommentAction\",\"name\":\"Comment\",\"target\":[\"http:\\\/\\\/conexion23.com\\\/?p=39434#respond\"]}]},{\"@type\":\"WebPage\",\"@id\":\"http:\\\/\\\/conexion23.com\\\/?p=39434\",\"url\":\"http:\\\/\\\/conexion23.com\\\/?p=39434\",\"name\":\"Ponen en marcha plan piloto para bloquear se\u00f1ales y frenar delitos desde c\u00e1rceles. - Conexi\u00f3n 23\",\"isPartOf\":{\"@id\":\"https:\\\/\\\/conexion23.com\\\/#website\"},\"primaryImageOfPage\":{\"@id\":\"http:\\\/\\\/conexion23.com\\\/?p=39434#primaryimage\"},\"image\":{\"@id\":\"http:\\\/\\\/conexion23.com\\\/?p=39434#primaryimage\"},\"thumbnailUrl\":\"http:\\\/\\\/conexion23.com\\\/wp-content\\\/uploads\\\/2025\\\/05\\\/643268849a53e.webp\",\"datePublished\":\"2025-05-20T13:14:20+00:00\",\"dateModified\":\"2025-05-20T13:14:23+00:00\",\"breadcrumb\":{\"@id\":\"http:\\\/\\\/conexion23.com\\\/?p=39434#breadcrumb\"},\"inLanguage\":\"es\",\"potentialAction\":[{\"@type\":\"ReadAction\",\"target\":[\"http:\\\/\\\/conexion23.com\\\/?p=39434\"]}]},{\"@type\":\"ImageObject\",\"inLanguage\":\"es\",\"@id\":\"http:\\\/\\\/conexion23.com\\\/?p=39434#primaryimage\",\"url\":\"http:\\\/\\\/conexion23.com\\\/wp-content\\\/uploads\\\/2025\\\/05\\\/643268849a53e.webp\",\"contentUrl\":\"http:\\\/\\\/conexion23.com\\\/wp-content\\\/uploads\\\/2025\\\/05\\\/643268849a53e.webp\",\"width\":1200,\"height\":675},{\"@type\":\"BreadcrumbList\",\"@id\":\"http:\\\/\\\/conexion23.com\\\/?p=39434#breadcrumb\",\"itemListElement\":[{\"@type\":\"ListItem\",\"position\":1,\"name\":\"Portada\",\"item\":\"https:\\\/\\\/conexion23.com\\\/\"},{\"@type\":\"ListItem\",\"position\":2,\"name\":\"Ponen en marcha plan piloto para bloquear se\u00f1ales y frenar delitos desde c\u00e1rceles.\"}]},{\"@type\":\"WebSite\",\"@id\":\"https:\\\/\\\/conexion23.com\\\/#website\",\"url\":\"https:\\\/\\\/conexion23.com\\\/\",\"name\":\"Conexi\u00f3n 23\",\"description\":\"Peri\u00f3dico 100% Petromacorisano\",\"publisher\":{\"@id\":\"https:\\\/\\\/conexion23.com\\\/#organization\"},\"potentialAction\":[{\"@type\":\"SearchAction\",\"target\":{\"@type\":\"EntryPoint\",\"urlTemplate\":\"https:\\\/\\\/conexion23.com\\\/?s={search_term_string}\"},\"query-input\":{\"@type\":\"PropertyValueSpecification\",\"valueRequired\":true,\"valueName\":\"search_term_string\"}}],\"inLanguage\":\"es\"},{\"@type\":\"Organization\",\"@id\":\"https:\\\/\\\/conexion23.com\\\/#organization\",\"name\":\"Conexion 23\",\"url\":\"https:\\\/\\\/conexion23.com\\\/\",\"logo\":{\"@type\":\"ImageObject\",\"inLanguage\":\"es\",\"@id\":\"https:\\\/\\\/conexion23.com\\\/#\\\/schema\\\/logo\\\/image\\\/\",\"url\":\"https:\\\/\\\/conexion23.com\\\/wp-content\\\/uploads\\\/2021\\\/11\\\/Diseno-sin-titulo-2.png\",\"contentUrl\":\"https:\\\/\\\/conexion23.com\\\/wp-content\\\/uploads\\\/2021\\\/11\\\/Diseno-sin-titulo-2.png\",\"width\":541,\"height\":90,\"caption\":\"Conexion 23\"},\"image\":{\"@id\":\"https:\\\/\\\/conexion23.com\\\/#\\\/schema\\\/logo\\\/image\\\/\"},\"sameAs\":[\"https:\\\/\\\/www.facebook.com\\\/conexion23com\",\"https:\\\/\\\/www.instagram.com\\\/conexion23com\\\/\",\"https:\\\/\\\/www.youtube.com\\\/channel\\\/UCYc7vxxFZMYLIHNsHHxPZ3Q\"]},{\"@type\":\"Person\",\"@id\":\"https:\\\/\\\/conexion23.com\\\/#\\\/schema\\\/person\\\/03e36043331117e97a373299bbcd30a6\",\"name\":\"Raffy Ben\u00edtez\",\"image\":{\"@type\":\"ImageObject\",\"inLanguage\":\"es\",\"@id\":\"https:\\\/\\\/secure.gravatar.com\\\/avatar\\\/3190a6a6c5e1b0327500f7d6c56b6242472ee6cb974cf09b401ee6b3b0798f23?s=96&d=mm&r=g\",\"url\":\"https:\\\/\\\/secure.gravatar.com\\\/avatar\\\/3190a6a6c5e1b0327500f7d6c56b6242472ee6cb974cf09b401ee6b3b0798f23?s=96&d=mm&r=g\",\"contentUrl\":\"https:\\\/\\\/secure.gravatar.com\\\/avatar\\\/3190a6a6c5e1b0327500f7d6c56b6242472ee6cb974cf09b401ee6b3b0798f23?s=96&d=mm&r=g\",\"caption\":\"Raffy Ben\u00edtez\"},\"url\":\"http:\\\/\\\/conexion23.com\\\/?author=15\"}]}<\/script>\n<!-- \/ Yoast SEO plugin. -->","yoast_head_json":{"title":"Ponen en marcha plan piloto para bloquear se\u00f1ales y frenar delitos desde c\u00e1rceles. - Conexi\u00f3n 23","robots":{"index":"index","follow":"follow","max-snippet":"max-snippet:-1","max-image-preview":"max-image-preview:large","max-video-preview":"max-video-preview:-1"},"canonical":"http:\/\/conexion23.com\/?p=39434","og_locale":"es_ES","og_type":"article","og_title":"Ponen en marcha plan piloto para bloquear se\u00f1ales y frenar delitos desde c\u00e1rceles. - Conexi\u00f3n 23","og_description":"Con el objetivo de frenar las comunicaciones delictivas desde los centros penitenciarios, se puso en marcha un plan piloto de instalaci\u00f3n de bloqueadores de se\u00f1al en varias c\u00e1rceles del pa\u00eds, tras la firma de un acuerdo entre el Ministerio P\u00fablico y la Direcci\u00f3n de Espectro Radioel\u00e9ctrico del INDOTEL. La informaci\u00f3n fue confirmada por Guido G\u00f3mez [&hellip;]","og_url":"http:\/\/conexion23.com\/?p=39434","og_site_name":"Conexi\u00f3n 23","article_publisher":"https:\/\/www.facebook.com\/conexion23com","article_published_time":"2025-05-20T13:14:20+00:00","article_modified_time":"2025-05-20T13:14:23+00:00","og_image":[{"width":1200,"height":675,"url":"http:\/\/conexion23.com\/wp-content\/uploads\/2025\/05\/643268849a53e.webp","type":"image\/webp"}],"author":"Raffy Ben\u00edtez","twitter_card":"summary_large_image","twitter_misc":{"Escrito por":"Raffy Ben\u00edtez","Tiempo de lectura":"2 minutos"},"schema":{"@context":"https:\/\/schema.org","@graph":[{"@type":"Article","@id":"http:\/\/conexion23.com\/?p=39434#article","isPartOf":{"@id":"http:\/\/conexion23.com\/?p=39434"},"author":{"name":"Raffy Ben\u00edtez","@id":"https:\/\/conexion23.com\/#\/schema\/person\/03e36043331117e97a373299bbcd30a6"},"headline":"Ponen en marcha plan piloto para bloquear se\u00f1ales y frenar delitos desde c\u00e1rceles.","datePublished":"2025-05-20T13:14:20+00:00","dateModified":"2025-05-20T13:14:23+00:00","mainEntityOfPage":{"@id":"http:\/\/conexion23.com\/?p=39434"},"wordCount":223,"commentCount":0,"publisher":{"@id":"https:\/\/conexion23.com\/#organization"},"image":{"@id":"http:\/\/conexion23.com\/?p=39434#primaryimage"},"thumbnailUrl":"http:\/\/conexion23.com\/wp-content\/uploads\/2025\/05\/643268849a53e.webp","articleSection":["Uncategorized"],"inLanguage":"es","potentialAction":[{"@type":"CommentAction","name":"Comment","target":["http:\/\/conexion23.com\/?p=39434#respond"]}]},{"@type":"WebPage","@id":"http:\/\/conexion23.com\/?p=39434","url":"http:\/\/conexion23.com\/?p=39434","name":"Ponen en marcha plan piloto para bloquear se\u00f1ales y frenar delitos desde c\u00e1rceles. - Conexi\u00f3n 23","isPartOf":{"@id":"https:\/\/conexion23.com\/#website"},"primaryImageOfPage":{"@id":"http:\/\/conexion23.com\/?p=39434#primaryimage"},"image":{"@id":"http:\/\/conexion23.com\/?p=39434#primaryimage"},"thumbnailUrl":"http:\/\/conexion23.com\/wp-content\/uploads\/2025\/05\/643268849a53e.webp","datePublished":"2025-05-20T13:14:20+00:00","dateModified":"2025-05-20T13:14:23+00:00","breadcrumb":{"@id":"http:\/\/conexion23.com\/?p=39434#breadcrumb"},"inLanguage":"es","potentialAction":[{"@type":"ReadAction","target":["http:\/\/conexion23.com\/?p=39434"]}]},{"@type":"ImageObject","inLanguage":"es","@id":"http:\/\/conexion23.com\/?p=39434#primaryimage","url":"http:\/\/conexion23.com\/wp-content\/uploads\/2025\/05\/643268849a53e.webp","contentUrl":"http:\/\/conexion23.com\/wp-content\/uploads\/2025\/05\/643268849a53e.webp","width":1200,"height":675},{"@type":"BreadcrumbList","@id":"http:\/\/conexion23.com\/?p=39434#breadcrumb","itemListElement":[{"@type":"ListItem","position":1,"name":"Portada","item":"https:\/\/conexion23.com\/"},{"@type":"ListItem","position":2,"name":"Ponen en marcha plan piloto para bloquear se\u00f1ales y frenar delitos desde c\u00e1rceles."}]},{"@type":"WebSite","@id":"https:\/\/conexion23.com\/#website","url":"https:\/\/conexion23.com\/","name":"Conexi\u00f3n 23","description":"Peri\u00f3dico 100% Petromacorisano","publisher":{"@id":"https:\/\/conexion23.com\/#organization"},"potentialAction":[{"@type":"SearchAction","target":{"@type":"EntryPoint","urlTemplate":"https:\/\/conexion23.com\/?s={search_term_string}"},"query-input":{"@type":"PropertyValueSpecification","valueRequired":true,"valueName":"search_term_string"}}],"inLanguage":"es"},{"@type":"Organization","@id":"https:\/\/conexion23.com\/#organization","name":"Conexion 23","url":"https:\/\/conexion23.com\/","logo":{"@type":"ImageObject","inLanguage":"es","@id":"https:\/\/conexion23.com\/#\/schema\/logo\/image\/","url":"https:\/\/conexion23.com\/wp-content\/uploads\/2021\/11\/Diseno-sin-titulo-2.png","contentUrl":"https:\/\/conexion23.com\/wp-content\/uploads\/2021\/11\/Diseno-sin-titulo-2.png","width":541,"height":90,"caption":"Conexion 23"},"image":{"@id":"https:\/\/conexion23.com\/#\/schema\/logo\/image\/"},"sameAs":["https:\/\/www.facebook.com\/conexion23com","https:\/\/www.instagram.com\/conexion23com\/","https:\/\/www.youtube.com\/channel\/UCYc7vxxFZMYLIHNsHHxPZ3Q"]},{"@type":"Person","@id":"https:\/\/conexion23.com\/#\/schema\/person\/03e36043331117e97a373299bbcd30a6","name":"Raffy Ben\u00edtez","image":{"@type":"ImageObject","inLanguage":"es","@id":"https:\/\/secure.gravatar.com\/avatar\/3190a6a6c5e1b0327500f7d6c56b6242472ee6cb974cf09b401ee6b3b0798f23?s=96&d=mm&r=g","url":"https:\/\/secure.gravatar.com\/avatar\/3190a6a6c5e1b0327500f7d6c56b6242472ee6cb974cf09b401ee6b3b0798f23?s=96&d=mm&r=g","contentUrl":"https:\/\/secure.gravatar.com\/avatar\/3190a6a6c5e1b0327500f7d6c56b6242472ee6cb974cf09b401ee6b3b0798f23?s=96&d=mm&r=g","caption":"Raffy Ben\u00edtez"},"url":"http:\/\/conexion23.com\/?author=15"}]}},"_links":{"self":[{"href":"http:\/\/conexion23.com\/index.php?rest_route=\/wp\/v2\/posts\/39434","targetHints":{"allow":["GET"]}}],"collection":[{"href":"http:\/\/conexion23.com\/index.php?rest_route=\/wp\/v2\/posts"}],"about":[{"href":"http:\/\/conexion23.com\/index.php?rest_route=\/wp\/v2\/types\/post"}],"author":[{"embeddable":true,"href":"http:\/\/conexion23.com\/index.php?rest_route=\/wp\/v2\/users\/15"}],"replies":[{"embeddable":true,"href":"http:\/\/conexion23.com\/index.php?rest_route=%2Fwp%2Fv2%2Fcomments&post=39434"}],"version-history":[{"count":1,"href":"http:\/\/conexion23.com\/index.php?rest_route=\/wp\/v2\/posts\/39434\/revisions"}],"predecessor-version":[{"id":39436,"href":"http:\/\/conexion23.com\/index.php?rest_route=\/wp\/v2\/posts\/39434\/revisions\/39436"}],"wp:featuredmedia":[{"embeddable":true,"href":"http:\/\/conexion23.com\/index.php?rest_route=\/wp\/v2\/media\/39435"}],"wp:attachment":[{"href":"http:\/\/conexion23.com\/index.php?rest_route=%2Fwp%2Fv2%2Fmedia&parent=39434"}],"wp:term":[{"taxonomy":"category","embeddable":true,"href":"http:\/\/conexion23.com\/index.php?rest_route=%2Fwp%2Fv2%2Fcategories&post=39434"},{"taxonomy":"post_tag","embeddable":true,"href":"http:\/\/conexion23.com\/index.php?rest_route=%2Fwp%2Fv2%2Ftags&post=39434"}],"curies":[{"name":"wp","href":"https:\/\/api.w.org\/{rel}","templated":true}]}}