{"id":39437,"date":"2025-05-20T09:18:07","date_gmt":"2025-05-20T13:18:07","guid":{"rendered":"https:\/\/conexion23.com\/?p=39437"},"modified":"2025-05-20T09:18:10","modified_gmt":"2025-05-20T13:18:10","slug":"en-espana-se-dificultaron-las-llamadas-de-emergencias-por-una-caida-de-lineas-de-telefonica","status":"publish","type":"post","link":"http:\/\/conexion23.com\/?p=39437","title":{"rendered":"En Espa\u00f1a se dificultaron las llamadas de emergencias por una ca\u00edda de l\u00edneas de Telef\u00f3nica"},"content":{"rendered":"\n<p class=\"wp-block-paragraph\">Una ca\u00edda durante horas de una parte del servicio de telefon\u00eda fija e internet de la gran empresa de&nbsp;<strong>telecomunicaciones espa\u00f1ola Telef\u00f3nica<\/strong>&nbsp;gener\u00f3 dificultades la ma\u00f1ana del martes para contactar con los&nbsp;<strong>servicios de emergencia<\/strong>&nbsp;en varias regiones de&nbsp;<strong>Espa\u00f1a<\/strong>.<\/p>\n\n\n\n<p class=\"wp-block-paragraph\">\u00abEsta ma\u00f1ana hemos tenido una incidencia que ha afectado los servicios de comunicaciones fijas de algunas empresas y servicios p\u00fablicos\u00bb, indic\u00f3 a la AFP Telef\u00f3nica, que a las 12H30 (10H30 GMT) afirm\u00f3 que la red ya se hab\u00eda recuperado \u00abpor completo\u00bb.<\/p>\n\n\n\n<p class=\"wp-block-paragraph\">La causa fueron \u00abunos trabajos de actualizaci\u00f3n de la red\u00bb, seg\u00fan Telef\u00f3nica, quien a media ma\u00f1ana hab\u00eda se\u00f1alado que los servicios de emergencia, que en Espa\u00f1a se contactan a trav\u00e9s del n\u00famero 112, hab\u00edan recobrado la normalidad.<\/p>\n\n\n\n<p class=\"wp-block-paragraph\">Telef\u00f3nica no dio detalles sobre la hora precisa del inicio de la falla, pero alrededor de las 09H00 (07H00 GMT) los servicios de emergencia en varias regiones publicaron mensajes en la red social X para advertir a los usuarios de que no funcionaba el 112 y ofrecer alternativas.<\/p>\n\n\n\n<p class=\"wp-block-paragraph\">\u00abIncidencia general en la red digital de Telef\u00f3nica. El tel\u00e9fono 112 est\u00e1 inoperativo\u00bb, inform\u00f3 por ejemplo el servicio de emergencia de la regi\u00f3n de Arag\u00f3n, que puso a disposici\u00f3n varios n\u00fameros de tel\u00e9fonos celulares.<\/p>\n\n\n\n<p class=\"wp-block-paragraph\">Los servicios de emergencia de Extremadura, Galicia y Valencia publicaron mensajes similares hacia la misma hora.<\/p>\n\n\n\n<p class=\"wp-block-paragraph\">Esta incidencia ocurri\u00f3 semanas despu\u00e9s de que el 28 de abril un apag\u00f3n masivo dejara a la pen\u00ednsula ib\u00e9rica sin suministro el\u00e9ctrico por largas horas, sin que las causas hayan sido determinadas todav\u00eda por las autoridades.<\/p>\n","protected":false},"excerpt":{"rendered":"<p>Una ca\u00edda durante horas de una parte del servicio de telefon\u00eda fija e internet de la gran empresa de&nbsp;telecomunicaciones espa\u00f1ola Telef\u00f3nica&nbsp;gener\u00f3 dificultades la ma\u00f1ana del martes para contactar con los&nbsp;servicios de emergencia&nbsp;en varias regiones de&nbsp;Espa\u00f1a. \u00abEsta ma\u00f1ana hemos tenido una incidencia que ha afectado los servicios de comunicaciones fijas de algunas empresas y servicios p\u00fablicos\u00bb, [&hellip;]<\/p>\n","protected":false},"author":15,"featured_media":39438,"comment_status":"open","ping_status":"open","sticky":false,"template":"","format":"standard","meta":{"footnotes":""},"categories":[1],"tags":[],"class_list":["post-39437","post","type-post","status-publish","format-standard","has-post-thumbnail","category-uncategorized"],"yoast_head":"<!-- This site is optimized with the Yoast SEO plugin v27.6 - https:\/\/yoast.com\/product\/yoast-seo-wordpress\/ -->\n<title>En Espa\u00f1a se dificultaron las llamadas de emergencias por una ca\u00edda de l\u00edneas de Telef\u00f3nica - Conexi\u00f3n 23<\/title>\n<meta name=\"robots\" content=\"index, follow, max-snippet:-1, max-image-preview:large, max-video-preview:-1\" \/>\n<link rel=\"canonical\" href=\"http:\/\/conexion23.com\/?p=39437\" \/>\n<meta property=\"og:locale\" content=\"es_ES\" \/>\n<meta property=\"og:type\" content=\"article\" \/>\n<meta property=\"og:title\" content=\"En Espa\u00f1a se dificultaron las llamadas de emergencias por una ca\u00edda de l\u00edneas de Telef\u00f3nica - Conexi\u00f3n 23\" \/>\n<meta property=\"og:description\" content=\"Una ca\u00edda durante horas de una parte del servicio de telefon\u00eda fija e internet de la gran empresa de&nbsp;telecomunicaciones espa\u00f1ola Telef\u00f3nica&nbsp;gener\u00f3 dificultades la ma\u00f1ana del martes para contactar con los&nbsp;servicios de emergencia&nbsp;en varias regiones de&nbsp;Espa\u00f1a. \u00abEsta ma\u00f1ana hemos tenido una incidencia que ha afectado los servicios de comunicaciones fijas de algunas empresas y servicios p\u00fablicos\u00bb, [&hellip;]\" \/>\n<meta property=\"og:url\" content=\"http:\/\/conexion23.com\/?p=39437\" \/>\n<meta property=\"og:site_name\" content=\"Conexi\u00f3n 23\" \/>\n<meta property=\"article:publisher\" content=\"https:\/\/www.facebook.com\/conexion23com\" \/>\n<meta property=\"article:published_time\" content=\"2025-05-20T13:18:07+00:00\" \/>\n<meta property=\"article:modified_time\" content=\"2025-05-20T13:18:10+00:00\" \/>\n<meta property=\"og:image\" content=\"http:\/\/conexion23.com\/wp-content\/uploads\/2025\/05\/682c6c7ae781d.jpeg\" \/>\n\t<meta property=\"og:image:width\" content=\"800\" \/>\n\t<meta property=\"og:image:height\" content=\"533\" \/>\n\t<meta property=\"og:image:type\" content=\"image\/jpeg\" \/>\n<meta name=\"author\" content=\"Raffy Ben\u00edtez\" \/>\n<meta name=\"twitter:card\" content=\"summary_large_image\" \/>\n<meta name=\"twitter:label1\" content=\"Escrito por\" \/>\n\t<meta name=\"twitter:data1\" content=\"Raffy Ben\u00edtez\" \/>\n\t<meta name=\"twitter:label2\" content=\"Tiempo de lectura\" \/>\n\t<meta name=\"twitter:data2\" content=\"2 minutos\" \/>\n<script type=\"application\/ld+json\" class=\"yoast-schema-graph\">{\"@context\":\"https:\\\/\\\/schema.org\",\"@graph\":[{\"@type\":\"Article\",\"@id\":\"http:\\\/\\\/conexion23.com\\\/?p=39437#article\",\"isPartOf\":{\"@id\":\"http:\\\/\\\/conexion23.com\\\/?p=39437\"},\"author\":{\"name\":\"Raffy Ben\u00edtez\",\"@id\":\"https:\\\/\\\/conexion23.com\\\/#\\\/schema\\\/person\\\/03e36043331117e97a373299bbcd30a6\"},\"headline\":\"En Espa\u00f1a se dificultaron las llamadas de emergencias por una ca\u00edda de l\u00edneas de Telef\u00f3nica\",\"datePublished\":\"2025-05-20T13:18:07+00:00\",\"dateModified\":\"2025-05-20T13:18:10+00:00\",\"mainEntityOfPage\":{\"@id\":\"http:\\\/\\\/conexion23.com\\\/?p=39437\"},\"wordCount\":306,\"commentCount\":0,\"publisher\":{\"@id\":\"https:\\\/\\\/conexion23.com\\\/#organization\"},\"image\":{\"@id\":\"http:\\\/\\\/conexion23.com\\\/?p=39437#primaryimage\"},\"thumbnailUrl\":\"http:\\\/\\\/conexion23.com\\\/wp-content\\\/uploads\\\/2025\\\/05\\\/682c6c7ae781d.jpeg\",\"articleSection\":[\"Uncategorized\"],\"inLanguage\":\"es\",\"potentialAction\":[{\"@type\":\"CommentAction\",\"name\":\"Comment\",\"target\":[\"http:\\\/\\\/conexion23.com\\\/?p=39437#respond\"]}]},{\"@type\":\"WebPage\",\"@id\":\"http:\\\/\\\/conexion23.com\\\/?p=39437\",\"url\":\"http:\\\/\\\/conexion23.com\\\/?p=39437\",\"name\":\"En Espa\u00f1a se dificultaron las llamadas de emergencias por una ca\u00edda de l\u00edneas de Telef\u00f3nica - Conexi\u00f3n 23\",\"isPartOf\":{\"@id\":\"https:\\\/\\\/conexion23.com\\\/#website\"},\"primaryImageOfPage\":{\"@id\":\"http:\\\/\\\/conexion23.com\\\/?p=39437#primaryimage\"},\"image\":{\"@id\":\"http:\\\/\\\/conexion23.com\\\/?p=39437#primaryimage\"},\"thumbnailUrl\":\"http:\\\/\\\/conexion23.com\\\/wp-content\\\/uploads\\\/2025\\\/05\\\/682c6c7ae781d.jpeg\",\"datePublished\":\"2025-05-20T13:18:07+00:00\",\"dateModified\":\"2025-05-20T13:18:10+00:00\",\"breadcrumb\":{\"@id\":\"http:\\\/\\\/conexion23.com\\\/?p=39437#breadcrumb\"},\"inLanguage\":\"es\",\"potentialAction\":[{\"@type\":\"ReadAction\",\"target\":[\"http:\\\/\\\/conexion23.com\\\/?p=39437\"]}]},{\"@type\":\"ImageObject\",\"inLanguage\":\"es\",\"@id\":\"http:\\\/\\\/conexion23.com\\\/?p=39437#primaryimage\",\"url\":\"http:\\\/\\\/conexion23.com\\\/wp-content\\\/uploads\\\/2025\\\/05\\\/682c6c7ae781d.jpeg\",\"contentUrl\":\"http:\\\/\\\/conexion23.com\\\/wp-content\\\/uploads\\\/2025\\\/05\\\/682c6c7ae781d.jpeg\",\"width\":800,\"height\":533},{\"@type\":\"BreadcrumbList\",\"@id\":\"http:\\\/\\\/conexion23.com\\\/?p=39437#breadcrumb\",\"itemListElement\":[{\"@type\":\"ListItem\",\"position\":1,\"name\":\"Portada\",\"item\":\"https:\\\/\\\/conexion23.com\\\/\"},{\"@type\":\"ListItem\",\"position\":2,\"name\":\"En Espa\u00f1a se dificultaron las llamadas de emergencias por una ca\u00edda de l\u00edneas de Telef\u00f3nica\"}]},{\"@type\":\"WebSite\",\"@id\":\"https:\\\/\\\/conexion23.com\\\/#website\",\"url\":\"https:\\\/\\\/conexion23.com\\\/\",\"name\":\"Conexi\u00f3n 23\",\"description\":\"Peri\u00f3dico 100% Petromacorisano\",\"publisher\":{\"@id\":\"https:\\\/\\\/conexion23.com\\\/#organization\"},\"potentialAction\":[{\"@type\":\"SearchAction\",\"target\":{\"@type\":\"EntryPoint\",\"urlTemplate\":\"https:\\\/\\\/conexion23.com\\\/?s={search_term_string}\"},\"query-input\":{\"@type\":\"PropertyValueSpecification\",\"valueRequired\":true,\"valueName\":\"search_term_string\"}}],\"inLanguage\":\"es\"},{\"@type\":\"Organization\",\"@id\":\"https:\\\/\\\/conexion23.com\\\/#organization\",\"name\":\"Conexion 23\",\"url\":\"https:\\\/\\\/conexion23.com\\\/\",\"logo\":{\"@type\":\"ImageObject\",\"inLanguage\":\"es\",\"@id\":\"https:\\\/\\\/conexion23.com\\\/#\\\/schema\\\/logo\\\/image\\\/\",\"url\":\"https:\\\/\\\/conexion23.com\\\/wp-content\\\/uploads\\\/2021\\\/11\\\/Diseno-sin-titulo-2.png\",\"contentUrl\":\"https:\\\/\\\/conexion23.com\\\/wp-content\\\/uploads\\\/2021\\\/11\\\/Diseno-sin-titulo-2.png\",\"width\":541,\"height\":90,\"caption\":\"Conexion 23\"},\"image\":{\"@id\":\"https:\\\/\\\/conexion23.com\\\/#\\\/schema\\\/logo\\\/image\\\/\"},\"sameAs\":[\"https:\\\/\\\/www.facebook.com\\\/conexion23com\",\"https:\\\/\\\/www.instagram.com\\\/conexion23com\\\/\",\"https:\\\/\\\/www.youtube.com\\\/channel\\\/UCYc7vxxFZMYLIHNsHHxPZ3Q\"]},{\"@type\":\"Person\",\"@id\":\"https:\\\/\\\/conexion23.com\\\/#\\\/schema\\\/person\\\/03e36043331117e97a373299bbcd30a6\",\"name\":\"Raffy Ben\u00edtez\",\"image\":{\"@type\":\"ImageObject\",\"inLanguage\":\"es\",\"@id\":\"https:\\\/\\\/secure.gravatar.com\\\/avatar\\\/3190a6a6c5e1b0327500f7d6c56b6242472ee6cb974cf09b401ee6b3b0798f23?s=96&d=mm&r=g\",\"url\":\"https:\\\/\\\/secure.gravatar.com\\\/avatar\\\/3190a6a6c5e1b0327500f7d6c56b6242472ee6cb974cf09b401ee6b3b0798f23?s=96&d=mm&r=g\",\"contentUrl\":\"https:\\\/\\\/secure.gravatar.com\\\/avatar\\\/3190a6a6c5e1b0327500f7d6c56b6242472ee6cb974cf09b401ee6b3b0798f23?s=96&d=mm&r=g\",\"caption\":\"Raffy Ben\u00edtez\"},\"url\":\"http:\\\/\\\/conexion23.com\\\/?author=15\"}]}<\/script>\n<!-- \/ Yoast SEO plugin. -->","yoast_head_json":{"title":"En Espa\u00f1a se dificultaron las llamadas de emergencias por una ca\u00edda de l\u00edneas de Telef\u00f3nica - Conexi\u00f3n 23","robots":{"index":"index","follow":"follow","max-snippet":"max-snippet:-1","max-image-preview":"max-image-preview:large","max-video-preview":"max-video-preview:-1"},"canonical":"http:\/\/conexion23.com\/?p=39437","og_locale":"es_ES","og_type":"article","og_title":"En Espa\u00f1a se dificultaron las llamadas de emergencias por una ca\u00edda de l\u00edneas de Telef\u00f3nica - Conexi\u00f3n 23","og_description":"Una ca\u00edda durante horas de una parte del servicio de telefon\u00eda fija e internet de la gran empresa de&nbsp;telecomunicaciones espa\u00f1ola Telef\u00f3nica&nbsp;gener\u00f3 dificultades la ma\u00f1ana del martes para contactar con los&nbsp;servicios de emergencia&nbsp;en varias regiones de&nbsp;Espa\u00f1a. \u00abEsta ma\u00f1ana hemos tenido una incidencia que ha afectado los servicios de comunicaciones fijas de algunas empresas y servicios p\u00fablicos\u00bb, [&hellip;]","og_url":"http:\/\/conexion23.com\/?p=39437","og_site_name":"Conexi\u00f3n 23","article_publisher":"https:\/\/www.facebook.com\/conexion23com","article_published_time":"2025-05-20T13:18:07+00:00","article_modified_time":"2025-05-20T13:18:10+00:00","og_image":[{"width":800,"height":533,"url":"http:\/\/conexion23.com\/wp-content\/uploads\/2025\/05\/682c6c7ae781d.jpeg","type":"image\/jpeg"}],"author":"Raffy Ben\u00edtez","twitter_card":"summary_large_image","twitter_misc":{"Escrito por":"Raffy Ben\u00edtez","Tiempo de lectura":"2 minutos"},"schema":{"@context":"https:\/\/schema.org","@graph":[{"@type":"Article","@id":"http:\/\/conexion23.com\/?p=39437#article","isPartOf":{"@id":"http:\/\/conexion23.com\/?p=39437"},"author":{"name":"Raffy Ben\u00edtez","@id":"https:\/\/conexion23.com\/#\/schema\/person\/03e36043331117e97a373299bbcd30a6"},"headline":"En Espa\u00f1a se dificultaron las llamadas de emergencias por una ca\u00edda de l\u00edneas de Telef\u00f3nica","datePublished":"2025-05-20T13:18:07+00:00","dateModified":"2025-05-20T13:18:10+00:00","mainEntityOfPage":{"@id":"http:\/\/conexion23.com\/?p=39437"},"wordCount":306,"commentCount":0,"publisher":{"@id":"https:\/\/conexion23.com\/#organization"},"image":{"@id":"http:\/\/conexion23.com\/?p=39437#primaryimage"},"thumbnailUrl":"http:\/\/conexion23.com\/wp-content\/uploads\/2025\/05\/682c6c7ae781d.jpeg","articleSection":["Uncategorized"],"inLanguage":"es","potentialAction":[{"@type":"CommentAction","name":"Comment","target":["http:\/\/conexion23.com\/?p=39437#respond"]}]},{"@type":"WebPage","@id":"http:\/\/conexion23.com\/?p=39437","url":"http:\/\/conexion23.com\/?p=39437","name":"En Espa\u00f1a se dificultaron las llamadas de emergencias por una ca\u00edda de l\u00edneas de Telef\u00f3nica - Conexi\u00f3n 23","isPartOf":{"@id":"https:\/\/conexion23.com\/#website"},"primaryImageOfPage":{"@id":"http:\/\/conexion23.com\/?p=39437#primaryimage"},"image":{"@id":"http:\/\/conexion23.com\/?p=39437#primaryimage"},"thumbnailUrl":"http:\/\/conexion23.com\/wp-content\/uploads\/2025\/05\/682c6c7ae781d.jpeg","datePublished":"2025-05-20T13:18:07+00:00","dateModified":"2025-05-20T13:18:10+00:00","breadcrumb":{"@id":"http:\/\/conexion23.com\/?p=39437#breadcrumb"},"inLanguage":"es","potentialAction":[{"@type":"ReadAction","target":["http:\/\/conexion23.com\/?p=39437"]}]},{"@type":"ImageObject","inLanguage":"es","@id":"http:\/\/conexion23.com\/?p=39437#primaryimage","url":"http:\/\/conexion23.com\/wp-content\/uploads\/2025\/05\/682c6c7ae781d.jpeg","contentUrl":"http:\/\/conexion23.com\/wp-content\/uploads\/2025\/05\/682c6c7ae781d.jpeg","width":800,"height":533},{"@type":"BreadcrumbList","@id":"http:\/\/conexion23.com\/?p=39437#breadcrumb","itemListElement":[{"@type":"ListItem","position":1,"name":"Portada","item":"https:\/\/conexion23.com\/"},{"@type":"ListItem","position":2,"name":"En Espa\u00f1a se dificultaron las llamadas de emergencias por una ca\u00edda de l\u00edneas de Telef\u00f3nica"}]},{"@type":"WebSite","@id":"https:\/\/conexion23.com\/#website","url":"https:\/\/conexion23.com\/","name":"Conexi\u00f3n 23","description":"Peri\u00f3dico 100% Petromacorisano","publisher":{"@id":"https:\/\/conexion23.com\/#organization"},"potentialAction":[{"@type":"SearchAction","target":{"@type":"EntryPoint","urlTemplate":"https:\/\/conexion23.com\/?s={search_term_string}"},"query-input":{"@type":"PropertyValueSpecification","valueRequired":true,"valueName":"search_term_string"}}],"inLanguage":"es"},{"@type":"Organization","@id":"https:\/\/conexion23.com\/#organization","name":"Conexion 23","url":"https:\/\/conexion23.com\/","logo":{"@type":"ImageObject","inLanguage":"es","@id":"https:\/\/conexion23.com\/#\/schema\/logo\/image\/","url":"https:\/\/conexion23.com\/wp-content\/uploads\/2021\/11\/Diseno-sin-titulo-2.png","contentUrl":"https:\/\/conexion23.com\/wp-content\/uploads\/2021\/11\/Diseno-sin-titulo-2.png","width":541,"height":90,"caption":"Conexion 23"},"image":{"@id":"https:\/\/conexion23.com\/#\/schema\/logo\/image\/"},"sameAs":["https:\/\/www.facebook.com\/conexion23com","https:\/\/www.instagram.com\/conexion23com\/","https:\/\/www.youtube.com\/channel\/UCYc7vxxFZMYLIHNsHHxPZ3Q"]},{"@type":"Person","@id":"https:\/\/conexion23.com\/#\/schema\/person\/03e36043331117e97a373299bbcd30a6","name":"Raffy Ben\u00edtez","image":{"@type":"ImageObject","inLanguage":"es","@id":"https:\/\/secure.gravatar.com\/avatar\/3190a6a6c5e1b0327500f7d6c56b6242472ee6cb974cf09b401ee6b3b0798f23?s=96&d=mm&r=g","url":"https:\/\/secure.gravatar.com\/avatar\/3190a6a6c5e1b0327500f7d6c56b6242472ee6cb974cf09b401ee6b3b0798f23?s=96&d=mm&r=g","contentUrl":"https:\/\/secure.gravatar.com\/avatar\/3190a6a6c5e1b0327500f7d6c56b6242472ee6cb974cf09b401ee6b3b0798f23?s=96&d=mm&r=g","caption":"Raffy Ben\u00edtez"},"url":"http:\/\/conexion23.com\/?author=15"}]}},"_links":{"self":[{"href":"http:\/\/conexion23.com\/index.php?rest_route=\/wp\/v2\/posts\/39437","targetHints":{"allow":["GET"]}}],"collection":[{"href":"http:\/\/conexion23.com\/index.php?rest_route=\/wp\/v2\/posts"}],"about":[{"href":"http:\/\/conexion23.com\/index.php?rest_route=\/wp\/v2\/types\/post"}],"author":[{"embeddable":true,"href":"http:\/\/conexion23.com\/index.php?rest_route=\/wp\/v2\/users\/15"}],"replies":[{"embeddable":true,"href":"http:\/\/conexion23.com\/index.php?rest_route=%2Fwp%2Fv2%2Fcomments&post=39437"}],"version-history":[{"count":1,"href":"http:\/\/conexion23.com\/index.php?rest_route=\/wp\/v2\/posts\/39437\/revisions"}],"predecessor-version":[{"id":39439,"href":"http:\/\/conexion23.com\/index.php?rest_route=\/wp\/v2\/posts\/39437\/revisions\/39439"}],"wp:featuredmedia":[{"embeddable":true,"href":"http:\/\/conexion23.com\/index.php?rest_route=\/wp\/v2\/media\/39438"}],"wp:attachment":[{"href":"http:\/\/conexion23.com\/index.php?rest_route=%2Fwp%2Fv2%2Fmedia&parent=39437"}],"wp:term":[{"taxonomy":"category","embeddable":true,"href":"http:\/\/conexion23.com\/index.php?rest_route=%2Fwp%2Fv2%2Fcategories&post=39437"},{"taxonomy":"post_tag","embeddable":true,"href":"http:\/\/conexion23.com\/index.php?rest_route=%2Fwp%2Fv2%2Ftags&post=39437"}],"curies":[{"name":"wp","href":"https:\/\/api.w.org\/{rel}","templated":true}]}}