{"id":39440,"date":"2025-05-20T09:25:09","date_gmt":"2025-05-20T13:25:09","guid":{"rendered":"https:\/\/conexion23.com\/?p=39440"},"modified":"2025-05-20T09:25:12","modified_gmt":"2025-05-20T13:25:12","slug":"dos-muertes-en-accidentes-de-transito-en-la-altagracia-victimas-no-usaban-casco","status":"publish","type":"post","link":"http:\/\/conexion23.com\/?p=39440","title":{"rendered":"Dos Muertes en Accidentes de Tr\u00e1nsito en La Altagracia: V\u00edctimas No Usaban Casco"},"content":{"rendered":"\n<p class=\"wp-block-paragraph\">Al menos dos personas perdieron la vida entre la noche del domingo y la madrugada del lunes en accidentes de tr\u00e1nsito ocurridos en diferentes puntos de la provincia La Altagracia.<\/p>\n\n\n\n<p class=\"wp-block-paragraph\">El primero de los hechos se registr\u00f3 en horas de la madrugada en el municipio San Rafael de Yuma, donde el joven Adams Mart\u00ednez falleci\u00f3 tras un aparatoso accidente. Otra persona result\u00f3 gravemente herida en el mismo suceso. Mart\u00ednez, quien era oriundo de Hig\u00fcey, era hijo del propietario de Tapitela, un reconocido negocio en la zona.<\/p>\n\n\n\n<p class=\"wp-block-paragraph\">En tanto que el segundo accidente cobr\u00f3 la vida de Juan De La Cruz Vicente M\u00e9ndez, nativo de Padre Las Casas. El hecho ocurri\u00f3 en el Boulevard Tur\u00edstico del Este, cuando el conductor perdi\u00f3 el control de la motocicleta y se desliz\u00f3, provocando el fatal desenlace.<\/p>\n\n\n\n<p class=\"wp-block-paragraph\">Ambas v\u00edctimas se desplazaban en motocicletas al momento de los accidentes y, seg\u00fan informaron las autoridades de tr\u00e1nsito, no portaban cascos protectores.<\/p>\n\n\n\n<p class=\"wp-block-paragraph\">La Direcci\u00f3n General de Seguridad de Tr\u00e1nsito y Transporte Terrestre (DIGESETT) indic\u00f3 que se encuentran investigando las circunstancias en que ocurrieron ambos accidentes.<\/p>\n","protected":false},"excerpt":{"rendered":"<p>Al menos dos personas perdieron la vida entre la noche del domingo y la madrugada del lunes en accidentes de tr\u00e1nsito ocurridos en diferentes puntos de la provincia La Altagracia. El primero de los hechos se registr\u00f3 en horas de la madrugada en el municipio San Rafael de Yuma, donde el joven Adams Mart\u00ednez falleci\u00f3 [&hellip;]<\/p>\n","protected":false},"author":15,"featured_media":39441,"comment_status":"open","ping_status":"open","sticky":false,"template":"","format":"standard","meta":{"footnotes":""},"categories":[1],"tags":[],"class_list":["post-39440","post","type-post","status-publish","format-standard","has-post-thumbnail","category-uncategorized"],"yoast_head":"<!-- This site is optimized with the Yoast SEO plugin v27.6 - https:\/\/yoast.com\/product\/yoast-seo-wordpress\/ -->\n<title>Dos Muertes en Accidentes de Tr\u00e1nsito en La Altagracia: V\u00edctimas No Usaban Casco - Conexi\u00f3n 23<\/title>\n<meta name=\"robots\" content=\"index, follow, max-snippet:-1, max-image-preview:large, max-video-preview:-1\" \/>\n<link rel=\"canonical\" href=\"http:\/\/conexion23.com\/?p=39440\" \/>\n<meta property=\"og:locale\" content=\"es_ES\" \/>\n<meta property=\"og:type\" content=\"article\" \/>\n<meta property=\"og:title\" content=\"Dos Muertes en Accidentes de Tr\u00e1nsito en La Altagracia: V\u00edctimas No Usaban Casco - Conexi\u00f3n 23\" \/>\n<meta property=\"og:description\" content=\"Al menos dos personas perdieron la vida entre la noche del domingo y la madrugada del lunes en accidentes de tr\u00e1nsito ocurridos en diferentes puntos de la provincia La Altagracia. El primero de los hechos se registr\u00f3 en horas de la madrugada en el municipio San Rafael de Yuma, donde el joven Adams Mart\u00ednez falleci\u00f3 [&hellip;]\" \/>\n<meta property=\"og:url\" content=\"http:\/\/conexion23.com\/?p=39440\" \/>\n<meta property=\"og:site_name\" content=\"Conexi\u00f3n 23\" \/>\n<meta property=\"article:publisher\" content=\"https:\/\/www.facebook.com\/conexion23com\" \/>\n<meta property=\"article:published_time\" content=\"2025-05-20T13:25:09+00:00\" \/>\n<meta property=\"article:modified_time\" content=\"2025-05-20T13:25:12+00:00\" \/>\n<meta property=\"og:image\" content=\"http:\/\/conexion23.com\/wp-content\/uploads\/2025\/05\/1747743332255.jpg\" \/>\n\t<meta property=\"og:image:width\" content=\"320\" \/>\n\t<meta property=\"og:image:height\" content=\"269\" \/>\n\t<meta property=\"og:image:type\" content=\"image\/jpeg\" \/>\n<meta name=\"author\" content=\"Raffy Ben\u00edtez\" \/>\n<meta name=\"twitter:card\" content=\"summary_large_image\" \/>\n<meta name=\"twitter:label1\" content=\"Escrito por\" \/>\n\t<meta name=\"twitter:data1\" content=\"Raffy Ben\u00edtez\" \/>\n\t<meta name=\"twitter:label2\" content=\"Tiempo de lectura\" \/>\n\t<meta name=\"twitter:data2\" content=\"2 minutos\" \/>\n<script type=\"application\/ld+json\" class=\"yoast-schema-graph\">{\"@context\":\"https:\\\/\\\/schema.org\",\"@graph\":[{\"@type\":\"Article\",\"@id\":\"http:\\\/\\\/conexion23.com\\\/?p=39440#article\",\"isPartOf\":{\"@id\":\"http:\\\/\\\/conexion23.com\\\/?p=39440\"},\"author\":{\"name\":\"Raffy Ben\u00edtez\",\"@id\":\"http:\\\/\\\/conexion23.com\\\/#\\\/schema\\\/person\\\/03e36043331117e97a373299bbcd30a6\"},\"headline\":\"Dos Muertes en Accidentes de Tr\u00e1nsito en La Altagracia: V\u00edctimas No Usaban Casco\",\"datePublished\":\"2025-05-20T13:25:09+00:00\",\"dateModified\":\"2025-05-20T13:25:12+00:00\",\"mainEntityOfPage\":{\"@id\":\"http:\\\/\\\/conexion23.com\\\/?p=39440\"},\"wordCount\":203,\"commentCount\":0,\"publisher\":{\"@id\":\"http:\\\/\\\/conexion23.com\\\/#organization\"},\"image\":{\"@id\":\"http:\\\/\\\/conexion23.com\\\/?p=39440#primaryimage\"},\"thumbnailUrl\":\"http:\\\/\\\/conexion23.com\\\/wp-content\\\/uploads\\\/2025\\\/05\\\/1747743332255.jpg\",\"articleSection\":[\"Uncategorized\"],\"inLanguage\":\"es\",\"potentialAction\":[{\"@type\":\"CommentAction\",\"name\":\"Comment\",\"target\":[\"http:\\\/\\\/conexion23.com\\\/?p=39440#respond\"]}]},{\"@type\":\"WebPage\",\"@id\":\"http:\\\/\\\/conexion23.com\\\/?p=39440\",\"url\":\"http:\\\/\\\/conexion23.com\\\/?p=39440\",\"name\":\"Dos Muertes en Accidentes de Tr\u00e1nsito en La Altagracia: V\u00edctimas No Usaban Casco - Conexi\u00f3n 23\",\"isPartOf\":{\"@id\":\"http:\\\/\\\/conexion23.com\\\/#website\"},\"primaryImageOfPage\":{\"@id\":\"http:\\\/\\\/conexion23.com\\\/?p=39440#primaryimage\"},\"image\":{\"@id\":\"http:\\\/\\\/conexion23.com\\\/?p=39440#primaryimage\"},\"thumbnailUrl\":\"http:\\\/\\\/conexion23.com\\\/wp-content\\\/uploads\\\/2025\\\/05\\\/1747743332255.jpg\",\"datePublished\":\"2025-05-20T13:25:09+00:00\",\"dateModified\":\"2025-05-20T13:25:12+00:00\",\"breadcrumb\":{\"@id\":\"http:\\\/\\\/conexion23.com\\\/?p=39440#breadcrumb\"},\"inLanguage\":\"es\",\"potentialAction\":[{\"@type\":\"ReadAction\",\"target\":[\"http:\\\/\\\/conexion23.com\\\/?p=39440\"]}]},{\"@type\":\"ImageObject\",\"inLanguage\":\"es\",\"@id\":\"http:\\\/\\\/conexion23.com\\\/?p=39440#primaryimage\",\"url\":\"http:\\\/\\\/conexion23.com\\\/wp-content\\\/uploads\\\/2025\\\/05\\\/1747743332255.jpg\",\"contentUrl\":\"http:\\\/\\\/conexion23.com\\\/wp-content\\\/uploads\\\/2025\\\/05\\\/1747743332255.jpg\",\"width\":320,\"height\":269},{\"@type\":\"BreadcrumbList\",\"@id\":\"http:\\\/\\\/conexion23.com\\\/?p=39440#breadcrumb\",\"itemListElement\":[{\"@type\":\"ListItem\",\"position\":1,\"name\":\"Portada\",\"item\":\"http:\\\/\\\/conexion23.com\\\/\"},{\"@type\":\"ListItem\",\"position\":2,\"name\":\"Dos Muertes en Accidentes de Tr\u00e1nsito en La Altagracia: V\u00edctimas No Usaban Casco\"}]},{\"@type\":\"WebSite\",\"@id\":\"http:\\\/\\\/conexion23.com\\\/#website\",\"url\":\"http:\\\/\\\/conexion23.com\\\/\",\"name\":\"Conexi\u00f3n 23\",\"description\":\"Peri\u00f3dico 100% Petromacorisano\",\"publisher\":{\"@id\":\"http:\\\/\\\/conexion23.com\\\/#organization\"},\"potentialAction\":[{\"@type\":\"SearchAction\",\"target\":{\"@type\":\"EntryPoint\",\"urlTemplate\":\"http:\\\/\\\/conexion23.com\\\/?s={search_term_string}\"},\"query-input\":{\"@type\":\"PropertyValueSpecification\",\"valueRequired\":true,\"valueName\":\"search_term_string\"}}],\"inLanguage\":\"es\"},{\"@type\":\"Organization\",\"@id\":\"http:\\\/\\\/conexion23.com\\\/#organization\",\"name\":\"Conexion 23\",\"url\":\"http:\\\/\\\/conexion23.com\\\/\",\"logo\":{\"@type\":\"ImageObject\",\"inLanguage\":\"es\",\"@id\":\"http:\\\/\\\/conexion23.com\\\/#\\\/schema\\\/logo\\\/image\\\/\",\"url\":\"https:\\\/\\\/conexion23.com\\\/wp-content\\\/uploads\\\/2021\\\/11\\\/Diseno-sin-titulo-2.png\",\"contentUrl\":\"https:\\\/\\\/conexion23.com\\\/wp-content\\\/uploads\\\/2021\\\/11\\\/Diseno-sin-titulo-2.png\",\"width\":541,\"height\":90,\"caption\":\"Conexion 23\"},\"image\":{\"@id\":\"http:\\\/\\\/conexion23.com\\\/#\\\/schema\\\/logo\\\/image\\\/\"},\"sameAs\":[\"https:\\\/\\\/www.facebook.com\\\/conexion23com\",\"https:\\\/\\\/www.instagram.com\\\/conexion23com\\\/\",\"https:\\\/\\\/www.youtube.com\\\/channel\\\/UCYc7vxxFZMYLIHNsHHxPZ3Q\"]},{\"@type\":\"Person\",\"@id\":\"http:\\\/\\\/conexion23.com\\\/#\\\/schema\\\/person\\\/03e36043331117e97a373299bbcd30a6\",\"name\":\"Raffy Ben\u00edtez\",\"image\":{\"@type\":\"ImageObject\",\"inLanguage\":\"es\",\"@id\":\"https:\\\/\\\/secure.gravatar.com\\\/avatar\\\/3190a6a6c5e1b0327500f7d6c56b6242472ee6cb974cf09b401ee6b3b0798f23?s=96&d=mm&r=g\",\"url\":\"https:\\\/\\\/secure.gravatar.com\\\/avatar\\\/3190a6a6c5e1b0327500f7d6c56b6242472ee6cb974cf09b401ee6b3b0798f23?s=96&d=mm&r=g\",\"contentUrl\":\"https:\\\/\\\/secure.gravatar.com\\\/avatar\\\/3190a6a6c5e1b0327500f7d6c56b6242472ee6cb974cf09b401ee6b3b0798f23?s=96&d=mm&r=g\",\"caption\":\"Raffy Ben\u00edtez\"},\"url\":\"http:\\\/\\\/conexion23.com\\\/?author=15\"}]}<\/script>\n<!-- \/ Yoast SEO plugin. -->","yoast_head_json":{"title":"Dos Muertes en Accidentes de Tr\u00e1nsito en La Altagracia: V\u00edctimas No Usaban Casco - Conexi\u00f3n 23","robots":{"index":"index","follow":"follow","max-snippet":"max-snippet:-1","max-image-preview":"max-image-preview:large","max-video-preview":"max-video-preview:-1"},"canonical":"http:\/\/conexion23.com\/?p=39440","og_locale":"es_ES","og_type":"article","og_title":"Dos Muertes en Accidentes de Tr\u00e1nsito en La Altagracia: V\u00edctimas No Usaban Casco - Conexi\u00f3n 23","og_description":"Al menos dos personas perdieron la vida entre la noche del domingo y la madrugada del lunes en accidentes de tr\u00e1nsito ocurridos en diferentes puntos de la provincia La Altagracia. El primero de los hechos se registr\u00f3 en horas de la madrugada en el municipio San Rafael de Yuma, donde el joven Adams Mart\u00ednez falleci\u00f3 [&hellip;]","og_url":"http:\/\/conexion23.com\/?p=39440","og_site_name":"Conexi\u00f3n 23","article_publisher":"https:\/\/www.facebook.com\/conexion23com","article_published_time":"2025-05-20T13:25:09+00:00","article_modified_time":"2025-05-20T13:25:12+00:00","og_image":[{"width":320,"height":269,"url":"http:\/\/conexion23.com\/wp-content\/uploads\/2025\/05\/1747743332255.jpg","type":"image\/jpeg"}],"author":"Raffy Ben\u00edtez","twitter_card":"summary_large_image","twitter_misc":{"Escrito por":"Raffy Ben\u00edtez","Tiempo de lectura":"2 minutos"},"schema":{"@context":"https:\/\/schema.org","@graph":[{"@type":"Article","@id":"http:\/\/conexion23.com\/?p=39440#article","isPartOf":{"@id":"http:\/\/conexion23.com\/?p=39440"},"author":{"name":"Raffy Ben\u00edtez","@id":"http:\/\/conexion23.com\/#\/schema\/person\/03e36043331117e97a373299bbcd30a6"},"headline":"Dos Muertes en Accidentes de Tr\u00e1nsito en La Altagracia: V\u00edctimas No Usaban Casco","datePublished":"2025-05-20T13:25:09+00:00","dateModified":"2025-05-20T13:25:12+00:00","mainEntityOfPage":{"@id":"http:\/\/conexion23.com\/?p=39440"},"wordCount":203,"commentCount":0,"publisher":{"@id":"http:\/\/conexion23.com\/#organization"},"image":{"@id":"http:\/\/conexion23.com\/?p=39440#primaryimage"},"thumbnailUrl":"http:\/\/conexion23.com\/wp-content\/uploads\/2025\/05\/1747743332255.jpg","articleSection":["Uncategorized"],"inLanguage":"es","potentialAction":[{"@type":"CommentAction","name":"Comment","target":["http:\/\/conexion23.com\/?p=39440#respond"]}]},{"@type":"WebPage","@id":"http:\/\/conexion23.com\/?p=39440","url":"http:\/\/conexion23.com\/?p=39440","name":"Dos Muertes en Accidentes de Tr\u00e1nsito en La Altagracia: V\u00edctimas No Usaban Casco - Conexi\u00f3n 23","isPartOf":{"@id":"http:\/\/conexion23.com\/#website"},"primaryImageOfPage":{"@id":"http:\/\/conexion23.com\/?p=39440#primaryimage"},"image":{"@id":"http:\/\/conexion23.com\/?p=39440#primaryimage"},"thumbnailUrl":"http:\/\/conexion23.com\/wp-content\/uploads\/2025\/05\/1747743332255.jpg","datePublished":"2025-05-20T13:25:09+00:00","dateModified":"2025-05-20T13:25:12+00:00","breadcrumb":{"@id":"http:\/\/conexion23.com\/?p=39440#breadcrumb"},"inLanguage":"es","potentialAction":[{"@type":"ReadAction","target":["http:\/\/conexion23.com\/?p=39440"]}]},{"@type":"ImageObject","inLanguage":"es","@id":"http:\/\/conexion23.com\/?p=39440#primaryimage","url":"http:\/\/conexion23.com\/wp-content\/uploads\/2025\/05\/1747743332255.jpg","contentUrl":"http:\/\/conexion23.com\/wp-content\/uploads\/2025\/05\/1747743332255.jpg","width":320,"height":269},{"@type":"BreadcrumbList","@id":"http:\/\/conexion23.com\/?p=39440#breadcrumb","itemListElement":[{"@type":"ListItem","position":1,"name":"Portada","item":"http:\/\/conexion23.com\/"},{"@type":"ListItem","position":2,"name":"Dos Muertes en Accidentes de Tr\u00e1nsito en La Altagracia: V\u00edctimas No Usaban Casco"}]},{"@type":"WebSite","@id":"http:\/\/conexion23.com\/#website","url":"http:\/\/conexion23.com\/","name":"Conexi\u00f3n 23","description":"Peri\u00f3dico 100% Petromacorisano","publisher":{"@id":"http:\/\/conexion23.com\/#organization"},"potentialAction":[{"@type":"SearchAction","target":{"@type":"EntryPoint","urlTemplate":"http:\/\/conexion23.com\/?s={search_term_string}"},"query-input":{"@type":"PropertyValueSpecification","valueRequired":true,"valueName":"search_term_string"}}],"inLanguage":"es"},{"@type":"Organization","@id":"http:\/\/conexion23.com\/#organization","name":"Conexion 23","url":"http:\/\/conexion23.com\/","logo":{"@type":"ImageObject","inLanguage":"es","@id":"http:\/\/conexion23.com\/#\/schema\/logo\/image\/","url":"https:\/\/conexion23.com\/wp-content\/uploads\/2021\/11\/Diseno-sin-titulo-2.png","contentUrl":"https:\/\/conexion23.com\/wp-content\/uploads\/2021\/11\/Diseno-sin-titulo-2.png","width":541,"height":90,"caption":"Conexion 23"},"image":{"@id":"http:\/\/conexion23.com\/#\/schema\/logo\/image\/"},"sameAs":["https:\/\/www.facebook.com\/conexion23com","https:\/\/www.instagram.com\/conexion23com\/","https:\/\/www.youtube.com\/channel\/UCYc7vxxFZMYLIHNsHHxPZ3Q"]},{"@type":"Person","@id":"http:\/\/conexion23.com\/#\/schema\/person\/03e36043331117e97a373299bbcd30a6","name":"Raffy Ben\u00edtez","image":{"@type":"ImageObject","inLanguage":"es","@id":"https:\/\/secure.gravatar.com\/avatar\/3190a6a6c5e1b0327500f7d6c56b6242472ee6cb974cf09b401ee6b3b0798f23?s=96&d=mm&r=g","url":"https:\/\/secure.gravatar.com\/avatar\/3190a6a6c5e1b0327500f7d6c56b6242472ee6cb974cf09b401ee6b3b0798f23?s=96&d=mm&r=g","contentUrl":"https:\/\/secure.gravatar.com\/avatar\/3190a6a6c5e1b0327500f7d6c56b6242472ee6cb974cf09b401ee6b3b0798f23?s=96&d=mm&r=g","caption":"Raffy Ben\u00edtez"},"url":"http:\/\/conexion23.com\/?author=15"}]}},"_links":{"self":[{"href":"http:\/\/conexion23.com\/index.php?rest_route=\/wp\/v2\/posts\/39440","targetHints":{"allow":["GET"]}}],"collection":[{"href":"http:\/\/conexion23.com\/index.php?rest_route=\/wp\/v2\/posts"}],"about":[{"href":"http:\/\/conexion23.com\/index.php?rest_route=\/wp\/v2\/types\/post"}],"author":[{"embeddable":true,"href":"http:\/\/conexion23.com\/index.php?rest_route=\/wp\/v2\/users\/15"}],"replies":[{"embeddable":true,"href":"http:\/\/conexion23.com\/index.php?rest_route=%2Fwp%2Fv2%2Fcomments&post=39440"}],"version-history":[{"count":1,"href":"http:\/\/conexion23.com\/index.php?rest_route=\/wp\/v2\/posts\/39440\/revisions"}],"predecessor-version":[{"id":39442,"href":"http:\/\/conexion23.com\/index.php?rest_route=\/wp\/v2\/posts\/39440\/revisions\/39442"}],"wp:featuredmedia":[{"embeddable":true,"href":"http:\/\/conexion23.com\/index.php?rest_route=\/wp\/v2\/media\/39441"}],"wp:attachment":[{"href":"http:\/\/conexion23.com\/index.php?rest_route=%2Fwp%2Fv2%2Fmedia&parent=39440"}],"wp:term":[{"taxonomy":"category","embeddable":true,"href":"http:\/\/conexion23.com\/index.php?rest_route=%2Fwp%2Fv2%2Fcategories&post=39440"},{"taxonomy":"post_tag","embeddable":true,"href":"http:\/\/conexion23.com\/index.php?rest_route=%2Fwp%2Fv2%2Ftags&post=39440"}],"curies":[{"name":"wp","href":"https:\/\/api.w.org\/{rel}","templated":true}]}}