{"id":41164,"date":"2025-07-09T08:08:54","date_gmt":"2025-07-09T12:08:54","guid":{"rendered":"https:\/\/conexion23.com\/?p=41164"},"modified":"2025-07-09T08:08:56","modified_gmt":"2025-07-09T12:08:56","slug":"muere-ex-policia-tras-ser-impactado-por-una-yipeta-en-sabana-de-la-mar","status":"publish","type":"post","link":"http:\/\/conexion23.com\/?p=41164","title":{"rendered":"Muere ex polic\u00eda tras ser impactado por una yipeta en Sabana de la Mar."},"content":{"rendered":"\n<p class=\"wp-block-paragraph\">Un ex polic\u00eda perdi\u00f3 la vida la tarde de este martes luego de ser impactado por una yipeta, en un hecho ocurrido en la salida Sabana de la Mar-Miches, frente al club gall\u00edstico de ese municipio, perteneciente a la provincia Hato Mayor.<\/p>\n\n\n\n<p class=\"wp-block-paragraph\">La v\u00edctima fue identificada como Patricio Mart\u00ednez Luna, de 58 a\u00f1os de edad, \u00e9ste resid\u00eda en esa demarcaci\u00f3n.<\/p>\n\n\n\n<p class=\"wp-block-paragraph\">Mart\u00ednez Luna, pereci\u00f3 mientras recib\u00eda atenciones m\u00e9dicas en el Hospital Se\u00f1orita Elupina Cordero de esa localidad, donde lleg\u00f3 en estado cr\u00edtico producto de golpes y heridas que recibi\u00f3 con el fuerte impacto.<\/p>\n\n\n\n<p class=\"wp-block-paragraph\">Seg\u00fan las informaciones preliminares, Patricio supuestamente se encontraba parado en la orilla de la carrera en su motocicleta esperando que la yipeta pasar\u00e1, para luego \u00e9l cruzar la avenida y fue en ese momento que el conductor del veh\u00edculo perdi\u00f3 el control y lo atropell\u00f3, caus\u00e1ndole los golpes y heridas que le produjeron la muerte.<\/p>\n\n\n\n<p class=\"wp-block-paragraph\">Asimismo, se\u00f1alan las informaciones que el veh\u00edculo tambi\u00e9n impact\u00f3 la columna de un negocio.<\/p>\n\n\n\n<p class=\"wp-block-paragraph\">El fallecido era una persona muy conocida y querida en la poblaci\u00f3n, durante mucho tiempo labor\u00f3 para la Polic\u00eda Nacional y luego laboraba para la Farmacia Canad\u00e1 como seguridad.<\/p>\n\n\n\n<p class=\"wp-block-paragraph\">La muerte de \u201cPatricio Mart\u00ednez\u201d ha causado gran consternaci\u00f3n entre los familiares, amigos y conocidos, quienes lamentan lo sucedido.<\/p>\n\n\n\n<p class=\"wp-block-paragraph\">La yipeta involucrada en el tr\u00e1gico accidente es una Toyota Runner, de color negro, que era supuestamente conducida por Ang\u00e9lico Castillo. Asimismo, una fuente asegur\u00f3 a este medio que la yipeta es propiedad del Director Distrital de Las Ca\u00f1itas.<\/p>\n\n\n\n<p class=\"wp-block-paragraph\">La Digesett inform\u00f3 que realiza las investigaciones del hecho para fines correspondientes.<\/p>\n","protected":false},"excerpt":{"rendered":"<p>Un ex polic\u00eda perdi\u00f3 la vida la tarde de este martes luego de ser impactado por una yipeta, en un hecho ocurrido en la salida Sabana de la Mar-Miches, frente al club gall\u00edstico de ese municipio, perteneciente a la provincia Hato Mayor. La v\u00edctima fue identificada como Patricio Mart\u00ednez Luna, de 58 a\u00f1os de edad, [&hellip;]<\/p>\n","protected":false},"author":15,"featured_media":41165,"comment_status":"open","ping_status":"open","sticky":false,"template":"","format":"standard","meta":{"footnotes":""},"categories":[2476],"tags":[],"class_list":["post-41164","post","type-post","status-publish","format-standard","has-post-thumbnail","category-hato-mayor"],"yoast_head":"<!-- This site is optimized with the Yoast SEO plugin v27.6 - https:\/\/yoast.com\/product\/yoast-seo-wordpress\/ -->\n<title>Muere ex polic\u00eda tras ser impactado por una yipeta en Sabana de la Mar. - Conexi\u00f3n 23<\/title>\n<meta name=\"robots\" content=\"index, follow, max-snippet:-1, max-image-preview:large, max-video-preview:-1\" \/>\n<link rel=\"canonical\" href=\"http:\/\/conexion23.com\/?p=41164\" \/>\n<meta property=\"og:locale\" content=\"es_ES\" \/>\n<meta property=\"og:type\" content=\"article\" \/>\n<meta property=\"og:title\" content=\"Muere ex polic\u00eda tras ser impactado por una yipeta en Sabana de la Mar. - Conexi\u00f3n 23\" \/>\n<meta property=\"og:description\" content=\"Un ex polic\u00eda perdi\u00f3 la vida la tarde de este martes luego de ser impactado por una yipeta, en un hecho ocurrido en la salida Sabana de la Mar-Miches, frente al club gall\u00edstico de ese municipio, perteneciente a la provincia Hato Mayor. La v\u00edctima fue identificada como Patricio Mart\u00ednez Luna, de 58 a\u00f1os de edad, [&hellip;]\" \/>\n<meta property=\"og:url\" content=\"http:\/\/conexion23.com\/?p=41164\" \/>\n<meta property=\"og:site_name\" content=\"Conexi\u00f3n 23\" \/>\n<meta property=\"article:publisher\" content=\"https:\/\/www.facebook.com\/conexion23com\" \/>\n<meta property=\"article:published_time\" content=\"2025-07-09T12:08:54+00:00\" \/>\n<meta property=\"article:modified_time\" content=\"2025-07-09T12:08:56+00:00\" \/>\n<meta property=\"og:image\" content=\"http:\/\/conexion23.com\/wp-content\/uploads\/2025\/07\/2af3769d-28ea-4425-81eb-ebcaec97d270.jpg\" \/>\n\t<meta property=\"og:image:width\" content=\"600\" \/>\n\t<meta property=\"og:image:height\" content=\"514\" \/>\n\t<meta property=\"og:image:type\" content=\"image\/jpeg\" \/>\n<meta name=\"author\" content=\"Raffy Ben\u00edtez\" \/>\n<meta name=\"twitter:card\" content=\"summary_large_image\" \/>\n<meta name=\"twitter:label1\" content=\"Escrito por\" \/>\n\t<meta name=\"twitter:data1\" content=\"Raffy Ben\u00edtez\" \/>\n\t<meta name=\"twitter:label2\" content=\"Tiempo de lectura\" \/>\n\t<meta name=\"twitter:data2\" content=\"2 minutos\" \/>\n<script type=\"application\/ld+json\" class=\"yoast-schema-graph\">{\"@context\":\"https:\\\/\\\/schema.org\",\"@graph\":[{\"@type\":\"Article\",\"@id\":\"http:\\\/\\\/conexion23.com\\\/?p=41164#article\",\"isPartOf\":{\"@id\":\"http:\\\/\\\/conexion23.com\\\/?p=41164\"},\"author\":{\"name\":\"Raffy Ben\u00edtez\",\"@id\":\"http:\\\/\\\/conexion23.com\\\/#\\\/schema\\\/person\\\/03e36043331117e97a373299bbcd30a6\"},\"headline\":\"Muere ex polic\u00eda tras ser impactado por una yipeta en Sabana de la Mar.\",\"datePublished\":\"2025-07-09T12:08:54+00:00\",\"dateModified\":\"2025-07-09T12:08:56+00:00\",\"mainEntityOfPage\":{\"@id\":\"http:\\\/\\\/conexion23.com\\\/?p=41164\"},\"wordCount\":299,\"commentCount\":0,\"publisher\":{\"@id\":\"http:\\\/\\\/conexion23.com\\\/#organization\"},\"image\":{\"@id\":\"http:\\\/\\\/conexion23.com\\\/?p=41164#primaryimage\"},\"thumbnailUrl\":\"http:\\\/\\\/conexion23.com\\\/wp-content\\\/uploads\\\/2025\\\/07\\\/2af3769d-28ea-4425-81eb-ebcaec97d270.jpg\",\"articleSection\":[\"Hato Mayor\"],\"inLanguage\":\"es\",\"potentialAction\":[{\"@type\":\"CommentAction\",\"name\":\"Comment\",\"target\":[\"http:\\\/\\\/conexion23.com\\\/?p=41164#respond\"]}]},{\"@type\":\"WebPage\",\"@id\":\"http:\\\/\\\/conexion23.com\\\/?p=41164\",\"url\":\"http:\\\/\\\/conexion23.com\\\/?p=41164\",\"name\":\"Muere ex polic\u00eda tras ser impactado por una yipeta en Sabana de la Mar. - Conexi\u00f3n 23\",\"isPartOf\":{\"@id\":\"http:\\\/\\\/conexion23.com\\\/#website\"},\"primaryImageOfPage\":{\"@id\":\"http:\\\/\\\/conexion23.com\\\/?p=41164#primaryimage\"},\"image\":{\"@id\":\"http:\\\/\\\/conexion23.com\\\/?p=41164#primaryimage\"},\"thumbnailUrl\":\"http:\\\/\\\/conexion23.com\\\/wp-content\\\/uploads\\\/2025\\\/07\\\/2af3769d-28ea-4425-81eb-ebcaec97d270.jpg\",\"datePublished\":\"2025-07-09T12:08:54+00:00\",\"dateModified\":\"2025-07-09T12:08:56+00:00\",\"breadcrumb\":{\"@id\":\"http:\\\/\\\/conexion23.com\\\/?p=41164#breadcrumb\"},\"inLanguage\":\"es\",\"potentialAction\":[{\"@type\":\"ReadAction\",\"target\":[\"http:\\\/\\\/conexion23.com\\\/?p=41164\"]}]},{\"@type\":\"ImageObject\",\"inLanguage\":\"es\",\"@id\":\"http:\\\/\\\/conexion23.com\\\/?p=41164#primaryimage\",\"url\":\"http:\\\/\\\/conexion23.com\\\/wp-content\\\/uploads\\\/2025\\\/07\\\/2af3769d-28ea-4425-81eb-ebcaec97d270.jpg\",\"contentUrl\":\"http:\\\/\\\/conexion23.com\\\/wp-content\\\/uploads\\\/2025\\\/07\\\/2af3769d-28ea-4425-81eb-ebcaec97d270.jpg\",\"width\":600,\"height\":514},{\"@type\":\"BreadcrumbList\",\"@id\":\"http:\\\/\\\/conexion23.com\\\/?p=41164#breadcrumb\",\"itemListElement\":[{\"@type\":\"ListItem\",\"position\":1,\"name\":\"Portada\",\"item\":\"http:\\\/\\\/conexion23.com\\\/\"},{\"@type\":\"ListItem\",\"position\":2,\"name\":\"Muere ex polic\u00eda tras ser impactado por una yipeta en Sabana de la Mar.\"}]},{\"@type\":\"WebSite\",\"@id\":\"http:\\\/\\\/conexion23.com\\\/#website\",\"url\":\"http:\\\/\\\/conexion23.com\\\/\",\"name\":\"Conexi\u00f3n 23\",\"description\":\"Peri\u00f3dico 100% Petromacorisano\",\"publisher\":{\"@id\":\"http:\\\/\\\/conexion23.com\\\/#organization\"},\"potentialAction\":[{\"@type\":\"SearchAction\",\"target\":{\"@type\":\"EntryPoint\",\"urlTemplate\":\"http:\\\/\\\/conexion23.com\\\/?s={search_term_string}\"},\"query-input\":{\"@type\":\"PropertyValueSpecification\",\"valueRequired\":true,\"valueName\":\"search_term_string\"}}],\"inLanguage\":\"es\"},{\"@type\":\"Organization\",\"@id\":\"http:\\\/\\\/conexion23.com\\\/#organization\",\"name\":\"Conexion 23\",\"url\":\"http:\\\/\\\/conexion23.com\\\/\",\"logo\":{\"@type\":\"ImageObject\",\"inLanguage\":\"es\",\"@id\":\"http:\\\/\\\/conexion23.com\\\/#\\\/schema\\\/logo\\\/image\\\/\",\"url\":\"https:\\\/\\\/conexion23.com\\\/wp-content\\\/uploads\\\/2021\\\/11\\\/Diseno-sin-titulo-2.png\",\"contentUrl\":\"https:\\\/\\\/conexion23.com\\\/wp-content\\\/uploads\\\/2021\\\/11\\\/Diseno-sin-titulo-2.png\",\"width\":541,\"height\":90,\"caption\":\"Conexion 23\"},\"image\":{\"@id\":\"http:\\\/\\\/conexion23.com\\\/#\\\/schema\\\/logo\\\/image\\\/\"},\"sameAs\":[\"https:\\\/\\\/www.facebook.com\\\/conexion23com\",\"https:\\\/\\\/www.instagram.com\\\/conexion23com\\\/\",\"https:\\\/\\\/www.youtube.com\\\/channel\\\/UCYc7vxxFZMYLIHNsHHxPZ3Q\"]},{\"@type\":\"Person\",\"@id\":\"http:\\\/\\\/conexion23.com\\\/#\\\/schema\\\/person\\\/03e36043331117e97a373299bbcd30a6\",\"name\":\"Raffy Ben\u00edtez\",\"image\":{\"@type\":\"ImageObject\",\"inLanguage\":\"es\",\"@id\":\"https:\\\/\\\/secure.gravatar.com\\\/avatar\\\/3190a6a6c5e1b0327500f7d6c56b6242472ee6cb974cf09b401ee6b3b0798f23?s=96&d=mm&r=g\",\"url\":\"https:\\\/\\\/secure.gravatar.com\\\/avatar\\\/3190a6a6c5e1b0327500f7d6c56b6242472ee6cb974cf09b401ee6b3b0798f23?s=96&d=mm&r=g\",\"contentUrl\":\"https:\\\/\\\/secure.gravatar.com\\\/avatar\\\/3190a6a6c5e1b0327500f7d6c56b6242472ee6cb974cf09b401ee6b3b0798f23?s=96&d=mm&r=g\",\"caption\":\"Raffy Ben\u00edtez\"},\"url\":\"http:\\\/\\\/conexion23.com\\\/?author=15\"}]}<\/script>\n<!-- \/ Yoast SEO plugin. -->","yoast_head_json":{"title":"Muere ex polic\u00eda tras ser impactado por una yipeta en Sabana de la Mar. - Conexi\u00f3n 23","robots":{"index":"index","follow":"follow","max-snippet":"max-snippet:-1","max-image-preview":"max-image-preview:large","max-video-preview":"max-video-preview:-1"},"canonical":"http:\/\/conexion23.com\/?p=41164","og_locale":"es_ES","og_type":"article","og_title":"Muere ex polic\u00eda tras ser impactado por una yipeta en Sabana de la Mar. - Conexi\u00f3n 23","og_description":"Un ex polic\u00eda perdi\u00f3 la vida la tarde de este martes luego de ser impactado por una yipeta, en un hecho ocurrido en la salida Sabana de la Mar-Miches, frente al club gall\u00edstico de ese municipio, perteneciente a la provincia Hato Mayor. La v\u00edctima fue identificada como Patricio Mart\u00ednez Luna, de 58 a\u00f1os de edad, [&hellip;]","og_url":"http:\/\/conexion23.com\/?p=41164","og_site_name":"Conexi\u00f3n 23","article_publisher":"https:\/\/www.facebook.com\/conexion23com","article_published_time":"2025-07-09T12:08:54+00:00","article_modified_time":"2025-07-09T12:08:56+00:00","og_image":[{"width":600,"height":514,"url":"http:\/\/conexion23.com\/wp-content\/uploads\/2025\/07\/2af3769d-28ea-4425-81eb-ebcaec97d270.jpg","type":"image\/jpeg"}],"author":"Raffy Ben\u00edtez","twitter_card":"summary_large_image","twitter_misc":{"Escrito por":"Raffy Ben\u00edtez","Tiempo de lectura":"2 minutos"},"schema":{"@context":"https:\/\/schema.org","@graph":[{"@type":"Article","@id":"http:\/\/conexion23.com\/?p=41164#article","isPartOf":{"@id":"http:\/\/conexion23.com\/?p=41164"},"author":{"name":"Raffy Ben\u00edtez","@id":"http:\/\/conexion23.com\/#\/schema\/person\/03e36043331117e97a373299bbcd30a6"},"headline":"Muere ex polic\u00eda tras ser impactado por una yipeta en Sabana de la Mar.","datePublished":"2025-07-09T12:08:54+00:00","dateModified":"2025-07-09T12:08:56+00:00","mainEntityOfPage":{"@id":"http:\/\/conexion23.com\/?p=41164"},"wordCount":299,"commentCount":0,"publisher":{"@id":"http:\/\/conexion23.com\/#organization"},"image":{"@id":"http:\/\/conexion23.com\/?p=41164#primaryimage"},"thumbnailUrl":"http:\/\/conexion23.com\/wp-content\/uploads\/2025\/07\/2af3769d-28ea-4425-81eb-ebcaec97d270.jpg","articleSection":["Hato Mayor"],"inLanguage":"es","potentialAction":[{"@type":"CommentAction","name":"Comment","target":["http:\/\/conexion23.com\/?p=41164#respond"]}]},{"@type":"WebPage","@id":"http:\/\/conexion23.com\/?p=41164","url":"http:\/\/conexion23.com\/?p=41164","name":"Muere ex polic\u00eda tras ser impactado por una yipeta en Sabana de la Mar. - Conexi\u00f3n 23","isPartOf":{"@id":"http:\/\/conexion23.com\/#website"},"primaryImageOfPage":{"@id":"http:\/\/conexion23.com\/?p=41164#primaryimage"},"image":{"@id":"http:\/\/conexion23.com\/?p=41164#primaryimage"},"thumbnailUrl":"http:\/\/conexion23.com\/wp-content\/uploads\/2025\/07\/2af3769d-28ea-4425-81eb-ebcaec97d270.jpg","datePublished":"2025-07-09T12:08:54+00:00","dateModified":"2025-07-09T12:08:56+00:00","breadcrumb":{"@id":"http:\/\/conexion23.com\/?p=41164#breadcrumb"},"inLanguage":"es","potentialAction":[{"@type":"ReadAction","target":["http:\/\/conexion23.com\/?p=41164"]}]},{"@type":"ImageObject","inLanguage":"es","@id":"http:\/\/conexion23.com\/?p=41164#primaryimage","url":"http:\/\/conexion23.com\/wp-content\/uploads\/2025\/07\/2af3769d-28ea-4425-81eb-ebcaec97d270.jpg","contentUrl":"http:\/\/conexion23.com\/wp-content\/uploads\/2025\/07\/2af3769d-28ea-4425-81eb-ebcaec97d270.jpg","width":600,"height":514},{"@type":"BreadcrumbList","@id":"http:\/\/conexion23.com\/?p=41164#breadcrumb","itemListElement":[{"@type":"ListItem","position":1,"name":"Portada","item":"http:\/\/conexion23.com\/"},{"@type":"ListItem","position":2,"name":"Muere ex polic\u00eda tras ser impactado por una yipeta en Sabana de la Mar."}]},{"@type":"WebSite","@id":"http:\/\/conexion23.com\/#website","url":"http:\/\/conexion23.com\/","name":"Conexi\u00f3n 23","description":"Peri\u00f3dico 100% Petromacorisano","publisher":{"@id":"http:\/\/conexion23.com\/#organization"},"potentialAction":[{"@type":"SearchAction","target":{"@type":"EntryPoint","urlTemplate":"http:\/\/conexion23.com\/?s={search_term_string}"},"query-input":{"@type":"PropertyValueSpecification","valueRequired":true,"valueName":"search_term_string"}}],"inLanguage":"es"},{"@type":"Organization","@id":"http:\/\/conexion23.com\/#organization","name":"Conexion 23","url":"http:\/\/conexion23.com\/","logo":{"@type":"ImageObject","inLanguage":"es","@id":"http:\/\/conexion23.com\/#\/schema\/logo\/image\/","url":"https:\/\/conexion23.com\/wp-content\/uploads\/2021\/11\/Diseno-sin-titulo-2.png","contentUrl":"https:\/\/conexion23.com\/wp-content\/uploads\/2021\/11\/Diseno-sin-titulo-2.png","width":541,"height":90,"caption":"Conexion 23"},"image":{"@id":"http:\/\/conexion23.com\/#\/schema\/logo\/image\/"},"sameAs":["https:\/\/www.facebook.com\/conexion23com","https:\/\/www.instagram.com\/conexion23com\/","https:\/\/www.youtube.com\/channel\/UCYc7vxxFZMYLIHNsHHxPZ3Q"]},{"@type":"Person","@id":"http:\/\/conexion23.com\/#\/schema\/person\/03e36043331117e97a373299bbcd30a6","name":"Raffy Ben\u00edtez","image":{"@type":"ImageObject","inLanguage":"es","@id":"https:\/\/secure.gravatar.com\/avatar\/3190a6a6c5e1b0327500f7d6c56b6242472ee6cb974cf09b401ee6b3b0798f23?s=96&d=mm&r=g","url":"https:\/\/secure.gravatar.com\/avatar\/3190a6a6c5e1b0327500f7d6c56b6242472ee6cb974cf09b401ee6b3b0798f23?s=96&d=mm&r=g","contentUrl":"https:\/\/secure.gravatar.com\/avatar\/3190a6a6c5e1b0327500f7d6c56b6242472ee6cb974cf09b401ee6b3b0798f23?s=96&d=mm&r=g","caption":"Raffy Ben\u00edtez"},"url":"http:\/\/conexion23.com\/?author=15"}]}},"_links":{"self":[{"href":"http:\/\/conexion23.com\/index.php?rest_route=\/wp\/v2\/posts\/41164","targetHints":{"allow":["GET"]}}],"collection":[{"href":"http:\/\/conexion23.com\/index.php?rest_route=\/wp\/v2\/posts"}],"about":[{"href":"http:\/\/conexion23.com\/index.php?rest_route=\/wp\/v2\/types\/post"}],"author":[{"embeddable":true,"href":"http:\/\/conexion23.com\/index.php?rest_route=\/wp\/v2\/users\/15"}],"replies":[{"embeddable":true,"href":"http:\/\/conexion23.com\/index.php?rest_route=%2Fwp%2Fv2%2Fcomments&post=41164"}],"version-history":[{"count":1,"href":"http:\/\/conexion23.com\/index.php?rest_route=\/wp\/v2\/posts\/41164\/revisions"}],"predecessor-version":[{"id":41166,"href":"http:\/\/conexion23.com\/index.php?rest_route=\/wp\/v2\/posts\/41164\/revisions\/41166"}],"wp:featuredmedia":[{"embeddable":true,"href":"http:\/\/conexion23.com\/index.php?rest_route=\/wp\/v2\/media\/41165"}],"wp:attachment":[{"href":"http:\/\/conexion23.com\/index.php?rest_route=%2Fwp%2Fv2%2Fmedia&parent=41164"}],"wp:term":[{"taxonomy":"category","embeddable":true,"href":"http:\/\/conexion23.com\/index.php?rest_route=%2Fwp%2Fv2%2Fcategories&post=41164"},{"taxonomy":"post_tag","embeddable":true,"href":"http:\/\/conexion23.com\/index.php?rest_route=%2Fwp%2Fv2%2Ftags&post=41164"}],"curies":[{"name":"wp","href":"https:\/\/api.w.org\/{rel}","templated":true}]}}