{"id":41167,"date":"2025-07-09T08:12:54","date_gmt":"2025-07-09T12:12:54","guid":{"rendered":"https:\/\/conexion23.com\/?p=41167"},"modified":"2025-07-09T08:12:56","modified_gmt":"2025-07-09T12:12:56","slug":"hombre-de-55-anos-muere-tras-ser-agredido-por-multitud-en-higuey-cuando-intento-raptar-a-una-menor","status":"publish","type":"post","link":"http:\/\/conexion23.com\/?p=41167","title":{"rendered":"Hombre de 55 a\u00f1os muere tras ser agredido por multitud en Hig\u00fcey cuando intento raptar a una menor."},"content":{"rendered":"\n<p class=\"wp-block-paragraph\">&nbsp;Un hombre de 55 a\u00f1os falleci\u00f3 este martes en Hig\u00fcey, provincia La Altagracia, mientras recib\u00eda atenciones m\u00e9dicas tras ser agredido por varias personas que lo acusaban de intentar llevarse a una menor de edad, seg\u00fan reportes preliminares.<\/p>\n\n\n\n<p class=\"wp-block-paragraph\">El incidente ocurri\u00f3 el domingo 7 de julio, alrededor de las 7:30 p.m., en el sector&nbsp;<strong>Villa Palmera<\/strong>, del distrito&nbsp;<strong>Villa Cerro<\/strong>, cuando vecinos del lugar reaccionaron ante un supuesto intento de secuestrar a una ni\u00f1a de tres a\u00f1os.<\/p>\n\n\n\n<p class=\"wp-block-paragraph\">De acuerdo con la versi\u00f3n recogida por las autoridades, el hombre habr\u00eda tomado en brazos a la menor, lo que gener\u00f3 la intervenci\u00f3n inmediata de su madre, de 21 a\u00f1os, y posteriormente de residentes de la zona.<\/p>\n\n\n\n<p class=\"wp-block-paragraph\">La persona agredida, identificada como&nbsp;<strong>Luis Bauthis Soriano<\/strong>, oriundo de&nbsp;<strong>Guaymate<\/strong>, fue trasladada con m\u00faltiples heridas al&nbsp;<strong>Hospital General y de Especialidades Nuestra Se\u00f1ora de La Altagracia<\/strong>, donde muri\u00f3 m\u00e1s tarde mientras recib\u00eda atenci\u00f3n m\u00e9dica. Un informe cl\u00ednico preliminar indica que presentaba&nbsp;<strong>lesiones por arma blanca<\/strong>,&nbsp;<strong>trauma craneoencef\u00e1lico<\/strong>&nbsp;y&nbsp;<strong>shock hipovol\u00e9mico<\/strong>.<\/p>\n\n\n\n<p class=\"wp-block-paragraph\">La menor tambi\u00e9n sufri\u00f3 lesiones durante el hecho y fue atendida por personal m\u00e9dico.<\/p>\n\n\n\n<p class=\"wp-block-paragraph\">El caso se encuentra bajo investigaci\u00f3n por parte de las autoridades competentes, que buscan esclarecer los hechos ocurridos y determinar las responsabilidades correspondientes.<\/p>\n","protected":false},"excerpt":{"rendered":"<p>&nbsp;Un hombre de 55 a\u00f1os falleci\u00f3 este martes en Hig\u00fcey, provincia La Altagracia, mientras recib\u00eda atenciones m\u00e9dicas tras ser agredido por varias personas que lo acusaban de intentar llevarse a una menor de edad, seg\u00fan reportes preliminares. El incidente ocurri\u00f3 el domingo 7 de julio, alrededor de las 7:30 p.m., en el sector&nbsp;Villa Palmera, del [&hellip;]<\/p>\n","protected":false},"author":15,"featured_media":41168,"comment_status":"open","ping_status":"open","sticky":false,"template":"","format":"standard","meta":{"footnotes":""},"categories":[2474],"tags":[],"class_list":["post-41167","post","type-post","status-publish","format-standard","has-post-thumbnail","category-la-altagracia"],"yoast_head":"<!-- This site is optimized with the Yoast SEO plugin v27.6 - https:\/\/yoast.com\/product\/yoast-seo-wordpress\/ -->\n<title>Hombre de 55 a\u00f1os muere tras ser agredido por multitud en Hig\u00fcey cuando intento raptar a una menor. - Conexi\u00f3n 23<\/title>\n<meta name=\"robots\" content=\"index, follow, max-snippet:-1, max-image-preview:large, max-video-preview:-1\" \/>\n<link rel=\"canonical\" href=\"http:\/\/conexion23.com\/?p=41167\" \/>\n<meta property=\"og:locale\" content=\"es_ES\" \/>\n<meta property=\"og:type\" content=\"article\" \/>\n<meta property=\"og:title\" content=\"Hombre de 55 a\u00f1os muere tras ser agredido por multitud en Hig\u00fcey cuando intento raptar a una menor. - Conexi\u00f3n 23\" \/>\n<meta property=\"og:description\" content=\"&nbsp;Un hombre de 55 a\u00f1os falleci\u00f3 este martes en Hig\u00fcey, provincia La Altagracia, mientras recib\u00eda atenciones m\u00e9dicas tras ser agredido por varias personas que lo acusaban de intentar llevarse a una menor de edad, seg\u00fan reportes preliminares. El incidente ocurri\u00f3 el domingo 7 de julio, alrededor de las 7:30 p.m., en el sector&nbsp;Villa Palmera, del [&hellip;]\" \/>\n<meta property=\"og:url\" content=\"http:\/\/conexion23.com\/?p=41167\" \/>\n<meta property=\"og:site_name\" content=\"Conexi\u00f3n 23\" \/>\n<meta property=\"article:publisher\" content=\"https:\/\/www.facebook.com\/conexion23com\" \/>\n<meta property=\"article:published_time\" content=\"2025-07-09T12:12:54+00:00\" \/>\n<meta property=\"article:modified_time\" content=\"2025-07-09T12:12:56+00:00\" \/>\n<meta property=\"og:image\" content=\"http:\/\/conexion23.com\/wp-content\/uploads\/2025\/07\/descarga-1-12.jpg\" \/>\n\t<meta property=\"og:image:width\" content=\"300\" \/>\n\t<meta property=\"og:image:height\" content=\"168\" \/>\n\t<meta property=\"og:image:type\" content=\"image\/jpeg\" \/>\n<meta name=\"author\" content=\"Raffy Ben\u00edtez\" \/>\n<meta name=\"twitter:card\" content=\"summary_large_image\" \/>\n<meta name=\"twitter:label1\" content=\"Escrito por\" \/>\n\t<meta name=\"twitter:data1\" content=\"Raffy Ben\u00edtez\" \/>\n\t<meta name=\"twitter:label2\" content=\"Tiempo de lectura\" \/>\n\t<meta name=\"twitter:data2\" content=\"2 minutos\" \/>\n<script type=\"application\/ld+json\" class=\"yoast-schema-graph\">{\"@context\":\"https:\\\/\\\/schema.org\",\"@graph\":[{\"@type\":\"Article\",\"@id\":\"http:\\\/\\\/conexion23.com\\\/?p=41167#article\",\"isPartOf\":{\"@id\":\"http:\\\/\\\/conexion23.com\\\/?p=41167\"},\"author\":{\"name\":\"Raffy Ben\u00edtez\",\"@id\":\"http:\\\/\\\/conexion23.com\\\/#\\\/schema\\\/person\\\/03e36043331117e97a373299bbcd30a6\"},\"headline\":\"Hombre de 55 a\u00f1os muere tras ser agredido por multitud en Hig\u00fcey cuando intento raptar a una menor.\",\"datePublished\":\"2025-07-09T12:12:54+00:00\",\"dateModified\":\"2025-07-09T12:12:56+00:00\",\"mainEntityOfPage\":{\"@id\":\"http:\\\/\\\/conexion23.com\\\/?p=41167\"},\"wordCount\":250,\"commentCount\":0,\"publisher\":{\"@id\":\"http:\\\/\\\/conexion23.com\\\/#organization\"},\"image\":{\"@id\":\"http:\\\/\\\/conexion23.com\\\/?p=41167#primaryimage\"},\"thumbnailUrl\":\"http:\\\/\\\/conexion23.com\\\/wp-content\\\/uploads\\\/2025\\\/07\\\/descarga-1-12.jpg\",\"articleSection\":[\"La Altagracia\"],\"inLanguage\":\"es\",\"potentialAction\":[{\"@type\":\"CommentAction\",\"name\":\"Comment\",\"target\":[\"http:\\\/\\\/conexion23.com\\\/?p=41167#respond\"]}]},{\"@type\":\"WebPage\",\"@id\":\"http:\\\/\\\/conexion23.com\\\/?p=41167\",\"url\":\"http:\\\/\\\/conexion23.com\\\/?p=41167\",\"name\":\"Hombre de 55 a\u00f1os muere tras ser agredido por multitud en Hig\u00fcey cuando intento raptar a una menor. - Conexi\u00f3n 23\",\"isPartOf\":{\"@id\":\"http:\\\/\\\/conexion23.com\\\/#website\"},\"primaryImageOfPage\":{\"@id\":\"http:\\\/\\\/conexion23.com\\\/?p=41167#primaryimage\"},\"image\":{\"@id\":\"http:\\\/\\\/conexion23.com\\\/?p=41167#primaryimage\"},\"thumbnailUrl\":\"http:\\\/\\\/conexion23.com\\\/wp-content\\\/uploads\\\/2025\\\/07\\\/descarga-1-12.jpg\",\"datePublished\":\"2025-07-09T12:12:54+00:00\",\"dateModified\":\"2025-07-09T12:12:56+00:00\",\"breadcrumb\":{\"@id\":\"http:\\\/\\\/conexion23.com\\\/?p=41167#breadcrumb\"},\"inLanguage\":\"es\",\"potentialAction\":[{\"@type\":\"ReadAction\",\"target\":[\"http:\\\/\\\/conexion23.com\\\/?p=41167\"]}]},{\"@type\":\"ImageObject\",\"inLanguage\":\"es\",\"@id\":\"http:\\\/\\\/conexion23.com\\\/?p=41167#primaryimage\",\"url\":\"http:\\\/\\\/conexion23.com\\\/wp-content\\\/uploads\\\/2025\\\/07\\\/descarga-1-12.jpg\",\"contentUrl\":\"http:\\\/\\\/conexion23.com\\\/wp-content\\\/uploads\\\/2025\\\/07\\\/descarga-1-12.jpg\",\"width\":300,\"height\":168},{\"@type\":\"BreadcrumbList\",\"@id\":\"http:\\\/\\\/conexion23.com\\\/?p=41167#breadcrumb\",\"itemListElement\":[{\"@type\":\"ListItem\",\"position\":1,\"name\":\"Portada\",\"item\":\"http:\\\/\\\/conexion23.com\\\/\"},{\"@type\":\"ListItem\",\"position\":2,\"name\":\"Hombre de 55 a\u00f1os muere tras ser agredido por multitud en Hig\u00fcey cuando intento raptar a una menor.\"}]},{\"@type\":\"WebSite\",\"@id\":\"http:\\\/\\\/conexion23.com\\\/#website\",\"url\":\"http:\\\/\\\/conexion23.com\\\/\",\"name\":\"Conexi\u00f3n 23\",\"description\":\"Peri\u00f3dico 100% Petromacorisano\",\"publisher\":{\"@id\":\"http:\\\/\\\/conexion23.com\\\/#organization\"},\"potentialAction\":[{\"@type\":\"SearchAction\",\"target\":{\"@type\":\"EntryPoint\",\"urlTemplate\":\"http:\\\/\\\/conexion23.com\\\/?s={search_term_string}\"},\"query-input\":{\"@type\":\"PropertyValueSpecification\",\"valueRequired\":true,\"valueName\":\"search_term_string\"}}],\"inLanguage\":\"es\"},{\"@type\":\"Organization\",\"@id\":\"http:\\\/\\\/conexion23.com\\\/#organization\",\"name\":\"Conexion 23\",\"url\":\"http:\\\/\\\/conexion23.com\\\/\",\"logo\":{\"@type\":\"ImageObject\",\"inLanguage\":\"es\",\"@id\":\"http:\\\/\\\/conexion23.com\\\/#\\\/schema\\\/logo\\\/image\\\/\",\"url\":\"https:\\\/\\\/conexion23.com\\\/wp-content\\\/uploads\\\/2021\\\/11\\\/Diseno-sin-titulo-2.png\",\"contentUrl\":\"https:\\\/\\\/conexion23.com\\\/wp-content\\\/uploads\\\/2021\\\/11\\\/Diseno-sin-titulo-2.png\",\"width\":541,\"height\":90,\"caption\":\"Conexion 23\"},\"image\":{\"@id\":\"http:\\\/\\\/conexion23.com\\\/#\\\/schema\\\/logo\\\/image\\\/\"},\"sameAs\":[\"https:\\\/\\\/www.facebook.com\\\/conexion23com\",\"https:\\\/\\\/www.instagram.com\\\/conexion23com\\\/\",\"https:\\\/\\\/www.youtube.com\\\/channel\\\/UCYc7vxxFZMYLIHNsHHxPZ3Q\"]},{\"@type\":\"Person\",\"@id\":\"http:\\\/\\\/conexion23.com\\\/#\\\/schema\\\/person\\\/03e36043331117e97a373299bbcd30a6\",\"name\":\"Raffy Ben\u00edtez\",\"image\":{\"@type\":\"ImageObject\",\"inLanguage\":\"es\",\"@id\":\"https:\\\/\\\/secure.gravatar.com\\\/avatar\\\/3190a6a6c5e1b0327500f7d6c56b6242472ee6cb974cf09b401ee6b3b0798f23?s=96&d=mm&r=g\",\"url\":\"https:\\\/\\\/secure.gravatar.com\\\/avatar\\\/3190a6a6c5e1b0327500f7d6c56b6242472ee6cb974cf09b401ee6b3b0798f23?s=96&d=mm&r=g\",\"contentUrl\":\"https:\\\/\\\/secure.gravatar.com\\\/avatar\\\/3190a6a6c5e1b0327500f7d6c56b6242472ee6cb974cf09b401ee6b3b0798f23?s=96&d=mm&r=g\",\"caption\":\"Raffy Ben\u00edtez\"},\"url\":\"http:\\\/\\\/conexion23.com\\\/?author=15\"}]}<\/script>\n<!-- \/ Yoast SEO plugin. -->","yoast_head_json":{"title":"Hombre de 55 a\u00f1os muere tras ser agredido por multitud en Hig\u00fcey cuando intento raptar a una menor. - Conexi\u00f3n 23","robots":{"index":"index","follow":"follow","max-snippet":"max-snippet:-1","max-image-preview":"max-image-preview:large","max-video-preview":"max-video-preview:-1"},"canonical":"http:\/\/conexion23.com\/?p=41167","og_locale":"es_ES","og_type":"article","og_title":"Hombre de 55 a\u00f1os muere tras ser agredido por multitud en Hig\u00fcey cuando intento raptar a una menor. - Conexi\u00f3n 23","og_description":"&nbsp;Un hombre de 55 a\u00f1os falleci\u00f3 este martes en Hig\u00fcey, provincia La Altagracia, mientras recib\u00eda atenciones m\u00e9dicas tras ser agredido por varias personas que lo acusaban de intentar llevarse a una menor de edad, seg\u00fan reportes preliminares. El incidente ocurri\u00f3 el domingo 7 de julio, alrededor de las 7:30 p.m., en el sector&nbsp;Villa Palmera, del [&hellip;]","og_url":"http:\/\/conexion23.com\/?p=41167","og_site_name":"Conexi\u00f3n 23","article_publisher":"https:\/\/www.facebook.com\/conexion23com","article_published_time":"2025-07-09T12:12:54+00:00","article_modified_time":"2025-07-09T12:12:56+00:00","og_image":[{"width":300,"height":168,"url":"http:\/\/conexion23.com\/wp-content\/uploads\/2025\/07\/descarga-1-12.jpg","type":"image\/jpeg"}],"author":"Raffy Ben\u00edtez","twitter_card":"summary_large_image","twitter_misc":{"Escrito por":"Raffy Ben\u00edtez","Tiempo de lectura":"2 minutos"},"schema":{"@context":"https:\/\/schema.org","@graph":[{"@type":"Article","@id":"http:\/\/conexion23.com\/?p=41167#article","isPartOf":{"@id":"http:\/\/conexion23.com\/?p=41167"},"author":{"name":"Raffy Ben\u00edtez","@id":"http:\/\/conexion23.com\/#\/schema\/person\/03e36043331117e97a373299bbcd30a6"},"headline":"Hombre de 55 a\u00f1os muere tras ser agredido por multitud en Hig\u00fcey cuando intento raptar a una menor.","datePublished":"2025-07-09T12:12:54+00:00","dateModified":"2025-07-09T12:12:56+00:00","mainEntityOfPage":{"@id":"http:\/\/conexion23.com\/?p=41167"},"wordCount":250,"commentCount":0,"publisher":{"@id":"http:\/\/conexion23.com\/#organization"},"image":{"@id":"http:\/\/conexion23.com\/?p=41167#primaryimage"},"thumbnailUrl":"http:\/\/conexion23.com\/wp-content\/uploads\/2025\/07\/descarga-1-12.jpg","articleSection":["La Altagracia"],"inLanguage":"es","potentialAction":[{"@type":"CommentAction","name":"Comment","target":["http:\/\/conexion23.com\/?p=41167#respond"]}]},{"@type":"WebPage","@id":"http:\/\/conexion23.com\/?p=41167","url":"http:\/\/conexion23.com\/?p=41167","name":"Hombre de 55 a\u00f1os muere tras ser agredido por multitud en Hig\u00fcey cuando intento raptar a una menor. - Conexi\u00f3n 23","isPartOf":{"@id":"http:\/\/conexion23.com\/#website"},"primaryImageOfPage":{"@id":"http:\/\/conexion23.com\/?p=41167#primaryimage"},"image":{"@id":"http:\/\/conexion23.com\/?p=41167#primaryimage"},"thumbnailUrl":"http:\/\/conexion23.com\/wp-content\/uploads\/2025\/07\/descarga-1-12.jpg","datePublished":"2025-07-09T12:12:54+00:00","dateModified":"2025-07-09T12:12:56+00:00","breadcrumb":{"@id":"http:\/\/conexion23.com\/?p=41167#breadcrumb"},"inLanguage":"es","potentialAction":[{"@type":"ReadAction","target":["http:\/\/conexion23.com\/?p=41167"]}]},{"@type":"ImageObject","inLanguage":"es","@id":"http:\/\/conexion23.com\/?p=41167#primaryimage","url":"http:\/\/conexion23.com\/wp-content\/uploads\/2025\/07\/descarga-1-12.jpg","contentUrl":"http:\/\/conexion23.com\/wp-content\/uploads\/2025\/07\/descarga-1-12.jpg","width":300,"height":168},{"@type":"BreadcrumbList","@id":"http:\/\/conexion23.com\/?p=41167#breadcrumb","itemListElement":[{"@type":"ListItem","position":1,"name":"Portada","item":"http:\/\/conexion23.com\/"},{"@type":"ListItem","position":2,"name":"Hombre de 55 a\u00f1os muere tras ser agredido por multitud en Hig\u00fcey cuando intento raptar a una menor."}]},{"@type":"WebSite","@id":"http:\/\/conexion23.com\/#website","url":"http:\/\/conexion23.com\/","name":"Conexi\u00f3n 23","description":"Peri\u00f3dico 100% Petromacorisano","publisher":{"@id":"http:\/\/conexion23.com\/#organization"},"potentialAction":[{"@type":"SearchAction","target":{"@type":"EntryPoint","urlTemplate":"http:\/\/conexion23.com\/?s={search_term_string}"},"query-input":{"@type":"PropertyValueSpecification","valueRequired":true,"valueName":"search_term_string"}}],"inLanguage":"es"},{"@type":"Organization","@id":"http:\/\/conexion23.com\/#organization","name":"Conexion 23","url":"http:\/\/conexion23.com\/","logo":{"@type":"ImageObject","inLanguage":"es","@id":"http:\/\/conexion23.com\/#\/schema\/logo\/image\/","url":"https:\/\/conexion23.com\/wp-content\/uploads\/2021\/11\/Diseno-sin-titulo-2.png","contentUrl":"https:\/\/conexion23.com\/wp-content\/uploads\/2021\/11\/Diseno-sin-titulo-2.png","width":541,"height":90,"caption":"Conexion 23"},"image":{"@id":"http:\/\/conexion23.com\/#\/schema\/logo\/image\/"},"sameAs":["https:\/\/www.facebook.com\/conexion23com","https:\/\/www.instagram.com\/conexion23com\/","https:\/\/www.youtube.com\/channel\/UCYc7vxxFZMYLIHNsHHxPZ3Q"]},{"@type":"Person","@id":"http:\/\/conexion23.com\/#\/schema\/person\/03e36043331117e97a373299bbcd30a6","name":"Raffy Ben\u00edtez","image":{"@type":"ImageObject","inLanguage":"es","@id":"https:\/\/secure.gravatar.com\/avatar\/3190a6a6c5e1b0327500f7d6c56b6242472ee6cb974cf09b401ee6b3b0798f23?s=96&d=mm&r=g","url":"https:\/\/secure.gravatar.com\/avatar\/3190a6a6c5e1b0327500f7d6c56b6242472ee6cb974cf09b401ee6b3b0798f23?s=96&d=mm&r=g","contentUrl":"https:\/\/secure.gravatar.com\/avatar\/3190a6a6c5e1b0327500f7d6c56b6242472ee6cb974cf09b401ee6b3b0798f23?s=96&d=mm&r=g","caption":"Raffy Ben\u00edtez"},"url":"http:\/\/conexion23.com\/?author=15"}]}},"_links":{"self":[{"href":"http:\/\/conexion23.com\/index.php?rest_route=\/wp\/v2\/posts\/41167","targetHints":{"allow":["GET"]}}],"collection":[{"href":"http:\/\/conexion23.com\/index.php?rest_route=\/wp\/v2\/posts"}],"about":[{"href":"http:\/\/conexion23.com\/index.php?rest_route=\/wp\/v2\/types\/post"}],"author":[{"embeddable":true,"href":"http:\/\/conexion23.com\/index.php?rest_route=\/wp\/v2\/users\/15"}],"replies":[{"embeddable":true,"href":"http:\/\/conexion23.com\/index.php?rest_route=%2Fwp%2Fv2%2Fcomments&post=41167"}],"version-history":[{"count":1,"href":"http:\/\/conexion23.com\/index.php?rest_route=\/wp\/v2\/posts\/41167\/revisions"}],"predecessor-version":[{"id":41169,"href":"http:\/\/conexion23.com\/index.php?rest_route=\/wp\/v2\/posts\/41167\/revisions\/41169"}],"wp:featuredmedia":[{"embeddable":true,"href":"http:\/\/conexion23.com\/index.php?rest_route=\/wp\/v2\/media\/41168"}],"wp:attachment":[{"href":"http:\/\/conexion23.com\/index.php?rest_route=%2Fwp%2Fv2%2Fmedia&parent=41167"}],"wp:term":[{"taxonomy":"category","embeddable":true,"href":"http:\/\/conexion23.com\/index.php?rest_route=%2Fwp%2Fv2%2Fcategories&post=41167"},{"taxonomy":"post_tag","embeddable":true,"href":"http:\/\/conexion23.com\/index.php?rest_route=%2Fwp%2Fv2%2Ftags&post=41167"}],"curies":[{"name":"wp","href":"https:\/\/api.w.org\/{rel}","templated":true}]}}