{"id":62850,"date":"2026-08-31T11:00:25","date_gmt":"2026-08-31T15:00:25","guid":{"rendered":"https:\/\/conexion23.com\/?p=62850"},"modified":"2026-08-31T09:22:57","modified_gmt":"2026-08-31T13:22:57","slug":"segun-estudio-el-71-de-los-dominicanos-el-pais-va-por-mal-camino","status":"publish","type":"post","link":"http:\/\/conexion23.com\/?p=62850","title":{"rendered":"Seg\u00fan estudio el 71% de los dominicanos el pa\u00eds va por mal camino"},"content":{"rendered":"<p style=\"text-align: justify;\"><strong>En un recorrido por las provincias de Saman\u00e1 y S\u00e1nchez Ram\u00edrez, el vicepresidente y coordinador pol\u00edtico de la Fuerza del Pueblo Radham\u00e9s Jim\u00e9nez Pe\u00f1a, afirm\u00f3 que en un estudio reciente al que tuvo acceso la organizaci\u00f3n liderada por Leonel Fern\u00e1ndez, revel\u00f3 que para el 71% de los dominicanos el pa\u00eds va por mal camino.<\/strong><\/p>\n<p style=\"text-align: justify;\">\u201cEsos son resultados demoledores para el gobierno del PRM, y pese a estos resultados quieren vender que esto es Alicia en el pa\u00eds de las Maravillas, cuando todos sabemos que la gente est\u00e1 pasando momentos de sumas dificultades\u201d, expres\u00f3 el dirigente pol\u00edtico.<\/p>\n<p style=\"text-align: justify;\">\u201cPero eso no se queda ah\u00ed, ese mismo estudio tambi\u00e9n expone que el 74 % del pueblo entiende que la econom\u00eda va muy mal, y el 68%, que su situaci\u00f3n personal ha empeorado\u201d.<\/p>\n<p style=\"text-align: justify;\">Se\u00f1al\u00f3 que esa encuesta, coincide con lo publicado hace varios meses por la compa\u00f1\u00eda de investigaci\u00f3n Kantar Worldpanel Divisi\u00f3n, quien dijo que el 49% tuvo que buscar dinero prestado para adquirir productos de consumo de primera necesidad en los primeros ocho meses de este a\u00f1o, mientras que el 46 % gastan todos sus ingresos y menos del cinco por ciento pudo ahorrar de sus ingresos.<\/p>\n<p style=\"text-align: justify;\">Agreg\u00f3 que la mayor\u00eda del pueblo se encuentra desesperada por los males que les afectan, destacan: El alto costo de la vida, el desempleo, la delincuencia que est\u00e1 arropando al pa\u00eds, los apagones, el alto precio de los combustibles y la arrabalizaci\u00f3n de pr\u00e1cticamente todos los servicios p\u00fablicos.<\/p>\n<p style=\"text-align: justify;\"><img loading=\"lazy\" decoding=\"async\" class=\"alignnone wp-image-3258839 size-full\" src=\"https:\/\/i0.wp.com\/nuevodiario-assets.s3.us-east-2.amazonaws.com\/wp-content\/uploads\/2026\/08\/FP-5.jpg?resize=640%2C640&amp;quality=100&amp;ssl=1\" sizes=\"auto, (max-width: 640px) 100vw, 640px\" srcset=\"https:\/\/nuevodiario-assets.s3.us-east-2.amazonaws.com\/wp-content\/uploads\/2026\/08\/FP-5.jpg 1280w, https:\/\/nuevodiario-assets.s3.us-east-2.amazonaws.com\/wp-content\/uploads\/2026\/08\/FP-5.jpg 400w, https:\/\/nuevodiario-assets.s3.us-east-2.amazonaws.com\/wp-content\/uploads\/2026\/08\/FP-5.jpg 800w, https:\/\/nuevodiario-assets.s3.us-east-2.amazonaws.com\/wp-content\/uploads\/2026\/08\/FP-5.jpg 132w, https:\/\/nuevodiario-assets.s3.us-east-2.amazonaws.com\/wp-content\/uploads\/2026\/08\/FP-5.jpg 768w, https:\/\/nuevodiario-assets.s3.us-east-2.amazonaws.com\/wp-content\/uploads\/2026\/08\/FP-5.jpg 1200w, https:\/\/nuevodiario-assets.s3.us-east-2.amazonaws.com\/wp-content\/uploads\/2026\/08\/FP-5.jpg 160w\" alt=\"\" width=\"640\" height=\"640\" data-recalc-dims=\"1\" \/><\/p>\n<p style=\"text-align: justify;\"><strong>Juramentaciones en Saman\u00e1 y S\u00e1nchez Ram\u00edrez<\/strong><\/p>\n<p style=\"text-align: justify;\">En Saman\u00e1 quedaron juramentados dirigentes de la talla, de Mario Balbuena, Guillermo Maldonado y Gabriela Concepci\u00f3n. En S\u00e1nchez Ram\u00edrez: Wilson Florencio (El Yobi), Jos\u00e9 Payano, Oscar Garc\u00eda, Gustavo G\u00e1lvez, Yankela Perdomo, Daniel Paredes, V\u00edctor Rojas, Raimelyn Alejo, Onelio Castillo, Antonio Goris, Juan Reyes, Nelson Enr\u00edquez, Francisco Reyes, Yamilka Moya, entre otros.<\/p>\n<p style=\"text-align: justify;\">El vicepresidente de la FP, estuvo acompa\u00f1ado por los miembros de la Direcci\u00f3n de Pol\u00edtica de esa organizaci\u00f3n: Franklin Pe\u00f1a, Marcos Cross, Modesto Reyes, as\u00ed como de los miembros de la Direcci\u00f3n Central: Bernab\u00e9 Cruz, Amaurys Romero, Manuel Pichardo, Marino Hern\u00e1ndez, el diputado Jos\u00e9 Alberto Jim\u00e9nez, Lorenza Rojas, Ren\u00e9 Abreu, y dem\u00e1s dirigentes y simpatizantes.<\/p>\n","protected":false},"excerpt":{"rendered":"<p>En un recorrido por las provincias de Saman\u00e1 y S\u00e1nchez Ram\u00edrez, el vicepresidente y coordinador pol\u00edtico de la Fuerza del Pueblo Radham\u00e9s Jim\u00e9nez Pe\u00f1a, afirm\u00f3 que en un estudio reciente al que tuvo acceso la organizaci\u00f3n liderada por Leonel Fern\u00e1ndez, revel\u00f3 que para el 71% de los dominicanos el pa\u00eds va por mal camino. \u201cEsos [&hellip;]<\/p>\n","protected":false},"author":18,"featured_media":62851,"comment_status":"open","ping_status":"open","sticky":false,"template":"","format":"standard","meta":{"footnotes":""},"categories":[3882,3773],"tags":[171,3803],"class_list":["post-62850","post","type-post","status-publish","format-standard","has-post-thumbnail","category-politica","category-portada","tag-fuerza-del-pueblo","tag-radhames-jimenez-pena"],"yoast_head":"<!-- This site is optimized with the Yoast SEO plugin v27.6 - https:\/\/yoast.com\/product\/yoast-seo-wordpress\/ -->\n<title>Seg\u00fan estudio el 71% de los dominicanos el pa\u00eds va por mal camino - Conexi\u00f3n 23<\/title>\n<meta name=\"robots\" content=\"index, follow, max-snippet:-1, max-image-preview:large, max-video-preview:-1\" \/>\n<link rel=\"canonical\" href=\"https:\/\/conexion23.com\/?p=62850\" \/>\n<meta property=\"og:locale\" content=\"es_ES\" \/>\n<meta property=\"og:type\" content=\"article\" \/>\n<meta property=\"og:title\" content=\"Seg\u00fan estudio el 71% de los dominicanos el pa\u00eds va por mal camino - Conexi\u00f3n 23\" \/>\n<meta property=\"og:description\" content=\"En un recorrido por las provincias de Saman\u00e1 y S\u00e1nchez Ram\u00edrez, el vicepresidente y coordinador pol\u00edtico de la Fuerza del Pueblo Radham\u00e9s Jim\u00e9nez Pe\u00f1a, afirm\u00f3 que en un estudio reciente al que tuvo acceso la organizaci\u00f3n liderada por Leonel Fern\u00e1ndez, revel\u00f3 que para el 71% de los dominicanos el pa\u00eds va por mal camino. \u201cEsos [&hellip;]\" \/>\n<meta property=\"og:url\" content=\"https:\/\/conexion23.com\/?p=62850\" \/>\n<meta property=\"og:site_name\" content=\"Conexi\u00f3n 23\" \/>\n<meta property=\"article:publisher\" content=\"https:\/\/www.facebook.com\/conexion23com\" \/>\n<meta property=\"article:published_time\" content=\"2026-08-31T15:00:25+00:00\" \/>\n<meta property=\"og:image\" content=\"https:\/\/conexion23.com\/wp-content\/uploads\/2026\/08\/Estudio-reciente-revela-que-para-el-71-de-los-dominicanos-el-pais-va-por-mal-camino-sostiene-Radhames-Jimenez.webp\" \/>\n\t<meta property=\"og:image:width\" content=\"1600\" \/>\n\t<meta property=\"og:image:height\" content=\"1059\" \/>\n\t<meta property=\"og:image:type\" content=\"image\/webp\" \/>\n<meta name=\"author\" content=\"Redacci\u00f3n\" \/>\n<meta name=\"twitter:card\" content=\"summary_large_image\" \/>\n<meta name=\"twitter:label1\" content=\"Escrito por\" \/>\n\t<meta name=\"twitter:data1\" content=\"Redacci\u00f3n\" \/>\n\t<meta name=\"twitter:label2\" content=\"Tiempo de lectura\" \/>\n\t<meta name=\"twitter:data2\" content=\"3 minutos\" \/>\n<script type=\"application\/ld+json\" class=\"yoast-schema-graph\">{\"@context\":\"https:\\\/\\\/schema.org\",\"@graph\":[{\"@type\":\"Article\",\"@id\":\"https:\\\/\\\/conexion23.com\\\/?p=62850#article\",\"isPartOf\":{\"@id\":\"https:\\\/\\\/conexion23.com\\\/?p=62850\"},\"author\":{\"name\":\"Redacci\u00f3n\",\"@id\":\"http:\\\/\\\/conexion23.com\\\/#\\\/schema\\\/person\\\/0a860802b17d01ad2a278f53c507c296\"},\"headline\":\"Seg\u00fan estudio el 71% de los dominicanos el pa\u00eds va por mal camino\",\"datePublished\":\"2026-08-31T15:00:25+00:00\",\"mainEntityOfPage\":{\"@id\":\"https:\\\/\\\/conexion23.com\\\/?p=62850\"},\"wordCount\":403,\"commentCount\":0,\"publisher\":{\"@id\":\"http:\\\/\\\/conexion23.com\\\/#organization\"},\"image\":{\"@id\":\"https:\\\/\\\/conexion23.com\\\/?p=62850#primaryimage\"},\"thumbnailUrl\":\"http:\\\/\\\/conexion23.com\\\/wp-content\\\/uploads\\\/2026\\\/08\\\/Estudio-reciente-revela-que-para-el-71-de-los-dominicanos-el-pais-va-por-mal-camino-sostiene-Radhames-Jimenez.webp\",\"keywords\":[\"fuerza del pueblo\",\"Radham\u00e9s Jim\u00e9nez Pe\u00f1a\"],\"articleSection\":[\"Pol\u00edtica\",\"Portada\"],\"inLanguage\":\"es\",\"potentialAction\":[{\"@type\":\"CommentAction\",\"name\":\"Comment\",\"target\":[\"https:\\\/\\\/conexion23.com\\\/?p=62850#respond\"]}]},{\"@type\":\"WebPage\",\"@id\":\"https:\\\/\\\/conexion23.com\\\/?p=62850\",\"url\":\"https:\\\/\\\/conexion23.com\\\/?p=62850\",\"name\":\"Seg\u00fan estudio el 71% de los dominicanos el pa\u00eds va por mal camino - Conexi\u00f3n 23\",\"isPartOf\":{\"@id\":\"http:\\\/\\\/conexion23.com\\\/#website\"},\"primaryImageOfPage\":{\"@id\":\"https:\\\/\\\/conexion23.com\\\/?p=62850#primaryimage\"},\"image\":{\"@id\":\"https:\\\/\\\/conexion23.com\\\/?p=62850#primaryimage\"},\"thumbnailUrl\":\"http:\\\/\\\/conexion23.com\\\/wp-content\\\/uploads\\\/2026\\\/08\\\/Estudio-reciente-revela-que-para-el-71-de-los-dominicanos-el-pais-va-por-mal-camino-sostiene-Radhames-Jimenez.webp\",\"datePublished\":\"2026-08-31T15:00:25+00:00\",\"breadcrumb\":{\"@id\":\"https:\\\/\\\/conexion23.com\\\/?p=62850#breadcrumb\"},\"inLanguage\":\"es\",\"potentialAction\":[{\"@type\":\"ReadAction\",\"target\":[\"https:\\\/\\\/conexion23.com\\\/?p=62850\"]}]},{\"@type\":\"ImageObject\",\"inLanguage\":\"es\",\"@id\":\"https:\\\/\\\/conexion23.com\\\/?p=62850#primaryimage\",\"url\":\"http:\\\/\\\/conexion23.com\\\/wp-content\\\/uploads\\\/2026\\\/08\\\/Estudio-reciente-revela-que-para-el-71-de-los-dominicanos-el-pais-va-por-mal-camino-sostiene-Radhames-Jimenez.webp\",\"contentUrl\":\"http:\\\/\\\/conexion23.com\\\/wp-content\\\/uploads\\\/2026\\\/08\\\/Estudio-reciente-revela-que-para-el-71-de-los-dominicanos-el-pais-va-por-mal-camino-sostiene-Radhames-Jimenez.webp\",\"width\":1600,\"height\":1059},{\"@type\":\"BreadcrumbList\",\"@id\":\"https:\\\/\\\/conexion23.com\\\/?p=62850#breadcrumb\",\"itemListElement\":[{\"@type\":\"ListItem\",\"position\":1,\"name\":\"Portada\",\"item\":\"http:\\\/\\\/conexion23.com\\\/\"},{\"@type\":\"ListItem\",\"position\":2,\"name\":\"Seg\u00fan estudio el 71% de los dominicanos el pa\u00eds va por mal camino\"}]},{\"@type\":\"WebSite\",\"@id\":\"http:\\\/\\\/conexion23.com\\\/#website\",\"url\":\"http:\\\/\\\/conexion23.com\\\/\",\"name\":\"Conexi\u00f3n 23\",\"description\":\"Peri\u00f3dico 100% Petromacorisano\",\"publisher\":{\"@id\":\"http:\\\/\\\/conexion23.com\\\/#organization\"},\"potentialAction\":[{\"@type\":\"SearchAction\",\"target\":{\"@type\":\"EntryPoint\",\"urlTemplate\":\"http:\\\/\\\/conexion23.com\\\/?s={search_term_string}\"},\"query-input\":{\"@type\":\"PropertyValueSpecification\",\"valueRequired\":true,\"valueName\":\"search_term_string\"}}],\"inLanguage\":\"es\"},{\"@type\":\"Organization\",\"@id\":\"http:\\\/\\\/conexion23.com\\\/#organization\",\"name\":\"Conexion 23\",\"url\":\"http:\\\/\\\/conexion23.com\\\/\",\"logo\":{\"@type\":\"ImageObject\",\"inLanguage\":\"es\",\"@id\":\"http:\\\/\\\/conexion23.com\\\/#\\\/schema\\\/logo\\\/image\\\/\",\"url\":\"https:\\\/\\\/conexion23.com\\\/wp-content\\\/uploads\\\/2021\\\/11\\\/Diseno-sin-titulo-2.png\",\"contentUrl\":\"https:\\\/\\\/conexion23.com\\\/wp-content\\\/uploads\\\/2021\\\/11\\\/Diseno-sin-titulo-2.png\",\"width\":541,\"height\":90,\"caption\":\"Conexion 23\"},\"image\":{\"@id\":\"http:\\\/\\\/conexion23.com\\\/#\\\/schema\\\/logo\\\/image\\\/\"},\"sameAs\":[\"https:\\\/\\\/www.facebook.com\\\/conexion23com\",\"https:\\\/\\\/www.instagram.com\\\/conexion23com\\\/\",\"https:\\\/\\\/www.youtube.com\\\/channel\\\/UCYc7vxxFZMYLIHNsHHxPZ3Q\"]},{\"@type\":\"Person\",\"@id\":\"http:\\\/\\\/conexion23.com\\\/#\\\/schema\\\/person\\\/0a860802b17d01ad2a278f53c507c296\",\"name\":\"Redacci\u00f3n\",\"image\":{\"@type\":\"ImageObject\",\"inLanguage\":\"es\",\"@id\":\"https:\\\/\\\/secure.gravatar.com\\\/avatar\\\/ec9d84b79c776aa1994e5893944465db9974b17b884155623da51b7b62c02845?s=96&d=mm&r=g\",\"url\":\"https:\\\/\\\/secure.gravatar.com\\\/avatar\\\/ec9d84b79c776aa1994e5893944465db9974b17b884155623da51b7b62c02845?s=96&d=mm&r=g\",\"contentUrl\":\"https:\\\/\\\/secure.gravatar.com\\\/avatar\\\/ec9d84b79c776aa1994e5893944465db9974b17b884155623da51b7b62c02845?s=96&d=mm&r=g\",\"caption\":\"Redacci\u00f3n\"},\"url\":\"http:\\\/\\\/conexion23.com\\\/?author=18\"}]}<\/script>\n<!-- \/ Yoast SEO plugin. -->","yoast_head_json":{"title":"Seg\u00fan estudio el 71% de los dominicanos el pa\u00eds va por mal camino - Conexi\u00f3n 23","robots":{"index":"index","follow":"follow","max-snippet":"max-snippet:-1","max-image-preview":"max-image-preview:large","max-video-preview":"max-video-preview:-1"},"canonical":"https:\/\/conexion23.com\/?p=62850","og_locale":"es_ES","og_type":"article","og_title":"Seg\u00fan estudio el 71% de los dominicanos el pa\u00eds va por mal camino - Conexi\u00f3n 23","og_description":"En un recorrido por las provincias de Saman\u00e1 y S\u00e1nchez Ram\u00edrez, el vicepresidente y coordinador pol\u00edtico de la Fuerza del Pueblo Radham\u00e9s Jim\u00e9nez Pe\u00f1a, afirm\u00f3 que en un estudio reciente al que tuvo acceso la organizaci\u00f3n liderada por Leonel Fern\u00e1ndez, revel\u00f3 que para el 71% de los dominicanos el pa\u00eds va por mal camino. \u201cEsos [&hellip;]","og_url":"https:\/\/conexion23.com\/?p=62850","og_site_name":"Conexi\u00f3n 23","article_publisher":"https:\/\/www.facebook.com\/conexion23com","article_published_time":"2026-08-31T15:00:25+00:00","og_image":[{"width":1600,"height":1059,"url":"https:\/\/conexion23.com\/wp-content\/uploads\/2026\/08\/Estudio-reciente-revela-que-para-el-71-de-los-dominicanos-el-pais-va-por-mal-camino-sostiene-Radhames-Jimenez.webp","type":"image\/webp"}],"author":"Redacci\u00f3n","twitter_card":"summary_large_image","twitter_misc":{"Escrito por":"Redacci\u00f3n","Tiempo de lectura":"3 minutos"},"schema":{"@context":"https:\/\/schema.org","@graph":[{"@type":"Article","@id":"https:\/\/conexion23.com\/?p=62850#article","isPartOf":{"@id":"https:\/\/conexion23.com\/?p=62850"},"author":{"name":"Redacci\u00f3n","@id":"http:\/\/conexion23.com\/#\/schema\/person\/0a860802b17d01ad2a278f53c507c296"},"headline":"Seg\u00fan estudio el 71% de los dominicanos el pa\u00eds va por mal camino","datePublished":"2026-08-31T15:00:25+00:00","mainEntityOfPage":{"@id":"https:\/\/conexion23.com\/?p=62850"},"wordCount":403,"commentCount":0,"publisher":{"@id":"http:\/\/conexion23.com\/#organization"},"image":{"@id":"https:\/\/conexion23.com\/?p=62850#primaryimage"},"thumbnailUrl":"http:\/\/conexion23.com\/wp-content\/uploads\/2026\/08\/Estudio-reciente-revela-que-para-el-71-de-los-dominicanos-el-pais-va-por-mal-camino-sostiene-Radhames-Jimenez.webp","keywords":["fuerza del pueblo","Radham\u00e9s Jim\u00e9nez Pe\u00f1a"],"articleSection":["Pol\u00edtica","Portada"],"inLanguage":"es","potentialAction":[{"@type":"CommentAction","name":"Comment","target":["https:\/\/conexion23.com\/?p=62850#respond"]}]},{"@type":"WebPage","@id":"https:\/\/conexion23.com\/?p=62850","url":"https:\/\/conexion23.com\/?p=62850","name":"Seg\u00fan estudio el 71% de los dominicanos el pa\u00eds va por mal camino - Conexi\u00f3n 23","isPartOf":{"@id":"http:\/\/conexion23.com\/#website"},"primaryImageOfPage":{"@id":"https:\/\/conexion23.com\/?p=62850#primaryimage"},"image":{"@id":"https:\/\/conexion23.com\/?p=62850#primaryimage"},"thumbnailUrl":"http:\/\/conexion23.com\/wp-content\/uploads\/2026\/08\/Estudio-reciente-revela-que-para-el-71-de-los-dominicanos-el-pais-va-por-mal-camino-sostiene-Radhames-Jimenez.webp","datePublished":"2026-08-31T15:00:25+00:00","breadcrumb":{"@id":"https:\/\/conexion23.com\/?p=62850#breadcrumb"},"inLanguage":"es","potentialAction":[{"@type":"ReadAction","target":["https:\/\/conexion23.com\/?p=62850"]}]},{"@type":"ImageObject","inLanguage":"es","@id":"https:\/\/conexion23.com\/?p=62850#primaryimage","url":"http:\/\/conexion23.com\/wp-content\/uploads\/2026\/08\/Estudio-reciente-revela-que-para-el-71-de-los-dominicanos-el-pais-va-por-mal-camino-sostiene-Radhames-Jimenez.webp","contentUrl":"http:\/\/conexion23.com\/wp-content\/uploads\/2026\/08\/Estudio-reciente-revela-que-para-el-71-de-los-dominicanos-el-pais-va-por-mal-camino-sostiene-Radhames-Jimenez.webp","width":1600,"height":1059},{"@type":"BreadcrumbList","@id":"https:\/\/conexion23.com\/?p=62850#breadcrumb","itemListElement":[{"@type":"ListItem","position":1,"name":"Portada","item":"http:\/\/conexion23.com\/"},{"@type":"ListItem","position":2,"name":"Seg\u00fan estudio el 71% de los dominicanos el pa\u00eds va por mal camino"}]},{"@type":"WebSite","@id":"http:\/\/conexion23.com\/#website","url":"http:\/\/conexion23.com\/","name":"Conexi\u00f3n 23","description":"Peri\u00f3dico 100% Petromacorisano","publisher":{"@id":"http:\/\/conexion23.com\/#organization"},"potentialAction":[{"@type":"SearchAction","target":{"@type":"EntryPoint","urlTemplate":"http:\/\/conexion23.com\/?s={search_term_string}"},"query-input":{"@type":"PropertyValueSpecification","valueRequired":true,"valueName":"search_term_string"}}],"inLanguage":"es"},{"@type":"Organization","@id":"http:\/\/conexion23.com\/#organization","name":"Conexion 23","url":"http:\/\/conexion23.com\/","logo":{"@type":"ImageObject","inLanguage":"es","@id":"http:\/\/conexion23.com\/#\/schema\/logo\/image\/","url":"https:\/\/conexion23.com\/wp-content\/uploads\/2021\/11\/Diseno-sin-titulo-2.png","contentUrl":"https:\/\/conexion23.com\/wp-content\/uploads\/2021\/11\/Diseno-sin-titulo-2.png","width":541,"height":90,"caption":"Conexion 23"},"image":{"@id":"http:\/\/conexion23.com\/#\/schema\/logo\/image\/"},"sameAs":["https:\/\/www.facebook.com\/conexion23com","https:\/\/www.instagram.com\/conexion23com\/","https:\/\/www.youtube.com\/channel\/UCYc7vxxFZMYLIHNsHHxPZ3Q"]},{"@type":"Person","@id":"http:\/\/conexion23.com\/#\/schema\/person\/0a860802b17d01ad2a278f53c507c296","name":"Redacci\u00f3n","image":{"@type":"ImageObject","inLanguage":"es","@id":"https:\/\/secure.gravatar.com\/avatar\/ec9d84b79c776aa1994e5893944465db9974b17b884155623da51b7b62c02845?s=96&d=mm&r=g","url":"https:\/\/secure.gravatar.com\/avatar\/ec9d84b79c776aa1994e5893944465db9974b17b884155623da51b7b62c02845?s=96&d=mm&r=g","contentUrl":"https:\/\/secure.gravatar.com\/avatar\/ec9d84b79c776aa1994e5893944465db9974b17b884155623da51b7b62c02845?s=96&d=mm&r=g","caption":"Redacci\u00f3n"},"url":"http:\/\/conexion23.com\/?author=18"}]}},"_links":{"self":[{"href":"http:\/\/conexion23.com\/index.php?rest_route=\/wp\/v2\/posts\/62850","targetHints":{"allow":["GET"]}}],"collection":[{"href":"http:\/\/conexion23.com\/index.php?rest_route=\/wp\/v2\/posts"}],"about":[{"href":"http:\/\/conexion23.com\/index.php?rest_route=\/wp\/v2\/types\/post"}],"author":[{"embeddable":true,"href":"http:\/\/conexion23.com\/index.php?rest_route=\/wp\/v2\/users\/18"}],"replies":[{"embeddable":true,"href":"http:\/\/conexion23.com\/index.php?rest_route=%2Fwp%2Fv2%2Fcomments&post=62850"}],"version-history":[{"count":1,"href":"http:\/\/conexion23.com\/index.php?rest_route=\/wp\/v2\/posts\/62850\/revisions"}],"predecessor-version":[{"id":62852,"href":"http:\/\/conexion23.com\/index.php?rest_route=\/wp\/v2\/posts\/62850\/revisions\/62852"}],"wp:featuredmedia":[{"embeddable":true,"href":"http:\/\/conexion23.com\/index.php?rest_route=\/wp\/v2\/media\/62851"}],"wp:attachment":[{"href":"http:\/\/conexion23.com\/index.php?rest_route=%2Fwp%2Fv2%2Fmedia&parent=62850"}],"wp:term":[{"taxonomy":"category","embeddable":true,"href":"http:\/\/conexion23.com\/index.php?rest_route=%2Fwp%2Fv2%2Fcategories&post=62850"},{"taxonomy":"post_tag","embeddable":true,"href":"http:\/\/conexion23.com\/index.php?rest_route=%2Fwp%2Fv2%2Ftags&post=62850"}],"curies":[{"name":"wp","href":"https:\/\/api.w.org\/{rel}","templated":true}]}}