{"id":10793,"date":"2022-09-22T13:34:44","date_gmt":"2022-09-22T17:34:44","guid":{"rendered":"https:\/\/conexion23.com\/?p=10793"},"modified":"2022-09-22T13:34:49","modified_gmt":"2022-09-22T17:34:49","slug":"el-chaval-de-la-bachata-un-idolo-en-guatemala","status":"publish","type":"post","link":"https:\/\/conexion23.com\/?p=10793","title":{"rendered":"El Chaval de la Bachata, un \u00eddolo en Guatemala"},"content":{"rendered":"\n<p class=\"wp-block-paragraph\"><strong>Guatemala.-&nbsp;<\/strong>El Chaval de la Bachata estuvo por primera vez en Guatemala donde reuni\u00f3 a unas 10 mil personas el pasado s\u00e1bado y vendi\u00f3 m\u00e1s del 80 por ciento de las boletas para el concierto aniversario que presentar\u00e1 en octubre en la ciudad de Nueva York.<\/p>\n\n\n\n<p class=\"wp-block-paragraph\">El s\u00e1bado, el int\u00e9rprete de \u201cEl \u00faltimo golpe\u201d llen\u00f3 a capacidad el Gimnasio Municipal de Puerto Barrios donde, en su primera presentaci\u00f3n, el p\u00fablico que lo esperaba desde hace tiempo, bail\u00f3 y core\u00f3 cada una de las canciones que interpret\u00f3 durante dos horas de show.<\/p>\n\n\n\n<p class=\"wp-block-paragraph\">\u201cFue maravilloso ver al p\u00fablico cantar cada uno de los temas que interpretamos y eso para cualquier artista es motivo de celebraci\u00f3n, porque significa que sus canciones han calado en el coraz\u00f3n de la gente\u201d, dijo el artista desde el aeropuerto Omar Torrijos de Panam\u00e1 donde estaba varado hasta el lunes debido al paso del hurac\u00e1n Fiona por territorio dominicano.<\/p>\n\n\n\n<p class=\"wp-block-paragraph\">Sobre su concierto \u201c25 Aniversario\u201d, a presentarse el pr\u00f3ximo viernes 14 de octubre en el Teatro United Palace, bajo la producci\u00f3n de Zamora Live y Henry Ovalles, invit\u00f3 a sus seguidores a no esperar el \u00faltimo d\u00eda para adquirir sus boletas ya que a menos de un mes en boleter\u00eda se ha vendido m\u00e1s del 80 por ciento.<\/p>\n\n\n\n<p class=\"wp-block-paragraph\">\u201cEstoy muy emocionado, me informaron que quedan pocos tickets, por lo que invito a mis seguidores a no esperar el \u00faltimo d\u00eda. Vamos a presentar un concierto para la historia, donde me har\u00e9 acompa\u00f1ar de compa\u00f1eros con los cuales tengo una gran amistad, por lo que, adem\u00e1s de mi m\u00fasica, van a disfrutar la de ellos\u201d, revel\u00f3 El Chaval de la Bachata.<\/p>\n\n\n\n<p class=\"wp-block-paragraph\">El int\u00e9rprete de \u201cAquellos d\u00edas\u201d, \u201cD\u00f3nde est\u00e1n esos amigos\u201d y otros grandes \u00e9xitos, estar\u00e1 acompa\u00f1ado de Raul\u00edn Rodr\u00edguez, Frank Reyes, Joe Veras, Kiko Rodr\u00edguez, Don Miguelo, y Krisspy<\/p>\n","protected":false},"excerpt":{"rendered":"<p>Guatemala.-&nbsp;El Chaval de la Bachata estuvo por primera vez en Guatemala donde reuni\u00f3 a unas 10 mil personas el pasado s\u00e1bado y vendi\u00f3 m\u00e1s del 80 por ciento de las boletas para el concierto aniversario que presentar\u00e1 en octubre en la ciudad de Nueva York. El s\u00e1bado, el int\u00e9rprete de \u201cEl \u00faltimo golpe\u201d llen\u00f3 a [&hellip;]<\/p>\n","protected":false},"author":15,"featured_media":0,"comment_status":"open","ping_status":"open","sticky":false,"template":"","format":"standard","meta":{"footnotes":""},"categories":[1],"tags":[],"class_list":["post-10793","post","type-post","status-publish","format-standard","category-uncategorized"],"yoast_head":"<!-- This site is optimized with the Yoast SEO plugin v27.6 - https:\/\/yoast.com\/product\/yoast-seo-wordpress\/ -->\n<title>El Chaval de la Bachata, un \u00eddolo en Guatemala - Conexi\u00f3n 23<\/title>\n<meta name=\"robots\" content=\"index, follow, max-snippet:-1, max-image-preview:large, max-video-preview:-1\" \/>\n<link rel=\"canonical\" href=\"https:\/\/conexion23.com\/?p=10793\" \/>\n<meta property=\"og:locale\" content=\"es_ES\" \/>\n<meta property=\"og:type\" content=\"article\" \/>\n<meta property=\"og:title\" content=\"El Chaval de la Bachata, un \u00eddolo en Guatemala - Conexi\u00f3n 23\" \/>\n<meta property=\"og:description\" content=\"Guatemala.-&nbsp;El Chaval de la Bachata estuvo por primera vez en Guatemala donde reuni\u00f3 a unas 10 mil personas el pasado s\u00e1bado y vendi\u00f3 m\u00e1s del 80 por ciento de las boletas para el concierto aniversario que presentar\u00e1 en octubre en la ciudad de Nueva York. El s\u00e1bado, el int\u00e9rprete de \u201cEl \u00faltimo golpe\u201d llen\u00f3 a [&hellip;]\" \/>\n<meta property=\"og:url\" content=\"https:\/\/conexion23.com\/?p=10793\" \/>\n<meta property=\"og:site_name\" content=\"Conexi\u00f3n 23\" \/>\n<meta property=\"article:publisher\" content=\"https:\/\/www.facebook.com\/conexion23com\" \/>\n<meta property=\"article:published_time\" content=\"2022-09-22T17:34:44+00:00\" \/>\n<meta property=\"article:modified_time\" content=\"2022-09-22T17:34:49+00:00\" \/>\n<meta name=\"author\" content=\"Raffy Ben\u00edtez\" \/>\n<meta name=\"twitter:card\" content=\"summary_large_image\" \/>\n<meta name=\"twitter:label1\" content=\"Escrito por\" \/>\n\t<meta name=\"twitter:data1\" content=\"Raffy Ben\u00edtez\" \/>\n\t<meta name=\"twitter:label2\" content=\"Tiempo de lectura\" \/>\n\t<meta name=\"twitter:data2\" content=\"2 minutos\" \/>\n<script type=\"application\/ld+json\" class=\"yoast-schema-graph\">{\"@context\":\"https:\\\/\\\/schema.org\",\"@graph\":[{\"@type\":\"Article\",\"@id\":\"https:\\\/\\\/conexion23.com\\\/?p=10793#article\",\"isPartOf\":{\"@id\":\"https:\\\/\\\/conexion23.com\\\/?p=10793\"},\"author\":{\"name\":\"Raffy Ben\u00edtez\",\"@id\":\"https:\\\/\\\/conexion23.com\\\/#\\\/schema\\\/person\\\/03e36043331117e97a373299bbcd30a6\"},\"headline\":\"El Chaval de la Bachata, un \u00eddolo en Guatemala\",\"datePublished\":\"2022-09-22T17:34:44+00:00\",\"dateModified\":\"2022-09-22T17:34:49+00:00\",\"mainEntityOfPage\":{\"@id\":\"https:\\\/\\\/conexion23.com\\\/?p=10793\"},\"wordCount\":333,\"commentCount\":0,\"publisher\":{\"@id\":\"https:\\\/\\\/conexion23.com\\\/#organization\"},\"articleSection\":[\"Uncategorized\"],\"inLanguage\":\"es\",\"potentialAction\":[{\"@type\":\"CommentAction\",\"name\":\"Comment\",\"target\":[\"https:\\\/\\\/conexion23.com\\\/?p=10793#respond\"]}]},{\"@type\":\"WebPage\",\"@id\":\"https:\\\/\\\/conexion23.com\\\/?p=10793\",\"url\":\"https:\\\/\\\/conexion23.com\\\/?p=10793\",\"name\":\"El Chaval de la Bachata, un \u00eddolo en Guatemala - Conexi\u00f3n 23\",\"isPartOf\":{\"@id\":\"https:\\\/\\\/conexion23.com\\\/#website\"},\"datePublished\":\"2022-09-22T17:34:44+00:00\",\"dateModified\":\"2022-09-22T17:34:49+00:00\",\"breadcrumb\":{\"@id\":\"https:\\\/\\\/conexion23.com\\\/?p=10793#breadcrumb\"},\"inLanguage\":\"es\",\"potentialAction\":[{\"@type\":\"ReadAction\",\"target\":[\"https:\\\/\\\/conexion23.com\\\/?p=10793\"]}]},{\"@type\":\"BreadcrumbList\",\"@id\":\"https:\\\/\\\/conexion23.com\\\/?p=10793#breadcrumb\",\"itemListElement\":[{\"@type\":\"ListItem\",\"position\":1,\"name\":\"Portada\",\"item\":\"https:\\\/\\\/conexion23.com\\\/\"},{\"@type\":\"ListItem\",\"position\":2,\"name\":\"El Chaval de la Bachata, un \u00eddolo en Guatemala\"}]},{\"@type\":\"WebSite\",\"@id\":\"https:\\\/\\\/conexion23.com\\\/#website\",\"url\":\"https:\\\/\\\/conexion23.com\\\/\",\"name\":\"Conexi\u00f3n 23\",\"description\":\"Peri\u00f3dico 100% Petromacorisano\",\"publisher\":{\"@id\":\"https:\\\/\\\/conexion23.com\\\/#organization\"},\"potentialAction\":[{\"@type\":\"SearchAction\",\"target\":{\"@type\":\"EntryPoint\",\"urlTemplate\":\"https:\\\/\\\/conexion23.com\\\/?s={search_term_string}\"},\"query-input\":{\"@type\":\"PropertyValueSpecification\",\"valueRequired\":true,\"valueName\":\"search_term_string\"}}],\"inLanguage\":\"es\"},{\"@type\":\"Organization\",\"@id\":\"https:\\\/\\\/conexion23.com\\\/#organization\",\"name\":\"Conexion 23\",\"url\":\"https:\\\/\\\/conexion23.com\\\/\",\"logo\":{\"@type\":\"ImageObject\",\"inLanguage\":\"es\",\"@id\":\"https:\\\/\\\/conexion23.com\\\/#\\\/schema\\\/logo\\\/image\\\/\",\"url\":\"https:\\\/\\\/conexion23.com\\\/wp-content\\\/uploads\\\/2021\\\/11\\\/Diseno-sin-titulo-2.png\",\"contentUrl\":\"https:\\\/\\\/conexion23.com\\\/wp-content\\\/uploads\\\/2021\\\/11\\\/Diseno-sin-titulo-2.png\",\"width\":541,\"height\":90,\"caption\":\"Conexion 23\"},\"image\":{\"@id\":\"https:\\\/\\\/conexion23.com\\\/#\\\/schema\\\/logo\\\/image\\\/\"},\"sameAs\":[\"https:\\\/\\\/www.facebook.com\\\/conexion23com\",\"https:\\\/\\\/www.instagram.com\\\/conexion23com\\\/\",\"https:\\\/\\\/www.youtube.com\\\/channel\\\/UCYc7vxxFZMYLIHNsHHxPZ3Q\"]},{\"@type\":\"Person\",\"@id\":\"https:\\\/\\\/conexion23.com\\\/#\\\/schema\\\/person\\\/03e36043331117e97a373299bbcd30a6\",\"name\":\"Raffy Ben\u00edtez\",\"image\":{\"@type\":\"ImageObject\",\"inLanguage\":\"es\",\"@id\":\"https:\\\/\\\/secure.gravatar.com\\\/avatar\\\/3190a6a6c5e1b0327500f7d6c56b6242472ee6cb974cf09b401ee6b3b0798f23?s=96&d=mm&r=g\",\"url\":\"https:\\\/\\\/secure.gravatar.com\\\/avatar\\\/3190a6a6c5e1b0327500f7d6c56b6242472ee6cb974cf09b401ee6b3b0798f23?s=96&d=mm&r=g\",\"contentUrl\":\"https:\\\/\\\/secure.gravatar.com\\\/avatar\\\/3190a6a6c5e1b0327500f7d6c56b6242472ee6cb974cf09b401ee6b3b0798f23?s=96&d=mm&r=g\",\"caption\":\"Raffy Ben\u00edtez\"},\"url\":\"https:\\\/\\\/conexion23.com\\\/?author=15\"}]}<\/script>\n<!-- \/ Yoast SEO plugin. -->","yoast_head_json":{"title":"El Chaval de la Bachata, un \u00eddolo en Guatemala - Conexi\u00f3n 23","robots":{"index":"index","follow":"follow","max-snippet":"max-snippet:-1","max-image-preview":"max-image-preview:large","max-video-preview":"max-video-preview:-1"},"canonical":"https:\/\/conexion23.com\/?p=10793","og_locale":"es_ES","og_type":"article","og_title":"El Chaval de la Bachata, un \u00eddolo en Guatemala - Conexi\u00f3n 23","og_description":"Guatemala.-&nbsp;El Chaval de la Bachata estuvo por primera vez en Guatemala donde reuni\u00f3 a unas 10 mil personas el pasado s\u00e1bado y vendi\u00f3 m\u00e1s del 80 por ciento de las boletas para el concierto aniversario que presentar\u00e1 en octubre en la ciudad de Nueva York. El s\u00e1bado, el int\u00e9rprete de \u201cEl \u00faltimo golpe\u201d llen\u00f3 a [&hellip;]","og_url":"https:\/\/conexion23.com\/?p=10793","og_site_name":"Conexi\u00f3n 23","article_publisher":"https:\/\/www.facebook.com\/conexion23com","article_published_time":"2022-09-22T17:34:44+00:00","article_modified_time":"2022-09-22T17:34:49+00:00","author":"Raffy Ben\u00edtez","twitter_card":"summary_large_image","twitter_misc":{"Escrito por":"Raffy Ben\u00edtez","Tiempo de lectura":"2 minutos"},"schema":{"@context":"https:\/\/schema.org","@graph":[{"@type":"Article","@id":"https:\/\/conexion23.com\/?p=10793#article","isPartOf":{"@id":"https:\/\/conexion23.com\/?p=10793"},"author":{"name":"Raffy Ben\u00edtez","@id":"https:\/\/conexion23.com\/#\/schema\/person\/03e36043331117e97a373299bbcd30a6"},"headline":"El Chaval de la Bachata, un \u00eddolo en Guatemala","datePublished":"2022-09-22T17:34:44+00:00","dateModified":"2022-09-22T17:34:49+00:00","mainEntityOfPage":{"@id":"https:\/\/conexion23.com\/?p=10793"},"wordCount":333,"commentCount":0,"publisher":{"@id":"https:\/\/conexion23.com\/#organization"},"articleSection":["Uncategorized"],"inLanguage":"es","potentialAction":[{"@type":"CommentAction","name":"Comment","target":["https:\/\/conexion23.com\/?p=10793#respond"]}]},{"@type":"WebPage","@id":"https:\/\/conexion23.com\/?p=10793","url":"https:\/\/conexion23.com\/?p=10793","name":"El Chaval de la Bachata, un \u00eddolo en Guatemala - Conexi\u00f3n 23","isPartOf":{"@id":"https:\/\/conexion23.com\/#website"},"datePublished":"2022-09-22T17:34:44+00:00","dateModified":"2022-09-22T17:34:49+00:00","breadcrumb":{"@id":"https:\/\/conexion23.com\/?p=10793#breadcrumb"},"inLanguage":"es","potentialAction":[{"@type":"ReadAction","target":["https:\/\/conexion23.com\/?p=10793"]}]},{"@type":"BreadcrumbList","@id":"https:\/\/conexion23.com\/?p=10793#breadcrumb","itemListElement":[{"@type":"ListItem","position":1,"name":"Portada","item":"https:\/\/conexion23.com\/"},{"@type":"ListItem","position":2,"name":"El Chaval de la Bachata, un \u00eddolo en Guatemala"}]},{"@type":"WebSite","@id":"https:\/\/conexion23.com\/#website","url":"https:\/\/conexion23.com\/","name":"Conexi\u00f3n 23","description":"Peri\u00f3dico 100% Petromacorisano","publisher":{"@id":"https:\/\/conexion23.com\/#organization"},"potentialAction":[{"@type":"SearchAction","target":{"@type":"EntryPoint","urlTemplate":"https:\/\/conexion23.com\/?s={search_term_string}"},"query-input":{"@type":"PropertyValueSpecification","valueRequired":true,"valueName":"search_term_string"}}],"inLanguage":"es"},{"@type":"Organization","@id":"https:\/\/conexion23.com\/#organization","name":"Conexion 23","url":"https:\/\/conexion23.com\/","logo":{"@type":"ImageObject","inLanguage":"es","@id":"https:\/\/conexion23.com\/#\/schema\/logo\/image\/","url":"https:\/\/conexion23.com\/wp-content\/uploads\/2021\/11\/Diseno-sin-titulo-2.png","contentUrl":"https:\/\/conexion23.com\/wp-content\/uploads\/2021\/11\/Diseno-sin-titulo-2.png","width":541,"height":90,"caption":"Conexion 23"},"image":{"@id":"https:\/\/conexion23.com\/#\/schema\/logo\/image\/"},"sameAs":["https:\/\/www.facebook.com\/conexion23com","https:\/\/www.instagram.com\/conexion23com\/","https:\/\/www.youtube.com\/channel\/UCYc7vxxFZMYLIHNsHHxPZ3Q"]},{"@type":"Person","@id":"https:\/\/conexion23.com\/#\/schema\/person\/03e36043331117e97a373299bbcd30a6","name":"Raffy Ben\u00edtez","image":{"@type":"ImageObject","inLanguage":"es","@id":"https:\/\/secure.gravatar.com\/avatar\/3190a6a6c5e1b0327500f7d6c56b6242472ee6cb974cf09b401ee6b3b0798f23?s=96&d=mm&r=g","url":"https:\/\/secure.gravatar.com\/avatar\/3190a6a6c5e1b0327500f7d6c56b6242472ee6cb974cf09b401ee6b3b0798f23?s=96&d=mm&r=g","contentUrl":"https:\/\/secure.gravatar.com\/avatar\/3190a6a6c5e1b0327500f7d6c56b6242472ee6cb974cf09b401ee6b3b0798f23?s=96&d=mm&r=g","caption":"Raffy Ben\u00edtez"},"url":"https:\/\/conexion23.com\/?author=15"}]}},"_links":{"self":[{"href":"https:\/\/conexion23.com\/index.php?rest_route=\/wp\/v2\/posts\/10793","targetHints":{"allow":["GET"]}}],"collection":[{"href":"https:\/\/conexion23.com\/index.php?rest_route=\/wp\/v2\/posts"}],"about":[{"href":"https:\/\/conexion23.com\/index.php?rest_route=\/wp\/v2\/types\/post"}],"author":[{"embeddable":true,"href":"https:\/\/conexion23.com\/index.php?rest_route=\/wp\/v2\/users\/15"}],"replies":[{"embeddable":true,"href":"https:\/\/conexion23.com\/index.php?rest_route=%2Fwp%2Fv2%2Fcomments&post=10793"}],"version-history":[{"count":1,"href":"https:\/\/conexion23.com\/index.php?rest_route=\/wp\/v2\/posts\/10793\/revisions"}],"predecessor-version":[{"id":10797,"href":"https:\/\/conexion23.com\/index.php?rest_route=\/wp\/v2\/posts\/10793\/revisions\/10797"}],"wp:attachment":[{"href":"https:\/\/conexion23.com\/index.php?rest_route=%2Fwp%2Fv2%2Fmedia&parent=10793"}],"wp:term":[{"taxonomy":"category","embeddable":true,"href":"https:\/\/conexion23.com\/index.php?rest_route=%2Fwp%2Fv2%2Fcategories&post=10793"},{"taxonomy":"post_tag","embeddable":true,"href":"https:\/\/conexion23.com\/index.php?rest_route=%2Fwp%2Fv2%2Ftags&post=10793"}],"curies":[{"name":"wp","href":"https:\/\/api.w.org\/{rel}","templated":true}]}}