{"id":10813,"date":"2022-09-22T22:33:02","date_gmt":"2022-09-23T02:33:02","guid":{"rendered":"https:\/\/conexion23.com\/?p=10813"},"modified":"2022-09-22T22:33:11","modified_gmt":"2022-09-23T02:33:11","slug":"leonel-fernandez-dice-cuadro-que-enfrenta-latino-america-y-el-caribe-pinta-sombrio-y-tetrico","status":"publish","type":"post","link":"https:\/\/conexion23.com\/?p=10813","title":{"rendered":"Leonel Fern\u00e1ndez dice cuadro que enfrenta Latino Am\u00e9rica y el caribe pinta sombr\u00edo y t\u00e9trico"},"content":{"rendered":"\n<p class=\"wp-block-paragraph\">El presidente de la Fundaci\u00f3n Global Democracia y Desarrollo, Leonel Fern\u00e1ndez, dijo este jueves que tanto Latinoam\u00e9rica como el Caribe se enfrentan a grandes desaf\u00edos en la situaci\u00f3n de la crisis global actual.<\/p>\n\n\n\n<p class=\"wp-block-paragraph\">Para Fern\u00e1ndez, el mundo se encuentra \u201cen un mal ciclo y el cuadro que se pinta en Latinoam\u00e9rica es sombr\u00edo y t\u00e9trico\u201d.&nbsp;<\/p>\n\n\n\n<p class=\"wp-block-paragraph\">Este pronunciamiento lo hizo en el Foro Global de Latinoam\u00e9rica y el Caribe que se celebra en la Universidad de Fordham, en Nueva York, en el marco de la Asamblea General de Naciones Unidas.<\/p>\n\n\n\n<p class=\"wp-block-paragraph\">Seg\u00fan Leonel Fern\u00e1ndez, la primera gran tarea de Latinoam\u00e9rica y el Caribe es lograr la integraci\u00f3n regional y hacer frente a la crisis unidos.<\/p>\n\n\n\n<p class=\"wp-block-paragraph\">\u201cLa crisis debe obligarnos a buscar la manera de una unidad latinoamericana que nos permita tener tareas en com\u00fan en lo que tiene que ver con el comercio, con las finanzas, con desarrollos de infraestructuras, con la educaci\u00f3n, con temas relativos a la salud, la seguridad social, el medio ambiente y el cambio clim\u00e1tico\u201d, asegur\u00f3.<\/p>\n\n\n\n<p class=\"wp-block-paragraph\">Habl\u00f3 tambi\u00e9n de la importancia de la innovaci\u00f3n para hacer frente a la situaci\u00f3n econ\u00f3mica actual.<\/p>\n\n\n\n<p class=\"wp-block-paragraph\">Respecto a las migraciones que est\u00e1 sufriendo la regi\u00f3n, el exmandatario coment\u00f3 que es fundamental volver a crear crecimiento, oportunidades, empleo y reducir la pobreza.<\/p>\n\n\n\n<p class=\"wp-block-paragraph\">\u201cEn el periodo 2003-2013, que ha sido calificado como la d\u00e9cada de oro en Am\u00e9rica Latina por el gran crecimiento econ\u00f3mico que tuvimos, casi no hab\u00eda migraci\u00f3n y si todo lo anterior se logra, el problema migratorio se reducir\u00eda o pr\u00e1cticamente desaparec\u00eda\u201d, dijo Fern\u00e1ndez.<\/p>\n","protected":false},"excerpt":{"rendered":"<p>El presidente de la Fundaci\u00f3n Global Democracia y Desarrollo, Leonel Fern\u00e1ndez, dijo este jueves que tanto Latinoam\u00e9rica como el Caribe se enfrentan a grandes desaf\u00edos en la situaci\u00f3n de la crisis global actual. Para Fern\u00e1ndez, el mundo se encuentra \u201cen un mal ciclo y el cuadro que se pinta en Latinoam\u00e9rica es sombr\u00edo y t\u00e9trico\u201d.&nbsp; [&hellip;]<\/p>\n","protected":false},"author":7,"featured_media":0,"comment_status":"open","ping_status":"open","sticky":false,"template":"","format":"standard","meta":{"footnotes":""},"categories":[1],"tags":[],"class_list":["post-10813","post","type-post","status-publish","format-standard","category-uncategorized"],"yoast_head":"<!-- This site is optimized with the Yoast SEO plugin v27.6 - https:\/\/yoast.com\/product\/yoast-seo-wordpress\/ -->\n<title>Leonel Fern\u00e1ndez dice cuadro que enfrenta Latino Am\u00e9rica y el caribe pinta sombr\u00edo y t\u00e9trico - Conexi\u00f3n 23<\/title>\n<meta name=\"robots\" content=\"index, follow, max-snippet:-1, max-image-preview:large, max-video-preview:-1\" \/>\n<link rel=\"canonical\" href=\"https:\/\/conexion23.com\/?p=10813\" \/>\n<meta property=\"og:locale\" content=\"es_ES\" \/>\n<meta property=\"og:type\" content=\"article\" \/>\n<meta property=\"og:title\" content=\"Leonel Fern\u00e1ndez dice cuadro que enfrenta Latino Am\u00e9rica y el caribe pinta sombr\u00edo y t\u00e9trico - Conexi\u00f3n 23\" \/>\n<meta property=\"og:description\" content=\"El presidente de la Fundaci\u00f3n Global Democracia y Desarrollo, Leonel Fern\u00e1ndez, dijo este jueves que tanto Latinoam\u00e9rica como el Caribe se enfrentan a grandes desaf\u00edos en la situaci\u00f3n de la crisis global actual. Para Fern\u00e1ndez, el mundo se encuentra \u201cen un mal ciclo y el cuadro que se pinta en Latinoam\u00e9rica es sombr\u00edo y t\u00e9trico\u201d.&nbsp; [&hellip;]\" \/>\n<meta property=\"og:url\" content=\"https:\/\/conexion23.com\/?p=10813\" \/>\n<meta property=\"og:site_name\" content=\"Conexi\u00f3n 23\" \/>\n<meta property=\"article:publisher\" content=\"https:\/\/www.facebook.com\/conexion23com\" \/>\n<meta property=\"article:published_time\" content=\"2022-09-23T02:33:02+00:00\" \/>\n<meta property=\"article:modified_time\" content=\"2022-09-23T02:33:11+00:00\" \/>\n<meta name=\"author\" content=\"Benjam\u00edn Rosario\" \/>\n<meta name=\"twitter:card\" content=\"summary_large_image\" \/>\n<meta name=\"twitter:label1\" content=\"Escrito por\" \/>\n\t<meta name=\"twitter:data1\" content=\"Benjam\u00edn Rosario\" \/>\n\t<meta name=\"twitter:label2\" content=\"Tiempo de lectura\" \/>\n\t<meta name=\"twitter:data2\" content=\"2 minutos\" \/>\n<script type=\"application\/ld+json\" class=\"yoast-schema-graph\">{\"@context\":\"https:\\\/\\\/schema.org\",\"@graph\":[{\"@type\":\"Article\",\"@id\":\"https:\\\/\\\/conexion23.com\\\/?p=10813#article\",\"isPartOf\":{\"@id\":\"https:\\\/\\\/conexion23.com\\\/?p=10813\"},\"author\":{\"name\":\"Benjam\u00edn Rosario\",\"@id\":\"http:\\\/\\\/conexion23.com\\\/#\\\/schema\\\/person\\\/c0b7ce1f0e7a915d08fa289072b8353a\"},\"headline\":\"Leonel Fern\u00e1ndez dice cuadro que enfrenta Latino Am\u00e9rica y el caribe pinta sombr\u00edo y t\u00e9trico\",\"datePublished\":\"2022-09-23T02:33:02+00:00\",\"dateModified\":\"2022-09-23T02:33:11+00:00\",\"mainEntityOfPage\":{\"@id\":\"https:\\\/\\\/conexion23.com\\\/?p=10813\"},\"wordCount\":304,\"commentCount\":0,\"publisher\":{\"@id\":\"http:\\\/\\\/conexion23.com\\\/#organization\"},\"articleSection\":[\"Uncategorized\"],\"inLanguage\":\"es\",\"potentialAction\":[{\"@type\":\"CommentAction\",\"name\":\"Comment\",\"target\":[\"https:\\\/\\\/conexion23.com\\\/?p=10813#respond\"]}]},{\"@type\":\"WebPage\",\"@id\":\"https:\\\/\\\/conexion23.com\\\/?p=10813\",\"url\":\"https:\\\/\\\/conexion23.com\\\/?p=10813\",\"name\":\"Leonel Fern\u00e1ndez dice cuadro que enfrenta Latino Am\u00e9rica y el caribe pinta sombr\u00edo y t\u00e9trico - Conexi\u00f3n 23\",\"isPartOf\":{\"@id\":\"http:\\\/\\\/conexion23.com\\\/#website\"},\"datePublished\":\"2022-09-23T02:33:02+00:00\",\"dateModified\":\"2022-09-23T02:33:11+00:00\",\"breadcrumb\":{\"@id\":\"https:\\\/\\\/conexion23.com\\\/?p=10813#breadcrumb\"},\"inLanguage\":\"es\",\"potentialAction\":[{\"@type\":\"ReadAction\",\"target\":[\"https:\\\/\\\/conexion23.com\\\/?p=10813\"]}]},{\"@type\":\"BreadcrumbList\",\"@id\":\"https:\\\/\\\/conexion23.com\\\/?p=10813#breadcrumb\",\"itemListElement\":[{\"@type\":\"ListItem\",\"position\":1,\"name\":\"Portada\",\"item\":\"http:\\\/\\\/conexion23.com\\\/\"},{\"@type\":\"ListItem\",\"position\":2,\"name\":\"Leonel Fern\u00e1ndez dice cuadro que enfrenta Latino Am\u00e9rica y el caribe pinta sombr\u00edo y t\u00e9trico\"}]},{\"@type\":\"WebSite\",\"@id\":\"http:\\\/\\\/conexion23.com\\\/#website\",\"url\":\"http:\\\/\\\/conexion23.com\\\/\",\"name\":\"Conexi\u00f3n 23\",\"description\":\"Peri\u00f3dico 100% Petromacorisano\",\"publisher\":{\"@id\":\"http:\\\/\\\/conexion23.com\\\/#organization\"},\"potentialAction\":[{\"@type\":\"SearchAction\",\"target\":{\"@type\":\"EntryPoint\",\"urlTemplate\":\"http:\\\/\\\/conexion23.com\\\/?s={search_term_string}\"},\"query-input\":{\"@type\":\"PropertyValueSpecification\",\"valueRequired\":true,\"valueName\":\"search_term_string\"}}],\"inLanguage\":\"es\"},{\"@type\":\"Organization\",\"@id\":\"http:\\\/\\\/conexion23.com\\\/#organization\",\"name\":\"Conexion 23\",\"url\":\"http:\\\/\\\/conexion23.com\\\/\",\"logo\":{\"@type\":\"ImageObject\",\"inLanguage\":\"es\",\"@id\":\"http:\\\/\\\/conexion23.com\\\/#\\\/schema\\\/logo\\\/image\\\/\",\"url\":\"https:\\\/\\\/conexion23.com\\\/wp-content\\\/uploads\\\/2021\\\/11\\\/Diseno-sin-titulo-2.png\",\"contentUrl\":\"https:\\\/\\\/conexion23.com\\\/wp-content\\\/uploads\\\/2021\\\/11\\\/Diseno-sin-titulo-2.png\",\"width\":541,\"height\":90,\"caption\":\"Conexion 23\"},\"image\":{\"@id\":\"http:\\\/\\\/conexion23.com\\\/#\\\/schema\\\/logo\\\/image\\\/\"},\"sameAs\":[\"https:\\\/\\\/www.facebook.com\\\/conexion23com\",\"https:\\\/\\\/www.instagram.com\\\/conexion23com\\\/\",\"https:\\\/\\\/www.youtube.com\\\/channel\\\/UCYc7vxxFZMYLIHNsHHxPZ3Q\"]},{\"@type\":\"Person\",\"@id\":\"http:\\\/\\\/conexion23.com\\\/#\\\/schema\\\/person\\\/c0b7ce1f0e7a915d08fa289072b8353a\",\"name\":\"Benjam\u00edn Rosario\",\"image\":{\"@type\":\"ImageObject\",\"inLanguage\":\"es\",\"@id\":\"https:\\\/\\\/secure.gravatar.com\\\/avatar\\\/62e1b2539b49cdeb50ee302e2a5f2bd31dc7fdba412bbac67e2a2a6e0c89bb2a?s=96&d=mm&r=g\",\"url\":\"https:\\\/\\\/secure.gravatar.com\\\/avatar\\\/62e1b2539b49cdeb50ee302e2a5f2bd31dc7fdba412bbac67e2a2a6e0c89bb2a?s=96&d=mm&r=g\",\"contentUrl\":\"https:\\\/\\\/secure.gravatar.com\\\/avatar\\\/62e1b2539b49cdeb50ee302e2a5f2bd31dc7fdba412bbac67e2a2a6e0c89bb2a?s=96&d=mm&r=g\",\"caption\":\"Benjam\u00edn Rosario\"},\"url\":\"https:\\\/\\\/conexion23.com\\\/?author=7\"}]}<\/script>\n<!-- \/ Yoast SEO plugin. -->","yoast_head_json":{"title":"Leonel Fern\u00e1ndez dice cuadro que enfrenta Latino Am\u00e9rica y el caribe pinta sombr\u00edo y t\u00e9trico - Conexi\u00f3n 23","robots":{"index":"index","follow":"follow","max-snippet":"max-snippet:-1","max-image-preview":"max-image-preview:large","max-video-preview":"max-video-preview:-1"},"canonical":"https:\/\/conexion23.com\/?p=10813","og_locale":"es_ES","og_type":"article","og_title":"Leonel Fern\u00e1ndez dice cuadro que enfrenta Latino Am\u00e9rica y el caribe pinta sombr\u00edo y t\u00e9trico - Conexi\u00f3n 23","og_description":"El presidente de la Fundaci\u00f3n Global Democracia y Desarrollo, Leonel Fern\u00e1ndez, dijo este jueves que tanto Latinoam\u00e9rica como el Caribe se enfrentan a grandes desaf\u00edos en la situaci\u00f3n de la crisis global actual. Para Fern\u00e1ndez, el mundo se encuentra \u201cen un mal ciclo y el cuadro que se pinta en Latinoam\u00e9rica es sombr\u00edo y t\u00e9trico\u201d.&nbsp; [&hellip;]","og_url":"https:\/\/conexion23.com\/?p=10813","og_site_name":"Conexi\u00f3n 23","article_publisher":"https:\/\/www.facebook.com\/conexion23com","article_published_time":"2022-09-23T02:33:02+00:00","article_modified_time":"2022-09-23T02:33:11+00:00","author":"Benjam\u00edn Rosario","twitter_card":"summary_large_image","twitter_misc":{"Escrito por":"Benjam\u00edn Rosario","Tiempo de lectura":"2 minutos"},"schema":{"@context":"https:\/\/schema.org","@graph":[{"@type":"Article","@id":"https:\/\/conexion23.com\/?p=10813#article","isPartOf":{"@id":"https:\/\/conexion23.com\/?p=10813"},"author":{"name":"Benjam\u00edn Rosario","@id":"http:\/\/conexion23.com\/#\/schema\/person\/c0b7ce1f0e7a915d08fa289072b8353a"},"headline":"Leonel Fern\u00e1ndez dice cuadro que enfrenta Latino Am\u00e9rica y el caribe pinta sombr\u00edo y t\u00e9trico","datePublished":"2022-09-23T02:33:02+00:00","dateModified":"2022-09-23T02:33:11+00:00","mainEntityOfPage":{"@id":"https:\/\/conexion23.com\/?p=10813"},"wordCount":304,"commentCount":0,"publisher":{"@id":"http:\/\/conexion23.com\/#organization"},"articleSection":["Uncategorized"],"inLanguage":"es","potentialAction":[{"@type":"CommentAction","name":"Comment","target":["https:\/\/conexion23.com\/?p=10813#respond"]}]},{"@type":"WebPage","@id":"https:\/\/conexion23.com\/?p=10813","url":"https:\/\/conexion23.com\/?p=10813","name":"Leonel Fern\u00e1ndez dice cuadro que enfrenta Latino Am\u00e9rica y el caribe pinta sombr\u00edo y t\u00e9trico - Conexi\u00f3n 23","isPartOf":{"@id":"http:\/\/conexion23.com\/#website"},"datePublished":"2022-09-23T02:33:02+00:00","dateModified":"2022-09-23T02:33:11+00:00","breadcrumb":{"@id":"https:\/\/conexion23.com\/?p=10813#breadcrumb"},"inLanguage":"es","potentialAction":[{"@type":"ReadAction","target":["https:\/\/conexion23.com\/?p=10813"]}]},{"@type":"BreadcrumbList","@id":"https:\/\/conexion23.com\/?p=10813#breadcrumb","itemListElement":[{"@type":"ListItem","position":1,"name":"Portada","item":"http:\/\/conexion23.com\/"},{"@type":"ListItem","position":2,"name":"Leonel Fern\u00e1ndez dice cuadro que enfrenta Latino Am\u00e9rica y el caribe pinta sombr\u00edo y t\u00e9trico"}]},{"@type":"WebSite","@id":"http:\/\/conexion23.com\/#website","url":"http:\/\/conexion23.com\/","name":"Conexi\u00f3n 23","description":"Peri\u00f3dico 100% Petromacorisano","publisher":{"@id":"http:\/\/conexion23.com\/#organization"},"potentialAction":[{"@type":"SearchAction","target":{"@type":"EntryPoint","urlTemplate":"http:\/\/conexion23.com\/?s={search_term_string}"},"query-input":{"@type":"PropertyValueSpecification","valueRequired":true,"valueName":"search_term_string"}}],"inLanguage":"es"},{"@type":"Organization","@id":"http:\/\/conexion23.com\/#organization","name":"Conexion 23","url":"http:\/\/conexion23.com\/","logo":{"@type":"ImageObject","inLanguage":"es","@id":"http:\/\/conexion23.com\/#\/schema\/logo\/image\/","url":"https:\/\/conexion23.com\/wp-content\/uploads\/2021\/11\/Diseno-sin-titulo-2.png","contentUrl":"https:\/\/conexion23.com\/wp-content\/uploads\/2021\/11\/Diseno-sin-titulo-2.png","width":541,"height":90,"caption":"Conexion 23"},"image":{"@id":"http:\/\/conexion23.com\/#\/schema\/logo\/image\/"},"sameAs":["https:\/\/www.facebook.com\/conexion23com","https:\/\/www.instagram.com\/conexion23com\/","https:\/\/www.youtube.com\/channel\/UCYc7vxxFZMYLIHNsHHxPZ3Q"]},{"@type":"Person","@id":"http:\/\/conexion23.com\/#\/schema\/person\/c0b7ce1f0e7a915d08fa289072b8353a","name":"Benjam\u00edn Rosario","image":{"@type":"ImageObject","inLanguage":"es","@id":"https:\/\/secure.gravatar.com\/avatar\/62e1b2539b49cdeb50ee302e2a5f2bd31dc7fdba412bbac67e2a2a6e0c89bb2a?s=96&d=mm&r=g","url":"https:\/\/secure.gravatar.com\/avatar\/62e1b2539b49cdeb50ee302e2a5f2bd31dc7fdba412bbac67e2a2a6e0c89bb2a?s=96&d=mm&r=g","contentUrl":"https:\/\/secure.gravatar.com\/avatar\/62e1b2539b49cdeb50ee302e2a5f2bd31dc7fdba412bbac67e2a2a6e0c89bb2a?s=96&d=mm&r=g","caption":"Benjam\u00edn Rosario"},"url":"https:\/\/conexion23.com\/?author=7"}]}},"_links":{"self":[{"href":"https:\/\/conexion23.com\/index.php?rest_route=\/wp\/v2\/posts\/10813","targetHints":{"allow":["GET"]}}],"collection":[{"href":"https:\/\/conexion23.com\/index.php?rest_route=\/wp\/v2\/posts"}],"about":[{"href":"https:\/\/conexion23.com\/index.php?rest_route=\/wp\/v2\/types\/post"}],"author":[{"embeddable":true,"href":"https:\/\/conexion23.com\/index.php?rest_route=\/wp\/v2\/users\/7"}],"replies":[{"embeddable":true,"href":"https:\/\/conexion23.com\/index.php?rest_route=%2Fwp%2Fv2%2Fcomments&post=10813"}],"version-history":[{"count":1,"href":"https:\/\/conexion23.com\/index.php?rest_route=\/wp\/v2\/posts\/10813\/revisions"}],"predecessor-version":[{"id":10815,"href":"https:\/\/conexion23.com\/index.php?rest_route=\/wp\/v2\/posts\/10813\/revisions\/10815"}],"wp:attachment":[{"href":"https:\/\/conexion23.com\/index.php?rest_route=%2Fwp%2Fv2%2Fmedia&parent=10813"}],"wp:term":[{"taxonomy":"category","embeddable":true,"href":"https:\/\/conexion23.com\/index.php?rest_route=%2Fwp%2Fv2%2Fcategories&post=10813"},{"taxonomy":"post_tag","embeddable":true,"href":"https:\/\/conexion23.com\/index.php?rest_route=%2Fwp%2Fv2%2Ftags&post=10813"}],"curies":[{"name":"wp","href":"https:\/\/api.w.org\/{rel}","templated":true}]}}