{"id":12023,"date":"2022-10-17T09:43:56","date_gmt":"2022-10-17T13:43:56","guid":{"rendered":"https:\/\/conexion23.com\/?p=12023"},"modified":"2022-10-17T10:06:45","modified_gmt":"2022-10-17T14:06:45","slug":"lula-admite-hubo-corrupcion-en-petrobras-durante-debate-con-bolsonaro","status":"publish","type":"post","link":"https:\/\/conexion23.com\/?p=12023","title":{"rendered":"Lula admite hubo corrupci\u00f3n en Petrobras durante debate con Bolsonaro"},"content":{"rendered":"\n<p class=\"wp-block-paragraph\">Sao Paulo.- El exmandatario Luiz In\u00e1cio Lula da Silva admiti\u00f3 este domingo que hubo corrupci\u00f3n en Petrobras, pero asegur\u00f3 que todo se descubri\u00f3 por la transparencia de su Gobierno, durante el primer debate celebrado este domingo en Brasil, con miras a la segunda vuelta de las presidenciales.<\/p>\n\n\n\n<p class=\"wp-block-paragraph\">Lula, que gobern\u00f3 Brasil entre 2003 y 2010, permaneci\u00f3 cerca de 600 d\u00edas en la prisi\u00f3n acusado de corrupci\u00f3n, condenas que la Justicia anul\u00f3 por un tema de procedimiento.<\/p>\n\n\n\n<p class=\"wp-block-paragraph\">\u00abSi hubo corrupci\u00f3n, se captur\u00f3 al ladr\u00f3n que rob\u00f3 y acab\u00f3. Si se arrest\u00f3 es porque hubo investigaci\u00f3n. No hab\u00eda secreto. Todo era transparente\u00bb, enfatiz\u00f3 el exsindicalista.<\/p>\n\n\n\n<p class=\"wp-block-paragraph\">El tema fue sacado a relucir por el l\u00edder ultraderechista Jair Bolsonaro, que aspira a la reelecci\u00f3n, durante el tercer bloque del debate televisivo organizado por la Band y otros medios de comunicaci\u00f3n.<\/p>\n\n\n\n<p class=\"wp-block-paragraph\">En el debate, que enfrent\u00f3 por primera vez al actual mandatario y al exsindicalista, Lula critic\u00f3 el cierre de empresas que result\u00f3 de todos los procesos que se dieron por las corruptelas de Petrobras, porque \u00abacab\u00f3 con millones de empleos\u00bb.<\/p>\n\n\n\n<h2 class=\"wp-block-heading\" id=\"h-no-dije-que-no-hubo-robo-afirmo-lula\">\u00abNo dije que no hubo robo\u00bb, afirm\u00f3 Lula.<\/h2>\n\n\n\n<p class=\"wp-block-paragraph\">\u00abLo que dije es que para combatir la corrupci\u00f3n no era necesario cerrar las empresas\u00bb, agreg\u00f3.<\/p>\n\n\n\n<p class=\"wp-block-paragraph\">Lula se\u00f1al\u00f3 que la transparencia que existi\u00f3 en su gobierno permiti\u00f3 adelantar las investigaciones que terminaron en la captura de quienes participaron en las irregularidades.<\/p>\n\n\n\n<p class=\"wp-block-paragraph\">Asimismo, indic\u00f3 que la capitalizaci\u00f3n de Petrobras durante sus mandatos \u00abfue la mayor\u00bb en el mundo y permiti\u00f3 al pa\u00eds \u00abser autosuficientes\u00bb en petr\u00f3leo.<\/p>\n\n\n\n<p class=\"wp-block-paragraph\">La situaci\u00f3n lleg\u00f3 a ponerse tensa en un momento con miradas ir\u00f3nicas y silencios profundos que terminaron en nuevos cuestionamientos sobre la honestidad de sus gestiones.<\/p>\n\n\n\n<p class=\"wp-block-paragraph\">El l\u00edder ultraderechista dijo que durante los mandatos del progresista el pa\u00eds viv\u00eda en una \u00abcleptocracia\u00bb, \u00aben un pa\u00eds comandado por ladrones\u00bb, mientras que Lula record\u00f3 que Brasil no quiere que lo gobierne alguien que compr\u00f3 \u00ab51 inmuebles con dinero en efectivo\u00bb que desvi\u00f3 dinero de funcionarios de su Gabinete.<\/p>\n\n\n\n<p class=\"wp-block-paragraph\">A dos semanas del balotaje, el \u00faltimo sondeo electoral divulgado el viernes por la firma Datafolha coloca a Lula con el 49 % de la intenci\u00f3n de voto frente a un 44 % de Bolsonaro, un resultado que pr\u00e1cticamente refleja la votaci\u00f3n de los dos candidatos en la primera vuelta.<\/p>\n","protected":false},"excerpt":{"rendered":"<p>Sao Paulo.- El exmandatario Luiz In\u00e1cio Lula da Silva admiti\u00f3 este domingo que hubo corrupci\u00f3n en Petrobras, pero asegur\u00f3 que todo se descubri\u00f3 por la transparencia de su Gobierno, durante el primer debate celebrado este domingo en Brasil, con miras a la segunda vuelta de las presidenciales. Lula, que gobern\u00f3 Brasil entre 2003 y 2010, [&hellip;]<\/p>\n","protected":false},"author":15,"featured_media":0,"comment_status":"open","ping_status":"open","sticky":false,"template":"","format":"standard","meta":{"footnotes":""},"categories":[1],"tags":[],"class_list":["post-12023","post","type-post","status-publish","format-standard","category-uncategorized"],"yoast_head":"<!-- This site is optimized with the Yoast SEO plugin v27.6 - https:\/\/yoast.com\/product\/yoast-seo-wordpress\/ -->\n<title>Lula admite hubo corrupci\u00f3n en Petrobras durante debate con Bolsonaro - Conexi\u00f3n 23<\/title>\n<meta name=\"robots\" content=\"index, follow, max-snippet:-1, max-image-preview:large, max-video-preview:-1\" \/>\n<link rel=\"canonical\" href=\"https:\/\/conexion23.com\/?p=12023\" \/>\n<meta property=\"og:locale\" content=\"es_ES\" \/>\n<meta property=\"og:type\" content=\"article\" \/>\n<meta property=\"og:title\" content=\"Lula admite hubo corrupci\u00f3n en Petrobras durante debate con Bolsonaro - Conexi\u00f3n 23\" \/>\n<meta property=\"og:description\" content=\"Sao Paulo.- El exmandatario Luiz In\u00e1cio Lula da Silva admiti\u00f3 este domingo que hubo corrupci\u00f3n en Petrobras, pero asegur\u00f3 que todo se descubri\u00f3 por la transparencia de su Gobierno, durante el primer debate celebrado este domingo en Brasil, con miras a la segunda vuelta de las presidenciales. Lula, que gobern\u00f3 Brasil entre 2003 y 2010, [&hellip;]\" \/>\n<meta property=\"og:url\" content=\"https:\/\/conexion23.com\/?p=12023\" \/>\n<meta property=\"og:site_name\" content=\"Conexi\u00f3n 23\" \/>\n<meta property=\"article:publisher\" content=\"https:\/\/www.facebook.com\/conexion23com\" \/>\n<meta property=\"article:published_time\" content=\"2022-10-17T13:43:56+00:00\" \/>\n<meta property=\"article:modified_time\" content=\"2022-10-17T14:06:45+00:00\" \/>\n<meta name=\"author\" content=\"Raffy Ben\u00edtez\" \/>\n<meta name=\"twitter:card\" content=\"summary_large_image\" \/>\n<meta name=\"twitter:label1\" content=\"Escrito por\" \/>\n\t<meta name=\"twitter:data1\" content=\"Raffy Ben\u00edtez\" \/>\n\t<meta name=\"twitter:label2\" content=\"Tiempo de lectura\" \/>\n\t<meta name=\"twitter:data2\" content=\"2 minutos\" \/>\n<script type=\"application\/ld+json\" class=\"yoast-schema-graph\">{\"@context\":\"https:\\\/\\\/schema.org\",\"@graph\":[{\"@type\":\"Article\",\"@id\":\"https:\\\/\\\/conexion23.com\\\/?p=12023#article\",\"isPartOf\":{\"@id\":\"https:\\\/\\\/conexion23.com\\\/?p=12023\"},\"author\":{\"name\":\"Raffy Ben\u00edtez\",\"@id\":\"https:\\\/\\\/conexion23.com\\\/#\\\/schema\\\/person\\\/03e36043331117e97a373299bbcd30a6\"},\"headline\":\"Lula admite hubo corrupci\u00f3n en Petrobras durante debate con Bolsonaro\",\"datePublished\":\"2022-10-17T13:43:56+00:00\",\"dateModified\":\"2022-10-17T14:06:45+00:00\",\"mainEntityOfPage\":{\"@id\":\"https:\\\/\\\/conexion23.com\\\/?p=12023\"},\"wordCount\":405,\"commentCount\":0,\"publisher\":{\"@id\":\"https:\\\/\\\/conexion23.com\\\/#organization\"},\"articleSection\":[\"Uncategorized\"],\"inLanguage\":\"es\",\"potentialAction\":[{\"@type\":\"CommentAction\",\"name\":\"Comment\",\"target\":[\"https:\\\/\\\/conexion23.com\\\/?p=12023#respond\"]}]},{\"@type\":\"WebPage\",\"@id\":\"https:\\\/\\\/conexion23.com\\\/?p=12023\",\"url\":\"https:\\\/\\\/conexion23.com\\\/?p=12023\",\"name\":\"Lula admite hubo corrupci\u00f3n en Petrobras durante debate con Bolsonaro - Conexi\u00f3n 23\",\"isPartOf\":{\"@id\":\"https:\\\/\\\/conexion23.com\\\/#website\"},\"datePublished\":\"2022-10-17T13:43:56+00:00\",\"dateModified\":\"2022-10-17T14:06:45+00:00\",\"breadcrumb\":{\"@id\":\"https:\\\/\\\/conexion23.com\\\/?p=12023#breadcrumb\"},\"inLanguage\":\"es\",\"potentialAction\":[{\"@type\":\"ReadAction\",\"target\":[\"https:\\\/\\\/conexion23.com\\\/?p=12023\"]}]},{\"@type\":\"BreadcrumbList\",\"@id\":\"https:\\\/\\\/conexion23.com\\\/?p=12023#breadcrumb\",\"itemListElement\":[{\"@type\":\"ListItem\",\"position\":1,\"name\":\"Portada\",\"item\":\"https:\\\/\\\/conexion23.com\\\/\"},{\"@type\":\"ListItem\",\"position\":2,\"name\":\"Lula admite hubo corrupci\u00f3n en Petrobras durante debate con Bolsonaro\"}]},{\"@type\":\"WebSite\",\"@id\":\"https:\\\/\\\/conexion23.com\\\/#website\",\"url\":\"https:\\\/\\\/conexion23.com\\\/\",\"name\":\"Conexi\u00f3n 23\",\"description\":\"Peri\u00f3dico 100% Petromacorisano\",\"publisher\":{\"@id\":\"https:\\\/\\\/conexion23.com\\\/#organization\"},\"potentialAction\":[{\"@type\":\"SearchAction\",\"target\":{\"@type\":\"EntryPoint\",\"urlTemplate\":\"https:\\\/\\\/conexion23.com\\\/?s={search_term_string}\"},\"query-input\":{\"@type\":\"PropertyValueSpecification\",\"valueRequired\":true,\"valueName\":\"search_term_string\"}}],\"inLanguage\":\"es\"},{\"@type\":\"Organization\",\"@id\":\"https:\\\/\\\/conexion23.com\\\/#organization\",\"name\":\"Conexion 23\",\"url\":\"https:\\\/\\\/conexion23.com\\\/\",\"logo\":{\"@type\":\"ImageObject\",\"inLanguage\":\"es\",\"@id\":\"https:\\\/\\\/conexion23.com\\\/#\\\/schema\\\/logo\\\/image\\\/\",\"url\":\"https:\\\/\\\/conexion23.com\\\/wp-content\\\/uploads\\\/2021\\\/11\\\/Diseno-sin-titulo-2.png\",\"contentUrl\":\"https:\\\/\\\/conexion23.com\\\/wp-content\\\/uploads\\\/2021\\\/11\\\/Diseno-sin-titulo-2.png\",\"width\":541,\"height\":90,\"caption\":\"Conexion 23\"},\"image\":{\"@id\":\"https:\\\/\\\/conexion23.com\\\/#\\\/schema\\\/logo\\\/image\\\/\"},\"sameAs\":[\"https:\\\/\\\/www.facebook.com\\\/conexion23com\",\"https:\\\/\\\/www.instagram.com\\\/conexion23com\\\/\",\"https:\\\/\\\/www.youtube.com\\\/channel\\\/UCYc7vxxFZMYLIHNsHHxPZ3Q\"]},{\"@type\":\"Person\",\"@id\":\"https:\\\/\\\/conexion23.com\\\/#\\\/schema\\\/person\\\/03e36043331117e97a373299bbcd30a6\",\"name\":\"Raffy Ben\u00edtez\",\"image\":{\"@type\":\"ImageObject\",\"inLanguage\":\"es\",\"@id\":\"https:\\\/\\\/secure.gravatar.com\\\/avatar\\\/3190a6a6c5e1b0327500f7d6c56b6242472ee6cb974cf09b401ee6b3b0798f23?s=96&d=mm&r=g\",\"url\":\"https:\\\/\\\/secure.gravatar.com\\\/avatar\\\/3190a6a6c5e1b0327500f7d6c56b6242472ee6cb974cf09b401ee6b3b0798f23?s=96&d=mm&r=g\",\"contentUrl\":\"https:\\\/\\\/secure.gravatar.com\\\/avatar\\\/3190a6a6c5e1b0327500f7d6c56b6242472ee6cb974cf09b401ee6b3b0798f23?s=96&d=mm&r=g\",\"caption\":\"Raffy Ben\u00edtez\"},\"url\":\"https:\\\/\\\/conexion23.com\\\/?author=15\"}]}<\/script>\n<!-- \/ Yoast SEO plugin. -->","yoast_head_json":{"title":"Lula admite hubo corrupci\u00f3n en Petrobras durante debate con Bolsonaro - Conexi\u00f3n 23","robots":{"index":"index","follow":"follow","max-snippet":"max-snippet:-1","max-image-preview":"max-image-preview:large","max-video-preview":"max-video-preview:-1"},"canonical":"https:\/\/conexion23.com\/?p=12023","og_locale":"es_ES","og_type":"article","og_title":"Lula admite hubo corrupci\u00f3n en Petrobras durante debate con Bolsonaro - Conexi\u00f3n 23","og_description":"Sao Paulo.- El exmandatario Luiz In\u00e1cio Lula da Silva admiti\u00f3 este domingo que hubo corrupci\u00f3n en Petrobras, pero asegur\u00f3 que todo se descubri\u00f3 por la transparencia de su Gobierno, durante el primer debate celebrado este domingo en Brasil, con miras a la segunda vuelta de las presidenciales. Lula, que gobern\u00f3 Brasil entre 2003 y 2010, [&hellip;]","og_url":"https:\/\/conexion23.com\/?p=12023","og_site_name":"Conexi\u00f3n 23","article_publisher":"https:\/\/www.facebook.com\/conexion23com","article_published_time":"2022-10-17T13:43:56+00:00","article_modified_time":"2022-10-17T14:06:45+00:00","author":"Raffy Ben\u00edtez","twitter_card":"summary_large_image","twitter_misc":{"Escrito por":"Raffy Ben\u00edtez","Tiempo de lectura":"2 minutos"},"schema":{"@context":"https:\/\/schema.org","@graph":[{"@type":"Article","@id":"https:\/\/conexion23.com\/?p=12023#article","isPartOf":{"@id":"https:\/\/conexion23.com\/?p=12023"},"author":{"name":"Raffy Ben\u00edtez","@id":"https:\/\/conexion23.com\/#\/schema\/person\/03e36043331117e97a373299bbcd30a6"},"headline":"Lula admite hubo corrupci\u00f3n en Petrobras durante debate con Bolsonaro","datePublished":"2022-10-17T13:43:56+00:00","dateModified":"2022-10-17T14:06:45+00:00","mainEntityOfPage":{"@id":"https:\/\/conexion23.com\/?p=12023"},"wordCount":405,"commentCount":0,"publisher":{"@id":"https:\/\/conexion23.com\/#organization"},"articleSection":["Uncategorized"],"inLanguage":"es","potentialAction":[{"@type":"CommentAction","name":"Comment","target":["https:\/\/conexion23.com\/?p=12023#respond"]}]},{"@type":"WebPage","@id":"https:\/\/conexion23.com\/?p=12023","url":"https:\/\/conexion23.com\/?p=12023","name":"Lula admite hubo corrupci\u00f3n en Petrobras durante debate con Bolsonaro - Conexi\u00f3n 23","isPartOf":{"@id":"https:\/\/conexion23.com\/#website"},"datePublished":"2022-10-17T13:43:56+00:00","dateModified":"2022-10-17T14:06:45+00:00","breadcrumb":{"@id":"https:\/\/conexion23.com\/?p=12023#breadcrumb"},"inLanguage":"es","potentialAction":[{"@type":"ReadAction","target":["https:\/\/conexion23.com\/?p=12023"]}]},{"@type":"BreadcrumbList","@id":"https:\/\/conexion23.com\/?p=12023#breadcrumb","itemListElement":[{"@type":"ListItem","position":1,"name":"Portada","item":"https:\/\/conexion23.com\/"},{"@type":"ListItem","position":2,"name":"Lula admite hubo corrupci\u00f3n en Petrobras durante debate con Bolsonaro"}]},{"@type":"WebSite","@id":"https:\/\/conexion23.com\/#website","url":"https:\/\/conexion23.com\/","name":"Conexi\u00f3n 23","description":"Peri\u00f3dico 100% Petromacorisano","publisher":{"@id":"https:\/\/conexion23.com\/#organization"},"potentialAction":[{"@type":"SearchAction","target":{"@type":"EntryPoint","urlTemplate":"https:\/\/conexion23.com\/?s={search_term_string}"},"query-input":{"@type":"PropertyValueSpecification","valueRequired":true,"valueName":"search_term_string"}}],"inLanguage":"es"},{"@type":"Organization","@id":"https:\/\/conexion23.com\/#organization","name":"Conexion 23","url":"https:\/\/conexion23.com\/","logo":{"@type":"ImageObject","inLanguage":"es","@id":"https:\/\/conexion23.com\/#\/schema\/logo\/image\/","url":"https:\/\/conexion23.com\/wp-content\/uploads\/2021\/11\/Diseno-sin-titulo-2.png","contentUrl":"https:\/\/conexion23.com\/wp-content\/uploads\/2021\/11\/Diseno-sin-titulo-2.png","width":541,"height":90,"caption":"Conexion 23"},"image":{"@id":"https:\/\/conexion23.com\/#\/schema\/logo\/image\/"},"sameAs":["https:\/\/www.facebook.com\/conexion23com","https:\/\/www.instagram.com\/conexion23com\/","https:\/\/www.youtube.com\/channel\/UCYc7vxxFZMYLIHNsHHxPZ3Q"]},{"@type":"Person","@id":"https:\/\/conexion23.com\/#\/schema\/person\/03e36043331117e97a373299bbcd30a6","name":"Raffy Ben\u00edtez","image":{"@type":"ImageObject","inLanguage":"es","@id":"https:\/\/secure.gravatar.com\/avatar\/3190a6a6c5e1b0327500f7d6c56b6242472ee6cb974cf09b401ee6b3b0798f23?s=96&d=mm&r=g","url":"https:\/\/secure.gravatar.com\/avatar\/3190a6a6c5e1b0327500f7d6c56b6242472ee6cb974cf09b401ee6b3b0798f23?s=96&d=mm&r=g","contentUrl":"https:\/\/secure.gravatar.com\/avatar\/3190a6a6c5e1b0327500f7d6c56b6242472ee6cb974cf09b401ee6b3b0798f23?s=96&d=mm&r=g","caption":"Raffy Ben\u00edtez"},"url":"https:\/\/conexion23.com\/?author=15"}]}},"_links":{"self":[{"href":"https:\/\/conexion23.com\/index.php?rest_route=\/wp\/v2\/posts\/12023","targetHints":{"allow":["GET"]}}],"collection":[{"href":"https:\/\/conexion23.com\/index.php?rest_route=\/wp\/v2\/posts"}],"about":[{"href":"https:\/\/conexion23.com\/index.php?rest_route=\/wp\/v2\/types\/post"}],"author":[{"embeddable":true,"href":"https:\/\/conexion23.com\/index.php?rest_route=\/wp\/v2\/users\/15"}],"replies":[{"embeddable":true,"href":"https:\/\/conexion23.com\/index.php?rest_route=%2Fwp%2Fv2%2Fcomments&post=12023"}],"version-history":[{"count":1,"href":"https:\/\/conexion23.com\/index.php?rest_route=\/wp\/v2\/posts\/12023\/revisions"}],"predecessor-version":[{"id":12025,"href":"https:\/\/conexion23.com\/index.php?rest_route=\/wp\/v2\/posts\/12023\/revisions\/12025"}],"wp:attachment":[{"href":"https:\/\/conexion23.com\/index.php?rest_route=%2Fwp%2Fv2%2Fmedia&parent=12023"}],"wp:term":[{"taxonomy":"category","embeddable":true,"href":"https:\/\/conexion23.com\/index.php?rest_route=%2Fwp%2Fv2%2Fcategories&post=12023"},{"taxonomy":"post_tag","embeddable":true,"href":"https:\/\/conexion23.com\/index.php?rest_route=%2Fwp%2Fv2%2Ftags&post=12023"}],"curies":[{"name":"wp","href":"https:\/\/api.w.org\/{rel}","templated":true}]}}