{"id":12028,"date":"2022-10-17T09:56:30","date_gmt":"2022-10-17T13:56:30","guid":{"rendered":"https:\/\/conexion23.com\/?p=12028"},"modified":"2022-10-17T09:56:41","modified_gmt":"2022-10-17T13:56:41","slug":"abel-martinez-sera-el-5to-candidato-que-representara-al-pld-en-unas-elecciones-presidenciales","status":"publish","type":"post","link":"https:\/\/conexion23.com\/?p=12028","title":{"rendered":"Abel Mart\u00ednez\u00a0 ser\u00e1 el 5to candidato que representar\u00e1 al PLD en unas elecciones presidenciales"},"content":{"rendered":"\n<p class=\"wp-block-paragraph\">Detr\u00e1s de los expresidentes Juan Bosch, Leonel Fern\u00e1ndez y Danilo Medina, adem\u00e1s del excandidato presidencial Gonzalo Castillo, Abel Mart\u00ednez ser\u00e1 el quinto aspirante a la Presidencia que representar\u00e1 al Partido de la Liberaci\u00f3n Dominicana (PLD) en unas elecciones presidenciales.<\/p>\n\n\n\n<p class=\"wp-block-paragraph\">En la consulta interna del PLD realizada ayer domingo, Mart\u00ednez sac\u00f3 el 60% de los votos emitidos, venciendo ampliamente a sus m\u00e1s cercanos contrincantes, el exprocurador general Francisco Dom\u00ednguez Brito y la exvicepresidenta Margarita Cede\u00f1o.<\/p>\n\n\n\n<p class=\"wp-block-paragraph\">El expresidente Bosch ostent\u00f3 la candidatura presidencial de esa organizaci\u00f3n desde el 1978 hasta el 1996, cuando fue sucedido por el expresidente de la Rep\u00fablica Leonel Fern\u00e1ndez, quien result\u00f3 ser el primer aspirante presidencial de ese partido en ganar unas elecciones.<\/p>\n\n\n\n<p class=\"wp-block-paragraph\">Bosch fue candidato en los procesos electorales del 1978, 1982, 1986, 1990 y 1994, siendo la \u00faltima vez que se present\u00f3 como aspirante presidencial.<\/p>\n\n\n\n<p class=\"wp-block-paragraph\">En las elecciones del 1990 Bosch casi se alza con la Presidencia de la Rep\u00fablica, pero fue derrotado por el tambi\u00e9n expresidente Joaqu\u00edn Balaguer en unas controversiales elecciones.<\/p>\n\n\n\n<p class=\"wp-block-paragraph\">Ya en el 1996, Bsoch pas\u00f3 la batuta de la candidatura presidencial a un joven Leonel Fern\u00e1ndez, quien lo hab\u00eda acompa\u00f1ado como su compa\u00f1ero de f\u00f3rmula en las elecciones que se celebraron en 1994.<\/p>\n\n\n\n<p class=\"wp-block-paragraph\">Fern\u00e1ndez se impuso al candidato presidencial del Partido Revolucionario Dominicano (PRD) en las elecciones del 1996 en un proceso de segunda vuelta y fue elegido jefe de la naci\u00f3n por los pr\u00f3ximos 4 a\u00f1os.<\/p>\n\n\n\n<p class=\"wp-block-paragraph\">Para el proceso del 2000, el expresidente Fern\u00e1ndez estaba impedido de ser candidato nuevamente por la Constituci\u00f3n y Danilo Medina, quien hab\u00eda presidido la C\u00e1mara de Diputados, pas\u00f3 a ser el aspirante oficial del partido que en ese entonces era gobierno.<\/p>\n\n\n\n<p class=\"wp-block-paragraph\">Medina fue derrotado por el expresidente Hip\u00f3lito Mej\u00eda y en el 2004 el PLD volvi\u00f3 a elegir a Leonel Fern\u00e1ndez como su candidato presidencial en unas elecciones en las que result\u00f3 ganancioso.<\/p>\n\n\n\n<p class=\"wp-block-paragraph\">Fern\u00e1ndez opt\u00f3 por una reelecci\u00f3n en el 2008, no sin antes derrotar a Danilo Medina en unas elecciones internas que marc\u00f3 la divisi\u00f3n entre los dos l\u00edderes.<\/p>\n\n\n\n<p class=\"wp-block-paragraph\">Para las elecciones del 2012, Danilo Medina fue escogido candidato presidencial del PLD por una segunda ocasi\u00f3n, en las que se enfrent\u00f3 nuevamente al expresidente Hip\u00f3lito Mej\u00eda, pero en esa ocasi\u00f3n no se repiti\u00f3 lo ocurrido en los comicios del 2000 y el pelede\u00edsta fue elegido gobernante de la naci\u00f3n.<\/p>\n\n\n\n<p class=\"wp-block-paragraph\">Medina opt\u00f3 por una reelecci\u00f3n en el 2016 y volvi\u00f3 a ganar la Presidencia de la Rep\u00fablica, aunque el expresidente Fern\u00e1ndez intent\u00f3 detener que el exmandatario se presentara para una segunda ocasi\u00f3n.<\/p>\n\n\n\n<p class=\"wp-block-paragraph\">Ya para el proceso del 2020, fue elegido el exministro de Obras P\u00fablicas Gonzalo Castillo, quien ser\u00eda el primer candidato presidencial del PLD en los \u00faltimos 24 a\u00f1os que no fuera Leonel Fern\u00e1ndez o Danilo Medina.<\/p>\n\n\n\n<p class=\"wp-block-paragraph\">Castillo venci\u00f3 al expresidente Fern\u00e1ndez en unas elecciones internas que marcaron la peor divisi\u00f3n que ha experimentado el PLD en sus 49 a\u00f1os de existencia, provocando la p\u00e9rdida del poder luego de 16 a\u00f1os ininterrumpidos al frente del aparato estatal.<\/p>\n\n\n\n<p class=\"wp-block-paragraph\">Ya en esta ocasi\u00f3n, para los venideros comicios del 2024, Abel Mart\u00ednez se convierte en el quinto candidato presidencial del PLD en los \u00faltimos 49 a\u00f1os.<\/p>\n","protected":false},"excerpt":{"rendered":"<p>Detr\u00e1s de los expresidentes Juan Bosch, Leonel Fern\u00e1ndez y Danilo Medina, adem\u00e1s del excandidato presidencial Gonzalo Castillo, Abel Mart\u00ednez ser\u00e1 el quinto aspirante a la Presidencia que representar\u00e1 al Partido de la Liberaci\u00f3n Dominicana (PLD) en unas elecciones presidenciales. En la consulta interna del PLD realizada ayer domingo, Mart\u00ednez sac\u00f3 el 60% de los votos [&hellip;]<\/p>\n","protected":false},"author":15,"featured_media":0,"comment_status":"open","ping_status":"open","sticky":false,"template":"","format":"standard","meta":{"footnotes":""},"categories":[1],"tags":[],"class_list":["post-12028","post","type-post","status-publish","format-standard","category-uncategorized"],"yoast_head":"<!-- This site is optimized with the Yoast SEO plugin v27.6 - https:\/\/yoast.com\/product\/yoast-seo-wordpress\/ -->\n<title>Abel Mart\u00ednez\u00a0 ser\u00e1 el 5to candidato que representar\u00e1 al PLD en unas elecciones presidenciales - Conexi\u00f3n 23<\/title>\n<meta name=\"robots\" content=\"index, follow, max-snippet:-1, max-image-preview:large, max-video-preview:-1\" \/>\n<link rel=\"canonical\" href=\"https:\/\/conexion23.com\/?p=12028\" \/>\n<meta property=\"og:locale\" content=\"es_ES\" \/>\n<meta property=\"og:type\" content=\"article\" \/>\n<meta property=\"og:title\" content=\"Abel Mart\u00ednez\u00a0 ser\u00e1 el 5to candidato que representar\u00e1 al PLD en unas elecciones presidenciales - Conexi\u00f3n 23\" \/>\n<meta property=\"og:description\" content=\"Detr\u00e1s de los expresidentes Juan Bosch, Leonel Fern\u00e1ndez y Danilo Medina, adem\u00e1s del excandidato presidencial Gonzalo Castillo, Abel Mart\u00ednez ser\u00e1 el quinto aspirante a la Presidencia que representar\u00e1 al Partido de la Liberaci\u00f3n Dominicana (PLD) en unas elecciones presidenciales. En la consulta interna del PLD realizada ayer domingo, Mart\u00ednez sac\u00f3 el 60% de los votos [&hellip;]\" \/>\n<meta property=\"og:url\" content=\"https:\/\/conexion23.com\/?p=12028\" \/>\n<meta property=\"og:site_name\" content=\"Conexi\u00f3n 23\" \/>\n<meta property=\"article:publisher\" content=\"https:\/\/www.facebook.com\/conexion23com\" \/>\n<meta property=\"article:published_time\" content=\"2022-10-17T13:56:30+00:00\" \/>\n<meta property=\"article:modified_time\" content=\"2022-10-17T13:56:41+00:00\" \/>\n<meta name=\"author\" content=\"Raffy Ben\u00edtez\" \/>\n<meta name=\"twitter:card\" content=\"summary_large_image\" \/>\n<meta name=\"twitter:label1\" content=\"Escrito por\" \/>\n\t<meta name=\"twitter:data1\" content=\"Raffy Ben\u00edtez\" \/>\n\t<meta name=\"twitter:label2\" content=\"Tiempo de lectura\" \/>\n\t<meta name=\"twitter:data2\" content=\"3 minutos\" \/>\n<script type=\"application\/ld+json\" class=\"yoast-schema-graph\">{\"@context\":\"https:\\\/\\\/schema.org\",\"@graph\":[{\"@type\":\"Article\",\"@id\":\"https:\\\/\\\/conexion23.com\\\/?p=12028#article\",\"isPartOf\":{\"@id\":\"https:\\\/\\\/conexion23.com\\\/?p=12028\"},\"author\":{\"name\":\"Raffy Ben\u00edtez\",\"@id\":\"http:\\\/\\\/conexion23.com\\\/#\\\/schema\\\/person\\\/03e36043331117e97a373299bbcd30a6\"},\"headline\":\"Abel Mart\u00ednez\u00a0 ser\u00e1 el 5to candidato que representar\u00e1 al PLD en unas elecciones presidenciales\",\"datePublished\":\"2022-10-17T13:56:30+00:00\",\"dateModified\":\"2022-10-17T13:56:41+00:00\",\"mainEntityOfPage\":{\"@id\":\"https:\\\/\\\/conexion23.com\\\/?p=12028\"},\"wordCount\":566,\"commentCount\":0,\"publisher\":{\"@id\":\"http:\\\/\\\/conexion23.com\\\/#organization\"},\"articleSection\":[\"Uncategorized\"],\"inLanguage\":\"es\",\"potentialAction\":[{\"@type\":\"CommentAction\",\"name\":\"Comment\",\"target\":[\"https:\\\/\\\/conexion23.com\\\/?p=12028#respond\"]}]},{\"@type\":\"WebPage\",\"@id\":\"https:\\\/\\\/conexion23.com\\\/?p=12028\",\"url\":\"https:\\\/\\\/conexion23.com\\\/?p=12028\",\"name\":\"Abel Mart\u00ednez\u00a0 ser\u00e1 el 5to candidato que representar\u00e1 al PLD en unas elecciones presidenciales - Conexi\u00f3n 23\",\"isPartOf\":{\"@id\":\"http:\\\/\\\/conexion23.com\\\/#website\"},\"datePublished\":\"2022-10-17T13:56:30+00:00\",\"dateModified\":\"2022-10-17T13:56:41+00:00\",\"breadcrumb\":{\"@id\":\"https:\\\/\\\/conexion23.com\\\/?p=12028#breadcrumb\"},\"inLanguage\":\"es\",\"potentialAction\":[{\"@type\":\"ReadAction\",\"target\":[\"https:\\\/\\\/conexion23.com\\\/?p=12028\"]}]},{\"@type\":\"BreadcrumbList\",\"@id\":\"https:\\\/\\\/conexion23.com\\\/?p=12028#breadcrumb\",\"itemListElement\":[{\"@type\":\"ListItem\",\"position\":1,\"name\":\"Portada\",\"item\":\"http:\\\/\\\/conexion23.com\\\/\"},{\"@type\":\"ListItem\",\"position\":2,\"name\":\"Abel Mart\u00ednez\u00a0 ser\u00e1 el 5to candidato que representar\u00e1 al PLD en unas elecciones presidenciales\"}]},{\"@type\":\"WebSite\",\"@id\":\"http:\\\/\\\/conexion23.com\\\/#website\",\"url\":\"http:\\\/\\\/conexion23.com\\\/\",\"name\":\"Conexi\u00f3n 23\",\"description\":\"Peri\u00f3dico 100% Petromacorisano\",\"publisher\":{\"@id\":\"http:\\\/\\\/conexion23.com\\\/#organization\"},\"potentialAction\":[{\"@type\":\"SearchAction\",\"target\":{\"@type\":\"EntryPoint\",\"urlTemplate\":\"http:\\\/\\\/conexion23.com\\\/?s={search_term_string}\"},\"query-input\":{\"@type\":\"PropertyValueSpecification\",\"valueRequired\":true,\"valueName\":\"search_term_string\"}}],\"inLanguage\":\"es\"},{\"@type\":\"Organization\",\"@id\":\"http:\\\/\\\/conexion23.com\\\/#organization\",\"name\":\"Conexion 23\",\"url\":\"http:\\\/\\\/conexion23.com\\\/\",\"logo\":{\"@type\":\"ImageObject\",\"inLanguage\":\"es\",\"@id\":\"http:\\\/\\\/conexion23.com\\\/#\\\/schema\\\/logo\\\/image\\\/\",\"url\":\"https:\\\/\\\/conexion23.com\\\/wp-content\\\/uploads\\\/2021\\\/11\\\/Diseno-sin-titulo-2.png\",\"contentUrl\":\"https:\\\/\\\/conexion23.com\\\/wp-content\\\/uploads\\\/2021\\\/11\\\/Diseno-sin-titulo-2.png\",\"width\":541,\"height\":90,\"caption\":\"Conexion 23\"},\"image\":{\"@id\":\"http:\\\/\\\/conexion23.com\\\/#\\\/schema\\\/logo\\\/image\\\/\"},\"sameAs\":[\"https:\\\/\\\/www.facebook.com\\\/conexion23com\",\"https:\\\/\\\/www.instagram.com\\\/conexion23com\\\/\",\"https:\\\/\\\/www.youtube.com\\\/channel\\\/UCYc7vxxFZMYLIHNsHHxPZ3Q\"]},{\"@type\":\"Person\",\"@id\":\"http:\\\/\\\/conexion23.com\\\/#\\\/schema\\\/person\\\/03e36043331117e97a373299bbcd30a6\",\"name\":\"Raffy Ben\u00edtez\",\"image\":{\"@type\":\"ImageObject\",\"inLanguage\":\"es\",\"@id\":\"https:\\\/\\\/secure.gravatar.com\\\/avatar\\\/3190a6a6c5e1b0327500f7d6c56b6242472ee6cb974cf09b401ee6b3b0798f23?s=96&d=mm&r=g\",\"url\":\"https:\\\/\\\/secure.gravatar.com\\\/avatar\\\/3190a6a6c5e1b0327500f7d6c56b6242472ee6cb974cf09b401ee6b3b0798f23?s=96&d=mm&r=g\",\"contentUrl\":\"https:\\\/\\\/secure.gravatar.com\\\/avatar\\\/3190a6a6c5e1b0327500f7d6c56b6242472ee6cb974cf09b401ee6b3b0798f23?s=96&d=mm&r=g\",\"caption\":\"Raffy Ben\u00edtez\"},\"url\":\"https:\\\/\\\/conexion23.com\\\/?author=15\"}]}<\/script>\n<!-- \/ Yoast SEO plugin. -->","yoast_head_json":{"title":"Abel Mart\u00ednez\u00a0 ser\u00e1 el 5to candidato que representar\u00e1 al PLD en unas elecciones presidenciales - Conexi\u00f3n 23","robots":{"index":"index","follow":"follow","max-snippet":"max-snippet:-1","max-image-preview":"max-image-preview:large","max-video-preview":"max-video-preview:-1"},"canonical":"https:\/\/conexion23.com\/?p=12028","og_locale":"es_ES","og_type":"article","og_title":"Abel Mart\u00ednez\u00a0 ser\u00e1 el 5to candidato que representar\u00e1 al PLD en unas elecciones presidenciales - Conexi\u00f3n 23","og_description":"Detr\u00e1s de los expresidentes Juan Bosch, Leonel Fern\u00e1ndez y Danilo Medina, adem\u00e1s del excandidato presidencial Gonzalo Castillo, Abel Mart\u00ednez ser\u00e1 el quinto aspirante a la Presidencia que representar\u00e1 al Partido de la Liberaci\u00f3n Dominicana (PLD) en unas elecciones presidenciales. En la consulta interna del PLD realizada ayer domingo, Mart\u00ednez sac\u00f3 el 60% de los votos [&hellip;]","og_url":"https:\/\/conexion23.com\/?p=12028","og_site_name":"Conexi\u00f3n 23","article_publisher":"https:\/\/www.facebook.com\/conexion23com","article_published_time":"2022-10-17T13:56:30+00:00","article_modified_time":"2022-10-17T13:56:41+00:00","author":"Raffy Ben\u00edtez","twitter_card":"summary_large_image","twitter_misc":{"Escrito por":"Raffy Ben\u00edtez","Tiempo de lectura":"3 minutos"},"schema":{"@context":"https:\/\/schema.org","@graph":[{"@type":"Article","@id":"https:\/\/conexion23.com\/?p=12028#article","isPartOf":{"@id":"https:\/\/conexion23.com\/?p=12028"},"author":{"name":"Raffy Ben\u00edtez","@id":"http:\/\/conexion23.com\/#\/schema\/person\/03e36043331117e97a373299bbcd30a6"},"headline":"Abel Mart\u00ednez\u00a0 ser\u00e1 el 5to candidato que representar\u00e1 al PLD en unas elecciones presidenciales","datePublished":"2022-10-17T13:56:30+00:00","dateModified":"2022-10-17T13:56:41+00:00","mainEntityOfPage":{"@id":"https:\/\/conexion23.com\/?p=12028"},"wordCount":566,"commentCount":0,"publisher":{"@id":"http:\/\/conexion23.com\/#organization"},"articleSection":["Uncategorized"],"inLanguage":"es","potentialAction":[{"@type":"CommentAction","name":"Comment","target":["https:\/\/conexion23.com\/?p=12028#respond"]}]},{"@type":"WebPage","@id":"https:\/\/conexion23.com\/?p=12028","url":"https:\/\/conexion23.com\/?p=12028","name":"Abel Mart\u00ednez\u00a0 ser\u00e1 el 5to candidato que representar\u00e1 al PLD en unas elecciones presidenciales - Conexi\u00f3n 23","isPartOf":{"@id":"http:\/\/conexion23.com\/#website"},"datePublished":"2022-10-17T13:56:30+00:00","dateModified":"2022-10-17T13:56:41+00:00","breadcrumb":{"@id":"https:\/\/conexion23.com\/?p=12028#breadcrumb"},"inLanguage":"es","potentialAction":[{"@type":"ReadAction","target":["https:\/\/conexion23.com\/?p=12028"]}]},{"@type":"BreadcrumbList","@id":"https:\/\/conexion23.com\/?p=12028#breadcrumb","itemListElement":[{"@type":"ListItem","position":1,"name":"Portada","item":"http:\/\/conexion23.com\/"},{"@type":"ListItem","position":2,"name":"Abel Mart\u00ednez\u00a0 ser\u00e1 el 5to candidato que representar\u00e1 al PLD en unas elecciones presidenciales"}]},{"@type":"WebSite","@id":"http:\/\/conexion23.com\/#website","url":"http:\/\/conexion23.com\/","name":"Conexi\u00f3n 23","description":"Peri\u00f3dico 100% Petromacorisano","publisher":{"@id":"http:\/\/conexion23.com\/#organization"},"potentialAction":[{"@type":"SearchAction","target":{"@type":"EntryPoint","urlTemplate":"http:\/\/conexion23.com\/?s={search_term_string}"},"query-input":{"@type":"PropertyValueSpecification","valueRequired":true,"valueName":"search_term_string"}}],"inLanguage":"es"},{"@type":"Organization","@id":"http:\/\/conexion23.com\/#organization","name":"Conexion 23","url":"http:\/\/conexion23.com\/","logo":{"@type":"ImageObject","inLanguage":"es","@id":"http:\/\/conexion23.com\/#\/schema\/logo\/image\/","url":"https:\/\/conexion23.com\/wp-content\/uploads\/2021\/11\/Diseno-sin-titulo-2.png","contentUrl":"https:\/\/conexion23.com\/wp-content\/uploads\/2021\/11\/Diseno-sin-titulo-2.png","width":541,"height":90,"caption":"Conexion 23"},"image":{"@id":"http:\/\/conexion23.com\/#\/schema\/logo\/image\/"},"sameAs":["https:\/\/www.facebook.com\/conexion23com","https:\/\/www.instagram.com\/conexion23com\/","https:\/\/www.youtube.com\/channel\/UCYc7vxxFZMYLIHNsHHxPZ3Q"]},{"@type":"Person","@id":"http:\/\/conexion23.com\/#\/schema\/person\/03e36043331117e97a373299bbcd30a6","name":"Raffy Ben\u00edtez","image":{"@type":"ImageObject","inLanguage":"es","@id":"https:\/\/secure.gravatar.com\/avatar\/3190a6a6c5e1b0327500f7d6c56b6242472ee6cb974cf09b401ee6b3b0798f23?s=96&d=mm&r=g","url":"https:\/\/secure.gravatar.com\/avatar\/3190a6a6c5e1b0327500f7d6c56b6242472ee6cb974cf09b401ee6b3b0798f23?s=96&d=mm&r=g","contentUrl":"https:\/\/secure.gravatar.com\/avatar\/3190a6a6c5e1b0327500f7d6c56b6242472ee6cb974cf09b401ee6b3b0798f23?s=96&d=mm&r=g","caption":"Raffy Ben\u00edtez"},"url":"https:\/\/conexion23.com\/?author=15"}]}},"_links":{"self":[{"href":"https:\/\/conexion23.com\/index.php?rest_route=\/wp\/v2\/posts\/12028","targetHints":{"allow":["GET"]}}],"collection":[{"href":"https:\/\/conexion23.com\/index.php?rest_route=\/wp\/v2\/posts"}],"about":[{"href":"https:\/\/conexion23.com\/index.php?rest_route=\/wp\/v2\/types\/post"}],"author":[{"embeddable":true,"href":"https:\/\/conexion23.com\/index.php?rest_route=\/wp\/v2\/users\/15"}],"replies":[{"embeddable":true,"href":"https:\/\/conexion23.com\/index.php?rest_route=%2Fwp%2Fv2%2Fcomments&post=12028"}],"version-history":[{"count":1,"href":"https:\/\/conexion23.com\/index.php?rest_route=\/wp\/v2\/posts\/12028\/revisions"}],"predecessor-version":[{"id":12030,"href":"https:\/\/conexion23.com\/index.php?rest_route=\/wp\/v2\/posts\/12028\/revisions\/12030"}],"wp:attachment":[{"href":"https:\/\/conexion23.com\/index.php?rest_route=%2Fwp%2Fv2%2Fmedia&parent=12028"}],"wp:term":[{"taxonomy":"category","embeddable":true,"href":"https:\/\/conexion23.com\/index.php?rest_route=%2Fwp%2Fv2%2Fcategories&post=12028"},{"taxonomy":"post_tag","embeddable":true,"href":"https:\/\/conexion23.com\/index.php?rest_route=%2Fwp%2Fv2%2Ftags&post=12028"}],"curies":[{"name":"wp","href":"https:\/\/api.w.org\/{rel}","templated":true}]}}