{"id":12092,"date":"2022-10-18T20:25:19","date_gmt":"2022-10-19T00:25:19","guid":{"rendered":"https:\/\/conexion23.com\/?p=12092"},"modified":"2022-10-18T20:32:52","modified_gmt":"2022-10-19T00:32:52","slug":"estrellas-orientales-anuncian-relevistas-dolis-y-blanco-estaran-la-proxima-semana-en-el-conjunto","status":"publish","type":"post","link":"https:\/\/conexion23.com\/?p=12092","title":{"rendered":"Estrellas Orientales anuncian relevistas Dolis y Blanco estar\u00e1n la pr\u00f3xima semana en el conjunto."},"content":{"rendered":"\n<p class=\"wp-block-paragraph\">Las Estrellas podr\u00e1n contar esta temporada con los servicios de los relevistas Rafael Dolis y Ronel Blanco a partir de la pr\u00f3xima semana, as\u00ed lo anunci\u00f3 su gerente general, F\u00e9lix Peguero.<\/p>\n\n\n\n<p class=\"wp-block-paragraph\"><br>Dolis, con amplia experiencia de Grandes Ligas, no lanza en el b\u00e9isbol profesional dominicano desde la temporada 2015-2016, despu\u00e9s de la cual lanz\u00f3 en Jap\u00f3n, antes de regresar a Las Mayores, en 2020 y 2021.<\/p>\n\n\n\n<p class=\"wp-block-paragraph\"><br>Este a\u00f1o, lanz\u00f3 en 28 juegos con el equipo sucursal de los Medias Blancas de Chicago (Charlotte).<br>Blanco, uno de los mejores relevistas de la temporada pasada en la Liga Dominicana, tuvo este a\u00f1o su primera experiencia en Grandes Ligas, con los Astros de Houston.<\/p>\n\n\n\n<p class=\"wp-block-paragraph\"><br>La campa\u00f1a pasada con las Estrellas, Blanco tuvo r\u00e9cord de 4-0 en la Serie Regular, en la cual no permiti\u00f3 carrera en 17 juegos y 18.0 entradas, antes de salvar dos juegos, en igual n\u00fameros de salidas en el Round Robin.<\/p>\n\n\n\n<p class=\"wp-block-paragraph\"><br>En Grandes Ligas, en el 2022, el derecho lanz\u00f3 en 7 partidos, antes de hacerlo en 28 juegos en Triple A, donde tuvo r\u00e9cord de 4-7, con 3.63 de promedio de carreras limpias permitidas y 5 salvamentos.<\/p>\n\n\n\n<p class=\"wp-block-paragraph\"><br>Las inclusiones de Dolis y Blanco fortalecer\u00e1n a\u00fan m\u00e1s el cuerpo de relevistas de las Estrellas, considerado por su m\u00e1nager, Fernando Tatis, como uno de los puntos fuertes del club.<\/p>\n","protected":false},"excerpt":{"rendered":"<p>Las Estrellas podr\u00e1n contar esta temporada con los servicios de los relevistas Rafael Dolis y Ronel Blanco a partir de la pr\u00f3xima semana, as\u00ed lo anunci\u00f3 su gerente general, F\u00e9lix Peguero. Dolis, con amplia experiencia de Grandes Ligas, no lanza en el b\u00e9isbol profesional dominicano desde la temporada 2015-2016, despu\u00e9s de la cual lanz\u00f3 en [&hellip;]<\/p>\n","protected":false},"author":15,"featured_media":0,"comment_status":"open","ping_status":"open","sticky":false,"template":"","format":"standard","meta":{"footnotes":""},"categories":[6],"tags":[],"class_list":["post-12092","post","type-post","status-publish","format-standard","category-deportes"],"yoast_head":"<!-- This site is optimized with the Yoast SEO plugin v27.6 - https:\/\/yoast.com\/product\/yoast-seo-wordpress\/ -->\n<title>Estrellas Orientales anuncian relevistas Dolis y Blanco estar\u00e1n la pr\u00f3xima semana en el conjunto. - Conexi\u00f3n 23<\/title>\n<meta name=\"robots\" content=\"index, follow, max-snippet:-1, max-image-preview:large, max-video-preview:-1\" \/>\n<link rel=\"canonical\" href=\"https:\/\/conexion23.com\/?p=12092\" \/>\n<meta property=\"og:locale\" content=\"es_ES\" \/>\n<meta property=\"og:type\" content=\"article\" \/>\n<meta property=\"og:title\" content=\"Estrellas Orientales anuncian relevistas Dolis y Blanco estar\u00e1n la pr\u00f3xima semana en el conjunto. - Conexi\u00f3n 23\" \/>\n<meta property=\"og:description\" content=\"Las Estrellas podr\u00e1n contar esta temporada con los servicios de los relevistas Rafael Dolis y Ronel Blanco a partir de la pr\u00f3xima semana, as\u00ed lo anunci\u00f3 su gerente general, F\u00e9lix Peguero. Dolis, con amplia experiencia de Grandes Ligas, no lanza en el b\u00e9isbol profesional dominicano desde la temporada 2015-2016, despu\u00e9s de la cual lanz\u00f3 en [&hellip;]\" \/>\n<meta property=\"og:url\" content=\"https:\/\/conexion23.com\/?p=12092\" \/>\n<meta property=\"og:site_name\" content=\"Conexi\u00f3n 23\" \/>\n<meta property=\"article:publisher\" content=\"https:\/\/www.facebook.com\/conexion23com\" \/>\n<meta property=\"article:published_time\" content=\"2022-10-19T00:25:19+00:00\" \/>\n<meta property=\"article:modified_time\" content=\"2022-10-19T00:32:52+00:00\" \/>\n<meta name=\"author\" content=\"Raffy Ben\u00edtez\" \/>\n<meta name=\"twitter:card\" content=\"summary_large_image\" \/>\n<meta name=\"twitter:label1\" content=\"Escrito por\" \/>\n\t<meta name=\"twitter:data1\" content=\"Raffy Ben\u00edtez\" \/>\n\t<meta name=\"twitter:label2\" content=\"Tiempo de lectura\" \/>\n\t<meta name=\"twitter:data2\" content=\"2 minutos\" \/>\n<script type=\"application\/ld+json\" class=\"yoast-schema-graph\">{\"@context\":\"https:\\\/\\\/schema.org\",\"@graph\":[{\"@type\":\"Article\",\"@id\":\"https:\\\/\\\/conexion23.com\\\/?p=12092#article\",\"isPartOf\":{\"@id\":\"https:\\\/\\\/conexion23.com\\\/?p=12092\"},\"author\":{\"name\":\"Raffy Ben\u00edtez\",\"@id\":\"https:\\\/\\\/conexion23.com\\\/#\\\/schema\\\/person\\\/03e36043331117e97a373299bbcd30a6\"},\"headline\":\"Estrellas Orientales anuncian relevistas Dolis y Blanco estar\u00e1n la pr\u00f3xima semana en el conjunto.\",\"datePublished\":\"2022-10-19T00:25:19+00:00\",\"dateModified\":\"2022-10-19T00:32:52+00:00\",\"mainEntityOfPage\":{\"@id\":\"https:\\\/\\\/conexion23.com\\\/?p=12092\"},\"wordCount\":241,\"commentCount\":0,\"publisher\":{\"@id\":\"https:\\\/\\\/conexion23.com\\\/#organization\"},\"articleSection\":[\"Deportes\"],\"inLanguage\":\"es\",\"potentialAction\":[{\"@type\":\"CommentAction\",\"name\":\"Comment\",\"target\":[\"https:\\\/\\\/conexion23.com\\\/?p=12092#respond\"]}]},{\"@type\":\"WebPage\",\"@id\":\"https:\\\/\\\/conexion23.com\\\/?p=12092\",\"url\":\"https:\\\/\\\/conexion23.com\\\/?p=12092\",\"name\":\"Estrellas Orientales anuncian relevistas Dolis y Blanco estar\u00e1n la pr\u00f3xima semana en el conjunto. - Conexi\u00f3n 23\",\"isPartOf\":{\"@id\":\"https:\\\/\\\/conexion23.com\\\/#website\"},\"datePublished\":\"2022-10-19T00:25:19+00:00\",\"dateModified\":\"2022-10-19T00:32:52+00:00\",\"breadcrumb\":{\"@id\":\"https:\\\/\\\/conexion23.com\\\/?p=12092#breadcrumb\"},\"inLanguage\":\"es\",\"potentialAction\":[{\"@type\":\"ReadAction\",\"target\":[\"https:\\\/\\\/conexion23.com\\\/?p=12092\"]}]},{\"@type\":\"BreadcrumbList\",\"@id\":\"https:\\\/\\\/conexion23.com\\\/?p=12092#breadcrumb\",\"itemListElement\":[{\"@type\":\"ListItem\",\"position\":1,\"name\":\"Portada\",\"item\":\"https:\\\/\\\/conexion23.com\\\/\"},{\"@type\":\"ListItem\",\"position\":2,\"name\":\"Estrellas Orientales anuncian relevistas Dolis y Blanco estar\u00e1n la pr\u00f3xima semana en el conjunto.\"}]},{\"@type\":\"WebSite\",\"@id\":\"https:\\\/\\\/conexion23.com\\\/#website\",\"url\":\"https:\\\/\\\/conexion23.com\\\/\",\"name\":\"Conexi\u00f3n 23\",\"description\":\"Peri\u00f3dico 100% Petromacorisano\",\"publisher\":{\"@id\":\"https:\\\/\\\/conexion23.com\\\/#organization\"},\"potentialAction\":[{\"@type\":\"SearchAction\",\"target\":{\"@type\":\"EntryPoint\",\"urlTemplate\":\"https:\\\/\\\/conexion23.com\\\/?s={search_term_string}\"},\"query-input\":{\"@type\":\"PropertyValueSpecification\",\"valueRequired\":true,\"valueName\":\"search_term_string\"}}],\"inLanguage\":\"es\"},{\"@type\":\"Organization\",\"@id\":\"https:\\\/\\\/conexion23.com\\\/#organization\",\"name\":\"Conexion 23\",\"url\":\"https:\\\/\\\/conexion23.com\\\/\",\"logo\":{\"@type\":\"ImageObject\",\"inLanguage\":\"es\",\"@id\":\"https:\\\/\\\/conexion23.com\\\/#\\\/schema\\\/logo\\\/image\\\/\",\"url\":\"https:\\\/\\\/conexion23.com\\\/wp-content\\\/uploads\\\/2021\\\/11\\\/Diseno-sin-titulo-2.png\",\"contentUrl\":\"https:\\\/\\\/conexion23.com\\\/wp-content\\\/uploads\\\/2021\\\/11\\\/Diseno-sin-titulo-2.png\",\"width\":541,\"height\":90,\"caption\":\"Conexion 23\"},\"image\":{\"@id\":\"https:\\\/\\\/conexion23.com\\\/#\\\/schema\\\/logo\\\/image\\\/\"},\"sameAs\":[\"https:\\\/\\\/www.facebook.com\\\/conexion23com\",\"https:\\\/\\\/www.instagram.com\\\/conexion23com\\\/\",\"https:\\\/\\\/www.youtube.com\\\/channel\\\/UCYc7vxxFZMYLIHNsHHxPZ3Q\"]},{\"@type\":\"Person\",\"@id\":\"https:\\\/\\\/conexion23.com\\\/#\\\/schema\\\/person\\\/03e36043331117e97a373299bbcd30a6\",\"name\":\"Raffy Ben\u00edtez\",\"image\":{\"@type\":\"ImageObject\",\"inLanguage\":\"es\",\"@id\":\"https:\\\/\\\/secure.gravatar.com\\\/avatar\\\/3190a6a6c5e1b0327500f7d6c56b6242472ee6cb974cf09b401ee6b3b0798f23?s=96&d=mm&r=g\",\"url\":\"https:\\\/\\\/secure.gravatar.com\\\/avatar\\\/3190a6a6c5e1b0327500f7d6c56b6242472ee6cb974cf09b401ee6b3b0798f23?s=96&d=mm&r=g\",\"contentUrl\":\"https:\\\/\\\/secure.gravatar.com\\\/avatar\\\/3190a6a6c5e1b0327500f7d6c56b6242472ee6cb974cf09b401ee6b3b0798f23?s=96&d=mm&r=g\",\"caption\":\"Raffy Ben\u00edtez\"},\"url\":\"https:\\\/\\\/conexion23.com\\\/?author=15\"}]}<\/script>\n<!-- \/ Yoast SEO plugin. -->","yoast_head_json":{"title":"Estrellas Orientales anuncian relevistas Dolis y Blanco estar\u00e1n la pr\u00f3xima semana en el conjunto. - Conexi\u00f3n 23","robots":{"index":"index","follow":"follow","max-snippet":"max-snippet:-1","max-image-preview":"max-image-preview:large","max-video-preview":"max-video-preview:-1"},"canonical":"https:\/\/conexion23.com\/?p=12092","og_locale":"es_ES","og_type":"article","og_title":"Estrellas Orientales anuncian relevistas Dolis y Blanco estar\u00e1n la pr\u00f3xima semana en el conjunto. - Conexi\u00f3n 23","og_description":"Las Estrellas podr\u00e1n contar esta temporada con los servicios de los relevistas Rafael Dolis y Ronel Blanco a partir de la pr\u00f3xima semana, as\u00ed lo anunci\u00f3 su gerente general, F\u00e9lix Peguero. Dolis, con amplia experiencia de Grandes Ligas, no lanza en el b\u00e9isbol profesional dominicano desde la temporada 2015-2016, despu\u00e9s de la cual lanz\u00f3 en [&hellip;]","og_url":"https:\/\/conexion23.com\/?p=12092","og_site_name":"Conexi\u00f3n 23","article_publisher":"https:\/\/www.facebook.com\/conexion23com","article_published_time":"2022-10-19T00:25:19+00:00","article_modified_time":"2022-10-19T00:32:52+00:00","author":"Raffy Ben\u00edtez","twitter_card":"summary_large_image","twitter_misc":{"Escrito por":"Raffy Ben\u00edtez","Tiempo de lectura":"2 minutos"},"schema":{"@context":"https:\/\/schema.org","@graph":[{"@type":"Article","@id":"https:\/\/conexion23.com\/?p=12092#article","isPartOf":{"@id":"https:\/\/conexion23.com\/?p=12092"},"author":{"name":"Raffy Ben\u00edtez","@id":"https:\/\/conexion23.com\/#\/schema\/person\/03e36043331117e97a373299bbcd30a6"},"headline":"Estrellas Orientales anuncian relevistas Dolis y Blanco estar\u00e1n la pr\u00f3xima semana en el conjunto.","datePublished":"2022-10-19T00:25:19+00:00","dateModified":"2022-10-19T00:32:52+00:00","mainEntityOfPage":{"@id":"https:\/\/conexion23.com\/?p=12092"},"wordCount":241,"commentCount":0,"publisher":{"@id":"https:\/\/conexion23.com\/#organization"},"articleSection":["Deportes"],"inLanguage":"es","potentialAction":[{"@type":"CommentAction","name":"Comment","target":["https:\/\/conexion23.com\/?p=12092#respond"]}]},{"@type":"WebPage","@id":"https:\/\/conexion23.com\/?p=12092","url":"https:\/\/conexion23.com\/?p=12092","name":"Estrellas Orientales anuncian relevistas Dolis y Blanco estar\u00e1n la pr\u00f3xima semana en el conjunto. - Conexi\u00f3n 23","isPartOf":{"@id":"https:\/\/conexion23.com\/#website"},"datePublished":"2022-10-19T00:25:19+00:00","dateModified":"2022-10-19T00:32:52+00:00","breadcrumb":{"@id":"https:\/\/conexion23.com\/?p=12092#breadcrumb"},"inLanguage":"es","potentialAction":[{"@type":"ReadAction","target":["https:\/\/conexion23.com\/?p=12092"]}]},{"@type":"BreadcrumbList","@id":"https:\/\/conexion23.com\/?p=12092#breadcrumb","itemListElement":[{"@type":"ListItem","position":1,"name":"Portada","item":"https:\/\/conexion23.com\/"},{"@type":"ListItem","position":2,"name":"Estrellas Orientales anuncian relevistas Dolis y Blanco estar\u00e1n la pr\u00f3xima semana en el conjunto."}]},{"@type":"WebSite","@id":"https:\/\/conexion23.com\/#website","url":"https:\/\/conexion23.com\/","name":"Conexi\u00f3n 23","description":"Peri\u00f3dico 100% Petromacorisano","publisher":{"@id":"https:\/\/conexion23.com\/#organization"},"potentialAction":[{"@type":"SearchAction","target":{"@type":"EntryPoint","urlTemplate":"https:\/\/conexion23.com\/?s={search_term_string}"},"query-input":{"@type":"PropertyValueSpecification","valueRequired":true,"valueName":"search_term_string"}}],"inLanguage":"es"},{"@type":"Organization","@id":"https:\/\/conexion23.com\/#organization","name":"Conexion 23","url":"https:\/\/conexion23.com\/","logo":{"@type":"ImageObject","inLanguage":"es","@id":"https:\/\/conexion23.com\/#\/schema\/logo\/image\/","url":"https:\/\/conexion23.com\/wp-content\/uploads\/2021\/11\/Diseno-sin-titulo-2.png","contentUrl":"https:\/\/conexion23.com\/wp-content\/uploads\/2021\/11\/Diseno-sin-titulo-2.png","width":541,"height":90,"caption":"Conexion 23"},"image":{"@id":"https:\/\/conexion23.com\/#\/schema\/logo\/image\/"},"sameAs":["https:\/\/www.facebook.com\/conexion23com","https:\/\/www.instagram.com\/conexion23com\/","https:\/\/www.youtube.com\/channel\/UCYc7vxxFZMYLIHNsHHxPZ3Q"]},{"@type":"Person","@id":"https:\/\/conexion23.com\/#\/schema\/person\/03e36043331117e97a373299bbcd30a6","name":"Raffy Ben\u00edtez","image":{"@type":"ImageObject","inLanguage":"es","@id":"https:\/\/secure.gravatar.com\/avatar\/3190a6a6c5e1b0327500f7d6c56b6242472ee6cb974cf09b401ee6b3b0798f23?s=96&d=mm&r=g","url":"https:\/\/secure.gravatar.com\/avatar\/3190a6a6c5e1b0327500f7d6c56b6242472ee6cb974cf09b401ee6b3b0798f23?s=96&d=mm&r=g","contentUrl":"https:\/\/secure.gravatar.com\/avatar\/3190a6a6c5e1b0327500f7d6c56b6242472ee6cb974cf09b401ee6b3b0798f23?s=96&d=mm&r=g","caption":"Raffy Ben\u00edtez"},"url":"https:\/\/conexion23.com\/?author=15"}]}},"_links":{"self":[{"href":"https:\/\/conexion23.com\/index.php?rest_route=\/wp\/v2\/posts\/12092","targetHints":{"allow":["GET"]}}],"collection":[{"href":"https:\/\/conexion23.com\/index.php?rest_route=\/wp\/v2\/posts"}],"about":[{"href":"https:\/\/conexion23.com\/index.php?rest_route=\/wp\/v2\/types\/post"}],"author":[{"embeddable":true,"href":"https:\/\/conexion23.com\/index.php?rest_route=\/wp\/v2\/users\/15"}],"replies":[{"embeddable":true,"href":"https:\/\/conexion23.com\/index.php?rest_route=%2Fwp%2Fv2%2Fcomments&post=12092"}],"version-history":[{"count":1,"href":"https:\/\/conexion23.com\/index.php?rest_route=\/wp\/v2\/posts\/12092\/revisions"}],"predecessor-version":[{"id":12094,"href":"https:\/\/conexion23.com\/index.php?rest_route=\/wp\/v2\/posts\/12092\/revisions\/12094"}],"wp:attachment":[{"href":"https:\/\/conexion23.com\/index.php?rest_route=%2Fwp%2Fv2%2Fmedia&parent=12092"}],"wp:term":[{"taxonomy":"category","embeddable":true,"href":"https:\/\/conexion23.com\/index.php?rest_route=%2Fwp%2Fv2%2Fcategories&post=12092"},{"taxonomy":"post_tag","embeddable":true,"href":"https:\/\/conexion23.com\/index.php?rest_route=%2Fwp%2Fv2%2Ftags&post=12092"}],"curies":[{"name":"wp","href":"https:\/\/api.w.org\/{rel}","templated":true}]}}