{"id":12102,"date":"2022-10-19T10:43:11","date_gmt":"2022-10-19T14:43:11","guid":{"rendered":"https:\/\/conexion23.com\/?p=12102"},"modified":"2022-10-19T10:43:16","modified_gmt":"2022-10-19T14:43:16","slug":"confirman-muerte-de-otra-persona-en-choque-vinculado-a-mantequilla","status":"publish","type":"post","link":"https:\/\/conexion23.com\/?p=12102","title":{"rendered":"Confirman muerte de otra persona en choque vinculado a Mantequilla"},"content":{"rendered":"\n<p class=\"wp-block-paragraph\">Fue confirmada este mi\u00e9rcoles la muerte de una segunda persona en un accidente de tr\u00e1nsito ocurrido en la comunidad El Rodeo,  en el cual tambi\u00e9n pereci\u00f3 un compa\u00f1ero de labores de \u00a0Wilkin Garc\u00eda (Mantequilla), quien operaba una empresa financiera \u00a0que ofrec\u00eda a sus clientes multiplicarles el dinero que invirtieran.<\/p>\n\n\n\n<p class=\"wp-block-paragraph\">El martes en la noche, cuando ocurri\u00f3 el \u00abaccidente\u00bb se inform\u00f3 sobre la muerte de Kelvin de Jes\u00fas Felipe Reyes, de 34 a\u00f1os, y este mi\u00e9rcoles en la ma\u00f1ana se confirm\u00f3 la de Dulce Mar\u00eda Romero (Malena), de 52 a\u00f1os, quien era madrastra de Mantequilla.&nbsp;&nbsp;Ambos sufrieron fuertes contusiones cuando una camioneta Hilux, blanca, en que viajaban, se estrell\u00f3 con un poste del tendido el\u00e9ctrico.<\/p>\n\n\n\n<p class=\"wp-block-paragraph\">Reyes falleci\u00f3 en la escena y Romero en el hospital \u00c1ngel Contreras Mej\u00eda de Monte Plata, a donde hab\u00eda sido llevada en estado grave.<\/p>\n\n\n\n<p class=\"wp-block-paragraph\">En el veh\u00edculo tambi\u00e9n viajaba el padre de Mantequilla, quien result\u00f3 seriamente lesionado y fue trasladado a un centro de la Capital.<\/p>\n\n\n\n<p class=\"wp-block-paragraph\">Versiones no confirmadas refieren que el conductor de la camioneta, supuestamente, sinti\u00f3 que eran perseguidos y aceler\u00f3.<\/p>\n\n\n\n<p class=\"wp-block-paragraph\"><\/p>\n\n\n\n<p class=\"wp-block-paragraph\"><\/p>\n\n\n\n<p class=\"wp-block-paragraph\"><\/p>\n\n\n\n<p class=\"wp-block-paragraph\"><a href=\"https:\/\/www.facebook.com\/sharer.php?u=https%3A%2F%2Floultimodigital.com%2Fconfirman-muerte-en-choque-de-otra-persona-ligada-a-mantequilla%2F\"><\/a><\/p>\n\n\n\n<p class=\"wp-block-paragraph\"><a href=\"https:\/\/www.facebook.com\/sharer.php?u=https%3A%2F%2Floultimodigital.com%2Fconfirman-muerte-en-choque-de-otra-persona-ligada-a-mantequilla%2F\"><\/a><a href=\"https:\/\/twitter.com\/intent\/tweet?text=Confirman+muerte+en+choque+de+otra+persona+ligada+a+Mantequilla&amp;url=https%3A%2F%2Floultimodigital.com%2Fconfirman-muerte-en-choque-de-otra-persona-ligada-a-mantequilla%2F&amp;via=Lo+%C3%9Altimo+Digital\"><\/a><a href=\"https:\/\/api.whatsapp.com\/send?text=Confirman+muerte+en+choque+de+otra+persona+ligada+a+Mantequilla%20%0A%0A%20https:\/\/loultimodigital.com\/confirman-muerte-en-choque-de-otra-persona-ligada-a-mantequilla\/\"><\/a><a href=\"https:\/\/telegram.me\/share\/url?url=https:\/\/loultimodigital.com\/confirman-muerte-en-choque-de-otra-persona-ligada-a-mantequilla\/&amp;text=Confirman+muerte+en+choque+de+otra+persona+ligada+a+Mantequilla\"><\/a><\/p>\n","protected":false},"excerpt":{"rendered":"<p>Fue confirmada este mi\u00e9rcoles la muerte de una segunda persona en un accidente de tr\u00e1nsito ocurrido en la comunidad El Rodeo, en el cual tambi\u00e9n pereci\u00f3 un compa\u00f1ero de labores de \u00a0Wilkin Garc\u00eda (Mantequilla), quien operaba una empresa financiera \u00a0que ofrec\u00eda a sus clientes multiplicarles el dinero que invirtieran. El martes en la noche, cuando [&hellip;]<\/p>\n","protected":false},"author":15,"featured_media":0,"comment_status":"open","ping_status":"open","sticky":false,"template":"","format":"standard","meta":{"footnotes":""},"categories":[1],"tags":[],"class_list":["post-12102","post","type-post","status-publish","format-standard","category-uncategorized"],"yoast_head":"<!-- This site is optimized with the Yoast SEO plugin v27.6 - https:\/\/yoast.com\/product\/yoast-seo-wordpress\/ -->\n<title>Confirman muerte de otra persona en choque vinculado a Mantequilla - Conexi\u00f3n 23<\/title>\n<meta name=\"robots\" content=\"index, follow, max-snippet:-1, max-image-preview:large, max-video-preview:-1\" \/>\n<link rel=\"canonical\" href=\"https:\/\/conexion23.com\/?p=12102\" \/>\n<meta property=\"og:locale\" content=\"es_ES\" \/>\n<meta property=\"og:type\" content=\"article\" \/>\n<meta property=\"og:title\" content=\"Confirman muerte de otra persona en choque vinculado a Mantequilla - Conexi\u00f3n 23\" \/>\n<meta property=\"og:description\" content=\"Fue confirmada este mi\u00e9rcoles la muerte de una segunda persona en un accidente de tr\u00e1nsito ocurrido en la comunidad El Rodeo, en el cual tambi\u00e9n pereci\u00f3 un compa\u00f1ero de labores de \u00a0Wilkin Garc\u00eda (Mantequilla), quien operaba una empresa financiera \u00a0que ofrec\u00eda a sus clientes multiplicarles el dinero que invirtieran. El martes en la noche, cuando [&hellip;]\" \/>\n<meta property=\"og:url\" content=\"https:\/\/conexion23.com\/?p=12102\" \/>\n<meta property=\"og:site_name\" content=\"Conexi\u00f3n 23\" \/>\n<meta property=\"article:publisher\" content=\"https:\/\/www.facebook.com\/conexion23com\" \/>\n<meta property=\"article:published_time\" content=\"2022-10-19T14:43:11+00:00\" \/>\n<meta property=\"article:modified_time\" content=\"2022-10-19T14:43:16+00:00\" \/>\n<meta name=\"author\" content=\"Raffy Ben\u00edtez\" \/>\n<meta name=\"twitter:card\" content=\"summary_large_image\" \/>\n<meta name=\"twitter:label1\" content=\"Escrito por\" \/>\n\t<meta name=\"twitter:data1\" content=\"Raffy Ben\u00edtez\" \/>\n\t<meta name=\"twitter:label2\" content=\"Tiempo de lectura\" \/>\n\t<meta name=\"twitter:data2\" content=\"1 minuto\" \/>\n<script type=\"application\/ld+json\" class=\"yoast-schema-graph\">{\"@context\":\"https:\\\/\\\/schema.org\",\"@graph\":[{\"@type\":\"Article\",\"@id\":\"https:\\\/\\\/conexion23.com\\\/?p=12102#article\",\"isPartOf\":{\"@id\":\"https:\\\/\\\/conexion23.com\\\/?p=12102\"},\"author\":{\"name\":\"Raffy Ben\u00edtez\",\"@id\":\"https:\\\/\\\/conexion23.com\\\/#\\\/schema\\\/person\\\/03e36043331117e97a373299bbcd30a6\"},\"headline\":\"Confirman muerte de otra persona en choque vinculado a Mantequilla\",\"datePublished\":\"2022-10-19T14:43:11+00:00\",\"dateModified\":\"2022-10-19T14:43:16+00:00\",\"mainEntityOfPage\":{\"@id\":\"https:\\\/\\\/conexion23.com\\\/?p=12102\"},\"wordCount\":204,\"commentCount\":0,\"publisher\":{\"@id\":\"https:\\\/\\\/conexion23.com\\\/#organization\"},\"articleSection\":[\"Uncategorized\"],\"inLanguage\":\"es\",\"potentialAction\":[{\"@type\":\"CommentAction\",\"name\":\"Comment\",\"target\":[\"https:\\\/\\\/conexion23.com\\\/?p=12102#respond\"]}]},{\"@type\":\"WebPage\",\"@id\":\"https:\\\/\\\/conexion23.com\\\/?p=12102\",\"url\":\"https:\\\/\\\/conexion23.com\\\/?p=12102\",\"name\":\"Confirman muerte de otra persona en choque vinculado a Mantequilla - Conexi\u00f3n 23\",\"isPartOf\":{\"@id\":\"https:\\\/\\\/conexion23.com\\\/#website\"},\"datePublished\":\"2022-10-19T14:43:11+00:00\",\"dateModified\":\"2022-10-19T14:43:16+00:00\",\"breadcrumb\":{\"@id\":\"https:\\\/\\\/conexion23.com\\\/?p=12102#breadcrumb\"},\"inLanguage\":\"es\",\"potentialAction\":[{\"@type\":\"ReadAction\",\"target\":[\"https:\\\/\\\/conexion23.com\\\/?p=12102\"]}]},{\"@type\":\"BreadcrumbList\",\"@id\":\"https:\\\/\\\/conexion23.com\\\/?p=12102#breadcrumb\",\"itemListElement\":[{\"@type\":\"ListItem\",\"position\":1,\"name\":\"Portada\",\"item\":\"https:\\\/\\\/conexion23.com\\\/\"},{\"@type\":\"ListItem\",\"position\":2,\"name\":\"Confirman muerte de otra persona en choque vinculado a Mantequilla\"}]},{\"@type\":\"WebSite\",\"@id\":\"https:\\\/\\\/conexion23.com\\\/#website\",\"url\":\"https:\\\/\\\/conexion23.com\\\/\",\"name\":\"Conexi\u00f3n 23\",\"description\":\"Peri\u00f3dico 100% Petromacorisano\",\"publisher\":{\"@id\":\"https:\\\/\\\/conexion23.com\\\/#organization\"},\"potentialAction\":[{\"@type\":\"SearchAction\",\"target\":{\"@type\":\"EntryPoint\",\"urlTemplate\":\"https:\\\/\\\/conexion23.com\\\/?s={search_term_string}\"},\"query-input\":{\"@type\":\"PropertyValueSpecification\",\"valueRequired\":true,\"valueName\":\"search_term_string\"}}],\"inLanguage\":\"es\"},{\"@type\":\"Organization\",\"@id\":\"https:\\\/\\\/conexion23.com\\\/#organization\",\"name\":\"Conexion 23\",\"url\":\"https:\\\/\\\/conexion23.com\\\/\",\"logo\":{\"@type\":\"ImageObject\",\"inLanguage\":\"es\",\"@id\":\"https:\\\/\\\/conexion23.com\\\/#\\\/schema\\\/logo\\\/image\\\/\",\"url\":\"https:\\\/\\\/conexion23.com\\\/wp-content\\\/uploads\\\/2021\\\/11\\\/Diseno-sin-titulo-2.png\",\"contentUrl\":\"https:\\\/\\\/conexion23.com\\\/wp-content\\\/uploads\\\/2021\\\/11\\\/Diseno-sin-titulo-2.png\",\"width\":541,\"height\":90,\"caption\":\"Conexion 23\"},\"image\":{\"@id\":\"https:\\\/\\\/conexion23.com\\\/#\\\/schema\\\/logo\\\/image\\\/\"},\"sameAs\":[\"https:\\\/\\\/www.facebook.com\\\/conexion23com\",\"https:\\\/\\\/www.instagram.com\\\/conexion23com\\\/\",\"https:\\\/\\\/www.youtube.com\\\/channel\\\/UCYc7vxxFZMYLIHNsHHxPZ3Q\"]},{\"@type\":\"Person\",\"@id\":\"https:\\\/\\\/conexion23.com\\\/#\\\/schema\\\/person\\\/03e36043331117e97a373299bbcd30a6\",\"name\":\"Raffy Ben\u00edtez\",\"image\":{\"@type\":\"ImageObject\",\"inLanguage\":\"es\",\"@id\":\"https:\\\/\\\/secure.gravatar.com\\\/avatar\\\/3190a6a6c5e1b0327500f7d6c56b6242472ee6cb974cf09b401ee6b3b0798f23?s=96&d=mm&r=g\",\"url\":\"https:\\\/\\\/secure.gravatar.com\\\/avatar\\\/3190a6a6c5e1b0327500f7d6c56b6242472ee6cb974cf09b401ee6b3b0798f23?s=96&d=mm&r=g\",\"contentUrl\":\"https:\\\/\\\/secure.gravatar.com\\\/avatar\\\/3190a6a6c5e1b0327500f7d6c56b6242472ee6cb974cf09b401ee6b3b0798f23?s=96&d=mm&r=g\",\"caption\":\"Raffy Ben\u00edtez\"},\"url\":\"https:\\\/\\\/conexion23.com\\\/?author=15\"}]}<\/script>\n<!-- \/ Yoast SEO plugin. -->","yoast_head_json":{"title":"Confirman muerte de otra persona en choque vinculado a Mantequilla - Conexi\u00f3n 23","robots":{"index":"index","follow":"follow","max-snippet":"max-snippet:-1","max-image-preview":"max-image-preview:large","max-video-preview":"max-video-preview:-1"},"canonical":"https:\/\/conexion23.com\/?p=12102","og_locale":"es_ES","og_type":"article","og_title":"Confirman muerte de otra persona en choque vinculado a Mantequilla - Conexi\u00f3n 23","og_description":"Fue confirmada este mi\u00e9rcoles la muerte de una segunda persona en un accidente de tr\u00e1nsito ocurrido en la comunidad El Rodeo, en el cual tambi\u00e9n pereci\u00f3 un compa\u00f1ero de labores de \u00a0Wilkin Garc\u00eda (Mantequilla), quien operaba una empresa financiera \u00a0que ofrec\u00eda a sus clientes multiplicarles el dinero que invirtieran. El martes en la noche, cuando [&hellip;]","og_url":"https:\/\/conexion23.com\/?p=12102","og_site_name":"Conexi\u00f3n 23","article_publisher":"https:\/\/www.facebook.com\/conexion23com","article_published_time":"2022-10-19T14:43:11+00:00","article_modified_time":"2022-10-19T14:43:16+00:00","author":"Raffy Ben\u00edtez","twitter_card":"summary_large_image","twitter_misc":{"Escrito por":"Raffy Ben\u00edtez","Tiempo de lectura":"1 minuto"},"schema":{"@context":"https:\/\/schema.org","@graph":[{"@type":"Article","@id":"https:\/\/conexion23.com\/?p=12102#article","isPartOf":{"@id":"https:\/\/conexion23.com\/?p=12102"},"author":{"name":"Raffy Ben\u00edtez","@id":"https:\/\/conexion23.com\/#\/schema\/person\/03e36043331117e97a373299bbcd30a6"},"headline":"Confirman muerte de otra persona en choque vinculado a Mantequilla","datePublished":"2022-10-19T14:43:11+00:00","dateModified":"2022-10-19T14:43:16+00:00","mainEntityOfPage":{"@id":"https:\/\/conexion23.com\/?p=12102"},"wordCount":204,"commentCount":0,"publisher":{"@id":"https:\/\/conexion23.com\/#organization"},"articleSection":["Uncategorized"],"inLanguage":"es","potentialAction":[{"@type":"CommentAction","name":"Comment","target":["https:\/\/conexion23.com\/?p=12102#respond"]}]},{"@type":"WebPage","@id":"https:\/\/conexion23.com\/?p=12102","url":"https:\/\/conexion23.com\/?p=12102","name":"Confirman muerte de otra persona en choque vinculado a Mantequilla - Conexi\u00f3n 23","isPartOf":{"@id":"https:\/\/conexion23.com\/#website"},"datePublished":"2022-10-19T14:43:11+00:00","dateModified":"2022-10-19T14:43:16+00:00","breadcrumb":{"@id":"https:\/\/conexion23.com\/?p=12102#breadcrumb"},"inLanguage":"es","potentialAction":[{"@type":"ReadAction","target":["https:\/\/conexion23.com\/?p=12102"]}]},{"@type":"BreadcrumbList","@id":"https:\/\/conexion23.com\/?p=12102#breadcrumb","itemListElement":[{"@type":"ListItem","position":1,"name":"Portada","item":"https:\/\/conexion23.com\/"},{"@type":"ListItem","position":2,"name":"Confirman muerte de otra persona en choque vinculado a Mantequilla"}]},{"@type":"WebSite","@id":"https:\/\/conexion23.com\/#website","url":"https:\/\/conexion23.com\/","name":"Conexi\u00f3n 23","description":"Peri\u00f3dico 100% Petromacorisano","publisher":{"@id":"https:\/\/conexion23.com\/#organization"},"potentialAction":[{"@type":"SearchAction","target":{"@type":"EntryPoint","urlTemplate":"https:\/\/conexion23.com\/?s={search_term_string}"},"query-input":{"@type":"PropertyValueSpecification","valueRequired":true,"valueName":"search_term_string"}}],"inLanguage":"es"},{"@type":"Organization","@id":"https:\/\/conexion23.com\/#organization","name":"Conexion 23","url":"https:\/\/conexion23.com\/","logo":{"@type":"ImageObject","inLanguage":"es","@id":"https:\/\/conexion23.com\/#\/schema\/logo\/image\/","url":"https:\/\/conexion23.com\/wp-content\/uploads\/2021\/11\/Diseno-sin-titulo-2.png","contentUrl":"https:\/\/conexion23.com\/wp-content\/uploads\/2021\/11\/Diseno-sin-titulo-2.png","width":541,"height":90,"caption":"Conexion 23"},"image":{"@id":"https:\/\/conexion23.com\/#\/schema\/logo\/image\/"},"sameAs":["https:\/\/www.facebook.com\/conexion23com","https:\/\/www.instagram.com\/conexion23com\/","https:\/\/www.youtube.com\/channel\/UCYc7vxxFZMYLIHNsHHxPZ3Q"]},{"@type":"Person","@id":"https:\/\/conexion23.com\/#\/schema\/person\/03e36043331117e97a373299bbcd30a6","name":"Raffy Ben\u00edtez","image":{"@type":"ImageObject","inLanguage":"es","@id":"https:\/\/secure.gravatar.com\/avatar\/3190a6a6c5e1b0327500f7d6c56b6242472ee6cb974cf09b401ee6b3b0798f23?s=96&d=mm&r=g","url":"https:\/\/secure.gravatar.com\/avatar\/3190a6a6c5e1b0327500f7d6c56b6242472ee6cb974cf09b401ee6b3b0798f23?s=96&d=mm&r=g","contentUrl":"https:\/\/secure.gravatar.com\/avatar\/3190a6a6c5e1b0327500f7d6c56b6242472ee6cb974cf09b401ee6b3b0798f23?s=96&d=mm&r=g","caption":"Raffy Ben\u00edtez"},"url":"https:\/\/conexion23.com\/?author=15"}]}},"_links":{"self":[{"href":"https:\/\/conexion23.com\/index.php?rest_route=\/wp\/v2\/posts\/12102","targetHints":{"allow":["GET"]}}],"collection":[{"href":"https:\/\/conexion23.com\/index.php?rest_route=\/wp\/v2\/posts"}],"about":[{"href":"https:\/\/conexion23.com\/index.php?rest_route=\/wp\/v2\/types\/post"}],"author":[{"embeddable":true,"href":"https:\/\/conexion23.com\/index.php?rest_route=\/wp\/v2\/users\/15"}],"replies":[{"embeddable":true,"href":"https:\/\/conexion23.com\/index.php?rest_route=%2Fwp%2Fv2%2Fcomments&post=12102"}],"version-history":[{"count":1,"href":"https:\/\/conexion23.com\/index.php?rest_route=\/wp\/v2\/posts\/12102\/revisions"}],"predecessor-version":[{"id":12108,"href":"https:\/\/conexion23.com\/index.php?rest_route=\/wp\/v2\/posts\/12102\/revisions\/12108"}],"wp:attachment":[{"href":"https:\/\/conexion23.com\/index.php?rest_route=%2Fwp%2Fv2%2Fmedia&parent=12102"}],"wp:term":[{"taxonomy":"category","embeddable":true,"href":"https:\/\/conexion23.com\/index.php?rest_route=%2Fwp%2Fv2%2Fcategories&post=12102"},{"taxonomy":"post_tag","embeddable":true,"href":"https:\/\/conexion23.com\/index.php?rest_route=%2Fwp%2Fv2%2Ftags&post=12102"}],"curies":[{"name":"wp","href":"https:\/\/api.w.org\/{rel}","templated":true}]}}