{"id":12341,"date":"2022-10-23T22:19:58","date_gmt":"2022-10-24T02:19:58","guid":{"rendered":"https:\/\/conexion23.com\/?p=12341"},"modified":"2022-10-23T22:20:02","modified_gmt":"2022-10-24T02:20:02","slug":"presidente-macron-la-paz-es-posible-en-ucrania","status":"publish","type":"post","link":"https:\/\/conexion23.com\/?p=12341","title":{"rendered":"Presidente Macron: la paz es posible en Ucrania"},"content":{"rendered":"\n<p class=\"wp-block-paragraph\">PARIS: \u00a0El presidente franc\u00e9s, Emmanuel Macron, ha defendido este domingo que \u00abla paz es posible\u00bb en Ucrania y ha asegurado que llegar\u00e1 \u00abcuando los ucranianos lo decidan\u00bb.<\/p>\n\n\n\n<p class=\"wp-block-paragraph\">\u00abNo dejemos que la paz sea reh\u00e9n por el poder ruso. La paz se construir\u00e1 con el otro, que es el enemigo de hoy, alrededor de una mesa\u00bb, ha afirmado el mandatario franc\u00e9s durante un encuentro por la paz con religiosos de varios credos reunidos en Roma.<\/p>\n\n\n\n<p class=\"wp-block-paragraph\">Adem\u00e1s, Macron ha destacado el papel absolutamente central de los ucranianos. \u00abUna paz es posible. Ser\u00e1 la que los ucranianos decidan cuando ellos decidan\u00bb, ha aseverado<\/p>\n\n\n\n<p class=\"wp-block-paragraph\">Macron ha se\u00f1alado tambi\u00e9n la diferencia entre el pueblo ruso y sus l\u00edderes. \u00abEsta guerra es la de una potencia que ha construido su propia narrativa para justificarla, pero no estoy seguro de que sea la guerra de toda Rusia\u00bb, ha argumentado.<\/p>\n\n\n\n<p class=\"wp-block-paragraph\">\u00abHablar con el pueblo ruso y con las conciencias es fundamental\u00bb, ha a\u00f1adido, aunque no descarta el di\u00e1logo con Putin, como s\u00ed lo hacen Estados Unidos y la mayor\u00eda de los l\u00edderes de la UE. Para Macron, es precisamente con el enemigo con quien debemos negociar.<\/p>\n\n\n\n<p class=\"wp-block-paragraph\">El l\u00edder galo ha ironizado tambi\u00e9n sobre la presencia de \u00e9l como jefe de una rep\u00fablica laica, de sus ej\u00e9rcitos, de un pa\u00eds \u00abequipado con armas nucleares\u00bb en un foro titulado \u2018El grito de la paz\u2019 con presencia de religiosos cristianos, jud\u00edos y musulmanes.<\/p>\n","protected":false},"excerpt":{"rendered":"<p>PARIS: \u00a0El presidente franc\u00e9s, Emmanuel Macron, ha defendido este domingo que \u00abla paz es posible\u00bb en Ucrania y ha asegurado que llegar\u00e1 \u00abcuando los ucranianos lo decidan\u00bb. \u00abNo dejemos que la paz sea reh\u00e9n por el poder ruso. La paz se construir\u00e1 con el otro, que es el enemigo de hoy, alrededor de una mesa\u00bb, [&hellip;]<\/p>\n","protected":false},"author":15,"featured_media":0,"comment_status":"open","ping_status":"open","sticky":false,"template":"","format":"standard","meta":{"footnotes":""},"categories":[1],"tags":[],"class_list":["post-12341","post","type-post","status-publish","format-standard","category-uncategorized"],"yoast_head":"<!-- This site is optimized with the Yoast SEO plugin v27.6 - https:\/\/yoast.com\/product\/yoast-seo-wordpress\/ -->\n<title>Presidente Macron: la paz es posible en Ucrania - Conexi\u00f3n 23<\/title>\n<meta name=\"robots\" content=\"index, follow, max-snippet:-1, max-image-preview:large, max-video-preview:-1\" \/>\n<link rel=\"canonical\" href=\"https:\/\/conexion23.com\/?p=12341\" \/>\n<meta property=\"og:locale\" content=\"es_ES\" \/>\n<meta property=\"og:type\" content=\"article\" \/>\n<meta property=\"og:title\" content=\"Presidente Macron: la paz es posible en Ucrania - Conexi\u00f3n 23\" \/>\n<meta property=\"og:description\" content=\"PARIS: \u00a0El presidente franc\u00e9s, Emmanuel Macron, ha defendido este domingo que \u00abla paz es posible\u00bb en Ucrania y ha asegurado que llegar\u00e1 \u00abcuando los ucranianos lo decidan\u00bb. \u00abNo dejemos que la paz sea reh\u00e9n por el poder ruso. La paz se construir\u00e1 con el otro, que es el enemigo de hoy, alrededor de una mesa\u00bb, [&hellip;]\" \/>\n<meta property=\"og:url\" content=\"https:\/\/conexion23.com\/?p=12341\" \/>\n<meta property=\"og:site_name\" content=\"Conexi\u00f3n 23\" \/>\n<meta property=\"article:publisher\" content=\"https:\/\/www.facebook.com\/conexion23com\" \/>\n<meta property=\"article:published_time\" content=\"2022-10-24T02:19:58+00:00\" \/>\n<meta property=\"article:modified_time\" content=\"2022-10-24T02:20:02+00:00\" \/>\n<meta name=\"author\" content=\"Raffy Ben\u00edtez\" \/>\n<meta name=\"twitter:card\" content=\"summary_large_image\" \/>\n<meta name=\"twitter:label1\" content=\"Escrito por\" \/>\n\t<meta name=\"twitter:data1\" content=\"Raffy Ben\u00edtez\" \/>\n\t<meta name=\"twitter:label2\" content=\"Tiempo de lectura\" \/>\n\t<meta name=\"twitter:data2\" content=\"2 minutos\" \/>\n<script type=\"application\/ld+json\" class=\"yoast-schema-graph\">{\"@context\":\"https:\\\/\\\/schema.org\",\"@graph\":[{\"@type\":\"Article\",\"@id\":\"https:\\\/\\\/conexion23.com\\\/?p=12341#article\",\"isPartOf\":{\"@id\":\"https:\\\/\\\/conexion23.com\\\/?p=12341\"},\"author\":{\"name\":\"Raffy Ben\u00edtez\",\"@id\":\"https:\\\/\\\/conexion23.com\\\/#\\\/schema\\\/person\\\/03e36043331117e97a373299bbcd30a6\"},\"headline\":\"Presidente Macron: la paz es posible en Ucrania\",\"datePublished\":\"2022-10-24T02:19:58+00:00\",\"dateModified\":\"2022-10-24T02:20:02+00:00\",\"mainEntityOfPage\":{\"@id\":\"https:\\\/\\\/conexion23.com\\\/?p=12341\"},\"wordCount\":257,\"commentCount\":0,\"publisher\":{\"@id\":\"https:\\\/\\\/conexion23.com\\\/#organization\"},\"articleSection\":[\"Uncategorized\"],\"inLanguage\":\"es\",\"potentialAction\":[{\"@type\":\"CommentAction\",\"name\":\"Comment\",\"target\":[\"https:\\\/\\\/conexion23.com\\\/?p=12341#respond\"]}]},{\"@type\":\"WebPage\",\"@id\":\"https:\\\/\\\/conexion23.com\\\/?p=12341\",\"url\":\"https:\\\/\\\/conexion23.com\\\/?p=12341\",\"name\":\"Presidente Macron: la paz es posible en Ucrania - Conexi\u00f3n 23\",\"isPartOf\":{\"@id\":\"https:\\\/\\\/conexion23.com\\\/#website\"},\"datePublished\":\"2022-10-24T02:19:58+00:00\",\"dateModified\":\"2022-10-24T02:20:02+00:00\",\"breadcrumb\":{\"@id\":\"https:\\\/\\\/conexion23.com\\\/?p=12341#breadcrumb\"},\"inLanguage\":\"es\",\"potentialAction\":[{\"@type\":\"ReadAction\",\"target\":[\"https:\\\/\\\/conexion23.com\\\/?p=12341\"]}]},{\"@type\":\"BreadcrumbList\",\"@id\":\"https:\\\/\\\/conexion23.com\\\/?p=12341#breadcrumb\",\"itemListElement\":[{\"@type\":\"ListItem\",\"position\":1,\"name\":\"Portada\",\"item\":\"https:\\\/\\\/conexion23.com\\\/\"},{\"@type\":\"ListItem\",\"position\":2,\"name\":\"Presidente Macron: la paz es posible en Ucrania\"}]},{\"@type\":\"WebSite\",\"@id\":\"https:\\\/\\\/conexion23.com\\\/#website\",\"url\":\"https:\\\/\\\/conexion23.com\\\/\",\"name\":\"Conexi\u00f3n 23\",\"description\":\"Peri\u00f3dico 100% Petromacorisano\",\"publisher\":{\"@id\":\"https:\\\/\\\/conexion23.com\\\/#organization\"},\"potentialAction\":[{\"@type\":\"SearchAction\",\"target\":{\"@type\":\"EntryPoint\",\"urlTemplate\":\"https:\\\/\\\/conexion23.com\\\/?s={search_term_string}\"},\"query-input\":{\"@type\":\"PropertyValueSpecification\",\"valueRequired\":true,\"valueName\":\"search_term_string\"}}],\"inLanguage\":\"es\"},{\"@type\":\"Organization\",\"@id\":\"https:\\\/\\\/conexion23.com\\\/#organization\",\"name\":\"Conexion 23\",\"url\":\"https:\\\/\\\/conexion23.com\\\/\",\"logo\":{\"@type\":\"ImageObject\",\"inLanguage\":\"es\",\"@id\":\"https:\\\/\\\/conexion23.com\\\/#\\\/schema\\\/logo\\\/image\\\/\",\"url\":\"https:\\\/\\\/conexion23.com\\\/wp-content\\\/uploads\\\/2021\\\/11\\\/Diseno-sin-titulo-2.png\",\"contentUrl\":\"https:\\\/\\\/conexion23.com\\\/wp-content\\\/uploads\\\/2021\\\/11\\\/Diseno-sin-titulo-2.png\",\"width\":541,\"height\":90,\"caption\":\"Conexion 23\"},\"image\":{\"@id\":\"https:\\\/\\\/conexion23.com\\\/#\\\/schema\\\/logo\\\/image\\\/\"},\"sameAs\":[\"https:\\\/\\\/www.facebook.com\\\/conexion23com\",\"https:\\\/\\\/www.instagram.com\\\/conexion23com\\\/\",\"https:\\\/\\\/www.youtube.com\\\/channel\\\/UCYc7vxxFZMYLIHNsHHxPZ3Q\"]},{\"@type\":\"Person\",\"@id\":\"https:\\\/\\\/conexion23.com\\\/#\\\/schema\\\/person\\\/03e36043331117e97a373299bbcd30a6\",\"name\":\"Raffy Ben\u00edtez\",\"image\":{\"@type\":\"ImageObject\",\"inLanguage\":\"es\",\"@id\":\"https:\\\/\\\/secure.gravatar.com\\\/avatar\\\/3190a6a6c5e1b0327500f7d6c56b6242472ee6cb974cf09b401ee6b3b0798f23?s=96&d=mm&r=g\",\"url\":\"https:\\\/\\\/secure.gravatar.com\\\/avatar\\\/3190a6a6c5e1b0327500f7d6c56b6242472ee6cb974cf09b401ee6b3b0798f23?s=96&d=mm&r=g\",\"contentUrl\":\"https:\\\/\\\/secure.gravatar.com\\\/avatar\\\/3190a6a6c5e1b0327500f7d6c56b6242472ee6cb974cf09b401ee6b3b0798f23?s=96&d=mm&r=g\",\"caption\":\"Raffy Ben\u00edtez\"},\"url\":\"https:\\\/\\\/conexion23.com\\\/?author=15\"}]}<\/script>\n<!-- \/ Yoast SEO plugin. -->","yoast_head_json":{"title":"Presidente Macron: la paz es posible en Ucrania - Conexi\u00f3n 23","robots":{"index":"index","follow":"follow","max-snippet":"max-snippet:-1","max-image-preview":"max-image-preview:large","max-video-preview":"max-video-preview:-1"},"canonical":"https:\/\/conexion23.com\/?p=12341","og_locale":"es_ES","og_type":"article","og_title":"Presidente Macron: la paz es posible en Ucrania - Conexi\u00f3n 23","og_description":"PARIS: \u00a0El presidente franc\u00e9s, Emmanuel Macron, ha defendido este domingo que \u00abla paz es posible\u00bb en Ucrania y ha asegurado que llegar\u00e1 \u00abcuando los ucranianos lo decidan\u00bb. \u00abNo dejemos que la paz sea reh\u00e9n por el poder ruso. La paz se construir\u00e1 con el otro, que es el enemigo de hoy, alrededor de una mesa\u00bb, [&hellip;]","og_url":"https:\/\/conexion23.com\/?p=12341","og_site_name":"Conexi\u00f3n 23","article_publisher":"https:\/\/www.facebook.com\/conexion23com","article_published_time":"2022-10-24T02:19:58+00:00","article_modified_time":"2022-10-24T02:20:02+00:00","author":"Raffy Ben\u00edtez","twitter_card":"summary_large_image","twitter_misc":{"Escrito por":"Raffy Ben\u00edtez","Tiempo de lectura":"2 minutos"},"schema":{"@context":"https:\/\/schema.org","@graph":[{"@type":"Article","@id":"https:\/\/conexion23.com\/?p=12341#article","isPartOf":{"@id":"https:\/\/conexion23.com\/?p=12341"},"author":{"name":"Raffy Ben\u00edtez","@id":"https:\/\/conexion23.com\/#\/schema\/person\/03e36043331117e97a373299bbcd30a6"},"headline":"Presidente Macron: la paz es posible en Ucrania","datePublished":"2022-10-24T02:19:58+00:00","dateModified":"2022-10-24T02:20:02+00:00","mainEntityOfPage":{"@id":"https:\/\/conexion23.com\/?p=12341"},"wordCount":257,"commentCount":0,"publisher":{"@id":"https:\/\/conexion23.com\/#organization"},"articleSection":["Uncategorized"],"inLanguage":"es","potentialAction":[{"@type":"CommentAction","name":"Comment","target":["https:\/\/conexion23.com\/?p=12341#respond"]}]},{"@type":"WebPage","@id":"https:\/\/conexion23.com\/?p=12341","url":"https:\/\/conexion23.com\/?p=12341","name":"Presidente Macron: la paz es posible en Ucrania - Conexi\u00f3n 23","isPartOf":{"@id":"https:\/\/conexion23.com\/#website"},"datePublished":"2022-10-24T02:19:58+00:00","dateModified":"2022-10-24T02:20:02+00:00","breadcrumb":{"@id":"https:\/\/conexion23.com\/?p=12341#breadcrumb"},"inLanguage":"es","potentialAction":[{"@type":"ReadAction","target":["https:\/\/conexion23.com\/?p=12341"]}]},{"@type":"BreadcrumbList","@id":"https:\/\/conexion23.com\/?p=12341#breadcrumb","itemListElement":[{"@type":"ListItem","position":1,"name":"Portada","item":"https:\/\/conexion23.com\/"},{"@type":"ListItem","position":2,"name":"Presidente Macron: la paz es posible en Ucrania"}]},{"@type":"WebSite","@id":"https:\/\/conexion23.com\/#website","url":"https:\/\/conexion23.com\/","name":"Conexi\u00f3n 23","description":"Peri\u00f3dico 100% Petromacorisano","publisher":{"@id":"https:\/\/conexion23.com\/#organization"},"potentialAction":[{"@type":"SearchAction","target":{"@type":"EntryPoint","urlTemplate":"https:\/\/conexion23.com\/?s={search_term_string}"},"query-input":{"@type":"PropertyValueSpecification","valueRequired":true,"valueName":"search_term_string"}}],"inLanguage":"es"},{"@type":"Organization","@id":"https:\/\/conexion23.com\/#organization","name":"Conexion 23","url":"https:\/\/conexion23.com\/","logo":{"@type":"ImageObject","inLanguage":"es","@id":"https:\/\/conexion23.com\/#\/schema\/logo\/image\/","url":"https:\/\/conexion23.com\/wp-content\/uploads\/2021\/11\/Diseno-sin-titulo-2.png","contentUrl":"https:\/\/conexion23.com\/wp-content\/uploads\/2021\/11\/Diseno-sin-titulo-2.png","width":541,"height":90,"caption":"Conexion 23"},"image":{"@id":"https:\/\/conexion23.com\/#\/schema\/logo\/image\/"},"sameAs":["https:\/\/www.facebook.com\/conexion23com","https:\/\/www.instagram.com\/conexion23com\/","https:\/\/www.youtube.com\/channel\/UCYc7vxxFZMYLIHNsHHxPZ3Q"]},{"@type":"Person","@id":"https:\/\/conexion23.com\/#\/schema\/person\/03e36043331117e97a373299bbcd30a6","name":"Raffy Ben\u00edtez","image":{"@type":"ImageObject","inLanguage":"es","@id":"https:\/\/secure.gravatar.com\/avatar\/3190a6a6c5e1b0327500f7d6c56b6242472ee6cb974cf09b401ee6b3b0798f23?s=96&d=mm&r=g","url":"https:\/\/secure.gravatar.com\/avatar\/3190a6a6c5e1b0327500f7d6c56b6242472ee6cb974cf09b401ee6b3b0798f23?s=96&d=mm&r=g","contentUrl":"https:\/\/secure.gravatar.com\/avatar\/3190a6a6c5e1b0327500f7d6c56b6242472ee6cb974cf09b401ee6b3b0798f23?s=96&d=mm&r=g","caption":"Raffy Ben\u00edtez"},"url":"https:\/\/conexion23.com\/?author=15"}]}},"_links":{"self":[{"href":"https:\/\/conexion23.com\/index.php?rest_route=\/wp\/v2\/posts\/12341","targetHints":{"allow":["GET"]}}],"collection":[{"href":"https:\/\/conexion23.com\/index.php?rest_route=\/wp\/v2\/posts"}],"about":[{"href":"https:\/\/conexion23.com\/index.php?rest_route=\/wp\/v2\/types\/post"}],"author":[{"embeddable":true,"href":"https:\/\/conexion23.com\/index.php?rest_route=\/wp\/v2\/users\/15"}],"replies":[{"embeddable":true,"href":"https:\/\/conexion23.com\/index.php?rest_route=%2Fwp%2Fv2%2Fcomments&post=12341"}],"version-history":[{"count":1,"href":"https:\/\/conexion23.com\/index.php?rest_route=\/wp\/v2\/posts\/12341\/revisions"}],"predecessor-version":[{"id":12343,"href":"https:\/\/conexion23.com\/index.php?rest_route=\/wp\/v2\/posts\/12341\/revisions\/12343"}],"wp:attachment":[{"href":"https:\/\/conexion23.com\/index.php?rest_route=%2Fwp%2Fv2%2Fmedia&parent=12341"}],"wp:term":[{"taxonomy":"category","embeddable":true,"href":"https:\/\/conexion23.com\/index.php?rest_route=%2Fwp%2Fv2%2Fcategories&post=12341"},{"taxonomy":"post_tag","embeddable":true,"href":"https:\/\/conexion23.com\/index.php?rest_route=%2Fwp%2Fv2%2Ftags&post=12341"}],"curies":[{"name":"wp","href":"https:\/\/api.w.org\/{rel}","templated":true}]}}