{"id":12344,"date":"2022-10-23T23:57:40","date_gmt":"2022-10-24T03:57:40","guid":{"rendered":"https:\/\/conexion23.com\/?p=12344"},"modified":"2022-10-23T23:57:45","modified_gmt":"2022-10-24T03:57:45","slug":"giorgia-meloni-la-nueva-primera-ministra-de-italia","status":"publish","type":"post","link":"https:\/\/conexion23.com\/?p=12344","title":{"rendered":"Giorgia Meloni, La nueva primera ministra de Italia"},"content":{"rendered":"\n<p class=\"wp-block-paragraph\"><strong>ROMA.-<\/strong>\u00a0La nueva primera ministra de Italia, Giorgia Meloni, tom\u00f3 hoy las riendas del Gobierno con un acto simb\u00f3lico para el traspaso de poderes con su predecesor, Mario Draghi, y reuniendo por primera vez a todo su gabinete, al que pidi\u00f3 \u00abunidad\u00bb.<\/p>\n\n\n\n<p class=\"wp-block-paragraph\">Meloni, jefa de los ultraderechistas Hermanos de Italia (FdI), recibi\u00f3 en manos de Draghi una peque\u00f1a campana con la que se anuncia tradicionalmente el inicio de las reuniones del Gobierno, una ceremonia que simboliza el traspaso de poderes.<\/p>\n\n\n\n<p class=\"wp-block-paragraph\">As\u00ed, la pol\u00edtica romana de 45 a\u00f1os se convirti\u00f3 en la primera mujer en recibir esta campana en la historia del pa\u00eds y, como manda la tradici\u00f3n, la hizo sonar con una sonrisa para despu\u00e9s estrechar la mano del primer ministro saliente.<\/p>\n\n\n\n<p class=\"wp-block-paragraph\">Previamente, vestida con traje de chaqueta negro y camisa blanca, hab\u00eda sido recibida en el patio del Palacio Chigi por un piquete de honor, que revis\u00f3 junto al consejero militar de esa instituci\u00f3n.<\/p>\n\n\n\n<p class=\"wp-block-paragraph\">Luego, tras rendir tributo a la bandera tricolor, fue recibida por Draghi en la primera planta del palacio, entre sonrisas y muestras de cordialidad, donde mantuvieron una reuni\u00f3n a puerta cerrada para hablar de las cuestiones m\u00e1s apremiantes para el pa\u00eds.<\/p>\n","protected":false},"excerpt":{"rendered":"<p>ROMA.-\u00a0La nueva primera ministra de Italia, Giorgia Meloni, tom\u00f3 hoy las riendas del Gobierno con un acto simb\u00f3lico para el traspaso de poderes con su predecesor, Mario Draghi, y reuniendo por primera vez a todo su gabinete, al que pidi\u00f3 \u00abunidad\u00bb. Meloni, jefa de los ultraderechistas Hermanos de Italia (FdI), recibi\u00f3 en manos de Draghi [&hellip;]<\/p>\n","protected":false},"author":15,"featured_media":0,"comment_status":"open","ping_status":"open","sticky":false,"template":"","format":"standard","meta":{"footnotes":""},"categories":[1],"tags":[],"class_list":["post-12344","post","type-post","status-publish","format-standard","category-uncategorized"],"yoast_head":"<!-- This site is optimized with the Yoast SEO plugin v27.6 - https:\/\/yoast.com\/product\/yoast-seo-wordpress\/ -->\n<title>Giorgia Meloni, La nueva primera ministra de Italia - Conexi\u00f3n 23<\/title>\n<meta name=\"robots\" content=\"index, follow, max-snippet:-1, max-image-preview:large, max-video-preview:-1\" \/>\n<link rel=\"canonical\" href=\"https:\/\/conexion23.com\/?p=12344\" \/>\n<meta property=\"og:locale\" content=\"es_ES\" \/>\n<meta property=\"og:type\" content=\"article\" \/>\n<meta property=\"og:title\" content=\"Giorgia Meloni, La nueva primera ministra de Italia - Conexi\u00f3n 23\" \/>\n<meta property=\"og:description\" content=\"ROMA.-\u00a0La nueva primera ministra de Italia, Giorgia Meloni, tom\u00f3 hoy las riendas del Gobierno con un acto simb\u00f3lico para el traspaso de poderes con su predecesor, Mario Draghi, y reuniendo por primera vez a todo su gabinete, al que pidi\u00f3 \u00abunidad\u00bb. Meloni, jefa de los ultraderechistas Hermanos de Italia (FdI), recibi\u00f3 en manos de Draghi [&hellip;]\" \/>\n<meta property=\"og:url\" content=\"https:\/\/conexion23.com\/?p=12344\" \/>\n<meta property=\"og:site_name\" content=\"Conexi\u00f3n 23\" \/>\n<meta property=\"article:publisher\" content=\"https:\/\/www.facebook.com\/conexion23com\" \/>\n<meta property=\"article:published_time\" content=\"2022-10-24T03:57:40+00:00\" \/>\n<meta property=\"article:modified_time\" content=\"2022-10-24T03:57:45+00:00\" \/>\n<meta name=\"author\" content=\"Raffy Ben\u00edtez\" \/>\n<meta name=\"twitter:card\" content=\"summary_large_image\" \/>\n<meta name=\"twitter:label1\" content=\"Escrito por\" \/>\n\t<meta name=\"twitter:data1\" content=\"Raffy Ben\u00edtez\" \/>\n\t<meta name=\"twitter:label2\" content=\"Tiempo de lectura\" \/>\n\t<meta name=\"twitter:data2\" content=\"1 minuto\" \/>\n<script type=\"application\/ld+json\" class=\"yoast-schema-graph\">{\"@context\":\"https:\\\/\\\/schema.org\",\"@graph\":[{\"@type\":\"Article\",\"@id\":\"https:\\\/\\\/conexion23.com\\\/?p=12344#article\",\"isPartOf\":{\"@id\":\"https:\\\/\\\/conexion23.com\\\/?p=12344\"},\"author\":{\"name\":\"Raffy Ben\u00edtez\",\"@id\":\"https:\\\/\\\/conexion23.com\\\/#\\\/schema\\\/person\\\/03e36043331117e97a373299bbcd30a6\"},\"headline\":\"Giorgia Meloni, La nueva primera ministra de Italia\",\"datePublished\":\"2022-10-24T03:57:40+00:00\",\"dateModified\":\"2022-10-24T03:57:45+00:00\",\"mainEntityOfPage\":{\"@id\":\"https:\\\/\\\/conexion23.com\\\/?p=12344\"},\"wordCount\":216,\"commentCount\":0,\"publisher\":{\"@id\":\"https:\\\/\\\/conexion23.com\\\/#organization\"},\"articleSection\":[\"Uncategorized\"],\"inLanguage\":\"es\",\"potentialAction\":[{\"@type\":\"CommentAction\",\"name\":\"Comment\",\"target\":[\"https:\\\/\\\/conexion23.com\\\/?p=12344#respond\"]}]},{\"@type\":\"WebPage\",\"@id\":\"https:\\\/\\\/conexion23.com\\\/?p=12344\",\"url\":\"https:\\\/\\\/conexion23.com\\\/?p=12344\",\"name\":\"Giorgia Meloni, La nueva primera ministra de Italia - Conexi\u00f3n 23\",\"isPartOf\":{\"@id\":\"https:\\\/\\\/conexion23.com\\\/#website\"},\"datePublished\":\"2022-10-24T03:57:40+00:00\",\"dateModified\":\"2022-10-24T03:57:45+00:00\",\"breadcrumb\":{\"@id\":\"https:\\\/\\\/conexion23.com\\\/?p=12344#breadcrumb\"},\"inLanguage\":\"es\",\"potentialAction\":[{\"@type\":\"ReadAction\",\"target\":[\"https:\\\/\\\/conexion23.com\\\/?p=12344\"]}]},{\"@type\":\"BreadcrumbList\",\"@id\":\"https:\\\/\\\/conexion23.com\\\/?p=12344#breadcrumb\",\"itemListElement\":[{\"@type\":\"ListItem\",\"position\":1,\"name\":\"Portada\",\"item\":\"https:\\\/\\\/conexion23.com\\\/\"},{\"@type\":\"ListItem\",\"position\":2,\"name\":\"Giorgia Meloni, La nueva primera ministra de Italia\"}]},{\"@type\":\"WebSite\",\"@id\":\"https:\\\/\\\/conexion23.com\\\/#website\",\"url\":\"https:\\\/\\\/conexion23.com\\\/\",\"name\":\"Conexi\u00f3n 23\",\"description\":\"Peri\u00f3dico 100% Petromacorisano\",\"publisher\":{\"@id\":\"https:\\\/\\\/conexion23.com\\\/#organization\"},\"potentialAction\":[{\"@type\":\"SearchAction\",\"target\":{\"@type\":\"EntryPoint\",\"urlTemplate\":\"https:\\\/\\\/conexion23.com\\\/?s={search_term_string}\"},\"query-input\":{\"@type\":\"PropertyValueSpecification\",\"valueRequired\":true,\"valueName\":\"search_term_string\"}}],\"inLanguage\":\"es\"},{\"@type\":\"Organization\",\"@id\":\"https:\\\/\\\/conexion23.com\\\/#organization\",\"name\":\"Conexion 23\",\"url\":\"https:\\\/\\\/conexion23.com\\\/\",\"logo\":{\"@type\":\"ImageObject\",\"inLanguage\":\"es\",\"@id\":\"https:\\\/\\\/conexion23.com\\\/#\\\/schema\\\/logo\\\/image\\\/\",\"url\":\"https:\\\/\\\/conexion23.com\\\/wp-content\\\/uploads\\\/2021\\\/11\\\/Diseno-sin-titulo-2.png\",\"contentUrl\":\"https:\\\/\\\/conexion23.com\\\/wp-content\\\/uploads\\\/2021\\\/11\\\/Diseno-sin-titulo-2.png\",\"width\":541,\"height\":90,\"caption\":\"Conexion 23\"},\"image\":{\"@id\":\"https:\\\/\\\/conexion23.com\\\/#\\\/schema\\\/logo\\\/image\\\/\"},\"sameAs\":[\"https:\\\/\\\/www.facebook.com\\\/conexion23com\",\"https:\\\/\\\/www.instagram.com\\\/conexion23com\\\/\",\"https:\\\/\\\/www.youtube.com\\\/channel\\\/UCYc7vxxFZMYLIHNsHHxPZ3Q\"]},{\"@type\":\"Person\",\"@id\":\"https:\\\/\\\/conexion23.com\\\/#\\\/schema\\\/person\\\/03e36043331117e97a373299bbcd30a6\",\"name\":\"Raffy Ben\u00edtez\",\"image\":{\"@type\":\"ImageObject\",\"inLanguage\":\"es\",\"@id\":\"https:\\\/\\\/secure.gravatar.com\\\/avatar\\\/3190a6a6c5e1b0327500f7d6c56b6242472ee6cb974cf09b401ee6b3b0798f23?s=96&d=mm&r=g\",\"url\":\"https:\\\/\\\/secure.gravatar.com\\\/avatar\\\/3190a6a6c5e1b0327500f7d6c56b6242472ee6cb974cf09b401ee6b3b0798f23?s=96&d=mm&r=g\",\"contentUrl\":\"https:\\\/\\\/secure.gravatar.com\\\/avatar\\\/3190a6a6c5e1b0327500f7d6c56b6242472ee6cb974cf09b401ee6b3b0798f23?s=96&d=mm&r=g\",\"caption\":\"Raffy Ben\u00edtez\"},\"url\":\"https:\\\/\\\/conexion23.com\\\/?author=15\"}]}<\/script>\n<!-- \/ Yoast SEO plugin. -->","yoast_head_json":{"title":"Giorgia Meloni, La nueva primera ministra de Italia - Conexi\u00f3n 23","robots":{"index":"index","follow":"follow","max-snippet":"max-snippet:-1","max-image-preview":"max-image-preview:large","max-video-preview":"max-video-preview:-1"},"canonical":"https:\/\/conexion23.com\/?p=12344","og_locale":"es_ES","og_type":"article","og_title":"Giorgia Meloni, La nueva primera ministra de Italia - Conexi\u00f3n 23","og_description":"ROMA.-\u00a0La nueva primera ministra de Italia, Giorgia Meloni, tom\u00f3 hoy las riendas del Gobierno con un acto simb\u00f3lico para el traspaso de poderes con su predecesor, Mario Draghi, y reuniendo por primera vez a todo su gabinete, al que pidi\u00f3 \u00abunidad\u00bb. Meloni, jefa de los ultraderechistas Hermanos de Italia (FdI), recibi\u00f3 en manos de Draghi [&hellip;]","og_url":"https:\/\/conexion23.com\/?p=12344","og_site_name":"Conexi\u00f3n 23","article_publisher":"https:\/\/www.facebook.com\/conexion23com","article_published_time":"2022-10-24T03:57:40+00:00","article_modified_time":"2022-10-24T03:57:45+00:00","author":"Raffy Ben\u00edtez","twitter_card":"summary_large_image","twitter_misc":{"Escrito por":"Raffy Ben\u00edtez","Tiempo de lectura":"1 minuto"},"schema":{"@context":"https:\/\/schema.org","@graph":[{"@type":"Article","@id":"https:\/\/conexion23.com\/?p=12344#article","isPartOf":{"@id":"https:\/\/conexion23.com\/?p=12344"},"author":{"name":"Raffy Ben\u00edtez","@id":"https:\/\/conexion23.com\/#\/schema\/person\/03e36043331117e97a373299bbcd30a6"},"headline":"Giorgia Meloni, La nueva primera ministra de Italia","datePublished":"2022-10-24T03:57:40+00:00","dateModified":"2022-10-24T03:57:45+00:00","mainEntityOfPage":{"@id":"https:\/\/conexion23.com\/?p=12344"},"wordCount":216,"commentCount":0,"publisher":{"@id":"https:\/\/conexion23.com\/#organization"},"articleSection":["Uncategorized"],"inLanguage":"es","potentialAction":[{"@type":"CommentAction","name":"Comment","target":["https:\/\/conexion23.com\/?p=12344#respond"]}]},{"@type":"WebPage","@id":"https:\/\/conexion23.com\/?p=12344","url":"https:\/\/conexion23.com\/?p=12344","name":"Giorgia Meloni, La nueva primera ministra de Italia - Conexi\u00f3n 23","isPartOf":{"@id":"https:\/\/conexion23.com\/#website"},"datePublished":"2022-10-24T03:57:40+00:00","dateModified":"2022-10-24T03:57:45+00:00","breadcrumb":{"@id":"https:\/\/conexion23.com\/?p=12344#breadcrumb"},"inLanguage":"es","potentialAction":[{"@type":"ReadAction","target":["https:\/\/conexion23.com\/?p=12344"]}]},{"@type":"BreadcrumbList","@id":"https:\/\/conexion23.com\/?p=12344#breadcrumb","itemListElement":[{"@type":"ListItem","position":1,"name":"Portada","item":"https:\/\/conexion23.com\/"},{"@type":"ListItem","position":2,"name":"Giorgia Meloni, La nueva primera ministra de Italia"}]},{"@type":"WebSite","@id":"https:\/\/conexion23.com\/#website","url":"https:\/\/conexion23.com\/","name":"Conexi\u00f3n 23","description":"Peri\u00f3dico 100% Petromacorisano","publisher":{"@id":"https:\/\/conexion23.com\/#organization"},"potentialAction":[{"@type":"SearchAction","target":{"@type":"EntryPoint","urlTemplate":"https:\/\/conexion23.com\/?s={search_term_string}"},"query-input":{"@type":"PropertyValueSpecification","valueRequired":true,"valueName":"search_term_string"}}],"inLanguage":"es"},{"@type":"Organization","@id":"https:\/\/conexion23.com\/#organization","name":"Conexion 23","url":"https:\/\/conexion23.com\/","logo":{"@type":"ImageObject","inLanguage":"es","@id":"https:\/\/conexion23.com\/#\/schema\/logo\/image\/","url":"https:\/\/conexion23.com\/wp-content\/uploads\/2021\/11\/Diseno-sin-titulo-2.png","contentUrl":"https:\/\/conexion23.com\/wp-content\/uploads\/2021\/11\/Diseno-sin-titulo-2.png","width":541,"height":90,"caption":"Conexion 23"},"image":{"@id":"https:\/\/conexion23.com\/#\/schema\/logo\/image\/"},"sameAs":["https:\/\/www.facebook.com\/conexion23com","https:\/\/www.instagram.com\/conexion23com\/","https:\/\/www.youtube.com\/channel\/UCYc7vxxFZMYLIHNsHHxPZ3Q"]},{"@type":"Person","@id":"https:\/\/conexion23.com\/#\/schema\/person\/03e36043331117e97a373299bbcd30a6","name":"Raffy Ben\u00edtez","image":{"@type":"ImageObject","inLanguage":"es","@id":"https:\/\/secure.gravatar.com\/avatar\/3190a6a6c5e1b0327500f7d6c56b6242472ee6cb974cf09b401ee6b3b0798f23?s=96&d=mm&r=g","url":"https:\/\/secure.gravatar.com\/avatar\/3190a6a6c5e1b0327500f7d6c56b6242472ee6cb974cf09b401ee6b3b0798f23?s=96&d=mm&r=g","contentUrl":"https:\/\/secure.gravatar.com\/avatar\/3190a6a6c5e1b0327500f7d6c56b6242472ee6cb974cf09b401ee6b3b0798f23?s=96&d=mm&r=g","caption":"Raffy Ben\u00edtez"},"url":"https:\/\/conexion23.com\/?author=15"}]}},"_links":{"self":[{"href":"https:\/\/conexion23.com\/index.php?rest_route=\/wp\/v2\/posts\/12344","targetHints":{"allow":["GET"]}}],"collection":[{"href":"https:\/\/conexion23.com\/index.php?rest_route=\/wp\/v2\/posts"}],"about":[{"href":"https:\/\/conexion23.com\/index.php?rest_route=\/wp\/v2\/types\/post"}],"author":[{"embeddable":true,"href":"https:\/\/conexion23.com\/index.php?rest_route=\/wp\/v2\/users\/15"}],"replies":[{"embeddable":true,"href":"https:\/\/conexion23.com\/index.php?rest_route=%2Fwp%2Fv2%2Fcomments&post=12344"}],"version-history":[{"count":1,"href":"https:\/\/conexion23.com\/index.php?rest_route=\/wp\/v2\/posts\/12344\/revisions"}],"predecessor-version":[{"id":12346,"href":"https:\/\/conexion23.com\/index.php?rest_route=\/wp\/v2\/posts\/12344\/revisions\/12346"}],"wp:attachment":[{"href":"https:\/\/conexion23.com\/index.php?rest_route=%2Fwp%2Fv2%2Fmedia&parent=12344"}],"wp:term":[{"taxonomy":"category","embeddable":true,"href":"https:\/\/conexion23.com\/index.php?rest_route=%2Fwp%2Fv2%2Fcategories&post=12344"},{"taxonomy":"post_tag","embeddable":true,"href":"https:\/\/conexion23.com\/index.php?rest_route=%2Fwp%2Fv2%2Ftags&post=12344"}],"curies":[{"name":"wp","href":"https:\/\/api.w.org\/{rel}","templated":true}]}}