{"id":12387,"date":"2022-10-24T19:45:40","date_gmt":"2022-10-24T23:45:40","guid":{"rendered":"https:\/\/conexion23.com\/?p=12387"},"modified":"2022-10-24T19:45:52","modified_gmt":"2022-10-24T23:45:52","slug":"contratistas-de-spm-valoran-de-injusta-licitacion-obra-del-malecon","status":"publish","type":"post","link":"https:\/\/conexion23.com\/?p=12387","title":{"rendered":"Contratistas de SPM valoran de \u00abinjusta licitaci\u00f3n obra del malec\u00f3n\u00bb"},"content":{"rendered":"\n<p class=\"wp-block-paragraph\">Contratistas de San Pedro de Macor\u00eds valoraron de \u00abinjusta\u00bb la licitaci\u00f3n para la obra de reconstrucci\u00f3n de las infraestructuras recreativas del malec\u00f3n de San Pedro de Macor\u00eds, alegando que de la manera en que se eligi\u00f3 la empresa de Kuky Severino SRL no fue la correcta, ya que ellos son j\u00f3venes petromacorisanos y deben dejarlos participar en las licitaciones, porque seg\u00fan su parecer, hacen el proceso a su manera para elegir a quienes entiendan por compromisos mayores.<\/p>\n\n\n\n<p class=\"wp-block-paragraph\">\u00abNosotros somos j\u00f3venes emprendedores y siendo de San Pedro de Macor\u00eds no nos dan la oportunidad de participar en las licitaciones gubernamentales, y prefieren darles las obras a los empresarios de otras provincias, en este caso; la de Puerto Plata\u2026 Eso debe ser por compromisos mayores realizados con algunos empresarios en la campa\u00f1a pasada. Creemos que es injusto el proceso de licitaci\u00f3n\u00bb. Agregaron.<\/p>\n\n\n\n<p class=\"wp-block-paragraph\">As\u00ed mismo, hicieron un llamado al presidente Luis Abinader para que los tomen en cuenta.<\/p>\n\n\n\n<p class=\"wp-block-paragraph\">Los contratistas afirmaron v\u00eda escrito a trav\u00e9s de nuestro centro de redacci\u00f3n, pidiendo sean protegidas sus identidades.<\/p>\n","protected":false},"excerpt":{"rendered":"<p>Contratistas de San Pedro de Macor\u00eds valoraron de \u00abinjusta\u00bb la licitaci\u00f3n para la obra de reconstrucci\u00f3n de las infraestructuras recreativas del malec\u00f3n de San Pedro de Macor\u00eds, alegando que de la manera en que se eligi\u00f3 la empresa de Kuky Severino SRL no fue la correcta, ya que ellos son j\u00f3venes petromacorisanos y deben dejarlos [&hellip;]<\/p>\n","protected":false},"author":15,"featured_media":0,"comment_status":"open","ping_status":"open","sticky":false,"template":"","format":"standard","meta":{"footnotes":""},"categories":[1156],"tags":[],"class_list":["post-12387","post","type-post","status-publish","format-standard","category-turismo-turismo"],"yoast_head":"<!-- This site is optimized with the Yoast SEO plugin v27.6 - https:\/\/yoast.com\/product\/yoast-seo-wordpress\/ -->\n<title>Contratistas de SPM valoran de &quot;injusta licitaci\u00f3n obra del malec\u00f3n&quot; - Conexi\u00f3n 23<\/title>\n<meta name=\"robots\" content=\"index, follow, max-snippet:-1, max-image-preview:large, max-video-preview:-1\" \/>\n<link rel=\"canonical\" href=\"https:\/\/conexion23.com\/?p=12387\" \/>\n<meta property=\"og:locale\" content=\"es_ES\" \/>\n<meta property=\"og:type\" content=\"article\" \/>\n<meta property=\"og:title\" content=\"Contratistas de SPM valoran de &quot;injusta licitaci\u00f3n obra del malec\u00f3n&quot; - Conexi\u00f3n 23\" \/>\n<meta property=\"og:description\" content=\"Contratistas de San Pedro de Macor\u00eds valoraron de \u00abinjusta\u00bb la licitaci\u00f3n para la obra de reconstrucci\u00f3n de las infraestructuras recreativas del malec\u00f3n de San Pedro de Macor\u00eds, alegando que de la manera en que se eligi\u00f3 la empresa de Kuky Severino SRL no fue la correcta, ya que ellos son j\u00f3venes petromacorisanos y deben dejarlos [&hellip;]\" \/>\n<meta property=\"og:url\" content=\"https:\/\/conexion23.com\/?p=12387\" \/>\n<meta property=\"og:site_name\" content=\"Conexi\u00f3n 23\" \/>\n<meta property=\"article:publisher\" content=\"https:\/\/www.facebook.com\/conexion23com\" \/>\n<meta property=\"article:published_time\" content=\"2022-10-24T23:45:40+00:00\" \/>\n<meta property=\"article:modified_time\" content=\"2022-10-24T23:45:52+00:00\" \/>\n<meta name=\"author\" content=\"Raffy Ben\u00edtez\" \/>\n<meta name=\"twitter:card\" content=\"summary_large_image\" \/>\n<meta name=\"twitter:label1\" content=\"Escrito por\" \/>\n\t<meta name=\"twitter:data1\" content=\"Raffy Ben\u00edtez\" \/>\n\t<meta name=\"twitter:label2\" content=\"Tiempo de lectura\" \/>\n\t<meta name=\"twitter:data2\" content=\"1 minuto\" \/>\n<script type=\"application\/ld+json\" class=\"yoast-schema-graph\">{\"@context\":\"https:\\\/\\\/schema.org\",\"@graph\":[{\"@type\":\"Article\",\"@id\":\"https:\\\/\\\/conexion23.com\\\/?p=12387#article\",\"isPartOf\":{\"@id\":\"https:\\\/\\\/conexion23.com\\\/?p=12387\"},\"author\":{\"name\":\"Raffy Ben\u00edtez\",\"@id\":\"https:\\\/\\\/conexion23.com\\\/#\\\/schema\\\/person\\\/03e36043331117e97a373299bbcd30a6\"},\"headline\":\"Contratistas de SPM valoran de \u00abinjusta licitaci\u00f3n obra del malec\u00f3n\u00bb\",\"datePublished\":\"2022-10-24T23:45:40+00:00\",\"dateModified\":\"2022-10-24T23:45:52+00:00\",\"mainEntityOfPage\":{\"@id\":\"https:\\\/\\\/conexion23.com\\\/?p=12387\"},\"wordCount\":198,\"commentCount\":0,\"publisher\":{\"@id\":\"https:\\\/\\\/conexion23.com\\\/#organization\"},\"articleSection\":[\"Turismo\"],\"inLanguage\":\"es\",\"potentialAction\":[{\"@type\":\"CommentAction\",\"name\":\"Comment\",\"target\":[\"https:\\\/\\\/conexion23.com\\\/?p=12387#respond\"]}]},{\"@type\":\"WebPage\",\"@id\":\"https:\\\/\\\/conexion23.com\\\/?p=12387\",\"url\":\"https:\\\/\\\/conexion23.com\\\/?p=12387\",\"name\":\"Contratistas de SPM valoran de \\\"injusta licitaci\u00f3n obra del malec\u00f3n\\\" - Conexi\u00f3n 23\",\"isPartOf\":{\"@id\":\"https:\\\/\\\/conexion23.com\\\/#website\"},\"datePublished\":\"2022-10-24T23:45:40+00:00\",\"dateModified\":\"2022-10-24T23:45:52+00:00\",\"breadcrumb\":{\"@id\":\"https:\\\/\\\/conexion23.com\\\/?p=12387#breadcrumb\"},\"inLanguage\":\"es\",\"potentialAction\":[{\"@type\":\"ReadAction\",\"target\":[\"https:\\\/\\\/conexion23.com\\\/?p=12387\"]}]},{\"@type\":\"BreadcrumbList\",\"@id\":\"https:\\\/\\\/conexion23.com\\\/?p=12387#breadcrumb\",\"itemListElement\":[{\"@type\":\"ListItem\",\"position\":1,\"name\":\"Portada\",\"item\":\"https:\\\/\\\/conexion23.com\\\/\"},{\"@type\":\"ListItem\",\"position\":2,\"name\":\"Contratistas de SPM valoran de \u00abinjusta licitaci\u00f3n obra del malec\u00f3n\u00bb\"}]},{\"@type\":\"WebSite\",\"@id\":\"https:\\\/\\\/conexion23.com\\\/#website\",\"url\":\"https:\\\/\\\/conexion23.com\\\/\",\"name\":\"Conexi\u00f3n 23\",\"description\":\"Peri\u00f3dico 100% Petromacorisano\",\"publisher\":{\"@id\":\"https:\\\/\\\/conexion23.com\\\/#organization\"},\"potentialAction\":[{\"@type\":\"SearchAction\",\"target\":{\"@type\":\"EntryPoint\",\"urlTemplate\":\"https:\\\/\\\/conexion23.com\\\/?s={search_term_string}\"},\"query-input\":{\"@type\":\"PropertyValueSpecification\",\"valueRequired\":true,\"valueName\":\"search_term_string\"}}],\"inLanguage\":\"es\"},{\"@type\":\"Organization\",\"@id\":\"https:\\\/\\\/conexion23.com\\\/#organization\",\"name\":\"Conexion 23\",\"url\":\"https:\\\/\\\/conexion23.com\\\/\",\"logo\":{\"@type\":\"ImageObject\",\"inLanguage\":\"es\",\"@id\":\"https:\\\/\\\/conexion23.com\\\/#\\\/schema\\\/logo\\\/image\\\/\",\"url\":\"https:\\\/\\\/conexion23.com\\\/wp-content\\\/uploads\\\/2021\\\/11\\\/Diseno-sin-titulo-2.png\",\"contentUrl\":\"https:\\\/\\\/conexion23.com\\\/wp-content\\\/uploads\\\/2021\\\/11\\\/Diseno-sin-titulo-2.png\",\"width\":541,\"height\":90,\"caption\":\"Conexion 23\"},\"image\":{\"@id\":\"https:\\\/\\\/conexion23.com\\\/#\\\/schema\\\/logo\\\/image\\\/\"},\"sameAs\":[\"https:\\\/\\\/www.facebook.com\\\/conexion23com\",\"https:\\\/\\\/www.instagram.com\\\/conexion23com\\\/\",\"https:\\\/\\\/www.youtube.com\\\/channel\\\/UCYc7vxxFZMYLIHNsHHxPZ3Q\"]},{\"@type\":\"Person\",\"@id\":\"https:\\\/\\\/conexion23.com\\\/#\\\/schema\\\/person\\\/03e36043331117e97a373299bbcd30a6\",\"name\":\"Raffy Ben\u00edtez\",\"image\":{\"@type\":\"ImageObject\",\"inLanguage\":\"es\",\"@id\":\"https:\\\/\\\/secure.gravatar.com\\\/avatar\\\/3190a6a6c5e1b0327500f7d6c56b6242472ee6cb974cf09b401ee6b3b0798f23?s=96&d=mm&r=g\",\"url\":\"https:\\\/\\\/secure.gravatar.com\\\/avatar\\\/3190a6a6c5e1b0327500f7d6c56b6242472ee6cb974cf09b401ee6b3b0798f23?s=96&d=mm&r=g\",\"contentUrl\":\"https:\\\/\\\/secure.gravatar.com\\\/avatar\\\/3190a6a6c5e1b0327500f7d6c56b6242472ee6cb974cf09b401ee6b3b0798f23?s=96&d=mm&r=g\",\"caption\":\"Raffy Ben\u00edtez\"},\"url\":\"https:\\\/\\\/conexion23.com\\\/?author=15\"}]}<\/script>\n<!-- \/ Yoast SEO plugin. -->","yoast_head_json":{"title":"Contratistas de SPM valoran de \"injusta licitaci\u00f3n obra del malec\u00f3n\" - Conexi\u00f3n 23","robots":{"index":"index","follow":"follow","max-snippet":"max-snippet:-1","max-image-preview":"max-image-preview:large","max-video-preview":"max-video-preview:-1"},"canonical":"https:\/\/conexion23.com\/?p=12387","og_locale":"es_ES","og_type":"article","og_title":"Contratistas de SPM valoran de \"injusta licitaci\u00f3n obra del malec\u00f3n\" - Conexi\u00f3n 23","og_description":"Contratistas de San Pedro de Macor\u00eds valoraron de \u00abinjusta\u00bb la licitaci\u00f3n para la obra de reconstrucci\u00f3n de las infraestructuras recreativas del malec\u00f3n de San Pedro de Macor\u00eds, alegando que de la manera en que se eligi\u00f3 la empresa de Kuky Severino SRL no fue la correcta, ya que ellos son j\u00f3venes petromacorisanos y deben dejarlos [&hellip;]","og_url":"https:\/\/conexion23.com\/?p=12387","og_site_name":"Conexi\u00f3n 23","article_publisher":"https:\/\/www.facebook.com\/conexion23com","article_published_time":"2022-10-24T23:45:40+00:00","article_modified_time":"2022-10-24T23:45:52+00:00","author":"Raffy Ben\u00edtez","twitter_card":"summary_large_image","twitter_misc":{"Escrito por":"Raffy Ben\u00edtez","Tiempo de lectura":"1 minuto"},"schema":{"@context":"https:\/\/schema.org","@graph":[{"@type":"Article","@id":"https:\/\/conexion23.com\/?p=12387#article","isPartOf":{"@id":"https:\/\/conexion23.com\/?p=12387"},"author":{"name":"Raffy Ben\u00edtez","@id":"https:\/\/conexion23.com\/#\/schema\/person\/03e36043331117e97a373299bbcd30a6"},"headline":"Contratistas de SPM valoran de \u00abinjusta licitaci\u00f3n obra del malec\u00f3n\u00bb","datePublished":"2022-10-24T23:45:40+00:00","dateModified":"2022-10-24T23:45:52+00:00","mainEntityOfPage":{"@id":"https:\/\/conexion23.com\/?p=12387"},"wordCount":198,"commentCount":0,"publisher":{"@id":"https:\/\/conexion23.com\/#organization"},"articleSection":["Turismo"],"inLanguage":"es","potentialAction":[{"@type":"CommentAction","name":"Comment","target":["https:\/\/conexion23.com\/?p=12387#respond"]}]},{"@type":"WebPage","@id":"https:\/\/conexion23.com\/?p=12387","url":"https:\/\/conexion23.com\/?p=12387","name":"Contratistas de SPM valoran de \"injusta licitaci\u00f3n obra del malec\u00f3n\" - Conexi\u00f3n 23","isPartOf":{"@id":"https:\/\/conexion23.com\/#website"},"datePublished":"2022-10-24T23:45:40+00:00","dateModified":"2022-10-24T23:45:52+00:00","breadcrumb":{"@id":"https:\/\/conexion23.com\/?p=12387#breadcrumb"},"inLanguage":"es","potentialAction":[{"@type":"ReadAction","target":["https:\/\/conexion23.com\/?p=12387"]}]},{"@type":"BreadcrumbList","@id":"https:\/\/conexion23.com\/?p=12387#breadcrumb","itemListElement":[{"@type":"ListItem","position":1,"name":"Portada","item":"https:\/\/conexion23.com\/"},{"@type":"ListItem","position":2,"name":"Contratistas de SPM valoran de \u00abinjusta licitaci\u00f3n obra del malec\u00f3n\u00bb"}]},{"@type":"WebSite","@id":"https:\/\/conexion23.com\/#website","url":"https:\/\/conexion23.com\/","name":"Conexi\u00f3n 23","description":"Peri\u00f3dico 100% Petromacorisano","publisher":{"@id":"https:\/\/conexion23.com\/#organization"},"potentialAction":[{"@type":"SearchAction","target":{"@type":"EntryPoint","urlTemplate":"https:\/\/conexion23.com\/?s={search_term_string}"},"query-input":{"@type":"PropertyValueSpecification","valueRequired":true,"valueName":"search_term_string"}}],"inLanguage":"es"},{"@type":"Organization","@id":"https:\/\/conexion23.com\/#organization","name":"Conexion 23","url":"https:\/\/conexion23.com\/","logo":{"@type":"ImageObject","inLanguage":"es","@id":"https:\/\/conexion23.com\/#\/schema\/logo\/image\/","url":"https:\/\/conexion23.com\/wp-content\/uploads\/2021\/11\/Diseno-sin-titulo-2.png","contentUrl":"https:\/\/conexion23.com\/wp-content\/uploads\/2021\/11\/Diseno-sin-titulo-2.png","width":541,"height":90,"caption":"Conexion 23"},"image":{"@id":"https:\/\/conexion23.com\/#\/schema\/logo\/image\/"},"sameAs":["https:\/\/www.facebook.com\/conexion23com","https:\/\/www.instagram.com\/conexion23com\/","https:\/\/www.youtube.com\/channel\/UCYc7vxxFZMYLIHNsHHxPZ3Q"]},{"@type":"Person","@id":"https:\/\/conexion23.com\/#\/schema\/person\/03e36043331117e97a373299bbcd30a6","name":"Raffy Ben\u00edtez","image":{"@type":"ImageObject","inLanguage":"es","@id":"https:\/\/secure.gravatar.com\/avatar\/3190a6a6c5e1b0327500f7d6c56b6242472ee6cb974cf09b401ee6b3b0798f23?s=96&d=mm&r=g","url":"https:\/\/secure.gravatar.com\/avatar\/3190a6a6c5e1b0327500f7d6c56b6242472ee6cb974cf09b401ee6b3b0798f23?s=96&d=mm&r=g","contentUrl":"https:\/\/secure.gravatar.com\/avatar\/3190a6a6c5e1b0327500f7d6c56b6242472ee6cb974cf09b401ee6b3b0798f23?s=96&d=mm&r=g","caption":"Raffy Ben\u00edtez"},"url":"https:\/\/conexion23.com\/?author=15"}]}},"_links":{"self":[{"href":"https:\/\/conexion23.com\/index.php?rest_route=\/wp\/v2\/posts\/12387","targetHints":{"allow":["GET"]}}],"collection":[{"href":"https:\/\/conexion23.com\/index.php?rest_route=\/wp\/v2\/posts"}],"about":[{"href":"https:\/\/conexion23.com\/index.php?rest_route=\/wp\/v2\/types\/post"}],"author":[{"embeddable":true,"href":"https:\/\/conexion23.com\/index.php?rest_route=\/wp\/v2\/users\/15"}],"replies":[{"embeddable":true,"href":"https:\/\/conexion23.com\/index.php?rest_route=%2Fwp%2Fv2%2Fcomments&post=12387"}],"version-history":[{"count":1,"href":"https:\/\/conexion23.com\/index.php?rest_route=\/wp\/v2\/posts\/12387\/revisions"}],"predecessor-version":[{"id":12389,"href":"https:\/\/conexion23.com\/index.php?rest_route=\/wp\/v2\/posts\/12387\/revisions\/12389"}],"wp:attachment":[{"href":"https:\/\/conexion23.com\/index.php?rest_route=%2Fwp%2Fv2%2Fmedia&parent=12387"}],"wp:term":[{"taxonomy":"category","embeddable":true,"href":"https:\/\/conexion23.com\/index.php?rest_route=%2Fwp%2Fv2%2Fcategories&post=12387"},{"taxonomy":"post_tag","embeddable":true,"href":"https:\/\/conexion23.com\/index.php?rest_route=%2Fwp%2Fv2%2Ftags&post=12387"}],"curies":[{"name":"wp","href":"https:\/\/api.w.org\/{rel}","templated":true}]}}