{"id":12428,"date":"2022-10-25T11:55:44","date_gmt":"2022-10-25T15:55:44","guid":{"rendered":"https:\/\/conexion23.com\/?p=12428"},"modified":"2022-10-25T11:56:32","modified_gmt":"2022-10-25T15:56:32","slug":"diputada-critica-que-chu-vasquez-espere-contabilizar-muertos-para-anunciar-medidas-en-sdn","status":"publish","type":"post","link":"https:\/\/conexion23.com\/?p=12428","title":{"rendered":"Diputada critica que Ch\u00fa V\u00e1squez espere \u201ccontabilizar muertos\u201d para anunciar medidas en SDN"},"content":{"rendered":"\n<p class=\"wp-block-paragraph\"><strong>Santo Domingo. \u2013&nbsp;<\/strong>La diputada por el partido Fuerza del Pueblo (FP), Dulce Rojas extern\u00f3 su preocupaci\u00f3n por los niveles de inseguridad en que se encuentra el pa\u00eds y asegur\u00f3 que la ola de violencia y delincuencia contin\u00faa azotando en la comunidad de Villa Mella, en Santo Domingo Norte (SDN).<\/p>\n\n\n\n<p class=\"wp-block-paragraph\">Rojas revel\u00f3 que este flagelo impera desde hace mucho tiempo en este sector y calific\u00f3 de lamentable que el ministro de Interior y Polic\u00eda, Jes\u00fas V\u00e1squez Mart\u00ednez, conociendo el problema, tuviera que esperar que se registren hechos sangrientos y que se contabilicen los muertos para anunciar medidas de soluci\u00f3n y seguridad en este municipio.<\/p>\n\n\n\n<p class=\"wp-block-paragraph\">La legisladora por SDN critic\u00f3 que el mismo problema de violencia se hab\u00eda registrado frente a un centro educativo de Villa Mella donde reciben docencia centenares de adolescentes, reiterando que las autoridades sin buscar soluci\u00f3n, m\u00e1s bien, esperar seguir contabilizando los muertos.<\/p>\n\n\n\n<p class=\"wp-block-paragraph\">\u201cVuelve el mismo problema y se tir\u00f3 disparos frente a un colegio y todos los padres dispuestos a morir para recoger a los ni\u00f1os fueron a ese colegio. Ese caso tan poco se escuch\u00f3 porque est\u00e1bamos esperando los muertos, los muertos que hoy no le duelen a nadie, los muertos que familiares serios, decentes y honrados que por la situaci\u00f3n que sea lo perdieron\u201d, expres\u00f3 de manera impotente la congresista.<\/p>\n\n\n\n<p class=\"wp-block-paragraph\">La congresista pidi\u00f3 respuesta concreta y sin politiquer\u00eda al problema de Villa Mella, reiterando que la delincuencia est\u00e1 azotando y se ha empoderado en este populoso sector de Santo Domingo Norte, donde seg\u00fan la diputada, los j\u00f3venes no est\u00e1n asistiendo a los centros educativos a recibir docencia producto del disturbio.<\/p>\n\n\n\n<p class=\"wp-block-paragraph\">Sobre el anuncio que hizo el ministro de Interior y Polic\u00eda, Jes\u00fas V\u00e1squez Mart\u00ednez, de colocar 400 l\u00e1mparas como parte de la Estrategia Integral de Seguridad Ciudadana \u201cMi Pa\u00eds Seguro\u201d que se pondr\u00e1 en marcha en esta demarcaci\u00f3n, la diputada respondi\u00f3 que desde hace tiempo se est\u00e1n solicitando la iluminaci\u00f3n de la comunidad, reiterando que las autoridades esperan que personas caigan abatida para poder actual.<\/p>\n\n\n\n<p class=\"wp-block-paragraph\">Dijo que por la inseguridad, las mujeres entran las carteras enfundas para no ser asaltada por antisociales.<\/p>\n\n\n\n<p class=\"wp-block-paragraph\">La diputada por la Fuerza del Pueblo aprovech\u00f3 la ocasi\u00f3n para solicitar al Gobierno central mayor nivel de inversi\u00f3n para impulsar el desarrollo de Villa Mella, que carece de clubes deportivos, centros comunales y de salud, y otras infraestructuras.<\/p>\n","protected":false},"excerpt":{"rendered":"<p>Santo Domingo. \u2013&nbsp;La diputada por el partido Fuerza del Pueblo (FP), Dulce Rojas extern\u00f3 su preocupaci\u00f3n por los niveles de inseguridad en que se encuentra el pa\u00eds y asegur\u00f3 que la ola de violencia y delincuencia contin\u00faa azotando en la comunidad de Villa Mella, en Santo Domingo Norte (SDN). Rojas revel\u00f3 que este flagelo impera [&hellip;]<\/p>\n","protected":false},"author":15,"featured_media":0,"comment_status":"open","ping_status":"open","sticky":false,"template":"","format":"standard","meta":{"footnotes":""},"categories":[1],"tags":[],"class_list":["post-12428","post","type-post","status-publish","format-standard","category-uncategorized"],"yoast_head":"<!-- This site is optimized with the Yoast SEO plugin v27.6 - https:\/\/yoast.com\/product\/yoast-seo-wordpress\/ -->\n<title>Diputada critica que Ch\u00fa V\u00e1squez espere \u201ccontabilizar muertos\u201d para anunciar medidas en SDN - Conexi\u00f3n 23<\/title>\n<meta name=\"robots\" content=\"index, follow, max-snippet:-1, max-image-preview:large, max-video-preview:-1\" \/>\n<link rel=\"canonical\" href=\"https:\/\/conexion23.com\/?p=12428\" \/>\n<meta property=\"og:locale\" content=\"es_ES\" \/>\n<meta property=\"og:type\" content=\"article\" \/>\n<meta property=\"og:title\" content=\"Diputada critica que Ch\u00fa V\u00e1squez espere \u201ccontabilizar muertos\u201d para anunciar medidas en SDN - Conexi\u00f3n 23\" \/>\n<meta property=\"og:description\" content=\"Santo Domingo. \u2013&nbsp;La diputada por el partido Fuerza del Pueblo (FP), Dulce Rojas extern\u00f3 su preocupaci\u00f3n por los niveles de inseguridad en que se encuentra el pa\u00eds y asegur\u00f3 que la ola de violencia y delincuencia contin\u00faa azotando en la comunidad de Villa Mella, en Santo Domingo Norte (SDN). Rojas revel\u00f3 que este flagelo impera [&hellip;]\" \/>\n<meta property=\"og:url\" content=\"https:\/\/conexion23.com\/?p=12428\" \/>\n<meta property=\"og:site_name\" content=\"Conexi\u00f3n 23\" \/>\n<meta property=\"article:publisher\" content=\"https:\/\/www.facebook.com\/conexion23com\" \/>\n<meta property=\"article:published_time\" content=\"2022-10-25T15:55:44+00:00\" \/>\n<meta property=\"article:modified_time\" content=\"2022-10-25T15:56:32+00:00\" \/>\n<meta name=\"author\" content=\"Raffy Ben\u00edtez\" \/>\n<meta name=\"twitter:card\" content=\"summary_large_image\" \/>\n<meta name=\"twitter:label1\" content=\"Escrito por\" \/>\n\t<meta name=\"twitter:data1\" content=\"Raffy Ben\u00edtez\" \/>\n\t<meta name=\"twitter:label2\" content=\"Tiempo de lectura\" \/>\n\t<meta name=\"twitter:data2\" content=\"2 minutos\" \/>\n<script type=\"application\/ld+json\" class=\"yoast-schema-graph\">{\"@context\":\"https:\\\/\\\/schema.org\",\"@graph\":[{\"@type\":\"Article\",\"@id\":\"https:\\\/\\\/conexion23.com\\\/?p=12428#article\",\"isPartOf\":{\"@id\":\"https:\\\/\\\/conexion23.com\\\/?p=12428\"},\"author\":{\"name\":\"Raffy Ben\u00edtez\",\"@id\":\"http:\\\/\\\/conexion23.com\\\/#\\\/schema\\\/person\\\/03e36043331117e97a373299bbcd30a6\"},\"headline\":\"Diputada critica que Ch\u00fa V\u00e1squez espere \u201ccontabilizar muertos\u201d para anunciar medidas en SDN\",\"datePublished\":\"2022-10-25T15:55:44+00:00\",\"dateModified\":\"2022-10-25T15:56:32+00:00\",\"mainEntityOfPage\":{\"@id\":\"https:\\\/\\\/conexion23.com\\\/?p=12428\"},\"wordCount\":429,\"commentCount\":0,\"publisher\":{\"@id\":\"http:\\\/\\\/conexion23.com\\\/#organization\"},\"articleSection\":[\"Uncategorized\"],\"inLanguage\":\"es\",\"potentialAction\":[{\"@type\":\"CommentAction\",\"name\":\"Comment\",\"target\":[\"https:\\\/\\\/conexion23.com\\\/?p=12428#respond\"]}]},{\"@type\":\"WebPage\",\"@id\":\"https:\\\/\\\/conexion23.com\\\/?p=12428\",\"url\":\"https:\\\/\\\/conexion23.com\\\/?p=12428\",\"name\":\"Diputada critica que Ch\u00fa V\u00e1squez espere \u201ccontabilizar muertos\u201d para anunciar medidas en SDN - Conexi\u00f3n 23\",\"isPartOf\":{\"@id\":\"http:\\\/\\\/conexion23.com\\\/#website\"},\"datePublished\":\"2022-10-25T15:55:44+00:00\",\"dateModified\":\"2022-10-25T15:56:32+00:00\",\"breadcrumb\":{\"@id\":\"https:\\\/\\\/conexion23.com\\\/?p=12428#breadcrumb\"},\"inLanguage\":\"es\",\"potentialAction\":[{\"@type\":\"ReadAction\",\"target\":[\"https:\\\/\\\/conexion23.com\\\/?p=12428\"]}]},{\"@type\":\"BreadcrumbList\",\"@id\":\"https:\\\/\\\/conexion23.com\\\/?p=12428#breadcrumb\",\"itemListElement\":[{\"@type\":\"ListItem\",\"position\":1,\"name\":\"Portada\",\"item\":\"http:\\\/\\\/conexion23.com\\\/\"},{\"@type\":\"ListItem\",\"position\":2,\"name\":\"Diputada critica que Ch\u00fa V\u00e1squez espere \u201ccontabilizar muertos\u201d para anunciar medidas en SDN\"}]},{\"@type\":\"WebSite\",\"@id\":\"http:\\\/\\\/conexion23.com\\\/#website\",\"url\":\"http:\\\/\\\/conexion23.com\\\/\",\"name\":\"Conexi\u00f3n 23\",\"description\":\"Peri\u00f3dico 100% Petromacorisano\",\"publisher\":{\"@id\":\"http:\\\/\\\/conexion23.com\\\/#organization\"},\"potentialAction\":[{\"@type\":\"SearchAction\",\"target\":{\"@type\":\"EntryPoint\",\"urlTemplate\":\"http:\\\/\\\/conexion23.com\\\/?s={search_term_string}\"},\"query-input\":{\"@type\":\"PropertyValueSpecification\",\"valueRequired\":true,\"valueName\":\"search_term_string\"}}],\"inLanguage\":\"es\"},{\"@type\":\"Organization\",\"@id\":\"http:\\\/\\\/conexion23.com\\\/#organization\",\"name\":\"Conexion 23\",\"url\":\"http:\\\/\\\/conexion23.com\\\/\",\"logo\":{\"@type\":\"ImageObject\",\"inLanguage\":\"es\",\"@id\":\"http:\\\/\\\/conexion23.com\\\/#\\\/schema\\\/logo\\\/image\\\/\",\"url\":\"https:\\\/\\\/conexion23.com\\\/wp-content\\\/uploads\\\/2021\\\/11\\\/Diseno-sin-titulo-2.png\",\"contentUrl\":\"https:\\\/\\\/conexion23.com\\\/wp-content\\\/uploads\\\/2021\\\/11\\\/Diseno-sin-titulo-2.png\",\"width\":541,\"height\":90,\"caption\":\"Conexion 23\"},\"image\":{\"@id\":\"http:\\\/\\\/conexion23.com\\\/#\\\/schema\\\/logo\\\/image\\\/\"},\"sameAs\":[\"https:\\\/\\\/www.facebook.com\\\/conexion23com\",\"https:\\\/\\\/www.instagram.com\\\/conexion23com\\\/\",\"https:\\\/\\\/www.youtube.com\\\/channel\\\/UCYc7vxxFZMYLIHNsHHxPZ3Q\"]},{\"@type\":\"Person\",\"@id\":\"http:\\\/\\\/conexion23.com\\\/#\\\/schema\\\/person\\\/03e36043331117e97a373299bbcd30a6\",\"name\":\"Raffy Ben\u00edtez\",\"image\":{\"@type\":\"ImageObject\",\"inLanguage\":\"es\",\"@id\":\"https:\\\/\\\/secure.gravatar.com\\\/avatar\\\/3190a6a6c5e1b0327500f7d6c56b6242472ee6cb974cf09b401ee6b3b0798f23?s=96&d=mm&r=g\",\"url\":\"https:\\\/\\\/secure.gravatar.com\\\/avatar\\\/3190a6a6c5e1b0327500f7d6c56b6242472ee6cb974cf09b401ee6b3b0798f23?s=96&d=mm&r=g\",\"contentUrl\":\"https:\\\/\\\/secure.gravatar.com\\\/avatar\\\/3190a6a6c5e1b0327500f7d6c56b6242472ee6cb974cf09b401ee6b3b0798f23?s=96&d=mm&r=g\",\"caption\":\"Raffy Ben\u00edtez\"},\"url\":\"https:\\\/\\\/conexion23.com\\\/?author=15\"}]}<\/script>\n<!-- \/ Yoast SEO plugin. -->","yoast_head_json":{"title":"Diputada critica que Ch\u00fa V\u00e1squez espere \u201ccontabilizar muertos\u201d para anunciar medidas en SDN - Conexi\u00f3n 23","robots":{"index":"index","follow":"follow","max-snippet":"max-snippet:-1","max-image-preview":"max-image-preview:large","max-video-preview":"max-video-preview:-1"},"canonical":"https:\/\/conexion23.com\/?p=12428","og_locale":"es_ES","og_type":"article","og_title":"Diputada critica que Ch\u00fa V\u00e1squez espere \u201ccontabilizar muertos\u201d para anunciar medidas en SDN - Conexi\u00f3n 23","og_description":"Santo Domingo. \u2013&nbsp;La diputada por el partido Fuerza del Pueblo (FP), Dulce Rojas extern\u00f3 su preocupaci\u00f3n por los niveles de inseguridad en que se encuentra el pa\u00eds y asegur\u00f3 que la ola de violencia y delincuencia contin\u00faa azotando en la comunidad de Villa Mella, en Santo Domingo Norte (SDN). Rojas revel\u00f3 que este flagelo impera [&hellip;]","og_url":"https:\/\/conexion23.com\/?p=12428","og_site_name":"Conexi\u00f3n 23","article_publisher":"https:\/\/www.facebook.com\/conexion23com","article_published_time":"2022-10-25T15:55:44+00:00","article_modified_time":"2022-10-25T15:56:32+00:00","author":"Raffy Ben\u00edtez","twitter_card":"summary_large_image","twitter_misc":{"Escrito por":"Raffy Ben\u00edtez","Tiempo de lectura":"2 minutos"},"schema":{"@context":"https:\/\/schema.org","@graph":[{"@type":"Article","@id":"https:\/\/conexion23.com\/?p=12428#article","isPartOf":{"@id":"https:\/\/conexion23.com\/?p=12428"},"author":{"name":"Raffy Ben\u00edtez","@id":"http:\/\/conexion23.com\/#\/schema\/person\/03e36043331117e97a373299bbcd30a6"},"headline":"Diputada critica que Ch\u00fa V\u00e1squez espere \u201ccontabilizar muertos\u201d para anunciar medidas en SDN","datePublished":"2022-10-25T15:55:44+00:00","dateModified":"2022-10-25T15:56:32+00:00","mainEntityOfPage":{"@id":"https:\/\/conexion23.com\/?p=12428"},"wordCount":429,"commentCount":0,"publisher":{"@id":"http:\/\/conexion23.com\/#organization"},"articleSection":["Uncategorized"],"inLanguage":"es","potentialAction":[{"@type":"CommentAction","name":"Comment","target":["https:\/\/conexion23.com\/?p=12428#respond"]}]},{"@type":"WebPage","@id":"https:\/\/conexion23.com\/?p=12428","url":"https:\/\/conexion23.com\/?p=12428","name":"Diputada critica que Ch\u00fa V\u00e1squez espere \u201ccontabilizar muertos\u201d para anunciar medidas en SDN - Conexi\u00f3n 23","isPartOf":{"@id":"http:\/\/conexion23.com\/#website"},"datePublished":"2022-10-25T15:55:44+00:00","dateModified":"2022-10-25T15:56:32+00:00","breadcrumb":{"@id":"https:\/\/conexion23.com\/?p=12428#breadcrumb"},"inLanguage":"es","potentialAction":[{"@type":"ReadAction","target":["https:\/\/conexion23.com\/?p=12428"]}]},{"@type":"BreadcrumbList","@id":"https:\/\/conexion23.com\/?p=12428#breadcrumb","itemListElement":[{"@type":"ListItem","position":1,"name":"Portada","item":"http:\/\/conexion23.com\/"},{"@type":"ListItem","position":2,"name":"Diputada critica que Ch\u00fa V\u00e1squez espere \u201ccontabilizar muertos\u201d para anunciar medidas en SDN"}]},{"@type":"WebSite","@id":"http:\/\/conexion23.com\/#website","url":"http:\/\/conexion23.com\/","name":"Conexi\u00f3n 23","description":"Peri\u00f3dico 100% Petromacorisano","publisher":{"@id":"http:\/\/conexion23.com\/#organization"},"potentialAction":[{"@type":"SearchAction","target":{"@type":"EntryPoint","urlTemplate":"http:\/\/conexion23.com\/?s={search_term_string}"},"query-input":{"@type":"PropertyValueSpecification","valueRequired":true,"valueName":"search_term_string"}}],"inLanguage":"es"},{"@type":"Organization","@id":"http:\/\/conexion23.com\/#organization","name":"Conexion 23","url":"http:\/\/conexion23.com\/","logo":{"@type":"ImageObject","inLanguage":"es","@id":"http:\/\/conexion23.com\/#\/schema\/logo\/image\/","url":"https:\/\/conexion23.com\/wp-content\/uploads\/2021\/11\/Diseno-sin-titulo-2.png","contentUrl":"https:\/\/conexion23.com\/wp-content\/uploads\/2021\/11\/Diseno-sin-titulo-2.png","width":541,"height":90,"caption":"Conexion 23"},"image":{"@id":"http:\/\/conexion23.com\/#\/schema\/logo\/image\/"},"sameAs":["https:\/\/www.facebook.com\/conexion23com","https:\/\/www.instagram.com\/conexion23com\/","https:\/\/www.youtube.com\/channel\/UCYc7vxxFZMYLIHNsHHxPZ3Q"]},{"@type":"Person","@id":"http:\/\/conexion23.com\/#\/schema\/person\/03e36043331117e97a373299bbcd30a6","name":"Raffy Ben\u00edtez","image":{"@type":"ImageObject","inLanguage":"es","@id":"https:\/\/secure.gravatar.com\/avatar\/3190a6a6c5e1b0327500f7d6c56b6242472ee6cb974cf09b401ee6b3b0798f23?s=96&d=mm&r=g","url":"https:\/\/secure.gravatar.com\/avatar\/3190a6a6c5e1b0327500f7d6c56b6242472ee6cb974cf09b401ee6b3b0798f23?s=96&d=mm&r=g","contentUrl":"https:\/\/secure.gravatar.com\/avatar\/3190a6a6c5e1b0327500f7d6c56b6242472ee6cb974cf09b401ee6b3b0798f23?s=96&d=mm&r=g","caption":"Raffy Ben\u00edtez"},"url":"https:\/\/conexion23.com\/?author=15"}]}},"_links":{"self":[{"href":"https:\/\/conexion23.com\/index.php?rest_route=\/wp\/v2\/posts\/12428","targetHints":{"allow":["GET"]}}],"collection":[{"href":"https:\/\/conexion23.com\/index.php?rest_route=\/wp\/v2\/posts"}],"about":[{"href":"https:\/\/conexion23.com\/index.php?rest_route=\/wp\/v2\/types\/post"}],"author":[{"embeddable":true,"href":"https:\/\/conexion23.com\/index.php?rest_route=\/wp\/v2\/users\/15"}],"replies":[{"embeddable":true,"href":"https:\/\/conexion23.com\/index.php?rest_route=%2Fwp%2Fv2%2Fcomments&post=12428"}],"version-history":[{"count":1,"href":"https:\/\/conexion23.com\/index.php?rest_route=\/wp\/v2\/posts\/12428\/revisions"}],"predecessor-version":[{"id":12430,"href":"https:\/\/conexion23.com\/index.php?rest_route=\/wp\/v2\/posts\/12428\/revisions\/12430"}],"wp:attachment":[{"href":"https:\/\/conexion23.com\/index.php?rest_route=%2Fwp%2Fv2%2Fmedia&parent=12428"}],"wp:term":[{"taxonomy":"category","embeddable":true,"href":"https:\/\/conexion23.com\/index.php?rest_route=%2Fwp%2Fv2%2Fcategories&post=12428"},{"taxonomy":"post_tag","embeddable":true,"href":"https:\/\/conexion23.com\/index.php?rest_route=%2Fwp%2Fv2%2Ftags&post=12428"}],"curies":[{"name":"wp","href":"https:\/\/api.w.org\/{rel}","templated":true}]}}