{"id":12478,"date":"2022-10-26T06:44:04","date_gmt":"2022-10-26T10:44:04","guid":{"rendered":"https:\/\/conexion23.com\/?p=12478"},"modified":"2022-10-26T06:44:11","modified_gmt":"2022-10-26T10:44:11","slug":"fuerza-del-pueblo-eleva-20-mujeres-a-su-direccion-politica","status":"publish","type":"post","link":"https:\/\/conexion23.com\/?p=12478","title":{"rendered":"Fuerza del Pueblo eleva 20 mujeres a su direcci\u00f3n pol\u00edtica"},"content":{"rendered":"\n<p class=\"wp-block-paragraph\">El partido Fuerza del Pueblo eligi\u00f3 por votos a 20 mujeres como nuevas integrantes de su m\u00e1ximo organismo de direcci\u00f3n.<\/p>\n\n\n\n<p class=\"wp-block-paragraph\">La elecci\u00f3n fue hecha en un acto en el pabell\u00f3n de voleibol del Centro Ol\u00edmpico Juan Pablo Duarte, de esta capital, encabezado por el ex presidente de la Rep\u00fablica, Leonel Fern\u00e1ndez, y otros altos dirigentes de la organizaci\u00f3n opositora.<\/p>\n\n\n\n<p class=\"wp-block-paragraph\">En una primera ronda de votaciones&nbsp;Keyla Reyna, vicesecretaria de comunicaciones y encargada de redes fue escogida con 618 votos (57.28 por ciento) mientras que la diputada&nbsp;&nbsp;Noris Medina obtuvo &nbsp;587 (54.4%) y su colegs Adalgisa Pujols, 580 (53.75%).<\/p>\n\n\n\n<p class=\"wp-block-paragraph\">Angee Brook, secretaria de la Mujer de la FP, alcanz\u00f3 553 votos (51.25%) y la secretaria, de Educaci\u00f3n, Josefina Pimentel, 551 (51.07%).<\/p>\n\n\n\n<p class=\"wp-block-paragraph\">Otra diputada y actual secretaria general de FP en Santiago, Altagracia Gonz\u00e1lez, logr\u00f3 543 votos, (50.32%).<\/p>\n\n\n\n<p class=\"wp-block-paragraph\">En la segunda ronda las 14 m\u00e1s votadas fueron&nbsp;Juana S\u00e1nchez, Mery Valerio, Yudelka de la Rosa, Alexandra Pe\u00f1a, Johanny Guzm\u00e1n, Enriqueta Rojas (Dulce),&nbsp; Ana Garc\u00eda Caba, Ycelmary Brito O\u2019Neal, (Juliana) Lourdes Aybar, Gisela Romero, Liseloth Arias, Nelsida Marmolejos, Ivannia Rivera y Ruth M\u00e9ndez, son las 14 que se suman a las 6 escogidas en la primera ronda.<\/p>\n\n\n\n<p class=\"wp-block-paragraph\">ACTO HIST\u00d3RICO<\/p>\n\n\n\n<p class=\"wp-block-paragraph\">Una nota de prensa de la FP se\u00f1ala que este fue un \u201cacto hist\u00f3rico\u201d,&nbsp;&nbsp;que se inscribir\u00e1 en la historia pol\u00edtica dominicana,&nbsp;caracterizado \u201cpor el orden, el respeto y la confraternidad\u201d.<\/p>\n\n\n\n<p class=\"wp-block-paragraph\">Dice que las escogidas se sumar\u00e1n en la direcci\u00f3n pol\u00edtica a Ligia Amada Melo, por lo que&nbsp;&nbsp;ahora son 21 las que representan a la mujer dominicana en este organismo.<\/p>\n\n\n\n<p class=\"wp-block-paragraph\">\u201cCon las 21 integrantes en la Direcci\u00f3n Pol\u00edtica, Fuerza del Pueblo se convierte en el partido de mayor integraci\u00f3n femenina, frente a un PLD que apenas tiene 8 y un PRM que tiene 12\u201d, agrega.<\/p>\n","protected":false},"excerpt":{"rendered":"<p>El partido Fuerza del Pueblo eligi\u00f3 por votos a 20 mujeres como nuevas integrantes de su m\u00e1ximo organismo de direcci\u00f3n. La elecci\u00f3n fue hecha en un acto en el pabell\u00f3n de voleibol del Centro Ol\u00edmpico Juan Pablo Duarte, de esta capital, encabezado por el ex presidente de la Rep\u00fablica, Leonel Fern\u00e1ndez, y otros altos dirigentes [&hellip;]<\/p>\n","protected":false},"author":15,"featured_media":0,"comment_status":"open","ping_status":"open","sticky":false,"template":"","format":"standard","meta":{"footnotes":""},"categories":[1],"tags":[],"class_list":["post-12478","post","type-post","status-publish","format-standard","category-uncategorized"],"yoast_head":"<!-- This site is optimized with the Yoast SEO plugin v27.6 - https:\/\/yoast.com\/product\/yoast-seo-wordpress\/ -->\n<title>Fuerza del Pueblo eleva 20 mujeres a su direcci\u00f3n pol\u00edtica - Conexi\u00f3n 23<\/title>\n<meta name=\"robots\" content=\"index, follow, max-snippet:-1, max-image-preview:large, max-video-preview:-1\" \/>\n<link rel=\"canonical\" href=\"https:\/\/conexion23.com\/?p=12478\" \/>\n<meta property=\"og:locale\" content=\"es_ES\" \/>\n<meta property=\"og:type\" content=\"article\" \/>\n<meta property=\"og:title\" content=\"Fuerza del Pueblo eleva 20 mujeres a su direcci\u00f3n pol\u00edtica - Conexi\u00f3n 23\" \/>\n<meta property=\"og:description\" content=\"El partido Fuerza del Pueblo eligi\u00f3 por votos a 20 mujeres como nuevas integrantes de su m\u00e1ximo organismo de direcci\u00f3n. La elecci\u00f3n fue hecha en un acto en el pabell\u00f3n de voleibol del Centro Ol\u00edmpico Juan Pablo Duarte, de esta capital, encabezado por el ex presidente de la Rep\u00fablica, Leonel Fern\u00e1ndez, y otros altos dirigentes [&hellip;]\" \/>\n<meta property=\"og:url\" content=\"https:\/\/conexion23.com\/?p=12478\" \/>\n<meta property=\"og:site_name\" content=\"Conexi\u00f3n 23\" \/>\n<meta property=\"article:publisher\" content=\"https:\/\/www.facebook.com\/conexion23com\" \/>\n<meta property=\"article:published_time\" content=\"2022-10-26T10:44:04+00:00\" \/>\n<meta property=\"article:modified_time\" content=\"2022-10-26T10:44:11+00:00\" \/>\n<meta name=\"author\" content=\"Raffy Ben\u00edtez\" \/>\n<meta name=\"twitter:card\" content=\"summary_large_image\" \/>\n<meta name=\"twitter:label1\" content=\"Escrito por\" \/>\n\t<meta name=\"twitter:data1\" content=\"Raffy Ben\u00edtez\" \/>\n\t<meta name=\"twitter:label2\" content=\"Tiempo de lectura\" \/>\n\t<meta name=\"twitter:data2\" content=\"2 minutos\" \/>\n<script type=\"application\/ld+json\" class=\"yoast-schema-graph\">{\"@context\":\"https:\\\/\\\/schema.org\",\"@graph\":[{\"@type\":\"Article\",\"@id\":\"https:\\\/\\\/conexion23.com\\\/?p=12478#article\",\"isPartOf\":{\"@id\":\"https:\\\/\\\/conexion23.com\\\/?p=12478\"},\"author\":{\"name\":\"Raffy Ben\u00edtez\",\"@id\":\"https:\\\/\\\/conexion23.com\\\/#\\\/schema\\\/person\\\/03e36043331117e97a373299bbcd30a6\"},\"headline\":\"Fuerza del Pueblo eleva 20 mujeres a su direcci\u00f3n pol\u00edtica\",\"datePublished\":\"2022-10-26T10:44:04+00:00\",\"dateModified\":\"2022-10-26T10:44:11+00:00\",\"mainEntityOfPage\":{\"@id\":\"https:\\\/\\\/conexion23.com\\\/?p=12478\"},\"wordCount\":321,\"commentCount\":0,\"publisher\":{\"@id\":\"https:\\\/\\\/conexion23.com\\\/#organization\"},\"articleSection\":[\"Uncategorized\"],\"inLanguage\":\"es\",\"potentialAction\":[{\"@type\":\"CommentAction\",\"name\":\"Comment\",\"target\":[\"https:\\\/\\\/conexion23.com\\\/?p=12478#respond\"]}]},{\"@type\":\"WebPage\",\"@id\":\"https:\\\/\\\/conexion23.com\\\/?p=12478\",\"url\":\"https:\\\/\\\/conexion23.com\\\/?p=12478\",\"name\":\"Fuerza del Pueblo eleva 20 mujeres a su direcci\u00f3n pol\u00edtica - Conexi\u00f3n 23\",\"isPartOf\":{\"@id\":\"https:\\\/\\\/conexion23.com\\\/#website\"},\"datePublished\":\"2022-10-26T10:44:04+00:00\",\"dateModified\":\"2022-10-26T10:44:11+00:00\",\"breadcrumb\":{\"@id\":\"https:\\\/\\\/conexion23.com\\\/?p=12478#breadcrumb\"},\"inLanguage\":\"es\",\"potentialAction\":[{\"@type\":\"ReadAction\",\"target\":[\"https:\\\/\\\/conexion23.com\\\/?p=12478\"]}]},{\"@type\":\"BreadcrumbList\",\"@id\":\"https:\\\/\\\/conexion23.com\\\/?p=12478#breadcrumb\",\"itemListElement\":[{\"@type\":\"ListItem\",\"position\":1,\"name\":\"Portada\",\"item\":\"https:\\\/\\\/conexion23.com\\\/\"},{\"@type\":\"ListItem\",\"position\":2,\"name\":\"Fuerza del Pueblo eleva 20 mujeres a su direcci\u00f3n pol\u00edtica\"}]},{\"@type\":\"WebSite\",\"@id\":\"https:\\\/\\\/conexion23.com\\\/#website\",\"url\":\"https:\\\/\\\/conexion23.com\\\/\",\"name\":\"Conexi\u00f3n 23\",\"description\":\"Peri\u00f3dico 100% Petromacorisano\",\"publisher\":{\"@id\":\"https:\\\/\\\/conexion23.com\\\/#organization\"},\"potentialAction\":[{\"@type\":\"SearchAction\",\"target\":{\"@type\":\"EntryPoint\",\"urlTemplate\":\"https:\\\/\\\/conexion23.com\\\/?s={search_term_string}\"},\"query-input\":{\"@type\":\"PropertyValueSpecification\",\"valueRequired\":true,\"valueName\":\"search_term_string\"}}],\"inLanguage\":\"es\"},{\"@type\":\"Organization\",\"@id\":\"https:\\\/\\\/conexion23.com\\\/#organization\",\"name\":\"Conexion 23\",\"url\":\"https:\\\/\\\/conexion23.com\\\/\",\"logo\":{\"@type\":\"ImageObject\",\"inLanguage\":\"es\",\"@id\":\"https:\\\/\\\/conexion23.com\\\/#\\\/schema\\\/logo\\\/image\\\/\",\"url\":\"https:\\\/\\\/conexion23.com\\\/wp-content\\\/uploads\\\/2021\\\/11\\\/Diseno-sin-titulo-2.png\",\"contentUrl\":\"https:\\\/\\\/conexion23.com\\\/wp-content\\\/uploads\\\/2021\\\/11\\\/Diseno-sin-titulo-2.png\",\"width\":541,\"height\":90,\"caption\":\"Conexion 23\"},\"image\":{\"@id\":\"https:\\\/\\\/conexion23.com\\\/#\\\/schema\\\/logo\\\/image\\\/\"},\"sameAs\":[\"https:\\\/\\\/www.facebook.com\\\/conexion23com\",\"https:\\\/\\\/www.instagram.com\\\/conexion23com\\\/\",\"https:\\\/\\\/www.youtube.com\\\/channel\\\/UCYc7vxxFZMYLIHNsHHxPZ3Q\"]},{\"@type\":\"Person\",\"@id\":\"https:\\\/\\\/conexion23.com\\\/#\\\/schema\\\/person\\\/03e36043331117e97a373299bbcd30a6\",\"name\":\"Raffy Ben\u00edtez\",\"image\":{\"@type\":\"ImageObject\",\"inLanguage\":\"es\",\"@id\":\"https:\\\/\\\/secure.gravatar.com\\\/avatar\\\/3190a6a6c5e1b0327500f7d6c56b6242472ee6cb974cf09b401ee6b3b0798f23?s=96&d=mm&r=g\",\"url\":\"https:\\\/\\\/secure.gravatar.com\\\/avatar\\\/3190a6a6c5e1b0327500f7d6c56b6242472ee6cb974cf09b401ee6b3b0798f23?s=96&d=mm&r=g\",\"contentUrl\":\"https:\\\/\\\/secure.gravatar.com\\\/avatar\\\/3190a6a6c5e1b0327500f7d6c56b6242472ee6cb974cf09b401ee6b3b0798f23?s=96&d=mm&r=g\",\"caption\":\"Raffy Ben\u00edtez\"},\"url\":\"https:\\\/\\\/conexion23.com\\\/?author=15\"}]}<\/script>\n<!-- \/ Yoast SEO plugin. -->","yoast_head_json":{"title":"Fuerza del Pueblo eleva 20 mujeres a su direcci\u00f3n pol\u00edtica - Conexi\u00f3n 23","robots":{"index":"index","follow":"follow","max-snippet":"max-snippet:-1","max-image-preview":"max-image-preview:large","max-video-preview":"max-video-preview:-1"},"canonical":"https:\/\/conexion23.com\/?p=12478","og_locale":"es_ES","og_type":"article","og_title":"Fuerza del Pueblo eleva 20 mujeres a su direcci\u00f3n pol\u00edtica - Conexi\u00f3n 23","og_description":"El partido Fuerza del Pueblo eligi\u00f3 por votos a 20 mujeres como nuevas integrantes de su m\u00e1ximo organismo de direcci\u00f3n. La elecci\u00f3n fue hecha en un acto en el pabell\u00f3n de voleibol del Centro Ol\u00edmpico Juan Pablo Duarte, de esta capital, encabezado por el ex presidente de la Rep\u00fablica, Leonel Fern\u00e1ndez, y otros altos dirigentes [&hellip;]","og_url":"https:\/\/conexion23.com\/?p=12478","og_site_name":"Conexi\u00f3n 23","article_publisher":"https:\/\/www.facebook.com\/conexion23com","article_published_time":"2022-10-26T10:44:04+00:00","article_modified_time":"2022-10-26T10:44:11+00:00","author":"Raffy Ben\u00edtez","twitter_card":"summary_large_image","twitter_misc":{"Escrito por":"Raffy Ben\u00edtez","Tiempo de lectura":"2 minutos"},"schema":{"@context":"https:\/\/schema.org","@graph":[{"@type":"Article","@id":"https:\/\/conexion23.com\/?p=12478#article","isPartOf":{"@id":"https:\/\/conexion23.com\/?p=12478"},"author":{"name":"Raffy Ben\u00edtez","@id":"https:\/\/conexion23.com\/#\/schema\/person\/03e36043331117e97a373299bbcd30a6"},"headline":"Fuerza del Pueblo eleva 20 mujeres a su direcci\u00f3n pol\u00edtica","datePublished":"2022-10-26T10:44:04+00:00","dateModified":"2022-10-26T10:44:11+00:00","mainEntityOfPage":{"@id":"https:\/\/conexion23.com\/?p=12478"},"wordCount":321,"commentCount":0,"publisher":{"@id":"https:\/\/conexion23.com\/#organization"},"articleSection":["Uncategorized"],"inLanguage":"es","potentialAction":[{"@type":"CommentAction","name":"Comment","target":["https:\/\/conexion23.com\/?p=12478#respond"]}]},{"@type":"WebPage","@id":"https:\/\/conexion23.com\/?p=12478","url":"https:\/\/conexion23.com\/?p=12478","name":"Fuerza del Pueblo eleva 20 mujeres a su direcci\u00f3n pol\u00edtica - Conexi\u00f3n 23","isPartOf":{"@id":"https:\/\/conexion23.com\/#website"},"datePublished":"2022-10-26T10:44:04+00:00","dateModified":"2022-10-26T10:44:11+00:00","breadcrumb":{"@id":"https:\/\/conexion23.com\/?p=12478#breadcrumb"},"inLanguage":"es","potentialAction":[{"@type":"ReadAction","target":["https:\/\/conexion23.com\/?p=12478"]}]},{"@type":"BreadcrumbList","@id":"https:\/\/conexion23.com\/?p=12478#breadcrumb","itemListElement":[{"@type":"ListItem","position":1,"name":"Portada","item":"https:\/\/conexion23.com\/"},{"@type":"ListItem","position":2,"name":"Fuerza del Pueblo eleva 20 mujeres a su direcci\u00f3n pol\u00edtica"}]},{"@type":"WebSite","@id":"https:\/\/conexion23.com\/#website","url":"https:\/\/conexion23.com\/","name":"Conexi\u00f3n 23","description":"Peri\u00f3dico 100% Petromacorisano","publisher":{"@id":"https:\/\/conexion23.com\/#organization"},"potentialAction":[{"@type":"SearchAction","target":{"@type":"EntryPoint","urlTemplate":"https:\/\/conexion23.com\/?s={search_term_string}"},"query-input":{"@type":"PropertyValueSpecification","valueRequired":true,"valueName":"search_term_string"}}],"inLanguage":"es"},{"@type":"Organization","@id":"https:\/\/conexion23.com\/#organization","name":"Conexion 23","url":"https:\/\/conexion23.com\/","logo":{"@type":"ImageObject","inLanguage":"es","@id":"https:\/\/conexion23.com\/#\/schema\/logo\/image\/","url":"https:\/\/conexion23.com\/wp-content\/uploads\/2021\/11\/Diseno-sin-titulo-2.png","contentUrl":"https:\/\/conexion23.com\/wp-content\/uploads\/2021\/11\/Diseno-sin-titulo-2.png","width":541,"height":90,"caption":"Conexion 23"},"image":{"@id":"https:\/\/conexion23.com\/#\/schema\/logo\/image\/"},"sameAs":["https:\/\/www.facebook.com\/conexion23com","https:\/\/www.instagram.com\/conexion23com\/","https:\/\/www.youtube.com\/channel\/UCYc7vxxFZMYLIHNsHHxPZ3Q"]},{"@type":"Person","@id":"https:\/\/conexion23.com\/#\/schema\/person\/03e36043331117e97a373299bbcd30a6","name":"Raffy Ben\u00edtez","image":{"@type":"ImageObject","inLanguage":"es","@id":"https:\/\/secure.gravatar.com\/avatar\/3190a6a6c5e1b0327500f7d6c56b6242472ee6cb974cf09b401ee6b3b0798f23?s=96&d=mm&r=g","url":"https:\/\/secure.gravatar.com\/avatar\/3190a6a6c5e1b0327500f7d6c56b6242472ee6cb974cf09b401ee6b3b0798f23?s=96&d=mm&r=g","contentUrl":"https:\/\/secure.gravatar.com\/avatar\/3190a6a6c5e1b0327500f7d6c56b6242472ee6cb974cf09b401ee6b3b0798f23?s=96&d=mm&r=g","caption":"Raffy Ben\u00edtez"},"url":"https:\/\/conexion23.com\/?author=15"}]}},"_links":{"self":[{"href":"https:\/\/conexion23.com\/index.php?rest_route=\/wp\/v2\/posts\/12478","targetHints":{"allow":["GET"]}}],"collection":[{"href":"https:\/\/conexion23.com\/index.php?rest_route=\/wp\/v2\/posts"}],"about":[{"href":"https:\/\/conexion23.com\/index.php?rest_route=\/wp\/v2\/types\/post"}],"author":[{"embeddable":true,"href":"https:\/\/conexion23.com\/index.php?rest_route=\/wp\/v2\/users\/15"}],"replies":[{"embeddable":true,"href":"https:\/\/conexion23.com\/index.php?rest_route=%2Fwp%2Fv2%2Fcomments&post=12478"}],"version-history":[{"count":1,"href":"https:\/\/conexion23.com\/index.php?rest_route=\/wp\/v2\/posts\/12478\/revisions"}],"predecessor-version":[{"id":12480,"href":"https:\/\/conexion23.com\/index.php?rest_route=\/wp\/v2\/posts\/12478\/revisions\/12480"}],"wp:attachment":[{"href":"https:\/\/conexion23.com\/index.php?rest_route=%2Fwp%2Fv2%2Fmedia&parent=12478"}],"wp:term":[{"taxonomy":"category","embeddable":true,"href":"https:\/\/conexion23.com\/index.php?rest_route=%2Fwp%2Fv2%2Fcategories&post=12478"},{"taxonomy":"post_tag","embeddable":true,"href":"https:\/\/conexion23.com\/index.php?rest_route=%2Fwp%2Fv2%2Ftags&post=12478"}],"curies":[{"name":"wp","href":"https:\/\/api.w.org\/{rel}","templated":true}]}}