{"id":12576,"date":"2022-10-27T07:02:39","date_gmt":"2022-10-27T11:02:39","guid":{"rendered":"https:\/\/conexion23.com\/?p=12576"},"modified":"2022-10-27T07:02:48","modified_gmt":"2022-10-27T11:02:48","slug":"senador-democrata-espera-presidente-joe-biden-nombre-embajador-en-rd","status":"publish","type":"post","link":"https:\/\/conexion23.com\/?p=12576","title":{"rendered":"Senador dem\u00f3crata espera presidente Joe Biden nombre embajador en RD"},"content":{"rendered":"\n<p class=\"wp-block-paragraph\">Necesitamos un embajador\u201d, fueron las palabras del senador dem\u00f3crata Timothy Kaine. Dentro de poco, el presidente Biden cumplir\u00e1 dos a\u00f1os en el poder sin que todav\u00eda haya nombrado un representante diplom\u00e1tico para Rep\u00fablica Dominicana.<\/p>\n\n\n\n<p class=\"wp-block-paragraph\">Kaine, miembro del comit\u00e9 que se encarga de aprobar la nominaci\u00f3n de embajadores asegur\u00f3 que, aunque todav\u00eda no hay un nombre sobre la mesa, Biden debe nominar a una persona este a\u00f1o.<\/p>\n\n\n\n<p class=\"wp-block-paragraph\">\u00abYo espero que el presidente env\u00ede a una persona bien pronto, debe ser este a\u00f1o. Todav\u00eda no hay un nombre, pero yo estoy en el comit\u00e9 y voy a trabajar bien duro para tener un voto y una audiencia\u201d, dijo.<\/p>\n\n\n\n<p class=\"wp-block-paragraph\">Se\u00f1al\u00f3 que la embajada de EEUU cuenta con un buen equipo y una gran representaci\u00f3n diplom\u00e1tica, no obstante, ve necesaria la figura de un embajador.&nbsp;<\/p>\n\n\n\n<p class=\"wp-block-paragraph\">El senador dem\u00f3crata se hizo acompa\u00f1ar del congresista de origen dominicano Adriano Espaillat, quien tambi\u00e9n hizo referencia a la ausencia de un embajador, asegurando que no hay una raz\u00f3n espec\u00edfica para que no se haya nombrado uno, \u201csino que estas cosas toman tiempo\u201d.<\/p>\n\n\n\n<p class=\"wp-block-paragraph\">\u201cYo creo en el Senado, y el senador Kaine me ha manifestado su inter\u00e9s y compromiso de que tan pronto como haya un nombre, va a ser todo lo posible para que eso sea una realidad antes de que se acabe el a\u00f1o\u201d, dijo Espaillat.<\/p>\n","protected":false},"excerpt":{"rendered":"<p>Necesitamos un embajador\u201d, fueron las palabras del senador dem\u00f3crata Timothy Kaine. Dentro de poco, el presidente Biden cumplir\u00e1 dos a\u00f1os en el poder sin que todav\u00eda haya nombrado un representante diplom\u00e1tico para Rep\u00fablica Dominicana. Kaine, miembro del comit\u00e9 que se encarga de aprobar la nominaci\u00f3n de embajadores asegur\u00f3 que, aunque todav\u00eda no hay un nombre [&hellip;]<\/p>\n","protected":false},"author":15,"featured_media":0,"comment_status":"open","ping_status":"open","sticky":false,"template":"","format":"standard","meta":{"footnotes":""},"categories":[1],"tags":[],"class_list":["post-12576","post","type-post","status-publish","format-standard","category-uncategorized"],"yoast_head":"<!-- This site is optimized with the Yoast SEO plugin v27.6 - https:\/\/yoast.com\/product\/yoast-seo-wordpress\/ -->\n<title>Senador dem\u00f3crata espera presidente Joe Biden nombre embajador en RD - Conexi\u00f3n 23<\/title>\n<meta name=\"robots\" content=\"index, follow, max-snippet:-1, max-image-preview:large, max-video-preview:-1\" \/>\n<link rel=\"canonical\" href=\"https:\/\/conexion23.com\/?p=12576\" \/>\n<meta property=\"og:locale\" content=\"es_ES\" \/>\n<meta property=\"og:type\" content=\"article\" \/>\n<meta property=\"og:title\" content=\"Senador dem\u00f3crata espera presidente Joe Biden nombre embajador en RD - Conexi\u00f3n 23\" \/>\n<meta property=\"og:description\" content=\"Necesitamos un embajador\u201d, fueron las palabras del senador dem\u00f3crata Timothy Kaine. Dentro de poco, el presidente Biden cumplir\u00e1 dos a\u00f1os en el poder sin que todav\u00eda haya nombrado un representante diplom\u00e1tico para Rep\u00fablica Dominicana. Kaine, miembro del comit\u00e9 que se encarga de aprobar la nominaci\u00f3n de embajadores asegur\u00f3 que, aunque todav\u00eda no hay un nombre [&hellip;]\" \/>\n<meta property=\"og:url\" content=\"https:\/\/conexion23.com\/?p=12576\" \/>\n<meta property=\"og:site_name\" content=\"Conexi\u00f3n 23\" \/>\n<meta property=\"article:publisher\" content=\"https:\/\/www.facebook.com\/conexion23com\" \/>\n<meta property=\"article:published_time\" content=\"2022-10-27T11:02:39+00:00\" \/>\n<meta property=\"article:modified_time\" content=\"2022-10-27T11:02:48+00:00\" \/>\n<meta name=\"author\" content=\"Raffy Ben\u00edtez\" \/>\n<meta name=\"twitter:card\" content=\"summary_large_image\" \/>\n<meta name=\"twitter:label1\" content=\"Escrito por\" \/>\n\t<meta name=\"twitter:data1\" content=\"Raffy Ben\u00edtez\" \/>\n\t<meta name=\"twitter:label2\" content=\"Tiempo de lectura\" \/>\n\t<meta name=\"twitter:data2\" content=\"2 minutos\" \/>\n<script type=\"application\/ld+json\" class=\"yoast-schema-graph\">{\"@context\":\"https:\\\/\\\/schema.org\",\"@graph\":[{\"@type\":\"Article\",\"@id\":\"https:\\\/\\\/conexion23.com\\\/?p=12576#article\",\"isPartOf\":{\"@id\":\"https:\\\/\\\/conexion23.com\\\/?p=12576\"},\"author\":{\"name\":\"Raffy Ben\u00edtez\",\"@id\":\"https:\\\/\\\/conexion23.com\\\/#\\\/schema\\\/person\\\/03e36043331117e97a373299bbcd30a6\"},\"headline\":\"Senador dem\u00f3crata espera presidente Joe Biden nombre embajador en RD\",\"datePublished\":\"2022-10-27T11:02:39+00:00\",\"dateModified\":\"2022-10-27T11:02:48+00:00\",\"mainEntityOfPage\":{\"@id\":\"https:\\\/\\\/conexion23.com\\\/?p=12576\"},\"wordCount\":252,\"commentCount\":0,\"publisher\":{\"@id\":\"https:\\\/\\\/conexion23.com\\\/#organization\"},\"articleSection\":[\"Uncategorized\"],\"inLanguage\":\"es\",\"potentialAction\":[{\"@type\":\"CommentAction\",\"name\":\"Comment\",\"target\":[\"https:\\\/\\\/conexion23.com\\\/?p=12576#respond\"]}]},{\"@type\":\"WebPage\",\"@id\":\"https:\\\/\\\/conexion23.com\\\/?p=12576\",\"url\":\"https:\\\/\\\/conexion23.com\\\/?p=12576\",\"name\":\"Senador dem\u00f3crata espera presidente Joe Biden nombre embajador en RD - Conexi\u00f3n 23\",\"isPartOf\":{\"@id\":\"https:\\\/\\\/conexion23.com\\\/#website\"},\"datePublished\":\"2022-10-27T11:02:39+00:00\",\"dateModified\":\"2022-10-27T11:02:48+00:00\",\"breadcrumb\":{\"@id\":\"https:\\\/\\\/conexion23.com\\\/?p=12576#breadcrumb\"},\"inLanguage\":\"es\",\"potentialAction\":[{\"@type\":\"ReadAction\",\"target\":[\"https:\\\/\\\/conexion23.com\\\/?p=12576\"]}]},{\"@type\":\"BreadcrumbList\",\"@id\":\"https:\\\/\\\/conexion23.com\\\/?p=12576#breadcrumb\",\"itemListElement\":[{\"@type\":\"ListItem\",\"position\":1,\"name\":\"Portada\",\"item\":\"https:\\\/\\\/conexion23.com\\\/\"},{\"@type\":\"ListItem\",\"position\":2,\"name\":\"Senador dem\u00f3crata espera presidente Joe Biden nombre embajador en RD\"}]},{\"@type\":\"WebSite\",\"@id\":\"https:\\\/\\\/conexion23.com\\\/#website\",\"url\":\"https:\\\/\\\/conexion23.com\\\/\",\"name\":\"Conexi\u00f3n 23\",\"description\":\"Peri\u00f3dico 100% Petromacorisano\",\"publisher\":{\"@id\":\"https:\\\/\\\/conexion23.com\\\/#organization\"},\"potentialAction\":[{\"@type\":\"SearchAction\",\"target\":{\"@type\":\"EntryPoint\",\"urlTemplate\":\"https:\\\/\\\/conexion23.com\\\/?s={search_term_string}\"},\"query-input\":{\"@type\":\"PropertyValueSpecification\",\"valueRequired\":true,\"valueName\":\"search_term_string\"}}],\"inLanguage\":\"es\"},{\"@type\":\"Organization\",\"@id\":\"https:\\\/\\\/conexion23.com\\\/#organization\",\"name\":\"Conexion 23\",\"url\":\"https:\\\/\\\/conexion23.com\\\/\",\"logo\":{\"@type\":\"ImageObject\",\"inLanguage\":\"es\",\"@id\":\"https:\\\/\\\/conexion23.com\\\/#\\\/schema\\\/logo\\\/image\\\/\",\"url\":\"https:\\\/\\\/conexion23.com\\\/wp-content\\\/uploads\\\/2021\\\/11\\\/Diseno-sin-titulo-2.png\",\"contentUrl\":\"https:\\\/\\\/conexion23.com\\\/wp-content\\\/uploads\\\/2021\\\/11\\\/Diseno-sin-titulo-2.png\",\"width\":541,\"height\":90,\"caption\":\"Conexion 23\"},\"image\":{\"@id\":\"https:\\\/\\\/conexion23.com\\\/#\\\/schema\\\/logo\\\/image\\\/\"},\"sameAs\":[\"https:\\\/\\\/www.facebook.com\\\/conexion23com\",\"https:\\\/\\\/www.instagram.com\\\/conexion23com\\\/\",\"https:\\\/\\\/www.youtube.com\\\/channel\\\/UCYc7vxxFZMYLIHNsHHxPZ3Q\"]},{\"@type\":\"Person\",\"@id\":\"https:\\\/\\\/conexion23.com\\\/#\\\/schema\\\/person\\\/03e36043331117e97a373299bbcd30a6\",\"name\":\"Raffy Ben\u00edtez\",\"image\":{\"@type\":\"ImageObject\",\"inLanguage\":\"es\",\"@id\":\"https:\\\/\\\/secure.gravatar.com\\\/avatar\\\/3190a6a6c5e1b0327500f7d6c56b6242472ee6cb974cf09b401ee6b3b0798f23?s=96&d=mm&r=g\",\"url\":\"https:\\\/\\\/secure.gravatar.com\\\/avatar\\\/3190a6a6c5e1b0327500f7d6c56b6242472ee6cb974cf09b401ee6b3b0798f23?s=96&d=mm&r=g\",\"contentUrl\":\"https:\\\/\\\/secure.gravatar.com\\\/avatar\\\/3190a6a6c5e1b0327500f7d6c56b6242472ee6cb974cf09b401ee6b3b0798f23?s=96&d=mm&r=g\",\"caption\":\"Raffy Ben\u00edtez\"},\"url\":\"https:\\\/\\\/conexion23.com\\\/?author=15\"}]}<\/script>\n<!-- \/ Yoast SEO plugin. -->","yoast_head_json":{"title":"Senador dem\u00f3crata espera presidente Joe Biden nombre embajador en RD - Conexi\u00f3n 23","robots":{"index":"index","follow":"follow","max-snippet":"max-snippet:-1","max-image-preview":"max-image-preview:large","max-video-preview":"max-video-preview:-1"},"canonical":"https:\/\/conexion23.com\/?p=12576","og_locale":"es_ES","og_type":"article","og_title":"Senador dem\u00f3crata espera presidente Joe Biden nombre embajador en RD - Conexi\u00f3n 23","og_description":"Necesitamos un embajador\u201d, fueron las palabras del senador dem\u00f3crata Timothy Kaine. Dentro de poco, el presidente Biden cumplir\u00e1 dos a\u00f1os en el poder sin que todav\u00eda haya nombrado un representante diplom\u00e1tico para Rep\u00fablica Dominicana. Kaine, miembro del comit\u00e9 que se encarga de aprobar la nominaci\u00f3n de embajadores asegur\u00f3 que, aunque todav\u00eda no hay un nombre [&hellip;]","og_url":"https:\/\/conexion23.com\/?p=12576","og_site_name":"Conexi\u00f3n 23","article_publisher":"https:\/\/www.facebook.com\/conexion23com","article_published_time":"2022-10-27T11:02:39+00:00","article_modified_time":"2022-10-27T11:02:48+00:00","author":"Raffy Ben\u00edtez","twitter_card":"summary_large_image","twitter_misc":{"Escrito por":"Raffy Ben\u00edtez","Tiempo de lectura":"2 minutos"},"schema":{"@context":"https:\/\/schema.org","@graph":[{"@type":"Article","@id":"https:\/\/conexion23.com\/?p=12576#article","isPartOf":{"@id":"https:\/\/conexion23.com\/?p=12576"},"author":{"name":"Raffy Ben\u00edtez","@id":"https:\/\/conexion23.com\/#\/schema\/person\/03e36043331117e97a373299bbcd30a6"},"headline":"Senador dem\u00f3crata espera presidente Joe Biden nombre embajador en RD","datePublished":"2022-10-27T11:02:39+00:00","dateModified":"2022-10-27T11:02:48+00:00","mainEntityOfPage":{"@id":"https:\/\/conexion23.com\/?p=12576"},"wordCount":252,"commentCount":0,"publisher":{"@id":"https:\/\/conexion23.com\/#organization"},"articleSection":["Uncategorized"],"inLanguage":"es","potentialAction":[{"@type":"CommentAction","name":"Comment","target":["https:\/\/conexion23.com\/?p=12576#respond"]}]},{"@type":"WebPage","@id":"https:\/\/conexion23.com\/?p=12576","url":"https:\/\/conexion23.com\/?p=12576","name":"Senador dem\u00f3crata espera presidente Joe Biden nombre embajador en RD - Conexi\u00f3n 23","isPartOf":{"@id":"https:\/\/conexion23.com\/#website"},"datePublished":"2022-10-27T11:02:39+00:00","dateModified":"2022-10-27T11:02:48+00:00","breadcrumb":{"@id":"https:\/\/conexion23.com\/?p=12576#breadcrumb"},"inLanguage":"es","potentialAction":[{"@type":"ReadAction","target":["https:\/\/conexion23.com\/?p=12576"]}]},{"@type":"BreadcrumbList","@id":"https:\/\/conexion23.com\/?p=12576#breadcrumb","itemListElement":[{"@type":"ListItem","position":1,"name":"Portada","item":"https:\/\/conexion23.com\/"},{"@type":"ListItem","position":2,"name":"Senador dem\u00f3crata espera presidente Joe Biden nombre embajador en RD"}]},{"@type":"WebSite","@id":"https:\/\/conexion23.com\/#website","url":"https:\/\/conexion23.com\/","name":"Conexi\u00f3n 23","description":"Peri\u00f3dico 100% Petromacorisano","publisher":{"@id":"https:\/\/conexion23.com\/#organization"},"potentialAction":[{"@type":"SearchAction","target":{"@type":"EntryPoint","urlTemplate":"https:\/\/conexion23.com\/?s={search_term_string}"},"query-input":{"@type":"PropertyValueSpecification","valueRequired":true,"valueName":"search_term_string"}}],"inLanguage":"es"},{"@type":"Organization","@id":"https:\/\/conexion23.com\/#organization","name":"Conexion 23","url":"https:\/\/conexion23.com\/","logo":{"@type":"ImageObject","inLanguage":"es","@id":"https:\/\/conexion23.com\/#\/schema\/logo\/image\/","url":"https:\/\/conexion23.com\/wp-content\/uploads\/2021\/11\/Diseno-sin-titulo-2.png","contentUrl":"https:\/\/conexion23.com\/wp-content\/uploads\/2021\/11\/Diseno-sin-titulo-2.png","width":541,"height":90,"caption":"Conexion 23"},"image":{"@id":"https:\/\/conexion23.com\/#\/schema\/logo\/image\/"},"sameAs":["https:\/\/www.facebook.com\/conexion23com","https:\/\/www.instagram.com\/conexion23com\/","https:\/\/www.youtube.com\/channel\/UCYc7vxxFZMYLIHNsHHxPZ3Q"]},{"@type":"Person","@id":"https:\/\/conexion23.com\/#\/schema\/person\/03e36043331117e97a373299bbcd30a6","name":"Raffy Ben\u00edtez","image":{"@type":"ImageObject","inLanguage":"es","@id":"https:\/\/secure.gravatar.com\/avatar\/3190a6a6c5e1b0327500f7d6c56b6242472ee6cb974cf09b401ee6b3b0798f23?s=96&d=mm&r=g","url":"https:\/\/secure.gravatar.com\/avatar\/3190a6a6c5e1b0327500f7d6c56b6242472ee6cb974cf09b401ee6b3b0798f23?s=96&d=mm&r=g","contentUrl":"https:\/\/secure.gravatar.com\/avatar\/3190a6a6c5e1b0327500f7d6c56b6242472ee6cb974cf09b401ee6b3b0798f23?s=96&d=mm&r=g","caption":"Raffy Ben\u00edtez"},"url":"https:\/\/conexion23.com\/?author=15"}]}},"_links":{"self":[{"href":"https:\/\/conexion23.com\/index.php?rest_route=\/wp\/v2\/posts\/12576","targetHints":{"allow":["GET"]}}],"collection":[{"href":"https:\/\/conexion23.com\/index.php?rest_route=\/wp\/v2\/posts"}],"about":[{"href":"https:\/\/conexion23.com\/index.php?rest_route=\/wp\/v2\/types\/post"}],"author":[{"embeddable":true,"href":"https:\/\/conexion23.com\/index.php?rest_route=\/wp\/v2\/users\/15"}],"replies":[{"embeddable":true,"href":"https:\/\/conexion23.com\/index.php?rest_route=%2Fwp%2Fv2%2Fcomments&post=12576"}],"version-history":[{"count":1,"href":"https:\/\/conexion23.com\/index.php?rest_route=\/wp\/v2\/posts\/12576\/revisions"}],"predecessor-version":[{"id":12578,"href":"https:\/\/conexion23.com\/index.php?rest_route=\/wp\/v2\/posts\/12576\/revisions\/12578"}],"wp:attachment":[{"href":"https:\/\/conexion23.com\/index.php?rest_route=%2Fwp%2Fv2%2Fmedia&parent=12576"}],"wp:term":[{"taxonomy":"category","embeddable":true,"href":"https:\/\/conexion23.com\/index.php?rest_route=%2Fwp%2Fv2%2Fcategories&post=12576"},{"taxonomy":"post_tag","embeddable":true,"href":"https:\/\/conexion23.com\/index.php?rest_route=%2Fwp%2Fv2%2Ftags&post=12576"}],"curies":[{"name":"wp","href":"https:\/\/api.w.org\/{rel}","templated":true}]}}