{"id":12589,"date":"2022-10-27T07:47:04","date_gmt":"2022-10-27T11:47:04","guid":{"rendered":"https:\/\/conexion23.com\/?p=12589"},"modified":"2022-10-27T07:47:11","modified_gmt":"2022-10-27T11:47:11","slug":"orgullosa-del-partido-que-estamos-construyendo-dice-keyla-reyna-sobre-fuerza-del-pueblo","status":"publish","type":"post","link":"https:\/\/conexion23.com\/?p=12589","title":{"rendered":"\u201cOrgullosa del partido que estamos construyendo\u201d, dice Keyla Reyna sobre Fuerza del Pueblo"},"content":{"rendered":"\n<p class=\"wp-block-paragraph\">La reci\u00e9n electa miembro de la&nbsp;<strong>Direcci\u00f3n Pol\u00edtica del Partido Fuerza del Pueblo<\/strong>,&nbsp;<strong>Keyla Reyna<\/strong>, manifest\u00f3 hoy lo orgullosa que se siente de formar parte de esa organizaci\u00f3n pol\u00edtica.<\/p>\n\n\n\n<p class=\"wp-block-paragraph\">\u201c<strong>Orgullosa del partido que estamos construyendo<\/strong>, un partido abierto, participativo, democr\u00e1tico, un proceso organizado que fortaleci\u00f3 el orgullo de todas en formar parte de la Fuerza del Pueblo\u201d, dijo.<\/p>\n\n\n\n<p class=\"wp-block-paragraph\">Asimismo, aprovech\u00f3 para felicitar a las 96 mujeres que mostraron inter\u00e9s y realizaron un trabajo para formar parte de la Direcci\u00f3n Pol\u00edtica de esa organizaci\u00f3n.<\/p>\n\n\n\n<p class=\"wp-block-paragraph\">\u201cValorar y felicitar a las 96 candidatas que buscaban un espacio en&nbsp;<strong>la Direcci\u00f3n Pol\u00edtica<\/strong>&nbsp;del partido, por su arduo trabajo y la campa\u00f1a participativa que cada una desarrollo\u201d,&nbsp;<a href=\"https:\/\/hoy.com.do\/las-20-mujeres-que-pasan-a-la-direccion-politica-de-la-fuerza-del-pueblo\/\">refiri\u00f3&nbsp;<\/a>Keyla.<\/p>\n\n\n\n<p class=\"wp-block-paragraph\">\u201cFue un proceso en el que cada una de las que est\u00e1bamos participando nos ayudamos una con la otra. Razones&nbsp;<a href=\"https:\/\/hoy.com.do\/las-20-mujeres-que-pasan-a-la-direccion-politica-de-la-fuerza-del-pueblo\/\">extensas&nbsp;<\/a>para reconocer el m\u00e9rito del trabajo realizado de cada una\u201d, agreg\u00f3.<\/p>\n\n\n\n<p class=\"wp-block-paragraph\">La tambi\u00e9n&nbsp;<strong>vicesecretaria de comunicaciones y Directora Digital de la Fuerza del Pueblo<\/strong>, extendi\u00f3 sus agradecimientos a la estructura de la organizaci\u00f3n \u201cpor confiar en mi trabajo, y el compromiso es cada minuto m\u00e1s fuerte por la construcci\u00f3n de un partido con el que la gente se sienta confiada\u201d.<\/p>\n\n\n\n<p class=\"wp-block-paragraph\">Keyla&nbsp;<a href=\"https:\/\/twitter.com\/keylaReyna04?s=20&amp;t=WIarzL5-yx7NvqXXR_GwwQ\">Reyna&nbsp;<\/a>fue escogida con la m\u00e1s alta votaci\u00f3n (618 votos) para un 57.28 %.<\/p>\n","protected":false},"excerpt":{"rendered":"<p>La reci\u00e9n electa miembro de la&nbsp;Direcci\u00f3n Pol\u00edtica del Partido Fuerza del Pueblo,&nbsp;Keyla Reyna, manifest\u00f3 hoy lo orgullosa que se siente de formar parte de esa organizaci\u00f3n pol\u00edtica. \u201cOrgullosa del partido que estamos construyendo, un partido abierto, participativo, democr\u00e1tico, un proceso organizado que fortaleci\u00f3 el orgullo de todas en formar parte de la Fuerza del Pueblo\u201d, [&hellip;]<\/p>\n","protected":false},"author":15,"featured_media":0,"comment_status":"open","ping_status":"open","sticky":false,"template":"","format":"standard","meta":{"footnotes":""},"categories":[1],"tags":[],"class_list":["post-12589","post","type-post","status-publish","format-standard","category-uncategorized"],"yoast_head":"<!-- This site is optimized with the Yoast SEO plugin v27.6 - https:\/\/yoast.com\/product\/yoast-seo-wordpress\/ -->\n<title>\u201cOrgullosa del partido que estamos construyendo\u201d, dice Keyla Reyna sobre Fuerza del Pueblo - Conexi\u00f3n 23<\/title>\n<meta name=\"robots\" content=\"index, follow, max-snippet:-1, max-image-preview:large, max-video-preview:-1\" \/>\n<link rel=\"canonical\" href=\"https:\/\/conexion23.com\/?p=12589\" \/>\n<meta property=\"og:locale\" content=\"es_ES\" \/>\n<meta property=\"og:type\" content=\"article\" \/>\n<meta property=\"og:title\" content=\"\u201cOrgullosa del partido que estamos construyendo\u201d, dice Keyla Reyna sobre Fuerza del Pueblo - Conexi\u00f3n 23\" \/>\n<meta property=\"og:description\" content=\"La reci\u00e9n electa miembro de la&nbsp;Direcci\u00f3n Pol\u00edtica del Partido Fuerza del Pueblo,&nbsp;Keyla Reyna, manifest\u00f3 hoy lo orgullosa que se siente de formar parte de esa organizaci\u00f3n pol\u00edtica. \u201cOrgullosa del partido que estamos construyendo, un partido abierto, participativo, democr\u00e1tico, un proceso organizado que fortaleci\u00f3 el orgullo de todas en formar parte de la Fuerza del Pueblo\u201d, [&hellip;]\" \/>\n<meta property=\"og:url\" content=\"https:\/\/conexion23.com\/?p=12589\" \/>\n<meta property=\"og:site_name\" content=\"Conexi\u00f3n 23\" \/>\n<meta property=\"article:publisher\" content=\"https:\/\/www.facebook.com\/conexion23com\" \/>\n<meta property=\"article:published_time\" content=\"2022-10-27T11:47:04+00:00\" \/>\n<meta property=\"article:modified_time\" content=\"2022-10-27T11:47:11+00:00\" \/>\n<meta name=\"author\" content=\"Raffy Ben\u00edtez\" \/>\n<meta name=\"twitter:card\" content=\"summary_large_image\" \/>\n<meta name=\"twitter:label1\" content=\"Escrito por\" \/>\n\t<meta name=\"twitter:data1\" content=\"Raffy Ben\u00edtez\" \/>\n\t<meta name=\"twitter:label2\" content=\"Tiempo de lectura\" \/>\n\t<meta name=\"twitter:data2\" content=\"1 minuto\" \/>\n<script type=\"application\/ld+json\" class=\"yoast-schema-graph\">{\"@context\":\"https:\\\/\\\/schema.org\",\"@graph\":[{\"@type\":\"Article\",\"@id\":\"https:\\\/\\\/conexion23.com\\\/?p=12589#article\",\"isPartOf\":{\"@id\":\"https:\\\/\\\/conexion23.com\\\/?p=12589\"},\"author\":{\"name\":\"Raffy Ben\u00edtez\",\"@id\":\"https:\\\/\\\/conexion23.com\\\/#\\\/schema\\\/person\\\/03e36043331117e97a373299bbcd30a6\"},\"headline\":\"\u201cOrgullosa del partido que estamos construyendo\u201d, dice Keyla Reyna sobre Fuerza del Pueblo\",\"datePublished\":\"2022-10-27T11:47:04+00:00\",\"dateModified\":\"2022-10-27T11:47:11+00:00\",\"mainEntityOfPage\":{\"@id\":\"https:\\\/\\\/conexion23.com\\\/?p=12589\"},\"wordCount\":250,\"commentCount\":0,\"publisher\":{\"@id\":\"https:\\\/\\\/conexion23.com\\\/#organization\"},\"articleSection\":[\"Uncategorized\"],\"inLanguage\":\"es\",\"potentialAction\":[{\"@type\":\"CommentAction\",\"name\":\"Comment\",\"target\":[\"https:\\\/\\\/conexion23.com\\\/?p=12589#respond\"]}]},{\"@type\":\"WebPage\",\"@id\":\"https:\\\/\\\/conexion23.com\\\/?p=12589\",\"url\":\"https:\\\/\\\/conexion23.com\\\/?p=12589\",\"name\":\"\u201cOrgullosa del partido que estamos construyendo\u201d, dice Keyla Reyna sobre Fuerza del Pueblo - Conexi\u00f3n 23\",\"isPartOf\":{\"@id\":\"https:\\\/\\\/conexion23.com\\\/#website\"},\"datePublished\":\"2022-10-27T11:47:04+00:00\",\"dateModified\":\"2022-10-27T11:47:11+00:00\",\"breadcrumb\":{\"@id\":\"https:\\\/\\\/conexion23.com\\\/?p=12589#breadcrumb\"},\"inLanguage\":\"es\",\"potentialAction\":[{\"@type\":\"ReadAction\",\"target\":[\"https:\\\/\\\/conexion23.com\\\/?p=12589\"]}]},{\"@type\":\"BreadcrumbList\",\"@id\":\"https:\\\/\\\/conexion23.com\\\/?p=12589#breadcrumb\",\"itemListElement\":[{\"@type\":\"ListItem\",\"position\":1,\"name\":\"Portada\",\"item\":\"https:\\\/\\\/conexion23.com\\\/\"},{\"@type\":\"ListItem\",\"position\":2,\"name\":\"\u201cOrgullosa del partido que estamos construyendo\u201d, dice Keyla Reyna sobre Fuerza del Pueblo\"}]},{\"@type\":\"WebSite\",\"@id\":\"https:\\\/\\\/conexion23.com\\\/#website\",\"url\":\"https:\\\/\\\/conexion23.com\\\/\",\"name\":\"Conexi\u00f3n 23\",\"description\":\"Peri\u00f3dico 100% Petromacorisano\",\"publisher\":{\"@id\":\"https:\\\/\\\/conexion23.com\\\/#organization\"},\"potentialAction\":[{\"@type\":\"SearchAction\",\"target\":{\"@type\":\"EntryPoint\",\"urlTemplate\":\"https:\\\/\\\/conexion23.com\\\/?s={search_term_string}\"},\"query-input\":{\"@type\":\"PropertyValueSpecification\",\"valueRequired\":true,\"valueName\":\"search_term_string\"}}],\"inLanguage\":\"es\"},{\"@type\":\"Organization\",\"@id\":\"https:\\\/\\\/conexion23.com\\\/#organization\",\"name\":\"Conexion 23\",\"url\":\"https:\\\/\\\/conexion23.com\\\/\",\"logo\":{\"@type\":\"ImageObject\",\"inLanguage\":\"es\",\"@id\":\"https:\\\/\\\/conexion23.com\\\/#\\\/schema\\\/logo\\\/image\\\/\",\"url\":\"https:\\\/\\\/conexion23.com\\\/wp-content\\\/uploads\\\/2021\\\/11\\\/Diseno-sin-titulo-2.png\",\"contentUrl\":\"https:\\\/\\\/conexion23.com\\\/wp-content\\\/uploads\\\/2021\\\/11\\\/Diseno-sin-titulo-2.png\",\"width\":541,\"height\":90,\"caption\":\"Conexion 23\"},\"image\":{\"@id\":\"https:\\\/\\\/conexion23.com\\\/#\\\/schema\\\/logo\\\/image\\\/\"},\"sameAs\":[\"https:\\\/\\\/www.facebook.com\\\/conexion23com\",\"https:\\\/\\\/www.instagram.com\\\/conexion23com\\\/\",\"https:\\\/\\\/www.youtube.com\\\/channel\\\/UCYc7vxxFZMYLIHNsHHxPZ3Q\"]},{\"@type\":\"Person\",\"@id\":\"https:\\\/\\\/conexion23.com\\\/#\\\/schema\\\/person\\\/03e36043331117e97a373299bbcd30a6\",\"name\":\"Raffy Ben\u00edtez\",\"image\":{\"@type\":\"ImageObject\",\"inLanguage\":\"es\",\"@id\":\"https:\\\/\\\/secure.gravatar.com\\\/avatar\\\/3190a6a6c5e1b0327500f7d6c56b6242472ee6cb974cf09b401ee6b3b0798f23?s=96&d=mm&r=g\",\"url\":\"https:\\\/\\\/secure.gravatar.com\\\/avatar\\\/3190a6a6c5e1b0327500f7d6c56b6242472ee6cb974cf09b401ee6b3b0798f23?s=96&d=mm&r=g\",\"contentUrl\":\"https:\\\/\\\/secure.gravatar.com\\\/avatar\\\/3190a6a6c5e1b0327500f7d6c56b6242472ee6cb974cf09b401ee6b3b0798f23?s=96&d=mm&r=g\",\"caption\":\"Raffy Ben\u00edtez\"},\"url\":\"https:\\\/\\\/conexion23.com\\\/?author=15\"}]}<\/script>\n<!-- \/ Yoast SEO plugin. -->","yoast_head_json":{"title":"\u201cOrgullosa del partido que estamos construyendo\u201d, dice Keyla Reyna sobre Fuerza del Pueblo - Conexi\u00f3n 23","robots":{"index":"index","follow":"follow","max-snippet":"max-snippet:-1","max-image-preview":"max-image-preview:large","max-video-preview":"max-video-preview:-1"},"canonical":"https:\/\/conexion23.com\/?p=12589","og_locale":"es_ES","og_type":"article","og_title":"\u201cOrgullosa del partido que estamos construyendo\u201d, dice Keyla Reyna sobre Fuerza del Pueblo - Conexi\u00f3n 23","og_description":"La reci\u00e9n electa miembro de la&nbsp;Direcci\u00f3n Pol\u00edtica del Partido Fuerza del Pueblo,&nbsp;Keyla Reyna, manifest\u00f3 hoy lo orgullosa que se siente de formar parte de esa organizaci\u00f3n pol\u00edtica. \u201cOrgullosa del partido que estamos construyendo, un partido abierto, participativo, democr\u00e1tico, un proceso organizado que fortaleci\u00f3 el orgullo de todas en formar parte de la Fuerza del Pueblo\u201d, [&hellip;]","og_url":"https:\/\/conexion23.com\/?p=12589","og_site_name":"Conexi\u00f3n 23","article_publisher":"https:\/\/www.facebook.com\/conexion23com","article_published_time":"2022-10-27T11:47:04+00:00","article_modified_time":"2022-10-27T11:47:11+00:00","author":"Raffy Ben\u00edtez","twitter_card":"summary_large_image","twitter_misc":{"Escrito por":"Raffy Ben\u00edtez","Tiempo de lectura":"1 minuto"},"schema":{"@context":"https:\/\/schema.org","@graph":[{"@type":"Article","@id":"https:\/\/conexion23.com\/?p=12589#article","isPartOf":{"@id":"https:\/\/conexion23.com\/?p=12589"},"author":{"name":"Raffy Ben\u00edtez","@id":"https:\/\/conexion23.com\/#\/schema\/person\/03e36043331117e97a373299bbcd30a6"},"headline":"\u201cOrgullosa del partido que estamos construyendo\u201d, dice Keyla Reyna sobre Fuerza del Pueblo","datePublished":"2022-10-27T11:47:04+00:00","dateModified":"2022-10-27T11:47:11+00:00","mainEntityOfPage":{"@id":"https:\/\/conexion23.com\/?p=12589"},"wordCount":250,"commentCount":0,"publisher":{"@id":"https:\/\/conexion23.com\/#organization"},"articleSection":["Uncategorized"],"inLanguage":"es","potentialAction":[{"@type":"CommentAction","name":"Comment","target":["https:\/\/conexion23.com\/?p=12589#respond"]}]},{"@type":"WebPage","@id":"https:\/\/conexion23.com\/?p=12589","url":"https:\/\/conexion23.com\/?p=12589","name":"\u201cOrgullosa del partido que estamos construyendo\u201d, dice Keyla Reyna sobre Fuerza del Pueblo - Conexi\u00f3n 23","isPartOf":{"@id":"https:\/\/conexion23.com\/#website"},"datePublished":"2022-10-27T11:47:04+00:00","dateModified":"2022-10-27T11:47:11+00:00","breadcrumb":{"@id":"https:\/\/conexion23.com\/?p=12589#breadcrumb"},"inLanguage":"es","potentialAction":[{"@type":"ReadAction","target":["https:\/\/conexion23.com\/?p=12589"]}]},{"@type":"BreadcrumbList","@id":"https:\/\/conexion23.com\/?p=12589#breadcrumb","itemListElement":[{"@type":"ListItem","position":1,"name":"Portada","item":"https:\/\/conexion23.com\/"},{"@type":"ListItem","position":2,"name":"\u201cOrgullosa del partido que estamos construyendo\u201d, dice Keyla Reyna sobre Fuerza del Pueblo"}]},{"@type":"WebSite","@id":"https:\/\/conexion23.com\/#website","url":"https:\/\/conexion23.com\/","name":"Conexi\u00f3n 23","description":"Peri\u00f3dico 100% Petromacorisano","publisher":{"@id":"https:\/\/conexion23.com\/#organization"},"potentialAction":[{"@type":"SearchAction","target":{"@type":"EntryPoint","urlTemplate":"https:\/\/conexion23.com\/?s={search_term_string}"},"query-input":{"@type":"PropertyValueSpecification","valueRequired":true,"valueName":"search_term_string"}}],"inLanguage":"es"},{"@type":"Organization","@id":"https:\/\/conexion23.com\/#organization","name":"Conexion 23","url":"https:\/\/conexion23.com\/","logo":{"@type":"ImageObject","inLanguage":"es","@id":"https:\/\/conexion23.com\/#\/schema\/logo\/image\/","url":"https:\/\/conexion23.com\/wp-content\/uploads\/2021\/11\/Diseno-sin-titulo-2.png","contentUrl":"https:\/\/conexion23.com\/wp-content\/uploads\/2021\/11\/Diseno-sin-titulo-2.png","width":541,"height":90,"caption":"Conexion 23"},"image":{"@id":"https:\/\/conexion23.com\/#\/schema\/logo\/image\/"},"sameAs":["https:\/\/www.facebook.com\/conexion23com","https:\/\/www.instagram.com\/conexion23com\/","https:\/\/www.youtube.com\/channel\/UCYc7vxxFZMYLIHNsHHxPZ3Q"]},{"@type":"Person","@id":"https:\/\/conexion23.com\/#\/schema\/person\/03e36043331117e97a373299bbcd30a6","name":"Raffy Ben\u00edtez","image":{"@type":"ImageObject","inLanguage":"es","@id":"https:\/\/secure.gravatar.com\/avatar\/3190a6a6c5e1b0327500f7d6c56b6242472ee6cb974cf09b401ee6b3b0798f23?s=96&d=mm&r=g","url":"https:\/\/secure.gravatar.com\/avatar\/3190a6a6c5e1b0327500f7d6c56b6242472ee6cb974cf09b401ee6b3b0798f23?s=96&d=mm&r=g","contentUrl":"https:\/\/secure.gravatar.com\/avatar\/3190a6a6c5e1b0327500f7d6c56b6242472ee6cb974cf09b401ee6b3b0798f23?s=96&d=mm&r=g","caption":"Raffy Ben\u00edtez"},"url":"https:\/\/conexion23.com\/?author=15"}]}},"_links":{"self":[{"href":"https:\/\/conexion23.com\/index.php?rest_route=\/wp\/v2\/posts\/12589","targetHints":{"allow":["GET"]}}],"collection":[{"href":"https:\/\/conexion23.com\/index.php?rest_route=\/wp\/v2\/posts"}],"about":[{"href":"https:\/\/conexion23.com\/index.php?rest_route=\/wp\/v2\/types\/post"}],"author":[{"embeddable":true,"href":"https:\/\/conexion23.com\/index.php?rest_route=\/wp\/v2\/users\/15"}],"replies":[{"embeddable":true,"href":"https:\/\/conexion23.com\/index.php?rest_route=%2Fwp%2Fv2%2Fcomments&post=12589"}],"version-history":[{"count":1,"href":"https:\/\/conexion23.com\/index.php?rest_route=\/wp\/v2\/posts\/12589\/revisions"}],"predecessor-version":[{"id":12591,"href":"https:\/\/conexion23.com\/index.php?rest_route=\/wp\/v2\/posts\/12589\/revisions\/12591"}],"wp:attachment":[{"href":"https:\/\/conexion23.com\/index.php?rest_route=%2Fwp%2Fv2%2Fmedia&parent=12589"}],"wp:term":[{"taxonomy":"category","embeddable":true,"href":"https:\/\/conexion23.com\/index.php?rest_route=%2Fwp%2Fv2%2Fcategories&post=12589"},{"taxonomy":"post_tag","embeddable":true,"href":"https:\/\/conexion23.com\/index.php?rest_route=%2Fwp%2Fv2%2Ftags&post=12589"}],"curies":[{"name":"wp","href":"https:\/\/api.w.org\/{rel}","templated":true}]}}