{"id":12598,"date":"2022-10-27T08:13:24","date_gmt":"2022-10-27T12:13:24","guid":{"rendered":"https:\/\/conexion23.com\/?p=12598"},"modified":"2022-10-27T08:13:31","modified_gmt":"2022-10-27T12:13:31","slug":"el-papa-dice-la-pornografia-es-un-vicio-tambien-de-sacerdotes-y-monjas","status":"publish","type":"post","link":"https:\/\/conexion23.com\/?p=12598","title":{"rendered":"El papa dice la pornograf\u00eda es un \u201cvicio\u201d tambi\u00e9n de \u201csacerdotes y monjas\u201d"},"content":{"rendered":"\n<p class=\"wp-block-paragraph\">El papa Francisco alert\u00f3 de que la pornograf\u00eda online, y no solo la criminal, es \u201cun vicio\u201d que tiene mucha gente, incluidos \u201ccuras y monjas\u201d, durante un encuentro que mantuvo este lunes con los seminaristas de Roma que se preparan al sacerdocio y del que hoy inform\u00f3 el Vaticano.<\/p>\n\n\n\n<p class=\"wp-block-paragraph\">\u201cEs un vicio que tiene tanta gente, tantos laicos, y tambi\u00e9n sacerdotes y monjas.&nbsp;El diablo entra por ah\u00ed. Y no estoy hablando pornograf\u00eda criminal como el abuso de menores, donde se ven casos en vivo de abuso: eso ya es una degeneraci\u00f3n, sino de la pornograf\u00eda un poco normal. Queridos hermanos, tened cuidado con eso\u201d, coment\u00f3 a los futuros sacerdotes.<\/p>\n\n\n\n<p class=\"wp-block-paragraph\">El pont\u00edfice argentino tambi\u00e9n les dijo que \u201cel coraz\u00f3n puro, el que recibe a Jes\u00fas cada d\u00eda, no puede recibir esta pornograf\u00eda\u201d y que si tienen porno en su tel\u00e9fono m\u00f3vil que lo eliminen para \u201cque no tengan la tentaci\u00f3n a mano\u201d.<\/p>\n\n\n\n<p class=\"wp-block-paragraph\">\u201cY si no puedes borrarlo, defi\u00e9ndete bien para que no entrar en esto. Te digo que debilita el alma. Debilita el alma\u201d, a\u00f1adi\u00f3 el papa, que pidi\u00f3 disculpas por entrar en \u201ctanto detalle de la pornograf\u00eda\u201d, pero que es una&nbsp;\u201crealidad que toca sacerdotes, seminaristas, monjas, almas consagradas y esto es importante\u201d.<\/p>\n\n\n\n<p class=\"wp-block-paragraph\">Adem\u00e1s, anim\u00f3 a acariciar a los ni\u00f1os, a los ni\u00f1os enfermos, a pesar de que le pueden acusar de pederastia.<\/p>\n\n\n\n<p class=\"wp-block-paragraph\">\u201cAcariciad a los ni\u00f1os\u2026 Alguno te puede acusar de ser un pederasta, pero no, no, qu\u00edtate de la cabeza esta posible acusaci\u00f3n\u201d, dijo el papa, que a\u00f1adi\u00f3 que tambi\u00e9n \u201clos ancianos necesitan caricias\u201d.<\/p>\n\n\n\n<p class=\"wp-block-paragraph\">Jorge Bergoglio tambi\u00e9n advirti\u00f3 a los seminaristas del peligro del \u201carribismo\u201d porque, dijo, \u201cun arribista es un traidor, no es un sirviente\u201d.<\/p>\n\n\n\n<p class=\"wp-block-paragraph\">Y respondiendo a un sacerdote ucraniano, asegur\u00f3 que&nbsp;\u201cla Iglesia, como una madre, sufre ante las guerras porque las guerras son la destrucci\u00f3n de los ni\u00f1os\u201d.<\/p>\n\n\n\n<p class=\"wp-block-paragraph\">\u201cT\u00fa sufres tanto, tu pueblo, lo s\u00e9, estoy cerca. Pero oren por los agresores, porque son m\u00e1s v\u00edctimas como ustedes. No veis las heridas que tienen en el alma, pero orad, orad para que el Se\u00f1or los convierta y quiera que venga la paz\u201d, dijo Francisco al sacerdote ucraniano.<\/p>\n\n\n\n<p class=\"wp-block-paragraph\"><strong>EFE<\/strong><\/p>\n","protected":false},"excerpt":{"rendered":"<p>El papa Francisco alert\u00f3 de que la pornograf\u00eda online, y no solo la criminal, es \u201cun vicio\u201d que tiene mucha gente, incluidos \u201ccuras y monjas\u201d, durante un encuentro que mantuvo este lunes con los seminaristas de Roma que se preparan al sacerdocio y del que hoy inform\u00f3 el Vaticano. \u201cEs un vicio que tiene tanta [&hellip;]<\/p>\n","protected":false},"author":15,"featured_media":0,"comment_status":"open","ping_status":"open","sticky":false,"template":"","format":"standard","meta":{"footnotes":""},"categories":[1],"tags":[],"class_list":["post-12598","post","type-post","status-publish","format-standard","category-uncategorized"],"yoast_head":"<!-- This site is optimized with the Yoast SEO plugin v27.6 - https:\/\/yoast.com\/product\/yoast-seo-wordpress\/ -->\n<title>El papa dice la pornograf\u00eda es un \u201cvicio\u201d tambi\u00e9n de \u201csacerdotes y monjas\u201d - Conexi\u00f3n 23<\/title>\n<meta name=\"robots\" content=\"index, follow, max-snippet:-1, max-image-preview:large, max-video-preview:-1\" \/>\n<link rel=\"canonical\" href=\"https:\/\/conexion23.com\/?p=12598\" \/>\n<meta property=\"og:locale\" content=\"es_ES\" \/>\n<meta property=\"og:type\" content=\"article\" \/>\n<meta property=\"og:title\" content=\"El papa dice la pornograf\u00eda es un \u201cvicio\u201d tambi\u00e9n de \u201csacerdotes y monjas\u201d - Conexi\u00f3n 23\" \/>\n<meta property=\"og:description\" content=\"El papa Francisco alert\u00f3 de que la pornograf\u00eda online, y no solo la criminal, es \u201cun vicio\u201d que tiene mucha gente, incluidos \u201ccuras y monjas\u201d, durante un encuentro que mantuvo este lunes con los seminaristas de Roma que se preparan al sacerdocio y del que hoy inform\u00f3 el Vaticano. \u201cEs un vicio que tiene tanta [&hellip;]\" \/>\n<meta property=\"og:url\" content=\"https:\/\/conexion23.com\/?p=12598\" \/>\n<meta property=\"og:site_name\" content=\"Conexi\u00f3n 23\" \/>\n<meta property=\"article:publisher\" content=\"https:\/\/www.facebook.com\/conexion23com\" \/>\n<meta property=\"article:published_time\" content=\"2022-10-27T12:13:24+00:00\" \/>\n<meta property=\"article:modified_time\" content=\"2022-10-27T12:13:31+00:00\" \/>\n<meta name=\"author\" content=\"Raffy Ben\u00edtez\" \/>\n<meta name=\"twitter:card\" content=\"summary_large_image\" \/>\n<meta name=\"twitter:label1\" content=\"Escrito por\" \/>\n\t<meta name=\"twitter:data1\" content=\"Raffy Ben\u00edtez\" \/>\n\t<meta name=\"twitter:label2\" content=\"Tiempo de lectura\" \/>\n\t<meta name=\"twitter:data2\" content=\"2 minutos\" \/>\n<script type=\"application\/ld+json\" class=\"yoast-schema-graph\">{\"@context\":\"https:\\\/\\\/schema.org\",\"@graph\":[{\"@type\":\"Article\",\"@id\":\"https:\\\/\\\/conexion23.com\\\/?p=12598#article\",\"isPartOf\":{\"@id\":\"https:\\\/\\\/conexion23.com\\\/?p=12598\"},\"author\":{\"name\":\"Raffy Ben\u00edtez\",\"@id\":\"http:\\\/\\\/conexion23.com\\\/#\\\/schema\\\/person\\\/03e36043331117e97a373299bbcd30a6\"},\"headline\":\"El papa dice la pornograf\u00eda es un \u201cvicio\u201d tambi\u00e9n de \u201csacerdotes y monjas\u201d\",\"datePublished\":\"2022-10-27T12:13:24+00:00\",\"dateModified\":\"2022-10-27T12:13:31+00:00\",\"mainEntityOfPage\":{\"@id\":\"https:\\\/\\\/conexion23.com\\\/?p=12598\"},\"wordCount\":404,\"commentCount\":0,\"publisher\":{\"@id\":\"http:\\\/\\\/conexion23.com\\\/#organization\"},\"articleSection\":[\"Uncategorized\"],\"inLanguage\":\"es\",\"potentialAction\":[{\"@type\":\"CommentAction\",\"name\":\"Comment\",\"target\":[\"https:\\\/\\\/conexion23.com\\\/?p=12598#respond\"]}]},{\"@type\":\"WebPage\",\"@id\":\"https:\\\/\\\/conexion23.com\\\/?p=12598\",\"url\":\"https:\\\/\\\/conexion23.com\\\/?p=12598\",\"name\":\"El papa dice la pornograf\u00eda es un \u201cvicio\u201d tambi\u00e9n de \u201csacerdotes y monjas\u201d - Conexi\u00f3n 23\",\"isPartOf\":{\"@id\":\"http:\\\/\\\/conexion23.com\\\/#website\"},\"datePublished\":\"2022-10-27T12:13:24+00:00\",\"dateModified\":\"2022-10-27T12:13:31+00:00\",\"breadcrumb\":{\"@id\":\"https:\\\/\\\/conexion23.com\\\/?p=12598#breadcrumb\"},\"inLanguage\":\"es\",\"potentialAction\":[{\"@type\":\"ReadAction\",\"target\":[\"https:\\\/\\\/conexion23.com\\\/?p=12598\"]}]},{\"@type\":\"BreadcrumbList\",\"@id\":\"https:\\\/\\\/conexion23.com\\\/?p=12598#breadcrumb\",\"itemListElement\":[{\"@type\":\"ListItem\",\"position\":1,\"name\":\"Portada\",\"item\":\"http:\\\/\\\/conexion23.com\\\/\"},{\"@type\":\"ListItem\",\"position\":2,\"name\":\"El papa dice la pornograf\u00eda es un \u201cvicio\u201d tambi\u00e9n de \u201csacerdotes y monjas\u201d\"}]},{\"@type\":\"WebSite\",\"@id\":\"http:\\\/\\\/conexion23.com\\\/#website\",\"url\":\"http:\\\/\\\/conexion23.com\\\/\",\"name\":\"Conexi\u00f3n 23\",\"description\":\"Peri\u00f3dico 100% Petromacorisano\",\"publisher\":{\"@id\":\"http:\\\/\\\/conexion23.com\\\/#organization\"},\"potentialAction\":[{\"@type\":\"SearchAction\",\"target\":{\"@type\":\"EntryPoint\",\"urlTemplate\":\"http:\\\/\\\/conexion23.com\\\/?s={search_term_string}\"},\"query-input\":{\"@type\":\"PropertyValueSpecification\",\"valueRequired\":true,\"valueName\":\"search_term_string\"}}],\"inLanguage\":\"es\"},{\"@type\":\"Organization\",\"@id\":\"http:\\\/\\\/conexion23.com\\\/#organization\",\"name\":\"Conexion 23\",\"url\":\"http:\\\/\\\/conexion23.com\\\/\",\"logo\":{\"@type\":\"ImageObject\",\"inLanguage\":\"es\",\"@id\":\"http:\\\/\\\/conexion23.com\\\/#\\\/schema\\\/logo\\\/image\\\/\",\"url\":\"https:\\\/\\\/conexion23.com\\\/wp-content\\\/uploads\\\/2021\\\/11\\\/Diseno-sin-titulo-2.png\",\"contentUrl\":\"https:\\\/\\\/conexion23.com\\\/wp-content\\\/uploads\\\/2021\\\/11\\\/Diseno-sin-titulo-2.png\",\"width\":541,\"height\":90,\"caption\":\"Conexion 23\"},\"image\":{\"@id\":\"http:\\\/\\\/conexion23.com\\\/#\\\/schema\\\/logo\\\/image\\\/\"},\"sameAs\":[\"https:\\\/\\\/www.facebook.com\\\/conexion23com\",\"https:\\\/\\\/www.instagram.com\\\/conexion23com\\\/\",\"https:\\\/\\\/www.youtube.com\\\/channel\\\/UCYc7vxxFZMYLIHNsHHxPZ3Q\"]},{\"@type\":\"Person\",\"@id\":\"http:\\\/\\\/conexion23.com\\\/#\\\/schema\\\/person\\\/03e36043331117e97a373299bbcd30a6\",\"name\":\"Raffy Ben\u00edtez\",\"image\":{\"@type\":\"ImageObject\",\"inLanguage\":\"es\",\"@id\":\"https:\\\/\\\/secure.gravatar.com\\\/avatar\\\/3190a6a6c5e1b0327500f7d6c56b6242472ee6cb974cf09b401ee6b3b0798f23?s=96&d=mm&r=g\",\"url\":\"https:\\\/\\\/secure.gravatar.com\\\/avatar\\\/3190a6a6c5e1b0327500f7d6c56b6242472ee6cb974cf09b401ee6b3b0798f23?s=96&d=mm&r=g\",\"contentUrl\":\"https:\\\/\\\/secure.gravatar.com\\\/avatar\\\/3190a6a6c5e1b0327500f7d6c56b6242472ee6cb974cf09b401ee6b3b0798f23?s=96&d=mm&r=g\",\"caption\":\"Raffy Ben\u00edtez\"},\"url\":\"https:\\\/\\\/conexion23.com\\\/?author=15\"}]}<\/script>\n<!-- \/ Yoast SEO plugin. -->","yoast_head_json":{"title":"El papa dice la pornograf\u00eda es un \u201cvicio\u201d tambi\u00e9n de \u201csacerdotes y monjas\u201d - Conexi\u00f3n 23","robots":{"index":"index","follow":"follow","max-snippet":"max-snippet:-1","max-image-preview":"max-image-preview:large","max-video-preview":"max-video-preview:-1"},"canonical":"https:\/\/conexion23.com\/?p=12598","og_locale":"es_ES","og_type":"article","og_title":"El papa dice la pornograf\u00eda es un \u201cvicio\u201d tambi\u00e9n de \u201csacerdotes y monjas\u201d - Conexi\u00f3n 23","og_description":"El papa Francisco alert\u00f3 de que la pornograf\u00eda online, y no solo la criminal, es \u201cun vicio\u201d que tiene mucha gente, incluidos \u201ccuras y monjas\u201d, durante un encuentro que mantuvo este lunes con los seminaristas de Roma que se preparan al sacerdocio y del que hoy inform\u00f3 el Vaticano. \u201cEs un vicio que tiene tanta [&hellip;]","og_url":"https:\/\/conexion23.com\/?p=12598","og_site_name":"Conexi\u00f3n 23","article_publisher":"https:\/\/www.facebook.com\/conexion23com","article_published_time":"2022-10-27T12:13:24+00:00","article_modified_time":"2022-10-27T12:13:31+00:00","author":"Raffy Ben\u00edtez","twitter_card":"summary_large_image","twitter_misc":{"Escrito por":"Raffy Ben\u00edtez","Tiempo de lectura":"2 minutos"},"schema":{"@context":"https:\/\/schema.org","@graph":[{"@type":"Article","@id":"https:\/\/conexion23.com\/?p=12598#article","isPartOf":{"@id":"https:\/\/conexion23.com\/?p=12598"},"author":{"name":"Raffy Ben\u00edtez","@id":"http:\/\/conexion23.com\/#\/schema\/person\/03e36043331117e97a373299bbcd30a6"},"headline":"El papa dice la pornograf\u00eda es un \u201cvicio\u201d tambi\u00e9n de \u201csacerdotes y monjas\u201d","datePublished":"2022-10-27T12:13:24+00:00","dateModified":"2022-10-27T12:13:31+00:00","mainEntityOfPage":{"@id":"https:\/\/conexion23.com\/?p=12598"},"wordCount":404,"commentCount":0,"publisher":{"@id":"http:\/\/conexion23.com\/#organization"},"articleSection":["Uncategorized"],"inLanguage":"es","potentialAction":[{"@type":"CommentAction","name":"Comment","target":["https:\/\/conexion23.com\/?p=12598#respond"]}]},{"@type":"WebPage","@id":"https:\/\/conexion23.com\/?p=12598","url":"https:\/\/conexion23.com\/?p=12598","name":"El papa dice la pornograf\u00eda es un \u201cvicio\u201d tambi\u00e9n de \u201csacerdotes y monjas\u201d - Conexi\u00f3n 23","isPartOf":{"@id":"http:\/\/conexion23.com\/#website"},"datePublished":"2022-10-27T12:13:24+00:00","dateModified":"2022-10-27T12:13:31+00:00","breadcrumb":{"@id":"https:\/\/conexion23.com\/?p=12598#breadcrumb"},"inLanguage":"es","potentialAction":[{"@type":"ReadAction","target":["https:\/\/conexion23.com\/?p=12598"]}]},{"@type":"BreadcrumbList","@id":"https:\/\/conexion23.com\/?p=12598#breadcrumb","itemListElement":[{"@type":"ListItem","position":1,"name":"Portada","item":"http:\/\/conexion23.com\/"},{"@type":"ListItem","position":2,"name":"El papa dice la pornograf\u00eda es un \u201cvicio\u201d tambi\u00e9n de \u201csacerdotes y monjas\u201d"}]},{"@type":"WebSite","@id":"http:\/\/conexion23.com\/#website","url":"http:\/\/conexion23.com\/","name":"Conexi\u00f3n 23","description":"Peri\u00f3dico 100% Petromacorisano","publisher":{"@id":"http:\/\/conexion23.com\/#organization"},"potentialAction":[{"@type":"SearchAction","target":{"@type":"EntryPoint","urlTemplate":"http:\/\/conexion23.com\/?s={search_term_string}"},"query-input":{"@type":"PropertyValueSpecification","valueRequired":true,"valueName":"search_term_string"}}],"inLanguage":"es"},{"@type":"Organization","@id":"http:\/\/conexion23.com\/#organization","name":"Conexion 23","url":"http:\/\/conexion23.com\/","logo":{"@type":"ImageObject","inLanguage":"es","@id":"http:\/\/conexion23.com\/#\/schema\/logo\/image\/","url":"https:\/\/conexion23.com\/wp-content\/uploads\/2021\/11\/Diseno-sin-titulo-2.png","contentUrl":"https:\/\/conexion23.com\/wp-content\/uploads\/2021\/11\/Diseno-sin-titulo-2.png","width":541,"height":90,"caption":"Conexion 23"},"image":{"@id":"http:\/\/conexion23.com\/#\/schema\/logo\/image\/"},"sameAs":["https:\/\/www.facebook.com\/conexion23com","https:\/\/www.instagram.com\/conexion23com\/","https:\/\/www.youtube.com\/channel\/UCYc7vxxFZMYLIHNsHHxPZ3Q"]},{"@type":"Person","@id":"http:\/\/conexion23.com\/#\/schema\/person\/03e36043331117e97a373299bbcd30a6","name":"Raffy Ben\u00edtez","image":{"@type":"ImageObject","inLanguage":"es","@id":"https:\/\/secure.gravatar.com\/avatar\/3190a6a6c5e1b0327500f7d6c56b6242472ee6cb974cf09b401ee6b3b0798f23?s=96&d=mm&r=g","url":"https:\/\/secure.gravatar.com\/avatar\/3190a6a6c5e1b0327500f7d6c56b6242472ee6cb974cf09b401ee6b3b0798f23?s=96&d=mm&r=g","contentUrl":"https:\/\/secure.gravatar.com\/avatar\/3190a6a6c5e1b0327500f7d6c56b6242472ee6cb974cf09b401ee6b3b0798f23?s=96&d=mm&r=g","caption":"Raffy Ben\u00edtez"},"url":"https:\/\/conexion23.com\/?author=15"}]}},"_links":{"self":[{"href":"https:\/\/conexion23.com\/index.php?rest_route=\/wp\/v2\/posts\/12598","targetHints":{"allow":["GET"]}}],"collection":[{"href":"https:\/\/conexion23.com\/index.php?rest_route=\/wp\/v2\/posts"}],"about":[{"href":"https:\/\/conexion23.com\/index.php?rest_route=\/wp\/v2\/types\/post"}],"author":[{"embeddable":true,"href":"https:\/\/conexion23.com\/index.php?rest_route=\/wp\/v2\/users\/15"}],"replies":[{"embeddable":true,"href":"https:\/\/conexion23.com\/index.php?rest_route=%2Fwp%2Fv2%2Fcomments&post=12598"}],"version-history":[{"count":1,"href":"https:\/\/conexion23.com\/index.php?rest_route=\/wp\/v2\/posts\/12598\/revisions"}],"predecessor-version":[{"id":12600,"href":"https:\/\/conexion23.com\/index.php?rest_route=\/wp\/v2\/posts\/12598\/revisions\/12600"}],"wp:attachment":[{"href":"https:\/\/conexion23.com\/index.php?rest_route=%2Fwp%2Fv2%2Fmedia&parent=12598"}],"wp:term":[{"taxonomy":"category","embeddable":true,"href":"https:\/\/conexion23.com\/index.php?rest_route=%2Fwp%2Fv2%2Fcategories&post=12598"},{"taxonomy":"post_tag","embeddable":true,"href":"https:\/\/conexion23.com\/index.php?rest_route=%2Fwp%2Fv2%2Ftags&post=12598"}],"curies":[{"name":"wp","href":"https:\/\/api.w.org\/{rel}","templated":true}]}}