{"id":12633,"date":"2022-10-27T12:30:41","date_gmt":"2022-10-27T16:30:41","guid":{"rendered":"https:\/\/conexion23.com\/?p=12633"},"modified":"2022-10-27T12:31:02","modified_gmt":"2022-10-27T16:31:02","slug":"por-que-hay-protestas-en-iran-que-paso-con-mahsa-amini","status":"publish","type":"post","link":"https:\/\/conexion23.com\/?p=12633","title":{"rendered":"\u00bfPor qu\u00e9 hay protestas en Ir\u00e1n? \u00bfQu\u00e9 pas\u00f3 con Mahsa Amini?"},"content":{"rendered":"\n<p class=\"wp-block-paragraph\"><strong>Abu Dhabi, EAU.- <\/strong>Una ola de protestas ha sacudido a Ir\u00e1n en los \u00faltimos tiempos, a pesar de la represi\u00f3n del gobierno y de los informes de los medios estatales que afirman que los manifestantes han puesto fin a sus concentraciones.<\/p>\n\n\n\n<p class=\"wp-block-paragraph\">Esta \u00faltima ronda de manifestaciones se iniciaron el 16 septiembre a ra\u00edz de la muerte de Mahsa Amini, de 22 a\u00f1os, que falleci\u00f3 en un hospital tres d\u00edas despu\u00e9s de ser detenida por la polic\u00eda de la moral en Teher\u00e1n y llevada a un \u00abcentro de reeducaci\u00f3n\u00bb por no seguir las normas estatales sobre el hiyab.<\/p>\n\n\n\n<p class=\"wp-block-paragraph\">Desde entonces se han producido protestas en m\u00e1s de 40 ciudades, incluida la capital, Teher\u00e1n, con decenas de muertos en enfrentamientos con las fuerzas de seguridad. Al menos 1.200 personas fueron detenidas, seg\u00fan los medios de comunicaci\u00f3n respaldados por el Estado. Hay, por el momento, 46 periodistas entre los detenidos, seg\u00fan el Comit\u00e9 para la Protecci\u00f3n de los Periodistas, y un pu\u00f1ado de deportistas han sido arrestados o detenidos para ser interrogados.<\/p>\n\n\n\n<p class=\"wp-block-paragraph\">Las concentraciones, que empezaron pidiendo justicia por la muerte de Amini, se han transformado en protestas m\u00e1s amplias, que han unido a toda una serie de facciones sociales y clases, y muchas han pedido la ca\u00edda del r\u00e9gimen.<\/p>\n\n\n\n<p class=\"wp-block-paragraph\">Los choques entre manifestantes y polic\u00eda se reanudaron el 26 de octubre, cuando se cumplieron 40 d\u00edas de la muerte de Amini y miles salieron a las calles nuevamente<a href=\"https:\/\/edition.cnn.com\/2022\/10\/26\/middleeast\/iran-clashes-mahsa-amini-grave-intl\/index.html\">, <\/a>mientras crecen las dudas en torno a la muerte de Nika Shahkarami, desaparecida durante una protesta.<\/p>\n\n\n\n<p class=\"wp-block-paragraph\">Las autoridades dicen haber hallado el cuerpo de la joven de 16 a\u00f1os en un patio y que su muerte \u201cno ten\u00eda conexi\u00f3n con las protestas\u201d. Pero numerosos testigos<a href=\"https:\/\/cnnespanol.cnn.com\/2022\/10\/27\/nika-shahkarami-muerte-protestas-iran-trax\/\"> <\/a>consultados por CNN han puesto en duda esta versi\u00f3n.<\/p>\n\n\n\n<p class=\"wp-block-paragraph\">Mientras tanto, la portavoz de la oficina del Alto Comisionado de las Naciones Unidas para los Derechos Humanos, Ravina Shamdasani, advirti\u00f3 por los \u00abinformes preocupantes\u00bb sobre detenciones arbitrarias y el asesinato y la detenci\u00f3n de ni\u00f1os.<\/p>\n\n\n\n<p class=\"wp-block-paragraph\">\u00abAlgunas fuentes sugieren que hasta 23 ni\u00f1os han muerto y muchos otros han resultado heridos en al menos siete provincias a causa de la munici\u00f3n real, los perdigones met\u00e1licos a corta distancia y las palizas mortales\u00bb, dice el comunicado.<\/p>\n","protected":false},"excerpt":{"rendered":"<p>Abu Dhabi, EAU.- Una ola de protestas ha sacudido a Ir\u00e1n en los \u00faltimos tiempos, a pesar de la represi\u00f3n del gobierno y de los informes de los medios estatales que afirman que los manifestantes han puesto fin a sus concentraciones. Esta \u00faltima ronda de manifestaciones se iniciaron el 16 septiembre a ra\u00edz de la [&hellip;]<\/p>\n","protected":false},"author":15,"featured_media":0,"comment_status":"open","ping_status":"open","sticky":false,"template":"","format":"standard","meta":{"footnotes":""},"categories":[1],"tags":[],"class_list":["post-12633","post","type-post","status-publish","format-standard","category-uncategorized"],"yoast_head":"<!-- This site is optimized with the Yoast SEO plugin v27.6 - https:\/\/yoast.com\/product\/yoast-seo-wordpress\/ -->\n<title>\u00bfPor qu\u00e9 hay protestas en Ir\u00e1n? \u00bfQu\u00e9 pas\u00f3 con Mahsa Amini? - Conexi\u00f3n 23<\/title>\n<meta name=\"robots\" content=\"index, follow, max-snippet:-1, max-image-preview:large, max-video-preview:-1\" \/>\n<link rel=\"canonical\" href=\"https:\/\/conexion23.com\/?p=12633\" \/>\n<meta property=\"og:locale\" content=\"es_ES\" \/>\n<meta property=\"og:type\" content=\"article\" \/>\n<meta property=\"og:title\" content=\"\u00bfPor qu\u00e9 hay protestas en Ir\u00e1n? \u00bfQu\u00e9 pas\u00f3 con Mahsa Amini? - Conexi\u00f3n 23\" \/>\n<meta property=\"og:description\" content=\"Abu Dhabi, EAU.- Una ola de protestas ha sacudido a Ir\u00e1n en los \u00faltimos tiempos, a pesar de la represi\u00f3n del gobierno y de los informes de los medios estatales que afirman que los manifestantes han puesto fin a sus concentraciones. Esta \u00faltima ronda de manifestaciones se iniciaron el 16 septiembre a ra\u00edz de la [&hellip;]\" \/>\n<meta property=\"og:url\" content=\"https:\/\/conexion23.com\/?p=12633\" \/>\n<meta property=\"og:site_name\" content=\"Conexi\u00f3n 23\" \/>\n<meta property=\"article:publisher\" content=\"https:\/\/www.facebook.com\/conexion23com\" \/>\n<meta property=\"article:published_time\" content=\"2022-10-27T16:30:41+00:00\" \/>\n<meta property=\"article:modified_time\" content=\"2022-10-27T16:31:02+00:00\" \/>\n<meta name=\"author\" content=\"Raffy Ben\u00edtez\" \/>\n<meta name=\"twitter:card\" content=\"summary_large_image\" \/>\n<meta name=\"twitter:label1\" content=\"Escrito por\" \/>\n\t<meta name=\"twitter:data1\" content=\"Raffy Ben\u00edtez\" \/>\n\t<meta name=\"twitter:label2\" content=\"Tiempo de lectura\" \/>\n\t<meta name=\"twitter:data2\" content=\"2 minutos\" \/>\n<script type=\"application\/ld+json\" class=\"yoast-schema-graph\">{\"@context\":\"https:\\\/\\\/schema.org\",\"@graph\":[{\"@type\":\"Article\",\"@id\":\"https:\\\/\\\/conexion23.com\\\/?p=12633#article\",\"isPartOf\":{\"@id\":\"https:\\\/\\\/conexion23.com\\\/?p=12633\"},\"author\":{\"name\":\"Raffy Ben\u00edtez\",\"@id\":\"http:\\\/\\\/conexion23.com\\\/#\\\/schema\\\/person\\\/03e36043331117e97a373299bbcd30a6\"},\"headline\":\"\u00bfPor qu\u00e9 hay protestas en Ir\u00e1n? \u00bfQu\u00e9 pas\u00f3 con Mahsa Amini?\",\"datePublished\":\"2022-10-27T16:30:41+00:00\",\"dateModified\":\"2022-10-27T16:31:02+00:00\",\"mainEntityOfPage\":{\"@id\":\"https:\\\/\\\/conexion23.com\\\/?p=12633\"},\"wordCount\":399,\"commentCount\":0,\"publisher\":{\"@id\":\"http:\\\/\\\/conexion23.com\\\/#organization\"},\"articleSection\":[\"Uncategorized\"],\"inLanguage\":\"es\",\"potentialAction\":[{\"@type\":\"CommentAction\",\"name\":\"Comment\",\"target\":[\"https:\\\/\\\/conexion23.com\\\/?p=12633#respond\"]}]},{\"@type\":\"WebPage\",\"@id\":\"https:\\\/\\\/conexion23.com\\\/?p=12633\",\"url\":\"https:\\\/\\\/conexion23.com\\\/?p=12633\",\"name\":\"\u00bfPor qu\u00e9 hay protestas en Ir\u00e1n? \u00bfQu\u00e9 pas\u00f3 con Mahsa Amini? - Conexi\u00f3n 23\",\"isPartOf\":{\"@id\":\"http:\\\/\\\/conexion23.com\\\/#website\"},\"datePublished\":\"2022-10-27T16:30:41+00:00\",\"dateModified\":\"2022-10-27T16:31:02+00:00\",\"breadcrumb\":{\"@id\":\"https:\\\/\\\/conexion23.com\\\/?p=12633#breadcrumb\"},\"inLanguage\":\"es\",\"potentialAction\":[{\"@type\":\"ReadAction\",\"target\":[\"https:\\\/\\\/conexion23.com\\\/?p=12633\"]}]},{\"@type\":\"BreadcrumbList\",\"@id\":\"https:\\\/\\\/conexion23.com\\\/?p=12633#breadcrumb\",\"itemListElement\":[{\"@type\":\"ListItem\",\"position\":1,\"name\":\"Portada\",\"item\":\"http:\\\/\\\/conexion23.com\\\/\"},{\"@type\":\"ListItem\",\"position\":2,\"name\":\"\u00bfPor qu\u00e9 hay protestas en Ir\u00e1n? \u00bfQu\u00e9 pas\u00f3 con Mahsa Amini?\"}]},{\"@type\":\"WebSite\",\"@id\":\"http:\\\/\\\/conexion23.com\\\/#website\",\"url\":\"http:\\\/\\\/conexion23.com\\\/\",\"name\":\"Conexi\u00f3n 23\",\"description\":\"Peri\u00f3dico 100% Petromacorisano\",\"publisher\":{\"@id\":\"http:\\\/\\\/conexion23.com\\\/#organization\"},\"potentialAction\":[{\"@type\":\"SearchAction\",\"target\":{\"@type\":\"EntryPoint\",\"urlTemplate\":\"http:\\\/\\\/conexion23.com\\\/?s={search_term_string}\"},\"query-input\":{\"@type\":\"PropertyValueSpecification\",\"valueRequired\":true,\"valueName\":\"search_term_string\"}}],\"inLanguage\":\"es\"},{\"@type\":\"Organization\",\"@id\":\"http:\\\/\\\/conexion23.com\\\/#organization\",\"name\":\"Conexion 23\",\"url\":\"http:\\\/\\\/conexion23.com\\\/\",\"logo\":{\"@type\":\"ImageObject\",\"inLanguage\":\"es\",\"@id\":\"http:\\\/\\\/conexion23.com\\\/#\\\/schema\\\/logo\\\/image\\\/\",\"url\":\"https:\\\/\\\/conexion23.com\\\/wp-content\\\/uploads\\\/2021\\\/11\\\/Diseno-sin-titulo-2.png\",\"contentUrl\":\"https:\\\/\\\/conexion23.com\\\/wp-content\\\/uploads\\\/2021\\\/11\\\/Diseno-sin-titulo-2.png\",\"width\":541,\"height\":90,\"caption\":\"Conexion 23\"},\"image\":{\"@id\":\"http:\\\/\\\/conexion23.com\\\/#\\\/schema\\\/logo\\\/image\\\/\"},\"sameAs\":[\"https:\\\/\\\/www.facebook.com\\\/conexion23com\",\"https:\\\/\\\/www.instagram.com\\\/conexion23com\\\/\",\"https:\\\/\\\/www.youtube.com\\\/channel\\\/UCYc7vxxFZMYLIHNsHHxPZ3Q\"]},{\"@type\":\"Person\",\"@id\":\"http:\\\/\\\/conexion23.com\\\/#\\\/schema\\\/person\\\/03e36043331117e97a373299bbcd30a6\",\"name\":\"Raffy Ben\u00edtez\",\"image\":{\"@type\":\"ImageObject\",\"inLanguage\":\"es\",\"@id\":\"https:\\\/\\\/secure.gravatar.com\\\/avatar\\\/3190a6a6c5e1b0327500f7d6c56b6242472ee6cb974cf09b401ee6b3b0798f23?s=96&d=mm&r=g\",\"url\":\"https:\\\/\\\/secure.gravatar.com\\\/avatar\\\/3190a6a6c5e1b0327500f7d6c56b6242472ee6cb974cf09b401ee6b3b0798f23?s=96&d=mm&r=g\",\"contentUrl\":\"https:\\\/\\\/secure.gravatar.com\\\/avatar\\\/3190a6a6c5e1b0327500f7d6c56b6242472ee6cb974cf09b401ee6b3b0798f23?s=96&d=mm&r=g\",\"caption\":\"Raffy Ben\u00edtez\"},\"url\":\"https:\\\/\\\/conexion23.com\\\/?author=15\"}]}<\/script>\n<!-- \/ Yoast SEO plugin. -->","yoast_head_json":{"title":"\u00bfPor qu\u00e9 hay protestas en Ir\u00e1n? \u00bfQu\u00e9 pas\u00f3 con Mahsa Amini? - Conexi\u00f3n 23","robots":{"index":"index","follow":"follow","max-snippet":"max-snippet:-1","max-image-preview":"max-image-preview:large","max-video-preview":"max-video-preview:-1"},"canonical":"https:\/\/conexion23.com\/?p=12633","og_locale":"es_ES","og_type":"article","og_title":"\u00bfPor qu\u00e9 hay protestas en Ir\u00e1n? \u00bfQu\u00e9 pas\u00f3 con Mahsa Amini? - Conexi\u00f3n 23","og_description":"Abu Dhabi, EAU.- Una ola de protestas ha sacudido a Ir\u00e1n en los \u00faltimos tiempos, a pesar de la represi\u00f3n del gobierno y de los informes de los medios estatales que afirman que los manifestantes han puesto fin a sus concentraciones. Esta \u00faltima ronda de manifestaciones se iniciaron el 16 septiembre a ra\u00edz de la [&hellip;]","og_url":"https:\/\/conexion23.com\/?p=12633","og_site_name":"Conexi\u00f3n 23","article_publisher":"https:\/\/www.facebook.com\/conexion23com","article_published_time":"2022-10-27T16:30:41+00:00","article_modified_time":"2022-10-27T16:31:02+00:00","author":"Raffy Ben\u00edtez","twitter_card":"summary_large_image","twitter_misc":{"Escrito por":"Raffy Ben\u00edtez","Tiempo de lectura":"2 minutos"},"schema":{"@context":"https:\/\/schema.org","@graph":[{"@type":"Article","@id":"https:\/\/conexion23.com\/?p=12633#article","isPartOf":{"@id":"https:\/\/conexion23.com\/?p=12633"},"author":{"name":"Raffy Ben\u00edtez","@id":"http:\/\/conexion23.com\/#\/schema\/person\/03e36043331117e97a373299bbcd30a6"},"headline":"\u00bfPor qu\u00e9 hay protestas en Ir\u00e1n? \u00bfQu\u00e9 pas\u00f3 con Mahsa Amini?","datePublished":"2022-10-27T16:30:41+00:00","dateModified":"2022-10-27T16:31:02+00:00","mainEntityOfPage":{"@id":"https:\/\/conexion23.com\/?p=12633"},"wordCount":399,"commentCount":0,"publisher":{"@id":"http:\/\/conexion23.com\/#organization"},"articleSection":["Uncategorized"],"inLanguage":"es","potentialAction":[{"@type":"CommentAction","name":"Comment","target":["https:\/\/conexion23.com\/?p=12633#respond"]}]},{"@type":"WebPage","@id":"https:\/\/conexion23.com\/?p=12633","url":"https:\/\/conexion23.com\/?p=12633","name":"\u00bfPor qu\u00e9 hay protestas en Ir\u00e1n? \u00bfQu\u00e9 pas\u00f3 con Mahsa Amini? - Conexi\u00f3n 23","isPartOf":{"@id":"http:\/\/conexion23.com\/#website"},"datePublished":"2022-10-27T16:30:41+00:00","dateModified":"2022-10-27T16:31:02+00:00","breadcrumb":{"@id":"https:\/\/conexion23.com\/?p=12633#breadcrumb"},"inLanguage":"es","potentialAction":[{"@type":"ReadAction","target":["https:\/\/conexion23.com\/?p=12633"]}]},{"@type":"BreadcrumbList","@id":"https:\/\/conexion23.com\/?p=12633#breadcrumb","itemListElement":[{"@type":"ListItem","position":1,"name":"Portada","item":"http:\/\/conexion23.com\/"},{"@type":"ListItem","position":2,"name":"\u00bfPor qu\u00e9 hay protestas en Ir\u00e1n? \u00bfQu\u00e9 pas\u00f3 con Mahsa Amini?"}]},{"@type":"WebSite","@id":"http:\/\/conexion23.com\/#website","url":"http:\/\/conexion23.com\/","name":"Conexi\u00f3n 23","description":"Peri\u00f3dico 100% Petromacorisano","publisher":{"@id":"http:\/\/conexion23.com\/#organization"},"potentialAction":[{"@type":"SearchAction","target":{"@type":"EntryPoint","urlTemplate":"http:\/\/conexion23.com\/?s={search_term_string}"},"query-input":{"@type":"PropertyValueSpecification","valueRequired":true,"valueName":"search_term_string"}}],"inLanguage":"es"},{"@type":"Organization","@id":"http:\/\/conexion23.com\/#organization","name":"Conexion 23","url":"http:\/\/conexion23.com\/","logo":{"@type":"ImageObject","inLanguage":"es","@id":"http:\/\/conexion23.com\/#\/schema\/logo\/image\/","url":"https:\/\/conexion23.com\/wp-content\/uploads\/2021\/11\/Diseno-sin-titulo-2.png","contentUrl":"https:\/\/conexion23.com\/wp-content\/uploads\/2021\/11\/Diseno-sin-titulo-2.png","width":541,"height":90,"caption":"Conexion 23"},"image":{"@id":"http:\/\/conexion23.com\/#\/schema\/logo\/image\/"},"sameAs":["https:\/\/www.facebook.com\/conexion23com","https:\/\/www.instagram.com\/conexion23com\/","https:\/\/www.youtube.com\/channel\/UCYc7vxxFZMYLIHNsHHxPZ3Q"]},{"@type":"Person","@id":"http:\/\/conexion23.com\/#\/schema\/person\/03e36043331117e97a373299bbcd30a6","name":"Raffy Ben\u00edtez","image":{"@type":"ImageObject","inLanguage":"es","@id":"https:\/\/secure.gravatar.com\/avatar\/3190a6a6c5e1b0327500f7d6c56b6242472ee6cb974cf09b401ee6b3b0798f23?s=96&d=mm&r=g","url":"https:\/\/secure.gravatar.com\/avatar\/3190a6a6c5e1b0327500f7d6c56b6242472ee6cb974cf09b401ee6b3b0798f23?s=96&d=mm&r=g","contentUrl":"https:\/\/secure.gravatar.com\/avatar\/3190a6a6c5e1b0327500f7d6c56b6242472ee6cb974cf09b401ee6b3b0798f23?s=96&d=mm&r=g","caption":"Raffy Ben\u00edtez"},"url":"https:\/\/conexion23.com\/?author=15"}]}},"_links":{"self":[{"href":"https:\/\/conexion23.com\/index.php?rest_route=\/wp\/v2\/posts\/12633","targetHints":{"allow":["GET"]}}],"collection":[{"href":"https:\/\/conexion23.com\/index.php?rest_route=\/wp\/v2\/posts"}],"about":[{"href":"https:\/\/conexion23.com\/index.php?rest_route=\/wp\/v2\/types\/post"}],"author":[{"embeddable":true,"href":"https:\/\/conexion23.com\/index.php?rest_route=\/wp\/v2\/users\/15"}],"replies":[{"embeddable":true,"href":"https:\/\/conexion23.com\/index.php?rest_route=%2Fwp%2Fv2%2Fcomments&post=12633"}],"version-history":[{"count":1,"href":"https:\/\/conexion23.com\/index.php?rest_route=\/wp\/v2\/posts\/12633\/revisions"}],"predecessor-version":[{"id":12635,"href":"https:\/\/conexion23.com\/index.php?rest_route=\/wp\/v2\/posts\/12633\/revisions\/12635"}],"wp:attachment":[{"href":"https:\/\/conexion23.com\/index.php?rest_route=%2Fwp%2Fv2%2Fmedia&parent=12633"}],"wp:term":[{"taxonomy":"category","embeddable":true,"href":"https:\/\/conexion23.com\/index.php?rest_route=%2Fwp%2Fv2%2Fcategories&post=12633"},{"taxonomy":"post_tag","embeddable":true,"href":"https:\/\/conexion23.com\/index.php?rest_route=%2Fwp%2Fv2%2Ftags&post=12633"}],"curies":[{"name":"wp","href":"https:\/\/api.w.org\/{rel}","templated":true}]}}