{"id":12642,"date":"2022-10-27T14:47:39","date_gmt":"2022-10-27T18:47:39","guid":{"rendered":"https:\/\/conexion23.com\/?p=12642"},"modified":"2022-10-27T14:47:47","modified_gmt":"2022-10-27T18:47:47","slug":"abogan-por-mayor-participacion-de-la-mujer-en-la-politica","status":"publish","type":"post","link":"https:\/\/conexion23.com\/?p=12642","title":{"rendered":"Abogan por mayor participaci\u00f3n de la mujer en la pol\u00edtica."},"content":{"rendered":"\n<p class=\"wp-block-paragraph\">Diversos actores de la vida nacional abogan por mayor participaci\u00f3n de la mujer en la pol\u00edtica.<\/p>\n\n\n\n<p class=\"wp-block-paragraph\"><br>Esta informaci\u00f3n se ofreci\u00f3 durante la conferencia \u201cLiderazgo Pol\u00edtico de las Mujeres en los Procesos Electorales\u201d, organizada por la Junta Central Electoral, con el apoyo del Ministerio de la Mujer y el Programa de Naciones Unidas.<\/p>\n\n\n\n<p class=\"wp-block-paragraph\"><br>Se destacaron los desaf\u00edos de car\u00e1cter cultural y normativo que tiene por delante Rep\u00fablica Dominicana para ampliar y fortalecer la implementaci\u00f3n de medidas para la igualdad de g\u00e9nero en el quehacer pol\u00edtico, partidario y en el ejercicio del poder.<\/p>\n\n\n\n<p class=\"wp-block-paragraph\"><br>\u201cEl liderazgo en la pol\u00edtica, tiene que ver con el poder, tiene que ver con la visi\u00f3n y con la estrategia para articular desde lo individual y lo colectivo, es decir con la forma en la que influimos en el comportamiento y las decisiones humanas, pero sobre todo con la manera en la que esa articulaci\u00f3n tiene efecto en el accionar y la transformaci\u00f3n desde lo p\u00fablico\u201d, expres\u00f3 Mayra Jim\u00e9nez, ministra de la Mujer.<\/p>\n","protected":false},"excerpt":{"rendered":"<p>Diversos actores de la vida nacional abogan por mayor participaci\u00f3n de la mujer en la pol\u00edtica. Esta informaci\u00f3n se ofreci\u00f3 durante la conferencia \u201cLiderazgo Pol\u00edtico de las Mujeres en los Procesos Electorales\u201d, organizada por la Junta Central Electoral, con el apoyo del Ministerio de la Mujer y el Programa de Naciones Unidas. Se destacaron los [&hellip;]<\/p>\n","protected":false},"author":15,"featured_media":0,"comment_status":"open","ping_status":"open","sticky":false,"template":"","format":"standard","meta":{"footnotes":""},"categories":[1],"tags":[],"class_list":["post-12642","post","type-post","status-publish","format-standard","category-uncategorized"],"yoast_head":"<!-- This site is optimized with the Yoast SEO plugin v27.6 - https:\/\/yoast.com\/product\/yoast-seo-wordpress\/ -->\n<title>Abogan por mayor participaci\u00f3n de la mujer en la pol\u00edtica. - Conexi\u00f3n 23<\/title>\n<meta name=\"robots\" content=\"index, follow, max-snippet:-1, max-image-preview:large, max-video-preview:-1\" \/>\n<link rel=\"canonical\" href=\"https:\/\/conexion23.com\/?p=12642\" \/>\n<meta property=\"og:locale\" content=\"es_ES\" \/>\n<meta property=\"og:type\" content=\"article\" \/>\n<meta property=\"og:title\" content=\"Abogan por mayor participaci\u00f3n de la mujer en la pol\u00edtica. - Conexi\u00f3n 23\" \/>\n<meta property=\"og:description\" content=\"Diversos actores de la vida nacional abogan por mayor participaci\u00f3n de la mujer en la pol\u00edtica. Esta informaci\u00f3n se ofreci\u00f3 durante la conferencia \u201cLiderazgo Pol\u00edtico de las Mujeres en los Procesos Electorales\u201d, organizada por la Junta Central Electoral, con el apoyo del Ministerio de la Mujer y el Programa de Naciones Unidas. Se destacaron los [&hellip;]\" \/>\n<meta property=\"og:url\" content=\"https:\/\/conexion23.com\/?p=12642\" \/>\n<meta property=\"og:site_name\" content=\"Conexi\u00f3n 23\" \/>\n<meta property=\"article:publisher\" content=\"https:\/\/www.facebook.com\/conexion23com\" \/>\n<meta property=\"article:published_time\" content=\"2022-10-27T18:47:39+00:00\" \/>\n<meta property=\"article:modified_time\" content=\"2022-10-27T18:47:47+00:00\" \/>\n<meta name=\"author\" content=\"Raffy Ben\u00edtez\" \/>\n<meta name=\"twitter:card\" content=\"summary_large_image\" \/>\n<meta name=\"twitter:label1\" content=\"Escrito por\" \/>\n\t<meta name=\"twitter:data1\" content=\"Raffy Ben\u00edtez\" \/>\n\t<meta name=\"twitter:label2\" content=\"Tiempo de lectura\" \/>\n\t<meta name=\"twitter:data2\" content=\"1 minuto\" \/>\n<script type=\"application\/ld+json\" class=\"yoast-schema-graph\">{\"@context\":\"https:\\\/\\\/schema.org\",\"@graph\":[{\"@type\":\"Article\",\"@id\":\"https:\\\/\\\/conexion23.com\\\/?p=12642#article\",\"isPartOf\":{\"@id\":\"https:\\\/\\\/conexion23.com\\\/?p=12642\"},\"author\":{\"name\":\"Raffy Ben\u00edtez\",\"@id\":\"http:\\\/\\\/conexion23.com\\\/#\\\/schema\\\/person\\\/03e36043331117e97a373299bbcd30a6\"},\"headline\":\"Abogan por mayor participaci\u00f3n de la mujer en la pol\u00edtica.\",\"datePublished\":\"2022-10-27T18:47:39+00:00\",\"dateModified\":\"2022-10-27T18:47:47+00:00\",\"mainEntityOfPage\":{\"@id\":\"https:\\\/\\\/conexion23.com\\\/?p=12642\"},\"wordCount\":193,\"commentCount\":0,\"publisher\":{\"@id\":\"http:\\\/\\\/conexion23.com\\\/#organization\"},\"articleSection\":[\"Uncategorized\"],\"inLanguage\":\"es\",\"potentialAction\":[{\"@type\":\"CommentAction\",\"name\":\"Comment\",\"target\":[\"https:\\\/\\\/conexion23.com\\\/?p=12642#respond\"]}]},{\"@type\":\"WebPage\",\"@id\":\"https:\\\/\\\/conexion23.com\\\/?p=12642\",\"url\":\"https:\\\/\\\/conexion23.com\\\/?p=12642\",\"name\":\"Abogan por mayor participaci\u00f3n de la mujer en la pol\u00edtica. - Conexi\u00f3n 23\",\"isPartOf\":{\"@id\":\"http:\\\/\\\/conexion23.com\\\/#website\"},\"datePublished\":\"2022-10-27T18:47:39+00:00\",\"dateModified\":\"2022-10-27T18:47:47+00:00\",\"breadcrumb\":{\"@id\":\"https:\\\/\\\/conexion23.com\\\/?p=12642#breadcrumb\"},\"inLanguage\":\"es\",\"potentialAction\":[{\"@type\":\"ReadAction\",\"target\":[\"https:\\\/\\\/conexion23.com\\\/?p=12642\"]}]},{\"@type\":\"BreadcrumbList\",\"@id\":\"https:\\\/\\\/conexion23.com\\\/?p=12642#breadcrumb\",\"itemListElement\":[{\"@type\":\"ListItem\",\"position\":1,\"name\":\"Portada\",\"item\":\"http:\\\/\\\/conexion23.com\\\/\"},{\"@type\":\"ListItem\",\"position\":2,\"name\":\"Abogan por mayor participaci\u00f3n de la mujer en la pol\u00edtica.\"}]},{\"@type\":\"WebSite\",\"@id\":\"http:\\\/\\\/conexion23.com\\\/#website\",\"url\":\"http:\\\/\\\/conexion23.com\\\/\",\"name\":\"Conexi\u00f3n 23\",\"description\":\"Peri\u00f3dico 100% Petromacorisano\",\"publisher\":{\"@id\":\"http:\\\/\\\/conexion23.com\\\/#organization\"},\"potentialAction\":[{\"@type\":\"SearchAction\",\"target\":{\"@type\":\"EntryPoint\",\"urlTemplate\":\"http:\\\/\\\/conexion23.com\\\/?s={search_term_string}\"},\"query-input\":{\"@type\":\"PropertyValueSpecification\",\"valueRequired\":true,\"valueName\":\"search_term_string\"}}],\"inLanguage\":\"es\"},{\"@type\":\"Organization\",\"@id\":\"http:\\\/\\\/conexion23.com\\\/#organization\",\"name\":\"Conexion 23\",\"url\":\"http:\\\/\\\/conexion23.com\\\/\",\"logo\":{\"@type\":\"ImageObject\",\"inLanguage\":\"es\",\"@id\":\"http:\\\/\\\/conexion23.com\\\/#\\\/schema\\\/logo\\\/image\\\/\",\"url\":\"https:\\\/\\\/conexion23.com\\\/wp-content\\\/uploads\\\/2021\\\/11\\\/Diseno-sin-titulo-2.png\",\"contentUrl\":\"https:\\\/\\\/conexion23.com\\\/wp-content\\\/uploads\\\/2021\\\/11\\\/Diseno-sin-titulo-2.png\",\"width\":541,\"height\":90,\"caption\":\"Conexion 23\"},\"image\":{\"@id\":\"http:\\\/\\\/conexion23.com\\\/#\\\/schema\\\/logo\\\/image\\\/\"},\"sameAs\":[\"https:\\\/\\\/www.facebook.com\\\/conexion23com\",\"https:\\\/\\\/www.instagram.com\\\/conexion23com\\\/\",\"https:\\\/\\\/www.youtube.com\\\/channel\\\/UCYc7vxxFZMYLIHNsHHxPZ3Q\"]},{\"@type\":\"Person\",\"@id\":\"http:\\\/\\\/conexion23.com\\\/#\\\/schema\\\/person\\\/03e36043331117e97a373299bbcd30a6\",\"name\":\"Raffy Ben\u00edtez\",\"image\":{\"@type\":\"ImageObject\",\"inLanguage\":\"es\",\"@id\":\"https:\\\/\\\/secure.gravatar.com\\\/avatar\\\/3190a6a6c5e1b0327500f7d6c56b6242472ee6cb974cf09b401ee6b3b0798f23?s=96&d=mm&r=g\",\"url\":\"https:\\\/\\\/secure.gravatar.com\\\/avatar\\\/3190a6a6c5e1b0327500f7d6c56b6242472ee6cb974cf09b401ee6b3b0798f23?s=96&d=mm&r=g\",\"contentUrl\":\"https:\\\/\\\/secure.gravatar.com\\\/avatar\\\/3190a6a6c5e1b0327500f7d6c56b6242472ee6cb974cf09b401ee6b3b0798f23?s=96&d=mm&r=g\",\"caption\":\"Raffy Ben\u00edtez\"},\"url\":\"https:\\\/\\\/conexion23.com\\\/?author=15\"}]}<\/script>\n<!-- \/ Yoast SEO plugin. -->","yoast_head_json":{"title":"Abogan por mayor participaci\u00f3n de la mujer en la pol\u00edtica. - Conexi\u00f3n 23","robots":{"index":"index","follow":"follow","max-snippet":"max-snippet:-1","max-image-preview":"max-image-preview:large","max-video-preview":"max-video-preview:-1"},"canonical":"https:\/\/conexion23.com\/?p=12642","og_locale":"es_ES","og_type":"article","og_title":"Abogan por mayor participaci\u00f3n de la mujer en la pol\u00edtica. - Conexi\u00f3n 23","og_description":"Diversos actores de la vida nacional abogan por mayor participaci\u00f3n de la mujer en la pol\u00edtica. Esta informaci\u00f3n se ofreci\u00f3 durante la conferencia \u201cLiderazgo Pol\u00edtico de las Mujeres en los Procesos Electorales\u201d, organizada por la Junta Central Electoral, con el apoyo del Ministerio de la Mujer y el Programa de Naciones Unidas. Se destacaron los [&hellip;]","og_url":"https:\/\/conexion23.com\/?p=12642","og_site_name":"Conexi\u00f3n 23","article_publisher":"https:\/\/www.facebook.com\/conexion23com","article_published_time":"2022-10-27T18:47:39+00:00","article_modified_time":"2022-10-27T18:47:47+00:00","author":"Raffy Ben\u00edtez","twitter_card":"summary_large_image","twitter_misc":{"Escrito por":"Raffy Ben\u00edtez","Tiempo de lectura":"1 minuto"},"schema":{"@context":"https:\/\/schema.org","@graph":[{"@type":"Article","@id":"https:\/\/conexion23.com\/?p=12642#article","isPartOf":{"@id":"https:\/\/conexion23.com\/?p=12642"},"author":{"name":"Raffy Ben\u00edtez","@id":"http:\/\/conexion23.com\/#\/schema\/person\/03e36043331117e97a373299bbcd30a6"},"headline":"Abogan por mayor participaci\u00f3n de la mujer en la pol\u00edtica.","datePublished":"2022-10-27T18:47:39+00:00","dateModified":"2022-10-27T18:47:47+00:00","mainEntityOfPage":{"@id":"https:\/\/conexion23.com\/?p=12642"},"wordCount":193,"commentCount":0,"publisher":{"@id":"http:\/\/conexion23.com\/#organization"},"articleSection":["Uncategorized"],"inLanguage":"es","potentialAction":[{"@type":"CommentAction","name":"Comment","target":["https:\/\/conexion23.com\/?p=12642#respond"]}]},{"@type":"WebPage","@id":"https:\/\/conexion23.com\/?p=12642","url":"https:\/\/conexion23.com\/?p=12642","name":"Abogan por mayor participaci\u00f3n de la mujer en la pol\u00edtica. - Conexi\u00f3n 23","isPartOf":{"@id":"http:\/\/conexion23.com\/#website"},"datePublished":"2022-10-27T18:47:39+00:00","dateModified":"2022-10-27T18:47:47+00:00","breadcrumb":{"@id":"https:\/\/conexion23.com\/?p=12642#breadcrumb"},"inLanguage":"es","potentialAction":[{"@type":"ReadAction","target":["https:\/\/conexion23.com\/?p=12642"]}]},{"@type":"BreadcrumbList","@id":"https:\/\/conexion23.com\/?p=12642#breadcrumb","itemListElement":[{"@type":"ListItem","position":1,"name":"Portada","item":"http:\/\/conexion23.com\/"},{"@type":"ListItem","position":2,"name":"Abogan por mayor participaci\u00f3n de la mujer en la pol\u00edtica."}]},{"@type":"WebSite","@id":"http:\/\/conexion23.com\/#website","url":"http:\/\/conexion23.com\/","name":"Conexi\u00f3n 23","description":"Peri\u00f3dico 100% Petromacorisano","publisher":{"@id":"http:\/\/conexion23.com\/#organization"},"potentialAction":[{"@type":"SearchAction","target":{"@type":"EntryPoint","urlTemplate":"http:\/\/conexion23.com\/?s={search_term_string}"},"query-input":{"@type":"PropertyValueSpecification","valueRequired":true,"valueName":"search_term_string"}}],"inLanguage":"es"},{"@type":"Organization","@id":"http:\/\/conexion23.com\/#organization","name":"Conexion 23","url":"http:\/\/conexion23.com\/","logo":{"@type":"ImageObject","inLanguage":"es","@id":"http:\/\/conexion23.com\/#\/schema\/logo\/image\/","url":"https:\/\/conexion23.com\/wp-content\/uploads\/2021\/11\/Diseno-sin-titulo-2.png","contentUrl":"https:\/\/conexion23.com\/wp-content\/uploads\/2021\/11\/Diseno-sin-titulo-2.png","width":541,"height":90,"caption":"Conexion 23"},"image":{"@id":"http:\/\/conexion23.com\/#\/schema\/logo\/image\/"},"sameAs":["https:\/\/www.facebook.com\/conexion23com","https:\/\/www.instagram.com\/conexion23com\/","https:\/\/www.youtube.com\/channel\/UCYc7vxxFZMYLIHNsHHxPZ3Q"]},{"@type":"Person","@id":"http:\/\/conexion23.com\/#\/schema\/person\/03e36043331117e97a373299bbcd30a6","name":"Raffy Ben\u00edtez","image":{"@type":"ImageObject","inLanguage":"es","@id":"https:\/\/secure.gravatar.com\/avatar\/3190a6a6c5e1b0327500f7d6c56b6242472ee6cb974cf09b401ee6b3b0798f23?s=96&d=mm&r=g","url":"https:\/\/secure.gravatar.com\/avatar\/3190a6a6c5e1b0327500f7d6c56b6242472ee6cb974cf09b401ee6b3b0798f23?s=96&d=mm&r=g","contentUrl":"https:\/\/secure.gravatar.com\/avatar\/3190a6a6c5e1b0327500f7d6c56b6242472ee6cb974cf09b401ee6b3b0798f23?s=96&d=mm&r=g","caption":"Raffy Ben\u00edtez"},"url":"https:\/\/conexion23.com\/?author=15"}]}},"_links":{"self":[{"href":"https:\/\/conexion23.com\/index.php?rest_route=\/wp\/v2\/posts\/12642","targetHints":{"allow":["GET"]}}],"collection":[{"href":"https:\/\/conexion23.com\/index.php?rest_route=\/wp\/v2\/posts"}],"about":[{"href":"https:\/\/conexion23.com\/index.php?rest_route=\/wp\/v2\/types\/post"}],"author":[{"embeddable":true,"href":"https:\/\/conexion23.com\/index.php?rest_route=\/wp\/v2\/users\/15"}],"replies":[{"embeddable":true,"href":"https:\/\/conexion23.com\/index.php?rest_route=%2Fwp%2Fv2%2Fcomments&post=12642"}],"version-history":[{"count":1,"href":"https:\/\/conexion23.com\/index.php?rest_route=\/wp\/v2\/posts\/12642\/revisions"}],"predecessor-version":[{"id":12644,"href":"https:\/\/conexion23.com\/index.php?rest_route=\/wp\/v2\/posts\/12642\/revisions\/12644"}],"wp:attachment":[{"href":"https:\/\/conexion23.com\/index.php?rest_route=%2Fwp%2Fv2%2Fmedia&parent=12642"}],"wp:term":[{"taxonomy":"category","embeddable":true,"href":"https:\/\/conexion23.com\/index.php?rest_route=%2Fwp%2Fv2%2Fcategories&post=12642"},{"taxonomy":"post_tag","embeddable":true,"href":"https:\/\/conexion23.com\/index.php?rest_route=%2Fwp%2Fv2%2Ftags&post=12642"}],"curies":[{"name":"wp","href":"https:\/\/api.w.org\/{rel}","templated":true}]}}