{"id":12756,"date":"2022-10-30T11:53:37","date_gmt":"2022-10-30T15:53:37","guid":{"rendered":"https:\/\/conexion23.com\/?p=12756"},"modified":"2022-10-30T11:53:45","modified_gmt":"2022-10-30T15:53:45","slug":"pedro-botello-y-juancho-martinez-piden-a-comision-electoral-posponer-elecciones-para-incluir-candidatos","status":"publish","type":"post","link":"https:\/\/conexion23.com\/?p=12756","title":{"rendered":"Pedro Botello y Juancho Mart\u00ednez \u00a0piden a Comisi\u00f3n Electoral posponer elecciones para incluir candidatos"},"content":{"rendered":"\n<p class=\"wp-block-paragraph\">Los dirigentes del Partido Reformista Social Cristiano solicitaron Pedro Botello y Juancho Martinez pidieron a la comisi\u00f3n Electoral la posposici\u00f3n de la Convenci\u00f3n Nacional Ordinaria 2022, a los fines de incluir candidaturas a puestos dirigenciales que fueron excluidas sin ninguna justificaci\u00f3n, violando los estatutos y otras normas internas.<\/p>\n\n\n\n<p class=\"wp-block-paragraph\">Afirmaron que las elecciones convocadas para este domingo, violan todas las normas de democracia interna, son excluyentes y no propician un ambiente de transparencia para que sus resultados sean aceptados por todos.<\/p>\n\n\n\n<p class=\"wp-block-paragraph\">Los dirigentes reformistas Pedro Botello y Juancho Mart\u00ednez, miembros del Directorio Presidencial del PRSC, advirtieron al presidente de la Comisi\u00f3n Electoral, M\u00e1ximo Castro Silverio, que realizar unas elecciones en las actuales condiciones, es llevar al PRSC a un matadero electoral interno.<\/p>\n\n\n\n<p class=\"wp-block-paragraph\">\u201cSolicitamos la suspensi\u00f3n de la Convenci\u00f3n Nacional Ordinaria 2022 a los fines de conocer sobre la solicitud de inclusi\u00f3n de candidatos excluidos de la lista de aspirantes y reposici\u00f3n de plazos legales y razonables para ejercer el derecho de defensa por violaci\u00f3n el derecho constitucional a ser postulados\u201d, indicaron Botello y Mart\u00ednez, en carta dirigida a Castro Silverio y dem\u00e1s miembros Comisi\u00f3n Electoral.<\/p>\n\n\n\n<p class=\"wp-block-paragraph\">Dejaron claro que con las actuales reglas que las autoridades pretenden realizar las elecciones internas, no se garantiza un proceso transparente y m\u00e1s bien producir\u00eda impredecibles consecuencias al PRSC.<\/p>\n\n\n\n<p class=\"wp-block-paragraph\">Indicaron que el proceso actual violenta los estatutos y los reglamentos de la convenci\u00f3n.<\/p>\n\n\n\n<p class=\"wp-block-paragraph\">\u201cSe debe guardar el principio de publicidad del evento, plazos de campa\u00f1a, derecho a la custodia de su proceso como candidato y la defensa a la postulaci\u00f3n dentro de la asamblea en igualdad de condiciones que aquellos que estar\u00e1n como miembros acreditados para votar en la Convenci\u00f3n Nacional Ordinaria\u201d, aseveraron.<\/p>\n\n\n\n<p class=\"wp-block-paragraph\">Los dirigentes reformistas tambi\u00e9n sugirieron tomar conocimiento de la lista de plazos para hacer reparo reglas que las autoridades pretenden realizar las elecciones internas, no se garantiza un proceso transparente y m\u00e1s bien producir\u00eda impredecibles consecuencias al PRSC.<\/p>\n","protected":false},"excerpt":{"rendered":"<p>Los dirigentes del Partido Reformista Social Cristiano solicitaron Pedro Botello y Juancho Martinez pidieron a la comisi\u00f3n Electoral la posposici\u00f3n de la Convenci\u00f3n Nacional Ordinaria 2022, a los fines de incluir candidaturas a puestos dirigenciales que fueron excluidas sin ninguna justificaci\u00f3n, violando los estatutos y otras normas internas. Afirmaron que las elecciones convocadas para este [&hellip;]<\/p>\n","protected":false},"author":15,"featured_media":0,"comment_status":"open","ping_status":"open","sticky":false,"template":"","format":"standard","meta":{"footnotes":""},"categories":[1],"tags":[],"class_list":["post-12756","post","type-post","status-publish","format-standard","category-uncategorized"],"yoast_head":"<!-- This site is optimized with the Yoast SEO plugin v27.6 - https:\/\/yoast.com\/product\/yoast-seo-wordpress\/ -->\n<title>Pedro Botello y Juancho Mart\u00ednez \u00a0piden a Comisi\u00f3n Electoral posponer elecciones para incluir candidatos - Conexi\u00f3n 23<\/title>\n<meta name=\"robots\" content=\"index, follow, max-snippet:-1, max-image-preview:large, max-video-preview:-1\" \/>\n<link rel=\"canonical\" href=\"https:\/\/conexion23.com\/?p=12756\" \/>\n<meta property=\"og:locale\" content=\"es_ES\" \/>\n<meta property=\"og:type\" content=\"article\" \/>\n<meta property=\"og:title\" content=\"Pedro Botello y Juancho Mart\u00ednez \u00a0piden a Comisi\u00f3n Electoral posponer elecciones para incluir candidatos - Conexi\u00f3n 23\" \/>\n<meta property=\"og:description\" content=\"Los dirigentes del Partido Reformista Social Cristiano solicitaron Pedro Botello y Juancho Martinez pidieron a la comisi\u00f3n Electoral la posposici\u00f3n de la Convenci\u00f3n Nacional Ordinaria 2022, a los fines de incluir candidaturas a puestos dirigenciales que fueron excluidas sin ninguna justificaci\u00f3n, violando los estatutos y otras normas internas. Afirmaron que las elecciones convocadas para este [&hellip;]\" \/>\n<meta property=\"og:url\" content=\"https:\/\/conexion23.com\/?p=12756\" \/>\n<meta property=\"og:site_name\" content=\"Conexi\u00f3n 23\" \/>\n<meta property=\"article:publisher\" content=\"https:\/\/www.facebook.com\/conexion23com\" \/>\n<meta property=\"article:published_time\" content=\"2022-10-30T15:53:37+00:00\" \/>\n<meta property=\"article:modified_time\" content=\"2022-10-30T15:53:45+00:00\" \/>\n<meta name=\"author\" content=\"Raffy Ben\u00edtez\" \/>\n<meta name=\"twitter:card\" content=\"summary_large_image\" \/>\n<meta name=\"twitter:label1\" content=\"Escrito por\" \/>\n\t<meta name=\"twitter:data1\" content=\"Raffy Ben\u00edtez\" \/>\n\t<meta name=\"twitter:label2\" content=\"Tiempo de lectura\" \/>\n\t<meta name=\"twitter:data2\" content=\"2 minutos\" \/>\n<script type=\"application\/ld+json\" class=\"yoast-schema-graph\">{\"@context\":\"https:\\\/\\\/schema.org\",\"@graph\":[{\"@type\":\"Article\",\"@id\":\"https:\\\/\\\/conexion23.com\\\/?p=12756#article\",\"isPartOf\":{\"@id\":\"https:\\\/\\\/conexion23.com\\\/?p=12756\"},\"author\":{\"name\":\"Raffy Ben\u00edtez\",\"@id\":\"https:\\\/\\\/conexion23.com\\\/#\\\/schema\\\/person\\\/03e36043331117e97a373299bbcd30a6\"},\"headline\":\"Pedro Botello y Juancho Mart\u00ednez \u00a0piden a Comisi\u00f3n Electoral posponer elecciones para incluir candidatos\",\"datePublished\":\"2022-10-30T15:53:37+00:00\",\"dateModified\":\"2022-10-30T15:53:45+00:00\",\"mainEntityOfPage\":{\"@id\":\"https:\\\/\\\/conexion23.com\\\/?p=12756\"},\"wordCount\":354,\"commentCount\":0,\"publisher\":{\"@id\":\"https:\\\/\\\/conexion23.com\\\/#organization\"},\"articleSection\":[\"Uncategorized\"],\"inLanguage\":\"es\",\"potentialAction\":[{\"@type\":\"CommentAction\",\"name\":\"Comment\",\"target\":[\"https:\\\/\\\/conexion23.com\\\/?p=12756#respond\"]}]},{\"@type\":\"WebPage\",\"@id\":\"https:\\\/\\\/conexion23.com\\\/?p=12756\",\"url\":\"https:\\\/\\\/conexion23.com\\\/?p=12756\",\"name\":\"Pedro Botello y Juancho Mart\u00ednez \u00a0piden a Comisi\u00f3n Electoral posponer elecciones para incluir candidatos - Conexi\u00f3n 23\",\"isPartOf\":{\"@id\":\"https:\\\/\\\/conexion23.com\\\/#website\"},\"datePublished\":\"2022-10-30T15:53:37+00:00\",\"dateModified\":\"2022-10-30T15:53:45+00:00\",\"breadcrumb\":{\"@id\":\"https:\\\/\\\/conexion23.com\\\/?p=12756#breadcrumb\"},\"inLanguage\":\"es\",\"potentialAction\":[{\"@type\":\"ReadAction\",\"target\":[\"https:\\\/\\\/conexion23.com\\\/?p=12756\"]}]},{\"@type\":\"BreadcrumbList\",\"@id\":\"https:\\\/\\\/conexion23.com\\\/?p=12756#breadcrumb\",\"itemListElement\":[{\"@type\":\"ListItem\",\"position\":1,\"name\":\"Portada\",\"item\":\"https:\\\/\\\/conexion23.com\\\/\"},{\"@type\":\"ListItem\",\"position\":2,\"name\":\"Pedro Botello y Juancho Mart\u00ednez \u00a0piden a Comisi\u00f3n Electoral posponer elecciones para incluir candidatos\"}]},{\"@type\":\"WebSite\",\"@id\":\"https:\\\/\\\/conexion23.com\\\/#website\",\"url\":\"https:\\\/\\\/conexion23.com\\\/\",\"name\":\"Conexi\u00f3n 23\",\"description\":\"Peri\u00f3dico 100% Petromacorisano\",\"publisher\":{\"@id\":\"https:\\\/\\\/conexion23.com\\\/#organization\"},\"potentialAction\":[{\"@type\":\"SearchAction\",\"target\":{\"@type\":\"EntryPoint\",\"urlTemplate\":\"https:\\\/\\\/conexion23.com\\\/?s={search_term_string}\"},\"query-input\":{\"@type\":\"PropertyValueSpecification\",\"valueRequired\":true,\"valueName\":\"search_term_string\"}}],\"inLanguage\":\"es\"},{\"@type\":\"Organization\",\"@id\":\"https:\\\/\\\/conexion23.com\\\/#organization\",\"name\":\"Conexion 23\",\"url\":\"https:\\\/\\\/conexion23.com\\\/\",\"logo\":{\"@type\":\"ImageObject\",\"inLanguage\":\"es\",\"@id\":\"https:\\\/\\\/conexion23.com\\\/#\\\/schema\\\/logo\\\/image\\\/\",\"url\":\"https:\\\/\\\/conexion23.com\\\/wp-content\\\/uploads\\\/2021\\\/11\\\/Diseno-sin-titulo-2.png\",\"contentUrl\":\"https:\\\/\\\/conexion23.com\\\/wp-content\\\/uploads\\\/2021\\\/11\\\/Diseno-sin-titulo-2.png\",\"width\":541,\"height\":90,\"caption\":\"Conexion 23\"},\"image\":{\"@id\":\"https:\\\/\\\/conexion23.com\\\/#\\\/schema\\\/logo\\\/image\\\/\"},\"sameAs\":[\"https:\\\/\\\/www.facebook.com\\\/conexion23com\",\"https:\\\/\\\/www.instagram.com\\\/conexion23com\\\/\",\"https:\\\/\\\/www.youtube.com\\\/channel\\\/UCYc7vxxFZMYLIHNsHHxPZ3Q\"]},{\"@type\":\"Person\",\"@id\":\"https:\\\/\\\/conexion23.com\\\/#\\\/schema\\\/person\\\/03e36043331117e97a373299bbcd30a6\",\"name\":\"Raffy Ben\u00edtez\",\"image\":{\"@type\":\"ImageObject\",\"inLanguage\":\"es\",\"@id\":\"https:\\\/\\\/secure.gravatar.com\\\/avatar\\\/3190a6a6c5e1b0327500f7d6c56b6242472ee6cb974cf09b401ee6b3b0798f23?s=96&d=mm&r=g\",\"url\":\"https:\\\/\\\/secure.gravatar.com\\\/avatar\\\/3190a6a6c5e1b0327500f7d6c56b6242472ee6cb974cf09b401ee6b3b0798f23?s=96&d=mm&r=g\",\"contentUrl\":\"https:\\\/\\\/secure.gravatar.com\\\/avatar\\\/3190a6a6c5e1b0327500f7d6c56b6242472ee6cb974cf09b401ee6b3b0798f23?s=96&d=mm&r=g\",\"caption\":\"Raffy Ben\u00edtez\"},\"url\":\"https:\\\/\\\/conexion23.com\\\/?author=15\"}]}<\/script>\n<!-- \/ Yoast SEO plugin. -->","yoast_head_json":{"title":"Pedro Botello y Juancho Mart\u00ednez \u00a0piden a Comisi\u00f3n Electoral posponer elecciones para incluir candidatos - Conexi\u00f3n 23","robots":{"index":"index","follow":"follow","max-snippet":"max-snippet:-1","max-image-preview":"max-image-preview:large","max-video-preview":"max-video-preview:-1"},"canonical":"https:\/\/conexion23.com\/?p=12756","og_locale":"es_ES","og_type":"article","og_title":"Pedro Botello y Juancho Mart\u00ednez \u00a0piden a Comisi\u00f3n Electoral posponer elecciones para incluir candidatos - Conexi\u00f3n 23","og_description":"Los dirigentes del Partido Reformista Social Cristiano solicitaron Pedro Botello y Juancho Martinez pidieron a la comisi\u00f3n Electoral la posposici\u00f3n de la Convenci\u00f3n Nacional Ordinaria 2022, a los fines de incluir candidaturas a puestos dirigenciales que fueron excluidas sin ninguna justificaci\u00f3n, violando los estatutos y otras normas internas. Afirmaron que las elecciones convocadas para este [&hellip;]","og_url":"https:\/\/conexion23.com\/?p=12756","og_site_name":"Conexi\u00f3n 23","article_publisher":"https:\/\/www.facebook.com\/conexion23com","article_published_time":"2022-10-30T15:53:37+00:00","article_modified_time":"2022-10-30T15:53:45+00:00","author":"Raffy Ben\u00edtez","twitter_card":"summary_large_image","twitter_misc":{"Escrito por":"Raffy Ben\u00edtez","Tiempo de lectura":"2 minutos"},"schema":{"@context":"https:\/\/schema.org","@graph":[{"@type":"Article","@id":"https:\/\/conexion23.com\/?p=12756#article","isPartOf":{"@id":"https:\/\/conexion23.com\/?p=12756"},"author":{"name":"Raffy Ben\u00edtez","@id":"https:\/\/conexion23.com\/#\/schema\/person\/03e36043331117e97a373299bbcd30a6"},"headline":"Pedro Botello y Juancho Mart\u00ednez \u00a0piden a Comisi\u00f3n Electoral posponer elecciones para incluir candidatos","datePublished":"2022-10-30T15:53:37+00:00","dateModified":"2022-10-30T15:53:45+00:00","mainEntityOfPage":{"@id":"https:\/\/conexion23.com\/?p=12756"},"wordCount":354,"commentCount":0,"publisher":{"@id":"https:\/\/conexion23.com\/#organization"},"articleSection":["Uncategorized"],"inLanguage":"es","potentialAction":[{"@type":"CommentAction","name":"Comment","target":["https:\/\/conexion23.com\/?p=12756#respond"]}]},{"@type":"WebPage","@id":"https:\/\/conexion23.com\/?p=12756","url":"https:\/\/conexion23.com\/?p=12756","name":"Pedro Botello y Juancho Mart\u00ednez \u00a0piden a Comisi\u00f3n Electoral posponer elecciones para incluir candidatos - Conexi\u00f3n 23","isPartOf":{"@id":"https:\/\/conexion23.com\/#website"},"datePublished":"2022-10-30T15:53:37+00:00","dateModified":"2022-10-30T15:53:45+00:00","breadcrumb":{"@id":"https:\/\/conexion23.com\/?p=12756#breadcrumb"},"inLanguage":"es","potentialAction":[{"@type":"ReadAction","target":["https:\/\/conexion23.com\/?p=12756"]}]},{"@type":"BreadcrumbList","@id":"https:\/\/conexion23.com\/?p=12756#breadcrumb","itemListElement":[{"@type":"ListItem","position":1,"name":"Portada","item":"https:\/\/conexion23.com\/"},{"@type":"ListItem","position":2,"name":"Pedro Botello y Juancho Mart\u00ednez \u00a0piden a Comisi\u00f3n Electoral posponer elecciones para incluir candidatos"}]},{"@type":"WebSite","@id":"https:\/\/conexion23.com\/#website","url":"https:\/\/conexion23.com\/","name":"Conexi\u00f3n 23","description":"Peri\u00f3dico 100% Petromacorisano","publisher":{"@id":"https:\/\/conexion23.com\/#organization"},"potentialAction":[{"@type":"SearchAction","target":{"@type":"EntryPoint","urlTemplate":"https:\/\/conexion23.com\/?s={search_term_string}"},"query-input":{"@type":"PropertyValueSpecification","valueRequired":true,"valueName":"search_term_string"}}],"inLanguage":"es"},{"@type":"Organization","@id":"https:\/\/conexion23.com\/#organization","name":"Conexion 23","url":"https:\/\/conexion23.com\/","logo":{"@type":"ImageObject","inLanguage":"es","@id":"https:\/\/conexion23.com\/#\/schema\/logo\/image\/","url":"https:\/\/conexion23.com\/wp-content\/uploads\/2021\/11\/Diseno-sin-titulo-2.png","contentUrl":"https:\/\/conexion23.com\/wp-content\/uploads\/2021\/11\/Diseno-sin-titulo-2.png","width":541,"height":90,"caption":"Conexion 23"},"image":{"@id":"https:\/\/conexion23.com\/#\/schema\/logo\/image\/"},"sameAs":["https:\/\/www.facebook.com\/conexion23com","https:\/\/www.instagram.com\/conexion23com\/","https:\/\/www.youtube.com\/channel\/UCYc7vxxFZMYLIHNsHHxPZ3Q"]},{"@type":"Person","@id":"https:\/\/conexion23.com\/#\/schema\/person\/03e36043331117e97a373299bbcd30a6","name":"Raffy Ben\u00edtez","image":{"@type":"ImageObject","inLanguage":"es","@id":"https:\/\/secure.gravatar.com\/avatar\/3190a6a6c5e1b0327500f7d6c56b6242472ee6cb974cf09b401ee6b3b0798f23?s=96&d=mm&r=g","url":"https:\/\/secure.gravatar.com\/avatar\/3190a6a6c5e1b0327500f7d6c56b6242472ee6cb974cf09b401ee6b3b0798f23?s=96&d=mm&r=g","contentUrl":"https:\/\/secure.gravatar.com\/avatar\/3190a6a6c5e1b0327500f7d6c56b6242472ee6cb974cf09b401ee6b3b0798f23?s=96&d=mm&r=g","caption":"Raffy Ben\u00edtez"},"url":"https:\/\/conexion23.com\/?author=15"}]}},"_links":{"self":[{"href":"https:\/\/conexion23.com\/index.php?rest_route=\/wp\/v2\/posts\/12756","targetHints":{"allow":["GET"]}}],"collection":[{"href":"https:\/\/conexion23.com\/index.php?rest_route=\/wp\/v2\/posts"}],"about":[{"href":"https:\/\/conexion23.com\/index.php?rest_route=\/wp\/v2\/types\/post"}],"author":[{"embeddable":true,"href":"https:\/\/conexion23.com\/index.php?rest_route=\/wp\/v2\/users\/15"}],"replies":[{"embeddable":true,"href":"https:\/\/conexion23.com\/index.php?rest_route=%2Fwp%2Fv2%2Fcomments&post=12756"}],"version-history":[{"count":1,"href":"https:\/\/conexion23.com\/index.php?rest_route=\/wp\/v2\/posts\/12756\/revisions"}],"predecessor-version":[{"id":12758,"href":"https:\/\/conexion23.com\/index.php?rest_route=\/wp\/v2\/posts\/12756\/revisions\/12758"}],"wp:attachment":[{"href":"https:\/\/conexion23.com\/index.php?rest_route=%2Fwp%2Fv2%2Fmedia&parent=12756"}],"wp:term":[{"taxonomy":"category","embeddable":true,"href":"https:\/\/conexion23.com\/index.php?rest_route=%2Fwp%2Fv2%2Fcategories&post=12756"},{"taxonomy":"post_tag","embeddable":true,"href":"https:\/\/conexion23.com\/index.php?rest_route=%2Fwp%2Fv2%2Ftags&post=12756"}],"curies":[{"name":"wp","href":"https:\/\/api.w.org\/{rel}","templated":true}]}}