{"id":12769,"date":"2022-10-30T12:23:48","date_gmt":"2022-10-30T16:23:48","guid":{"rendered":"https:\/\/conexion23.com\/?p=12769"},"modified":"2022-10-30T12:23:56","modified_gmt":"2022-10-30T16:23:56","slug":"frontier-adelanta-su-ambicioso-plan-de-expansion-en-el-caribe","status":"publish","type":"post","link":"https:\/\/conexion23.com\/?p=12769","title":{"rendered":"Frontier adelanta su ambicioso plan de expansi\u00f3n en el Caribe"},"content":{"rendered":"\n<p class=\"wp-block-paragraph\">El CEO de\u00a0<strong>Frontier<\/strong>,<strong>\u00a0Barry Biffle<\/strong>, indic\u00f3 que, tras culminarse la compra de\u00a0<strong>Spirit\u00a0<\/strong>por\u00a0<strong>JetBlue<\/strong>, en su compa\u00f1\u00eda \u201cno est\u00e1n lami\u00e9ndose las heridas\u201d. Por el contrario, Biffle anunci\u00f3 que las operaciones internacionales de Frontier crecer\u00e1n entre el 5% y el 20% en los pr\u00f3ximos de 3 a 5 a\u00f1os.<\/p>\n\n\n\n<p class=\"wp-block-paragraph\">Con relaci\u00f3n a los destinos a los que volar\u00e1, Frontier concentra su crecimiento internacional en el&nbsp;<strong>Caribe<\/strong>.<\/p>\n\n\n\n<p class=\"wp-block-paragraph\">\u201cVamos a crecer mucho m\u00e1s en lo internacional. Hemos invertido considerablemente en&nbsp;<strong>Jamaica<\/strong>,&nbsp;<strong>Canc\u00fan<\/strong>&nbsp;y en todo el Caribe. Recientemente, anunciamos Denver \u2013 Montego Bay, por ejemplo\u201d, ha adelantado Biffle.<\/p>\n\n\n\n<p class=\"wp-block-paragraph\">En dicha apuesta de Frontier por el Caribe,&nbsp;<strong>Rep\u00fablica Dominicana<\/strong>&nbsp;juega un papel estelar ya que es su segundo mercado con mayor n\u00famero de vuelos en la regi\u00f3n, s\u00f3lo superado por&nbsp;<strong>M\u00e9xico<\/strong>.<\/p>\n\n\n\n<p class=\"wp-block-paragraph\">La aerol\u00ednea estadounidense ha introducido en su programaci\u00f3n m\u00e1s de 20 nuevas rutas internacionales este a\u00f1o. Si se observan los \u00faltimos dos meses de este a\u00f1o, Frontier contempla volar desde 15 aeropuertos de<strong>&nbsp;Estados Unidos<\/strong>, ofreciendo un total de&nbsp;38 rutas internacionales hacia 7 pa\u00edses diferentes, seg\u00fan los datos recogidos por&nbsp;Simple Flying.<\/p>\n\n\n\n<p class=\"wp-block-paragraph\">Entre ellos, destaca\u00a0M\u00e9xico, ya que 6 de cada 10 vuelos de Frontier son hacia dicho pa\u00eds, seguido de\u00a0Rep\u00fablica Dominicana, Jamaica,\u00a0<strong>Costa Rica, Guatemala, El Salvador<\/strong>\u00a0y\u00a0<strong>Bahamas<\/strong>.<\/p>\n","protected":false},"excerpt":{"rendered":"<p>El CEO de\u00a0Frontier,\u00a0Barry Biffle, indic\u00f3 que, tras culminarse la compra de\u00a0Spirit\u00a0por\u00a0JetBlue, en su compa\u00f1\u00eda \u201cno est\u00e1n lami\u00e9ndose las heridas\u201d. Por el contrario, Biffle anunci\u00f3 que las operaciones internacionales de Frontier crecer\u00e1n entre el 5% y el 20% en los pr\u00f3ximos de 3 a 5 a\u00f1os. Con relaci\u00f3n a los destinos a los que volar\u00e1, Frontier [&hellip;]<\/p>\n","protected":false},"author":15,"featured_media":0,"comment_status":"open","ping_status":"open","sticky":false,"template":"","format":"standard","meta":{"footnotes":""},"categories":[1156],"tags":[],"class_list":["post-12769","post","type-post","status-publish","format-standard","category-turismo-turismo"],"yoast_head":"<!-- This site is optimized with the Yoast SEO plugin v27.6 - https:\/\/yoast.com\/product\/yoast-seo-wordpress\/ -->\n<title>Frontier adelanta su ambicioso plan de expansi\u00f3n en el Caribe - Conexi\u00f3n 23<\/title>\n<meta name=\"robots\" content=\"index, follow, max-snippet:-1, max-image-preview:large, max-video-preview:-1\" \/>\n<link rel=\"canonical\" href=\"https:\/\/conexion23.com\/?p=12769\" \/>\n<meta property=\"og:locale\" content=\"es_ES\" \/>\n<meta property=\"og:type\" content=\"article\" \/>\n<meta property=\"og:title\" content=\"Frontier adelanta su ambicioso plan de expansi\u00f3n en el Caribe - Conexi\u00f3n 23\" \/>\n<meta property=\"og:description\" content=\"El CEO de\u00a0Frontier,\u00a0Barry Biffle, indic\u00f3 que, tras culminarse la compra de\u00a0Spirit\u00a0por\u00a0JetBlue, en su compa\u00f1\u00eda \u201cno est\u00e1n lami\u00e9ndose las heridas\u201d. Por el contrario, Biffle anunci\u00f3 que las operaciones internacionales de Frontier crecer\u00e1n entre el 5% y el 20% en los pr\u00f3ximos de 3 a 5 a\u00f1os. Con relaci\u00f3n a los destinos a los que volar\u00e1, Frontier [&hellip;]\" \/>\n<meta property=\"og:url\" content=\"https:\/\/conexion23.com\/?p=12769\" \/>\n<meta property=\"og:site_name\" content=\"Conexi\u00f3n 23\" \/>\n<meta property=\"article:publisher\" content=\"https:\/\/www.facebook.com\/conexion23com\" \/>\n<meta property=\"article:published_time\" content=\"2022-10-30T16:23:48+00:00\" \/>\n<meta property=\"article:modified_time\" content=\"2022-10-30T16:23:56+00:00\" \/>\n<meta name=\"author\" content=\"Raffy Ben\u00edtez\" \/>\n<meta name=\"twitter:card\" content=\"summary_large_image\" \/>\n<meta name=\"twitter:label1\" content=\"Escrito por\" \/>\n\t<meta name=\"twitter:data1\" content=\"Raffy Ben\u00edtez\" \/>\n\t<meta name=\"twitter:label2\" content=\"Tiempo de lectura\" \/>\n\t<meta name=\"twitter:data2\" content=\"1 minuto\" \/>\n<script type=\"application\/ld+json\" class=\"yoast-schema-graph\">{\"@context\":\"https:\\\/\\\/schema.org\",\"@graph\":[{\"@type\":\"Article\",\"@id\":\"https:\\\/\\\/conexion23.com\\\/?p=12769#article\",\"isPartOf\":{\"@id\":\"https:\\\/\\\/conexion23.com\\\/?p=12769\"},\"author\":{\"name\":\"Raffy Ben\u00edtez\",\"@id\":\"http:\\\/\\\/conexion23.com\\\/#\\\/schema\\\/person\\\/03e36043331117e97a373299bbcd30a6\"},\"headline\":\"Frontier adelanta su ambicioso plan de expansi\u00f3n en el Caribe\",\"datePublished\":\"2022-10-30T16:23:48+00:00\",\"dateModified\":\"2022-10-30T16:23:56+00:00\",\"mainEntityOfPage\":{\"@id\":\"https:\\\/\\\/conexion23.com\\\/?p=12769\"},\"wordCount\":245,\"commentCount\":0,\"publisher\":{\"@id\":\"http:\\\/\\\/conexion23.com\\\/#organization\"},\"articleSection\":[\"Turismo\"],\"inLanguage\":\"es\",\"potentialAction\":[{\"@type\":\"CommentAction\",\"name\":\"Comment\",\"target\":[\"https:\\\/\\\/conexion23.com\\\/?p=12769#respond\"]}]},{\"@type\":\"WebPage\",\"@id\":\"https:\\\/\\\/conexion23.com\\\/?p=12769\",\"url\":\"https:\\\/\\\/conexion23.com\\\/?p=12769\",\"name\":\"Frontier adelanta su ambicioso plan de expansi\u00f3n en el Caribe - Conexi\u00f3n 23\",\"isPartOf\":{\"@id\":\"http:\\\/\\\/conexion23.com\\\/#website\"},\"datePublished\":\"2022-10-30T16:23:48+00:00\",\"dateModified\":\"2022-10-30T16:23:56+00:00\",\"breadcrumb\":{\"@id\":\"https:\\\/\\\/conexion23.com\\\/?p=12769#breadcrumb\"},\"inLanguage\":\"es\",\"potentialAction\":[{\"@type\":\"ReadAction\",\"target\":[\"https:\\\/\\\/conexion23.com\\\/?p=12769\"]}]},{\"@type\":\"BreadcrumbList\",\"@id\":\"https:\\\/\\\/conexion23.com\\\/?p=12769#breadcrumb\",\"itemListElement\":[{\"@type\":\"ListItem\",\"position\":1,\"name\":\"Portada\",\"item\":\"http:\\\/\\\/conexion23.com\\\/\"},{\"@type\":\"ListItem\",\"position\":2,\"name\":\"Frontier adelanta su ambicioso plan de expansi\u00f3n en el Caribe\"}]},{\"@type\":\"WebSite\",\"@id\":\"http:\\\/\\\/conexion23.com\\\/#website\",\"url\":\"http:\\\/\\\/conexion23.com\\\/\",\"name\":\"Conexi\u00f3n 23\",\"description\":\"Peri\u00f3dico 100% Petromacorisano\",\"publisher\":{\"@id\":\"http:\\\/\\\/conexion23.com\\\/#organization\"},\"potentialAction\":[{\"@type\":\"SearchAction\",\"target\":{\"@type\":\"EntryPoint\",\"urlTemplate\":\"http:\\\/\\\/conexion23.com\\\/?s={search_term_string}\"},\"query-input\":{\"@type\":\"PropertyValueSpecification\",\"valueRequired\":true,\"valueName\":\"search_term_string\"}}],\"inLanguage\":\"es\"},{\"@type\":\"Organization\",\"@id\":\"http:\\\/\\\/conexion23.com\\\/#organization\",\"name\":\"Conexion 23\",\"url\":\"http:\\\/\\\/conexion23.com\\\/\",\"logo\":{\"@type\":\"ImageObject\",\"inLanguage\":\"es\",\"@id\":\"http:\\\/\\\/conexion23.com\\\/#\\\/schema\\\/logo\\\/image\\\/\",\"url\":\"https:\\\/\\\/conexion23.com\\\/wp-content\\\/uploads\\\/2021\\\/11\\\/Diseno-sin-titulo-2.png\",\"contentUrl\":\"https:\\\/\\\/conexion23.com\\\/wp-content\\\/uploads\\\/2021\\\/11\\\/Diseno-sin-titulo-2.png\",\"width\":541,\"height\":90,\"caption\":\"Conexion 23\"},\"image\":{\"@id\":\"http:\\\/\\\/conexion23.com\\\/#\\\/schema\\\/logo\\\/image\\\/\"},\"sameAs\":[\"https:\\\/\\\/www.facebook.com\\\/conexion23com\",\"https:\\\/\\\/www.instagram.com\\\/conexion23com\\\/\",\"https:\\\/\\\/www.youtube.com\\\/channel\\\/UCYc7vxxFZMYLIHNsHHxPZ3Q\"]},{\"@type\":\"Person\",\"@id\":\"http:\\\/\\\/conexion23.com\\\/#\\\/schema\\\/person\\\/03e36043331117e97a373299bbcd30a6\",\"name\":\"Raffy Ben\u00edtez\",\"image\":{\"@type\":\"ImageObject\",\"inLanguage\":\"es\",\"@id\":\"https:\\\/\\\/secure.gravatar.com\\\/avatar\\\/3190a6a6c5e1b0327500f7d6c56b6242472ee6cb974cf09b401ee6b3b0798f23?s=96&d=mm&r=g\",\"url\":\"https:\\\/\\\/secure.gravatar.com\\\/avatar\\\/3190a6a6c5e1b0327500f7d6c56b6242472ee6cb974cf09b401ee6b3b0798f23?s=96&d=mm&r=g\",\"contentUrl\":\"https:\\\/\\\/secure.gravatar.com\\\/avatar\\\/3190a6a6c5e1b0327500f7d6c56b6242472ee6cb974cf09b401ee6b3b0798f23?s=96&d=mm&r=g\",\"caption\":\"Raffy Ben\u00edtez\"},\"url\":\"https:\\\/\\\/conexion23.com\\\/?author=15\"}]}<\/script>\n<!-- \/ Yoast SEO plugin. -->","yoast_head_json":{"title":"Frontier adelanta su ambicioso plan de expansi\u00f3n en el Caribe - Conexi\u00f3n 23","robots":{"index":"index","follow":"follow","max-snippet":"max-snippet:-1","max-image-preview":"max-image-preview:large","max-video-preview":"max-video-preview:-1"},"canonical":"https:\/\/conexion23.com\/?p=12769","og_locale":"es_ES","og_type":"article","og_title":"Frontier adelanta su ambicioso plan de expansi\u00f3n en el Caribe - Conexi\u00f3n 23","og_description":"El CEO de\u00a0Frontier,\u00a0Barry Biffle, indic\u00f3 que, tras culminarse la compra de\u00a0Spirit\u00a0por\u00a0JetBlue, en su compa\u00f1\u00eda \u201cno est\u00e1n lami\u00e9ndose las heridas\u201d. Por el contrario, Biffle anunci\u00f3 que las operaciones internacionales de Frontier crecer\u00e1n entre el 5% y el 20% en los pr\u00f3ximos de 3 a 5 a\u00f1os. Con relaci\u00f3n a los destinos a los que volar\u00e1, Frontier [&hellip;]","og_url":"https:\/\/conexion23.com\/?p=12769","og_site_name":"Conexi\u00f3n 23","article_publisher":"https:\/\/www.facebook.com\/conexion23com","article_published_time":"2022-10-30T16:23:48+00:00","article_modified_time":"2022-10-30T16:23:56+00:00","author":"Raffy Ben\u00edtez","twitter_card":"summary_large_image","twitter_misc":{"Escrito por":"Raffy Ben\u00edtez","Tiempo de lectura":"1 minuto"},"schema":{"@context":"https:\/\/schema.org","@graph":[{"@type":"Article","@id":"https:\/\/conexion23.com\/?p=12769#article","isPartOf":{"@id":"https:\/\/conexion23.com\/?p=12769"},"author":{"name":"Raffy Ben\u00edtez","@id":"http:\/\/conexion23.com\/#\/schema\/person\/03e36043331117e97a373299bbcd30a6"},"headline":"Frontier adelanta su ambicioso plan de expansi\u00f3n en el Caribe","datePublished":"2022-10-30T16:23:48+00:00","dateModified":"2022-10-30T16:23:56+00:00","mainEntityOfPage":{"@id":"https:\/\/conexion23.com\/?p=12769"},"wordCount":245,"commentCount":0,"publisher":{"@id":"http:\/\/conexion23.com\/#organization"},"articleSection":["Turismo"],"inLanguage":"es","potentialAction":[{"@type":"CommentAction","name":"Comment","target":["https:\/\/conexion23.com\/?p=12769#respond"]}]},{"@type":"WebPage","@id":"https:\/\/conexion23.com\/?p=12769","url":"https:\/\/conexion23.com\/?p=12769","name":"Frontier adelanta su ambicioso plan de expansi\u00f3n en el Caribe - Conexi\u00f3n 23","isPartOf":{"@id":"http:\/\/conexion23.com\/#website"},"datePublished":"2022-10-30T16:23:48+00:00","dateModified":"2022-10-30T16:23:56+00:00","breadcrumb":{"@id":"https:\/\/conexion23.com\/?p=12769#breadcrumb"},"inLanguage":"es","potentialAction":[{"@type":"ReadAction","target":["https:\/\/conexion23.com\/?p=12769"]}]},{"@type":"BreadcrumbList","@id":"https:\/\/conexion23.com\/?p=12769#breadcrumb","itemListElement":[{"@type":"ListItem","position":1,"name":"Portada","item":"http:\/\/conexion23.com\/"},{"@type":"ListItem","position":2,"name":"Frontier adelanta su ambicioso plan de expansi\u00f3n en el Caribe"}]},{"@type":"WebSite","@id":"http:\/\/conexion23.com\/#website","url":"http:\/\/conexion23.com\/","name":"Conexi\u00f3n 23","description":"Peri\u00f3dico 100% Petromacorisano","publisher":{"@id":"http:\/\/conexion23.com\/#organization"},"potentialAction":[{"@type":"SearchAction","target":{"@type":"EntryPoint","urlTemplate":"http:\/\/conexion23.com\/?s={search_term_string}"},"query-input":{"@type":"PropertyValueSpecification","valueRequired":true,"valueName":"search_term_string"}}],"inLanguage":"es"},{"@type":"Organization","@id":"http:\/\/conexion23.com\/#organization","name":"Conexion 23","url":"http:\/\/conexion23.com\/","logo":{"@type":"ImageObject","inLanguage":"es","@id":"http:\/\/conexion23.com\/#\/schema\/logo\/image\/","url":"https:\/\/conexion23.com\/wp-content\/uploads\/2021\/11\/Diseno-sin-titulo-2.png","contentUrl":"https:\/\/conexion23.com\/wp-content\/uploads\/2021\/11\/Diseno-sin-titulo-2.png","width":541,"height":90,"caption":"Conexion 23"},"image":{"@id":"http:\/\/conexion23.com\/#\/schema\/logo\/image\/"},"sameAs":["https:\/\/www.facebook.com\/conexion23com","https:\/\/www.instagram.com\/conexion23com\/","https:\/\/www.youtube.com\/channel\/UCYc7vxxFZMYLIHNsHHxPZ3Q"]},{"@type":"Person","@id":"http:\/\/conexion23.com\/#\/schema\/person\/03e36043331117e97a373299bbcd30a6","name":"Raffy Ben\u00edtez","image":{"@type":"ImageObject","inLanguage":"es","@id":"https:\/\/secure.gravatar.com\/avatar\/3190a6a6c5e1b0327500f7d6c56b6242472ee6cb974cf09b401ee6b3b0798f23?s=96&d=mm&r=g","url":"https:\/\/secure.gravatar.com\/avatar\/3190a6a6c5e1b0327500f7d6c56b6242472ee6cb974cf09b401ee6b3b0798f23?s=96&d=mm&r=g","contentUrl":"https:\/\/secure.gravatar.com\/avatar\/3190a6a6c5e1b0327500f7d6c56b6242472ee6cb974cf09b401ee6b3b0798f23?s=96&d=mm&r=g","caption":"Raffy Ben\u00edtez"},"url":"https:\/\/conexion23.com\/?author=15"}]}},"_links":{"self":[{"href":"https:\/\/conexion23.com\/index.php?rest_route=\/wp\/v2\/posts\/12769","targetHints":{"allow":["GET"]}}],"collection":[{"href":"https:\/\/conexion23.com\/index.php?rest_route=\/wp\/v2\/posts"}],"about":[{"href":"https:\/\/conexion23.com\/index.php?rest_route=\/wp\/v2\/types\/post"}],"author":[{"embeddable":true,"href":"https:\/\/conexion23.com\/index.php?rest_route=\/wp\/v2\/users\/15"}],"replies":[{"embeddable":true,"href":"https:\/\/conexion23.com\/index.php?rest_route=%2Fwp%2Fv2%2Fcomments&post=12769"}],"version-history":[{"count":1,"href":"https:\/\/conexion23.com\/index.php?rest_route=\/wp\/v2\/posts\/12769\/revisions"}],"predecessor-version":[{"id":12771,"href":"https:\/\/conexion23.com\/index.php?rest_route=\/wp\/v2\/posts\/12769\/revisions\/12771"}],"wp:attachment":[{"href":"https:\/\/conexion23.com\/index.php?rest_route=%2Fwp%2Fv2%2Fmedia&parent=12769"}],"wp:term":[{"taxonomy":"category","embeddable":true,"href":"https:\/\/conexion23.com\/index.php?rest_route=%2Fwp%2Fv2%2Fcategories&post=12769"},{"taxonomy":"post_tag","embeddable":true,"href":"https:\/\/conexion23.com\/index.php?rest_route=%2Fwp%2Fv2%2Ftags&post=12769"}],"curies":[{"name":"wp","href":"https:\/\/api.w.org\/{rel}","templated":true}]}}