{"id":12772,"date":"2022-10-30T12:37:10","date_gmt":"2022-10-30T16:37:10","guid":{"rendered":"https:\/\/conexion23.com\/?p=12772"},"modified":"2022-10-30T12:37:19","modified_gmt":"2022-10-30T16:37:19","slug":"aumentan-probabilidades-de-surgir-una-depresion-tropical-en-el-caribe-central","status":"publish","type":"post","link":"https:\/\/conexion23.com\/?p=12772","title":{"rendered":"Aumentan probabilidades de surgir una depresi\u00f3n tropical en el Caribe central"},"content":{"rendered":"\n<p class=\"wp-block-paragraph\">Miami.- Una amplia zona de baja presi\u00f3n ubicada sobre el Mar Caribe central contin\u00faa produciendo lluvias y tormentas el\u00e9ctricas \u00abdesorganizadas\u00bb, y en las \u00faltimas horas han aumentado las probabilidades de que se convierta en una depresi\u00f3n tropical, alert\u00f3 este domingo el Centro Nacional de Huracanes (NHC, por sus siglas en ingl\u00e9s) de Estados Unidos.<br>El sistema se mueve hacia el oeste-noroeste con una velocidad de entre de 10 y 15 millas por hora (16 y 24 km\/h) sobre el centro del Caribe noroccidental, inform\u00f3 el NHC.<\/p>\n\n\n\n<p class=\"wp-block-paragraph\"><br>Un avi\u00f3n cazahuracanes de la Oficina Nacional de Administraci\u00f3n Oce\u00e1nica y Atmosf\u00e9rica (NOAA, en ingl\u00e9s) y la Reserva de la Fuerza A\u00e9rea estadounidenses investigan este domingo el sistema, a\u00f1ade el observatorio con sede en Miami (Florida).<br>Es posible que llueva fuerte localmente en porciones de Antillas Menores, Islas V\u00edrgenes, Puerto Rico, la Espa\u00f1ola (Rep\u00fablica Dominicana y Hait\u00ed) y Jamaica durante los pr\u00f3ximos d\u00edas.<\/p>\n\n\n\n<p class=\"wp-block-paragraph\"><br>Las posibilidades de formaci\u00f3n de un sistema organizado son del 70 % en las pr\u00f3ximas 48 horas y del 80 % en cinco d\u00edas.<br>Por otro lado, en el Atl\u00e1ntico oeste, un \u00e1rea de baja presi\u00f3n ubicada unas 100 millas (160 km) de las islas Bermudas ha aumentado su actividad de lluvias y tormentas el\u00e9ctricas, mientras comienza a interactuar con un frente cercano a este sistema.<br>\u00abEl desarrollo subtropical o tropical de este sistema sigue siendo poco probable\u00bb, con un 10 % de probabilidades de formaci\u00f3n en cinco d\u00edas, detalla el NHC.<\/p>\n\n\n\n<p class=\"wp-block-paragraph\"><br>El \u00faltimo cicl\u00f3n en la cuenca atl\u00e1ntica en esta temporada, que termina este 30 de noviembre, fue Karl, una tormenta tropical que azot\u00f3 a mitad de octubre la costa mexicana del Golfo de M\u00e9xico.<\/p>\n\n\n\n<p class=\"wp-block-paragraph\"><br>Ian, el cuarto hurac\u00e1n de 2022, desde su formaci\u00f3n en el centro del Caribe en septiembre pasado, dej\u00f3 una estela de destrucci\u00f3n, especialmente en el oeste de Cuba y Florida, donde cruz\u00f3 de oeste a este la pen\u00ednsula para alcanzar el Atl\u00e1ntico.<br>Ian toc\u00f3 tierra en el suroeste de Florida (EE.UU.) el 28 de septiembre como un hurac\u00e1n de categor\u00eda 4 en la escala Saffir-Simpson, de un m\u00e1ximo de 5, y caus\u00f3 119 muertes y miles de millones de d\u00f3lares en da\u00f1os materiales en el estado sure\u00f1o. Tras cruzar la pen\u00ednsula de oeste a este, sali\u00f3 al Atl\u00e1ntico e impact\u00f3 despu\u00e9s en Carolina del Sur<\/p>\n","protected":false},"excerpt":{"rendered":"<p>Miami.- Una amplia zona de baja presi\u00f3n ubicada sobre el Mar Caribe central contin\u00faa produciendo lluvias y tormentas el\u00e9ctricas \u00abdesorganizadas\u00bb, y en las \u00faltimas horas han aumentado las probabilidades de que se convierta en una depresi\u00f3n tropical, alert\u00f3 este domingo el Centro Nacional de Huracanes (NHC, por sus siglas en ingl\u00e9s) de Estados Unidos.El sistema [&hellip;]<\/p>\n","protected":false},"author":15,"featured_media":0,"comment_status":"open","ping_status":"open","sticky":false,"template":"","format":"standard","meta":{"footnotes":""},"categories":[1],"tags":[],"class_list":["post-12772","post","type-post","status-publish","format-standard","category-uncategorized"],"yoast_head":"<!-- This site is optimized with the Yoast SEO plugin v27.6 - https:\/\/yoast.com\/product\/yoast-seo-wordpress\/ -->\n<title>Aumentan probabilidades de surgir una depresi\u00f3n tropical en el Caribe central - Conexi\u00f3n 23<\/title>\n<meta name=\"robots\" content=\"index, follow, max-snippet:-1, max-image-preview:large, max-video-preview:-1\" \/>\n<link rel=\"canonical\" href=\"https:\/\/conexion23.com\/?p=12772\" \/>\n<meta property=\"og:locale\" content=\"es_ES\" \/>\n<meta property=\"og:type\" content=\"article\" \/>\n<meta property=\"og:title\" content=\"Aumentan probabilidades de surgir una depresi\u00f3n tropical en el Caribe central - Conexi\u00f3n 23\" \/>\n<meta property=\"og:description\" content=\"Miami.- Una amplia zona de baja presi\u00f3n ubicada sobre el Mar Caribe central contin\u00faa produciendo lluvias y tormentas el\u00e9ctricas \u00abdesorganizadas\u00bb, y en las \u00faltimas horas han aumentado las probabilidades de que se convierta en una depresi\u00f3n tropical, alert\u00f3 este domingo el Centro Nacional de Huracanes (NHC, por sus siglas en ingl\u00e9s) de Estados Unidos.El sistema [&hellip;]\" \/>\n<meta property=\"og:url\" content=\"https:\/\/conexion23.com\/?p=12772\" \/>\n<meta property=\"og:site_name\" content=\"Conexi\u00f3n 23\" \/>\n<meta property=\"article:publisher\" content=\"https:\/\/www.facebook.com\/conexion23com\" \/>\n<meta property=\"article:published_time\" content=\"2022-10-30T16:37:10+00:00\" \/>\n<meta property=\"article:modified_time\" content=\"2022-10-30T16:37:19+00:00\" \/>\n<meta name=\"author\" content=\"Raffy Ben\u00edtez\" \/>\n<meta name=\"twitter:card\" content=\"summary_large_image\" \/>\n<meta name=\"twitter:label1\" content=\"Escrito por\" \/>\n\t<meta name=\"twitter:data1\" content=\"Raffy Ben\u00edtez\" \/>\n\t<meta name=\"twitter:label2\" content=\"Tiempo de lectura\" \/>\n\t<meta name=\"twitter:data2\" content=\"2 minutos\" \/>\n<script type=\"application\/ld+json\" class=\"yoast-schema-graph\">{\"@context\":\"https:\\\/\\\/schema.org\",\"@graph\":[{\"@type\":\"Article\",\"@id\":\"https:\\\/\\\/conexion23.com\\\/?p=12772#article\",\"isPartOf\":{\"@id\":\"https:\\\/\\\/conexion23.com\\\/?p=12772\"},\"author\":{\"name\":\"Raffy Ben\u00edtez\",\"@id\":\"https:\\\/\\\/conexion23.com\\\/#\\\/schema\\\/person\\\/03e36043331117e97a373299bbcd30a6\"},\"headline\":\"Aumentan probabilidades de surgir una depresi\u00f3n tropical en el Caribe central\",\"datePublished\":\"2022-10-30T16:37:10+00:00\",\"dateModified\":\"2022-10-30T16:37:19+00:00\",\"mainEntityOfPage\":{\"@id\":\"https:\\\/\\\/conexion23.com\\\/?p=12772\"},\"wordCount\":418,\"commentCount\":0,\"publisher\":{\"@id\":\"https:\\\/\\\/conexion23.com\\\/#organization\"},\"articleSection\":[\"Uncategorized\"],\"inLanguage\":\"es\",\"potentialAction\":[{\"@type\":\"CommentAction\",\"name\":\"Comment\",\"target\":[\"https:\\\/\\\/conexion23.com\\\/?p=12772#respond\"]}]},{\"@type\":\"WebPage\",\"@id\":\"https:\\\/\\\/conexion23.com\\\/?p=12772\",\"url\":\"https:\\\/\\\/conexion23.com\\\/?p=12772\",\"name\":\"Aumentan probabilidades de surgir una depresi\u00f3n tropical en el Caribe central - Conexi\u00f3n 23\",\"isPartOf\":{\"@id\":\"https:\\\/\\\/conexion23.com\\\/#website\"},\"datePublished\":\"2022-10-30T16:37:10+00:00\",\"dateModified\":\"2022-10-30T16:37:19+00:00\",\"breadcrumb\":{\"@id\":\"https:\\\/\\\/conexion23.com\\\/?p=12772#breadcrumb\"},\"inLanguage\":\"es\",\"potentialAction\":[{\"@type\":\"ReadAction\",\"target\":[\"https:\\\/\\\/conexion23.com\\\/?p=12772\"]}]},{\"@type\":\"BreadcrumbList\",\"@id\":\"https:\\\/\\\/conexion23.com\\\/?p=12772#breadcrumb\",\"itemListElement\":[{\"@type\":\"ListItem\",\"position\":1,\"name\":\"Portada\",\"item\":\"https:\\\/\\\/conexion23.com\\\/\"},{\"@type\":\"ListItem\",\"position\":2,\"name\":\"Aumentan probabilidades de surgir una depresi\u00f3n tropical en el Caribe central\"}]},{\"@type\":\"WebSite\",\"@id\":\"https:\\\/\\\/conexion23.com\\\/#website\",\"url\":\"https:\\\/\\\/conexion23.com\\\/\",\"name\":\"Conexi\u00f3n 23\",\"description\":\"Peri\u00f3dico 100% Petromacorisano\",\"publisher\":{\"@id\":\"https:\\\/\\\/conexion23.com\\\/#organization\"},\"potentialAction\":[{\"@type\":\"SearchAction\",\"target\":{\"@type\":\"EntryPoint\",\"urlTemplate\":\"https:\\\/\\\/conexion23.com\\\/?s={search_term_string}\"},\"query-input\":{\"@type\":\"PropertyValueSpecification\",\"valueRequired\":true,\"valueName\":\"search_term_string\"}}],\"inLanguage\":\"es\"},{\"@type\":\"Organization\",\"@id\":\"https:\\\/\\\/conexion23.com\\\/#organization\",\"name\":\"Conexion 23\",\"url\":\"https:\\\/\\\/conexion23.com\\\/\",\"logo\":{\"@type\":\"ImageObject\",\"inLanguage\":\"es\",\"@id\":\"https:\\\/\\\/conexion23.com\\\/#\\\/schema\\\/logo\\\/image\\\/\",\"url\":\"https:\\\/\\\/conexion23.com\\\/wp-content\\\/uploads\\\/2021\\\/11\\\/Diseno-sin-titulo-2.png\",\"contentUrl\":\"https:\\\/\\\/conexion23.com\\\/wp-content\\\/uploads\\\/2021\\\/11\\\/Diseno-sin-titulo-2.png\",\"width\":541,\"height\":90,\"caption\":\"Conexion 23\"},\"image\":{\"@id\":\"https:\\\/\\\/conexion23.com\\\/#\\\/schema\\\/logo\\\/image\\\/\"},\"sameAs\":[\"https:\\\/\\\/www.facebook.com\\\/conexion23com\",\"https:\\\/\\\/www.instagram.com\\\/conexion23com\\\/\",\"https:\\\/\\\/www.youtube.com\\\/channel\\\/UCYc7vxxFZMYLIHNsHHxPZ3Q\"]},{\"@type\":\"Person\",\"@id\":\"https:\\\/\\\/conexion23.com\\\/#\\\/schema\\\/person\\\/03e36043331117e97a373299bbcd30a6\",\"name\":\"Raffy Ben\u00edtez\",\"image\":{\"@type\":\"ImageObject\",\"inLanguage\":\"es\",\"@id\":\"https:\\\/\\\/secure.gravatar.com\\\/avatar\\\/3190a6a6c5e1b0327500f7d6c56b6242472ee6cb974cf09b401ee6b3b0798f23?s=96&d=mm&r=g\",\"url\":\"https:\\\/\\\/secure.gravatar.com\\\/avatar\\\/3190a6a6c5e1b0327500f7d6c56b6242472ee6cb974cf09b401ee6b3b0798f23?s=96&d=mm&r=g\",\"contentUrl\":\"https:\\\/\\\/secure.gravatar.com\\\/avatar\\\/3190a6a6c5e1b0327500f7d6c56b6242472ee6cb974cf09b401ee6b3b0798f23?s=96&d=mm&r=g\",\"caption\":\"Raffy Ben\u00edtez\"},\"url\":\"https:\\\/\\\/conexion23.com\\\/?author=15\"}]}<\/script>\n<!-- \/ Yoast SEO plugin. -->","yoast_head_json":{"title":"Aumentan probabilidades de surgir una depresi\u00f3n tropical en el Caribe central - Conexi\u00f3n 23","robots":{"index":"index","follow":"follow","max-snippet":"max-snippet:-1","max-image-preview":"max-image-preview:large","max-video-preview":"max-video-preview:-1"},"canonical":"https:\/\/conexion23.com\/?p=12772","og_locale":"es_ES","og_type":"article","og_title":"Aumentan probabilidades de surgir una depresi\u00f3n tropical en el Caribe central - Conexi\u00f3n 23","og_description":"Miami.- Una amplia zona de baja presi\u00f3n ubicada sobre el Mar Caribe central contin\u00faa produciendo lluvias y tormentas el\u00e9ctricas \u00abdesorganizadas\u00bb, y en las \u00faltimas horas han aumentado las probabilidades de que se convierta en una depresi\u00f3n tropical, alert\u00f3 este domingo el Centro Nacional de Huracanes (NHC, por sus siglas en ingl\u00e9s) de Estados Unidos.El sistema [&hellip;]","og_url":"https:\/\/conexion23.com\/?p=12772","og_site_name":"Conexi\u00f3n 23","article_publisher":"https:\/\/www.facebook.com\/conexion23com","article_published_time":"2022-10-30T16:37:10+00:00","article_modified_time":"2022-10-30T16:37:19+00:00","author":"Raffy Ben\u00edtez","twitter_card":"summary_large_image","twitter_misc":{"Escrito por":"Raffy Ben\u00edtez","Tiempo de lectura":"2 minutos"},"schema":{"@context":"https:\/\/schema.org","@graph":[{"@type":"Article","@id":"https:\/\/conexion23.com\/?p=12772#article","isPartOf":{"@id":"https:\/\/conexion23.com\/?p=12772"},"author":{"name":"Raffy Ben\u00edtez","@id":"https:\/\/conexion23.com\/#\/schema\/person\/03e36043331117e97a373299bbcd30a6"},"headline":"Aumentan probabilidades de surgir una depresi\u00f3n tropical en el Caribe central","datePublished":"2022-10-30T16:37:10+00:00","dateModified":"2022-10-30T16:37:19+00:00","mainEntityOfPage":{"@id":"https:\/\/conexion23.com\/?p=12772"},"wordCount":418,"commentCount":0,"publisher":{"@id":"https:\/\/conexion23.com\/#organization"},"articleSection":["Uncategorized"],"inLanguage":"es","potentialAction":[{"@type":"CommentAction","name":"Comment","target":["https:\/\/conexion23.com\/?p=12772#respond"]}]},{"@type":"WebPage","@id":"https:\/\/conexion23.com\/?p=12772","url":"https:\/\/conexion23.com\/?p=12772","name":"Aumentan probabilidades de surgir una depresi\u00f3n tropical en el Caribe central - Conexi\u00f3n 23","isPartOf":{"@id":"https:\/\/conexion23.com\/#website"},"datePublished":"2022-10-30T16:37:10+00:00","dateModified":"2022-10-30T16:37:19+00:00","breadcrumb":{"@id":"https:\/\/conexion23.com\/?p=12772#breadcrumb"},"inLanguage":"es","potentialAction":[{"@type":"ReadAction","target":["https:\/\/conexion23.com\/?p=12772"]}]},{"@type":"BreadcrumbList","@id":"https:\/\/conexion23.com\/?p=12772#breadcrumb","itemListElement":[{"@type":"ListItem","position":1,"name":"Portada","item":"https:\/\/conexion23.com\/"},{"@type":"ListItem","position":2,"name":"Aumentan probabilidades de surgir una depresi\u00f3n tropical en el Caribe central"}]},{"@type":"WebSite","@id":"https:\/\/conexion23.com\/#website","url":"https:\/\/conexion23.com\/","name":"Conexi\u00f3n 23","description":"Peri\u00f3dico 100% Petromacorisano","publisher":{"@id":"https:\/\/conexion23.com\/#organization"},"potentialAction":[{"@type":"SearchAction","target":{"@type":"EntryPoint","urlTemplate":"https:\/\/conexion23.com\/?s={search_term_string}"},"query-input":{"@type":"PropertyValueSpecification","valueRequired":true,"valueName":"search_term_string"}}],"inLanguage":"es"},{"@type":"Organization","@id":"https:\/\/conexion23.com\/#organization","name":"Conexion 23","url":"https:\/\/conexion23.com\/","logo":{"@type":"ImageObject","inLanguage":"es","@id":"https:\/\/conexion23.com\/#\/schema\/logo\/image\/","url":"https:\/\/conexion23.com\/wp-content\/uploads\/2021\/11\/Diseno-sin-titulo-2.png","contentUrl":"https:\/\/conexion23.com\/wp-content\/uploads\/2021\/11\/Diseno-sin-titulo-2.png","width":541,"height":90,"caption":"Conexion 23"},"image":{"@id":"https:\/\/conexion23.com\/#\/schema\/logo\/image\/"},"sameAs":["https:\/\/www.facebook.com\/conexion23com","https:\/\/www.instagram.com\/conexion23com\/","https:\/\/www.youtube.com\/channel\/UCYc7vxxFZMYLIHNsHHxPZ3Q"]},{"@type":"Person","@id":"https:\/\/conexion23.com\/#\/schema\/person\/03e36043331117e97a373299bbcd30a6","name":"Raffy Ben\u00edtez","image":{"@type":"ImageObject","inLanguage":"es","@id":"https:\/\/secure.gravatar.com\/avatar\/3190a6a6c5e1b0327500f7d6c56b6242472ee6cb974cf09b401ee6b3b0798f23?s=96&d=mm&r=g","url":"https:\/\/secure.gravatar.com\/avatar\/3190a6a6c5e1b0327500f7d6c56b6242472ee6cb974cf09b401ee6b3b0798f23?s=96&d=mm&r=g","contentUrl":"https:\/\/secure.gravatar.com\/avatar\/3190a6a6c5e1b0327500f7d6c56b6242472ee6cb974cf09b401ee6b3b0798f23?s=96&d=mm&r=g","caption":"Raffy Ben\u00edtez"},"url":"https:\/\/conexion23.com\/?author=15"}]}},"_links":{"self":[{"href":"https:\/\/conexion23.com\/index.php?rest_route=\/wp\/v2\/posts\/12772","targetHints":{"allow":["GET"]}}],"collection":[{"href":"https:\/\/conexion23.com\/index.php?rest_route=\/wp\/v2\/posts"}],"about":[{"href":"https:\/\/conexion23.com\/index.php?rest_route=\/wp\/v2\/types\/post"}],"author":[{"embeddable":true,"href":"https:\/\/conexion23.com\/index.php?rest_route=\/wp\/v2\/users\/15"}],"replies":[{"embeddable":true,"href":"https:\/\/conexion23.com\/index.php?rest_route=%2Fwp%2Fv2%2Fcomments&post=12772"}],"version-history":[{"count":1,"href":"https:\/\/conexion23.com\/index.php?rest_route=\/wp\/v2\/posts\/12772\/revisions"}],"predecessor-version":[{"id":12774,"href":"https:\/\/conexion23.com\/index.php?rest_route=\/wp\/v2\/posts\/12772\/revisions\/12774"}],"wp:attachment":[{"href":"https:\/\/conexion23.com\/index.php?rest_route=%2Fwp%2Fv2%2Fmedia&parent=12772"}],"wp:term":[{"taxonomy":"category","embeddable":true,"href":"https:\/\/conexion23.com\/index.php?rest_route=%2Fwp%2Fv2%2Fcategories&post=12772"},{"taxonomy":"post_tag","embeddable":true,"href":"https:\/\/conexion23.com\/index.php?rest_route=%2Fwp%2Fv2%2Ftags&post=12772"}],"curies":[{"name":"wp","href":"https:\/\/api.w.org\/{rel}","templated":true}]}}