{"id":12775,"date":"2022-10-30T12:55:38","date_gmt":"2022-10-30T16:55:38","guid":{"rendered":"https:\/\/conexion23.com\/?p=12775"},"modified":"2022-10-30T12:58:39","modified_gmt":"2022-10-30T16:58:39","slug":"de-espaldas-al-autismo-la-realidad-que-se-vive-en-rd-frente-a-esta-condicion","status":"publish","type":"post","link":"https:\/\/conexion23.com\/?p=12775","title":{"rendered":"De espaldas al autismo: la realidad que se vive en RD frente a esta condici\u00f3n"},"content":{"rendered":"\n<p class=\"wp-block-paragraph\">La educaci\u00f3n de los ni\u00f1os no es una tarea f\u00e1cil. Implica mucho compromiso, dedicaci\u00f3n y sobre todo paciencia. Las preocupaciones surgen de forma constante durante este proceso. Cuando a esto se le suma una condici\u00f3n especial, se habla de mucho m\u00e1s que una tarea dif\u00edcil.<\/p>\n\n\n\n<p class=\"wp-block-paragraph\">Leonel S\u00e1nchez y su esposa son la cabeza de una familia de cuatro ni\u00f1os, el tercero fue diagnosticado con Trastorno del Espectro Autista (TEA) cuando ten\u00eda tres a\u00f1os.<\/p>\n\n\n\n<p class=\"wp-block-paragraph\">La historia de esta familia dio un completo cambio luego del diagn\u00f3stico. Hoy todo gira alrededor de Lucas, quien requiere de atenciones especiales por lo que la rutina diaria de cualquier otro ni\u00f1o, es todo un reto para ellos, que requieren estar siempre alerta, sobre todo para poder entenderlo.<\/p>\n\n\n\n<p class=\"wp-block-paragraph\">\u201cNos dijeron que el ni\u00f1o ten\u00eda autismo de leve a moderado. No habla. Tiene siete a\u00f1os\u201d, expres\u00f3 su padre, Leonel S\u00e1nchez.<\/p>\n\n\n\n<p class=\"wp-block-paragraph\">Sostuvo, al ser entrevistado por el programa <strong>Nuria Investigaci\u00f3n Period\u00edstica<\/strong>, que la tarea m\u00e1s dif\u00edcil es que \u00e9l no expresa sus sentimientos y emociones de una forma verbal.<\/p>\n\n\n\n<p class=\"wp-block-paragraph\">El Trastorno del Espectro Autista (TEA) es un trastorno neurobiol\u00f3gico del desarrollo, que afecta algunos procesos cognitivos, como la comunicaci\u00f3n y la organizaci\u00f3n de las ideas. Tiene tres categor\u00edas: leve, moderado y severo.<\/p>\n\n\n\n<p class=\"wp-block-paragraph\">Al abordar sobre las se\u00f1ales del TEA, el psic\u00f3logo Heisenberg Pi\u00f1a indic\u00f3 que el paciente no tiene contacto visual, siendo este el primer factor de comunicaci\u00f3n social que emiten los ni\u00f1os.<\/p>\n\n\n\n<p class=\"wp-block-paragraph\">Tambi\u00e9n, indic\u00f3 que una se\u00f1al es cuando el ni\u00f1o no est\u00e1 asociado con su nombre, \u201cque tu lo llamas y no responde o no te busca, no hay un reflejo de b\u00fasqueda\u201d.<\/p>\n\n\n\n<p class=\"wp-block-paragraph\">Para obtener el diagn\u00f3stico del autismo se deben hacer numerosos estudios, y una vez se tiene un resultado oficial, la intervenci\u00f3n temprana es vital, lo ideas es que se haga entre dos y tres a\u00f1os, pues las terapias van a definir el buen desarrollo del ni\u00f1o.<\/p>\n\n\n\n<p class=\"wp-block-paragraph\">\u201cLas conductas aut\u00edsticas van siendo reemplazadas por otras conductas que son funcionales, as\u00ed mismo como puedes bajar el nivel de autismo, puede subir tambi\u00e9n\u201d, precis\u00f3 el psic\u00f3logo.<\/p>\n","protected":false},"excerpt":{"rendered":"<p>La educaci\u00f3n de los ni\u00f1os no es una tarea f\u00e1cil. Implica mucho compromiso, dedicaci\u00f3n y sobre todo paciencia. Las preocupaciones surgen de forma constante durante este proceso. Cuando a esto se le suma una condici\u00f3n especial, se habla de mucho m\u00e1s que una tarea dif\u00edcil. Leonel S\u00e1nchez y su esposa son la cabeza de una [&hellip;]<\/p>\n","protected":false},"author":15,"featured_media":0,"comment_status":"open","ping_status":"open","sticky":false,"template":"","format":"standard","meta":{"footnotes":""},"categories":[1],"tags":[],"class_list":["post-12775","post","type-post","status-publish","format-standard","category-uncategorized"],"yoast_head":"<!-- This site is optimized with the Yoast SEO plugin v27.6 - https:\/\/yoast.com\/product\/yoast-seo-wordpress\/ -->\n<title>De espaldas al autismo: la realidad que se vive en RD frente a esta condici\u00f3n - Conexi\u00f3n 23<\/title>\n<meta name=\"robots\" content=\"index, follow, max-snippet:-1, max-image-preview:large, max-video-preview:-1\" \/>\n<link rel=\"canonical\" href=\"https:\/\/conexion23.com\/?p=12775\" \/>\n<meta property=\"og:locale\" content=\"es_ES\" \/>\n<meta property=\"og:type\" content=\"article\" \/>\n<meta property=\"og:title\" content=\"De espaldas al autismo: la realidad que se vive en RD frente a esta condici\u00f3n - Conexi\u00f3n 23\" \/>\n<meta property=\"og:description\" content=\"La educaci\u00f3n de los ni\u00f1os no es una tarea f\u00e1cil. Implica mucho compromiso, dedicaci\u00f3n y sobre todo paciencia. Las preocupaciones surgen de forma constante durante este proceso. Cuando a esto se le suma una condici\u00f3n especial, se habla de mucho m\u00e1s que una tarea dif\u00edcil. Leonel S\u00e1nchez y su esposa son la cabeza de una [&hellip;]\" \/>\n<meta property=\"og:url\" content=\"https:\/\/conexion23.com\/?p=12775\" \/>\n<meta property=\"og:site_name\" content=\"Conexi\u00f3n 23\" \/>\n<meta property=\"article:publisher\" content=\"https:\/\/www.facebook.com\/conexion23com\" \/>\n<meta property=\"article:published_time\" content=\"2022-10-30T16:55:38+00:00\" \/>\n<meta property=\"article:modified_time\" content=\"2022-10-30T16:58:39+00:00\" \/>\n<meta name=\"author\" content=\"Raffy Ben\u00edtez\" \/>\n<meta name=\"twitter:card\" content=\"summary_large_image\" \/>\n<meta name=\"twitter:label1\" content=\"Escrito por\" \/>\n\t<meta name=\"twitter:data1\" content=\"Raffy Ben\u00edtez\" \/>\n\t<meta name=\"twitter:label2\" content=\"Tiempo de lectura\" \/>\n\t<meta name=\"twitter:data2\" content=\"2 minutos\" \/>\n<script type=\"application\/ld+json\" class=\"yoast-schema-graph\">{\"@context\":\"https:\\\/\\\/schema.org\",\"@graph\":[{\"@type\":\"Article\",\"@id\":\"https:\\\/\\\/conexion23.com\\\/?p=12775#article\",\"isPartOf\":{\"@id\":\"https:\\\/\\\/conexion23.com\\\/?p=12775\"},\"author\":{\"name\":\"Raffy Ben\u00edtez\",\"@id\":\"http:\\\/\\\/conexion23.com\\\/#\\\/schema\\\/person\\\/03e36043331117e97a373299bbcd30a6\"},\"headline\":\"De espaldas al autismo: la realidad que se vive en RD frente a esta condici\u00f3n\",\"datePublished\":\"2022-10-30T16:55:38+00:00\",\"dateModified\":\"2022-10-30T16:58:39+00:00\",\"mainEntityOfPage\":{\"@id\":\"https:\\\/\\\/conexion23.com\\\/?p=12775\"},\"wordCount\":397,\"commentCount\":0,\"publisher\":{\"@id\":\"http:\\\/\\\/conexion23.com\\\/#organization\"},\"articleSection\":[\"Uncategorized\"],\"inLanguage\":\"es\",\"potentialAction\":[{\"@type\":\"CommentAction\",\"name\":\"Comment\",\"target\":[\"https:\\\/\\\/conexion23.com\\\/?p=12775#respond\"]}]},{\"@type\":\"WebPage\",\"@id\":\"https:\\\/\\\/conexion23.com\\\/?p=12775\",\"url\":\"https:\\\/\\\/conexion23.com\\\/?p=12775\",\"name\":\"De espaldas al autismo: la realidad que se vive en RD frente a esta condici\u00f3n - Conexi\u00f3n 23\",\"isPartOf\":{\"@id\":\"http:\\\/\\\/conexion23.com\\\/#website\"},\"datePublished\":\"2022-10-30T16:55:38+00:00\",\"dateModified\":\"2022-10-30T16:58:39+00:00\",\"breadcrumb\":{\"@id\":\"https:\\\/\\\/conexion23.com\\\/?p=12775#breadcrumb\"},\"inLanguage\":\"es\",\"potentialAction\":[{\"@type\":\"ReadAction\",\"target\":[\"https:\\\/\\\/conexion23.com\\\/?p=12775\"]}]},{\"@type\":\"BreadcrumbList\",\"@id\":\"https:\\\/\\\/conexion23.com\\\/?p=12775#breadcrumb\",\"itemListElement\":[{\"@type\":\"ListItem\",\"position\":1,\"name\":\"Portada\",\"item\":\"http:\\\/\\\/conexion23.com\\\/\"},{\"@type\":\"ListItem\",\"position\":2,\"name\":\"De espaldas al autismo: la realidad que se vive en RD frente a esta condici\u00f3n\"}]},{\"@type\":\"WebSite\",\"@id\":\"http:\\\/\\\/conexion23.com\\\/#website\",\"url\":\"http:\\\/\\\/conexion23.com\\\/\",\"name\":\"Conexi\u00f3n 23\",\"description\":\"Peri\u00f3dico 100% Petromacorisano\",\"publisher\":{\"@id\":\"http:\\\/\\\/conexion23.com\\\/#organization\"},\"potentialAction\":[{\"@type\":\"SearchAction\",\"target\":{\"@type\":\"EntryPoint\",\"urlTemplate\":\"http:\\\/\\\/conexion23.com\\\/?s={search_term_string}\"},\"query-input\":{\"@type\":\"PropertyValueSpecification\",\"valueRequired\":true,\"valueName\":\"search_term_string\"}}],\"inLanguage\":\"es\"},{\"@type\":\"Organization\",\"@id\":\"http:\\\/\\\/conexion23.com\\\/#organization\",\"name\":\"Conexion 23\",\"url\":\"http:\\\/\\\/conexion23.com\\\/\",\"logo\":{\"@type\":\"ImageObject\",\"inLanguage\":\"es\",\"@id\":\"http:\\\/\\\/conexion23.com\\\/#\\\/schema\\\/logo\\\/image\\\/\",\"url\":\"https:\\\/\\\/conexion23.com\\\/wp-content\\\/uploads\\\/2021\\\/11\\\/Diseno-sin-titulo-2.png\",\"contentUrl\":\"https:\\\/\\\/conexion23.com\\\/wp-content\\\/uploads\\\/2021\\\/11\\\/Diseno-sin-titulo-2.png\",\"width\":541,\"height\":90,\"caption\":\"Conexion 23\"},\"image\":{\"@id\":\"http:\\\/\\\/conexion23.com\\\/#\\\/schema\\\/logo\\\/image\\\/\"},\"sameAs\":[\"https:\\\/\\\/www.facebook.com\\\/conexion23com\",\"https:\\\/\\\/www.instagram.com\\\/conexion23com\\\/\",\"https:\\\/\\\/www.youtube.com\\\/channel\\\/UCYc7vxxFZMYLIHNsHHxPZ3Q\"]},{\"@type\":\"Person\",\"@id\":\"http:\\\/\\\/conexion23.com\\\/#\\\/schema\\\/person\\\/03e36043331117e97a373299bbcd30a6\",\"name\":\"Raffy Ben\u00edtez\",\"image\":{\"@type\":\"ImageObject\",\"inLanguage\":\"es\",\"@id\":\"https:\\\/\\\/secure.gravatar.com\\\/avatar\\\/3190a6a6c5e1b0327500f7d6c56b6242472ee6cb974cf09b401ee6b3b0798f23?s=96&d=mm&r=g\",\"url\":\"https:\\\/\\\/secure.gravatar.com\\\/avatar\\\/3190a6a6c5e1b0327500f7d6c56b6242472ee6cb974cf09b401ee6b3b0798f23?s=96&d=mm&r=g\",\"contentUrl\":\"https:\\\/\\\/secure.gravatar.com\\\/avatar\\\/3190a6a6c5e1b0327500f7d6c56b6242472ee6cb974cf09b401ee6b3b0798f23?s=96&d=mm&r=g\",\"caption\":\"Raffy Ben\u00edtez\"},\"url\":\"https:\\\/\\\/conexion23.com\\\/?author=15\"}]}<\/script>\n<!-- \/ Yoast SEO plugin. -->","yoast_head_json":{"title":"De espaldas al autismo: la realidad que se vive en RD frente a esta condici\u00f3n - Conexi\u00f3n 23","robots":{"index":"index","follow":"follow","max-snippet":"max-snippet:-1","max-image-preview":"max-image-preview:large","max-video-preview":"max-video-preview:-1"},"canonical":"https:\/\/conexion23.com\/?p=12775","og_locale":"es_ES","og_type":"article","og_title":"De espaldas al autismo: la realidad que se vive en RD frente a esta condici\u00f3n - Conexi\u00f3n 23","og_description":"La educaci\u00f3n de los ni\u00f1os no es una tarea f\u00e1cil. Implica mucho compromiso, dedicaci\u00f3n y sobre todo paciencia. Las preocupaciones surgen de forma constante durante este proceso. Cuando a esto se le suma una condici\u00f3n especial, se habla de mucho m\u00e1s que una tarea dif\u00edcil. Leonel S\u00e1nchez y su esposa son la cabeza de una [&hellip;]","og_url":"https:\/\/conexion23.com\/?p=12775","og_site_name":"Conexi\u00f3n 23","article_publisher":"https:\/\/www.facebook.com\/conexion23com","article_published_time":"2022-10-30T16:55:38+00:00","article_modified_time":"2022-10-30T16:58:39+00:00","author":"Raffy Ben\u00edtez","twitter_card":"summary_large_image","twitter_misc":{"Escrito por":"Raffy Ben\u00edtez","Tiempo de lectura":"2 minutos"},"schema":{"@context":"https:\/\/schema.org","@graph":[{"@type":"Article","@id":"https:\/\/conexion23.com\/?p=12775#article","isPartOf":{"@id":"https:\/\/conexion23.com\/?p=12775"},"author":{"name":"Raffy Ben\u00edtez","@id":"http:\/\/conexion23.com\/#\/schema\/person\/03e36043331117e97a373299bbcd30a6"},"headline":"De espaldas al autismo: la realidad que se vive en RD frente a esta condici\u00f3n","datePublished":"2022-10-30T16:55:38+00:00","dateModified":"2022-10-30T16:58:39+00:00","mainEntityOfPage":{"@id":"https:\/\/conexion23.com\/?p=12775"},"wordCount":397,"commentCount":0,"publisher":{"@id":"http:\/\/conexion23.com\/#organization"},"articleSection":["Uncategorized"],"inLanguage":"es","potentialAction":[{"@type":"CommentAction","name":"Comment","target":["https:\/\/conexion23.com\/?p=12775#respond"]}]},{"@type":"WebPage","@id":"https:\/\/conexion23.com\/?p=12775","url":"https:\/\/conexion23.com\/?p=12775","name":"De espaldas al autismo: la realidad que se vive en RD frente a esta condici\u00f3n - Conexi\u00f3n 23","isPartOf":{"@id":"http:\/\/conexion23.com\/#website"},"datePublished":"2022-10-30T16:55:38+00:00","dateModified":"2022-10-30T16:58:39+00:00","breadcrumb":{"@id":"https:\/\/conexion23.com\/?p=12775#breadcrumb"},"inLanguage":"es","potentialAction":[{"@type":"ReadAction","target":["https:\/\/conexion23.com\/?p=12775"]}]},{"@type":"BreadcrumbList","@id":"https:\/\/conexion23.com\/?p=12775#breadcrumb","itemListElement":[{"@type":"ListItem","position":1,"name":"Portada","item":"http:\/\/conexion23.com\/"},{"@type":"ListItem","position":2,"name":"De espaldas al autismo: la realidad que se vive en RD frente a esta condici\u00f3n"}]},{"@type":"WebSite","@id":"http:\/\/conexion23.com\/#website","url":"http:\/\/conexion23.com\/","name":"Conexi\u00f3n 23","description":"Peri\u00f3dico 100% Petromacorisano","publisher":{"@id":"http:\/\/conexion23.com\/#organization"},"potentialAction":[{"@type":"SearchAction","target":{"@type":"EntryPoint","urlTemplate":"http:\/\/conexion23.com\/?s={search_term_string}"},"query-input":{"@type":"PropertyValueSpecification","valueRequired":true,"valueName":"search_term_string"}}],"inLanguage":"es"},{"@type":"Organization","@id":"http:\/\/conexion23.com\/#organization","name":"Conexion 23","url":"http:\/\/conexion23.com\/","logo":{"@type":"ImageObject","inLanguage":"es","@id":"http:\/\/conexion23.com\/#\/schema\/logo\/image\/","url":"https:\/\/conexion23.com\/wp-content\/uploads\/2021\/11\/Diseno-sin-titulo-2.png","contentUrl":"https:\/\/conexion23.com\/wp-content\/uploads\/2021\/11\/Diseno-sin-titulo-2.png","width":541,"height":90,"caption":"Conexion 23"},"image":{"@id":"http:\/\/conexion23.com\/#\/schema\/logo\/image\/"},"sameAs":["https:\/\/www.facebook.com\/conexion23com","https:\/\/www.instagram.com\/conexion23com\/","https:\/\/www.youtube.com\/channel\/UCYc7vxxFZMYLIHNsHHxPZ3Q"]},{"@type":"Person","@id":"http:\/\/conexion23.com\/#\/schema\/person\/03e36043331117e97a373299bbcd30a6","name":"Raffy Ben\u00edtez","image":{"@type":"ImageObject","inLanguage":"es","@id":"https:\/\/secure.gravatar.com\/avatar\/3190a6a6c5e1b0327500f7d6c56b6242472ee6cb974cf09b401ee6b3b0798f23?s=96&d=mm&r=g","url":"https:\/\/secure.gravatar.com\/avatar\/3190a6a6c5e1b0327500f7d6c56b6242472ee6cb974cf09b401ee6b3b0798f23?s=96&d=mm&r=g","contentUrl":"https:\/\/secure.gravatar.com\/avatar\/3190a6a6c5e1b0327500f7d6c56b6242472ee6cb974cf09b401ee6b3b0798f23?s=96&d=mm&r=g","caption":"Raffy Ben\u00edtez"},"url":"https:\/\/conexion23.com\/?author=15"}]}},"_links":{"self":[{"href":"https:\/\/conexion23.com\/index.php?rest_route=\/wp\/v2\/posts\/12775","targetHints":{"allow":["GET"]}}],"collection":[{"href":"https:\/\/conexion23.com\/index.php?rest_route=\/wp\/v2\/posts"}],"about":[{"href":"https:\/\/conexion23.com\/index.php?rest_route=\/wp\/v2\/types\/post"}],"author":[{"embeddable":true,"href":"https:\/\/conexion23.com\/index.php?rest_route=\/wp\/v2\/users\/15"}],"replies":[{"embeddable":true,"href":"https:\/\/conexion23.com\/index.php?rest_route=%2Fwp%2Fv2%2Fcomments&post=12775"}],"version-history":[{"count":1,"href":"https:\/\/conexion23.com\/index.php?rest_route=\/wp\/v2\/posts\/12775\/revisions"}],"predecessor-version":[{"id":12777,"href":"https:\/\/conexion23.com\/index.php?rest_route=\/wp\/v2\/posts\/12775\/revisions\/12777"}],"wp:attachment":[{"href":"https:\/\/conexion23.com\/index.php?rest_route=%2Fwp%2Fv2%2Fmedia&parent=12775"}],"wp:term":[{"taxonomy":"category","embeddable":true,"href":"https:\/\/conexion23.com\/index.php?rest_route=%2Fwp%2Fv2%2Fcategories&post=12775"},{"taxonomy":"post_tag","embeddable":true,"href":"https:\/\/conexion23.com\/index.php?rest_route=%2Fwp%2Fv2%2Ftags&post=12775"}],"curies":[{"name":"wp","href":"https:\/\/api.w.org\/{rel}","templated":true}]}}