{"id":12778,"date":"2022-10-30T14:45:42","date_gmt":"2022-10-30T18:45:42","guid":{"rendered":"https:\/\/conexion23.com\/?p=12778"},"modified":"2022-10-30T14:45:47","modified_gmt":"2022-10-30T18:45:47","slug":"turismo-inicia-remozamiento-malecon-san-pedro-de-macoris","status":"publish","type":"post","link":"https:\/\/conexion23.com\/?p=12778","title":{"rendered":"Turismo inicia remozamiento malec\u00f3n San Pedro de Macor\u00eds"},"content":{"rendered":"\n<p class=\"wp-block-paragraph\">El ministro de Turismo, David Collado, dej\u00f3 iniciado este domingo los trabajos para la reconstrucci\u00f3n de las infraestructuras recreativas del Malec\u00f3n de San Pedro de Macor\u00eds, a un costo superior a los RD$260 millones.<\/p>\n\n\n\n<p class=\"wp-block-paragraph\">El proyecto de reconstrucci\u00f3n del litoral en el Malec\u00f3n de San Pedro de Macor\u00eds de 1.84 Km incluye la creaci\u00f3n de un parque lineal con un \u00e1rea total de intervenci\u00f3n de 60,000 mts2, dentro de los cuales se realizar\u00e1n los trabajos de unos 12,000 m2 aceras. Mediante la obra se realizar\u00e1 una intervenci\u00f3n paisaj\u00edstica a todo lo largo del malec\u00f3n, la isleta central y el frente marino. A eso se agregar\u00eda, tambi\u00e9n, \u00e1reas de esparcimiento como plazas, juegos infantiles, gimnasio al aire libre, cancha de volleyball, entre otros. El ministro de Turismo, David Collado, destac\u00f3 el impacto que tendr\u00e1 la obra como atracci\u00f3n tur\u00edstica y los beneficios que obtendr\u00e1n los peque\u00f1os y medianos comerciantes que operan en sus inmediaciones.<\/p>\n\n\n\n<p class=\"wp-block-paragraph\">&nbsp;\u201cNo podemos seguir viviendo de espaldas al mar. Esta intervenci\u00f3n marcar\u00e1 un antes y un despu\u00e9s en San Pedro de Macor\u00eds\u201d.<\/p>\n\n\n\n<p class=\"wp-block-paragraph\">Adem\u00e1s, la construcci\u00f3n de 9 m\u00f3dulos de ventas doble con sus dep\u00f3sitos y equipamiento: (Freezer, Refrigerador, Fregadero, mesas sillas y taburetes); m\u00f3dulos de ba\u00f1os, oficinas de Politur; con su equipamiento<\/p>\n\n\n\n<p class=\"wp-block-paragraph\">En la intervenci\u00f3n de los 1.84 km. del litoral marino que se distribuyen en 7 zonas. Existen 2 grandes plazas, una que da acceso a la playa (Zona 1 &#8211; 2) y otra siendo la plaza de \u00e1rea de ventas playa (Zona 3) donde se construyeron los m\u00f3dulos de venta.<\/p>\n\n\n\n<p class=\"wp-block-paragraph\">Adem\u00e1s, se encuentran 8 accesos desde la acera hacia el \u00e1rea verde del litoral, as\u00ed como otras peque\u00f1as plazas de esparcimiento.<\/p>\n\n\n\n<p class=\"wp-block-paragraph\">El proyecto, que es realizado a trav\u00e9s del Comit\u00e9 Ejecutor de Infraestructuras de Zonas Tur\u00edsticas (CEIZTUR) del MITUR. En el evento acompa\u00f1aron al ministro Collado, los viceministros del MITUR; Gabriel Espa\u00f1ol Seijas, director de CEIZTUR; el Senador Franklin Pe\u00f1a, Nels\u00f3n Arroyo, la gobernadora provincial Aracelis Villanueva; el alcalde Raymundo Ortiz, entre otras personalidades.<\/p>\n\n\n\n<figure class=\"wp-block-image size-large\"><img decoding=\"async\" src=\"https:\/\/conexion23.com\/wp-content\/uploads\/2022\/10\/WhatsApp-Image-2022-10-30-at-12.53.40-PM-1024x691.jpeg\" alt=\"\" class=\"wp-image-12780\"\/><\/figure>\n","protected":false},"excerpt":{"rendered":"<p>El ministro de Turismo, David Collado, dej\u00f3 iniciado este domingo los trabajos para la reconstrucci\u00f3n de las infraestructuras recreativas del Malec\u00f3n de San Pedro de Macor\u00eds, a un costo superior a los RD$260 millones. El proyecto de reconstrucci\u00f3n del litoral en el Malec\u00f3n de San Pedro de Macor\u00eds de 1.84 Km incluye la creaci\u00f3n de [&hellip;]<\/p>\n","protected":false},"author":15,"featured_media":0,"comment_status":"open","ping_status":"open","sticky":false,"template":"","format":"standard","meta":{"footnotes":""},"categories":[35],"tags":[],"class_list":["post-12778","post","type-post","status-publish","format-standard","category-spm"],"yoast_head":"<!-- This site is optimized with the Yoast SEO plugin v27.6 - https:\/\/yoast.com\/product\/yoast-seo-wordpress\/ -->\n<title>Turismo inicia remozamiento malec\u00f3n San Pedro de Macor\u00eds - Conexi\u00f3n 23<\/title>\n<meta name=\"robots\" content=\"index, follow, max-snippet:-1, max-image-preview:large, max-video-preview:-1\" \/>\n<link rel=\"canonical\" href=\"https:\/\/conexion23.com\/?p=12778\" \/>\n<meta property=\"og:locale\" content=\"es_ES\" \/>\n<meta property=\"og:type\" content=\"article\" \/>\n<meta property=\"og:title\" content=\"Turismo inicia remozamiento malec\u00f3n San Pedro de Macor\u00eds - Conexi\u00f3n 23\" \/>\n<meta property=\"og:description\" content=\"El ministro de Turismo, David Collado, dej\u00f3 iniciado este domingo los trabajos para la reconstrucci\u00f3n de las infraestructuras recreativas del Malec\u00f3n de San Pedro de Macor\u00eds, a un costo superior a los RD$260 millones. El proyecto de reconstrucci\u00f3n del litoral en el Malec\u00f3n de San Pedro de Macor\u00eds de 1.84 Km incluye la creaci\u00f3n de [&hellip;]\" \/>\n<meta property=\"og:url\" content=\"https:\/\/conexion23.com\/?p=12778\" \/>\n<meta property=\"og:site_name\" content=\"Conexi\u00f3n 23\" \/>\n<meta property=\"article:publisher\" content=\"https:\/\/www.facebook.com\/conexion23com\" \/>\n<meta property=\"article:published_time\" content=\"2022-10-30T18:45:42+00:00\" \/>\n<meta property=\"article:modified_time\" content=\"2022-10-30T18:45:47+00:00\" \/>\n<meta property=\"og:image\" content=\"https:\/\/conexion23.com\/wp-content\/uploads\/2022\/10\/WhatsApp-Image-2022-10-30-at-12.53.40-PM-1024x691.jpeg\" \/>\n<meta name=\"author\" content=\"Raffy Ben\u00edtez\" \/>\n<meta name=\"twitter:card\" content=\"summary_large_image\" \/>\n<meta name=\"twitter:label1\" content=\"Escrito por\" \/>\n\t<meta name=\"twitter:data1\" content=\"Raffy Ben\u00edtez\" \/>\n\t<meta name=\"twitter:label2\" content=\"Tiempo de lectura\" \/>\n\t<meta name=\"twitter:data2\" content=\"2 minutos\" \/>\n<script type=\"application\/ld+json\" class=\"yoast-schema-graph\">{\"@context\":\"https:\\\/\\\/schema.org\",\"@graph\":[{\"@type\":\"Article\",\"@id\":\"https:\\\/\\\/conexion23.com\\\/?p=12778#article\",\"isPartOf\":{\"@id\":\"https:\\\/\\\/conexion23.com\\\/?p=12778\"},\"author\":{\"name\":\"Raffy Ben\u00edtez\",\"@id\":\"http:\\\/\\\/conexion23.com\\\/#\\\/schema\\\/person\\\/03e36043331117e97a373299bbcd30a6\"},\"headline\":\"Turismo inicia remozamiento malec\u00f3n San Pedro de Macor\u00eds\",\"datePublished\":\"2022-10-30T18:45:42+00:00\",\"dateModified\":\"2022-10-30T18:45:47+00:00\",\"mainEntityOfPage\":{\"@id\":\"https:\\\/\\\/conexion23.com\\\/?p=12778\"},\"wordCount\":365,\"commentCount\":0,\"publisher\":{\"@id\":\"http:\\\/\\\/conexion23.com\\\/#organization\"},\"image\":{\"@id\":\"https:\\\/\\\/conexion23.com\\\/?p=12778#primaryimage\"},\"thumbnailUrl\":\"https:\\\/\\\/conexion23.com\\\/wp-content\\\/uploads\\\/2022\\\/10\\\/WhatsApp-Image-2022-10-30-at-12.53.40-PM-1024x691.jpeg\",\"articleSection\":[\"SPM\"],\"inLanguage\":\"es\",\"potentialAction\":[{\"@type\":\"CommentAction\",\"name\":\"Comment\",\"target\":[\"https:\\\/\\\/conexion23.com\\\/?p=12778#respond\"]}]},{\"@type\":\"WebPage\",\"@id\":\"https:\\\/\\\/conexion23.com\\\/?p=12778\",\"url\":\"https:\\\/\\\/conexion23.com\\\/?p=12778\",\"name\":\"Turismo inicia remozamiento malec\u00f3n San Pedro de Macor\u00eds - Conexi\u00f3n 23\",\"isPartOf\":{\"@id\":\"http:\\\/\\\/conexion23.com\\\/#website\"},\"primaryImageOfPage\":{\"@id\":\"https:\\\/\\\/conexion23.com\\\/?p=12778#primaryimage\"},\"image\":{\"@id\":\"https:\\\/\\\/conexion23.com\\\/?p=12778#primaryimage\"},\"thumbnailUrl\":\"https:\\\/\\\/conexion23.com\\\/wp-content\\\/uploads\\\/2022\\\/10\\\/WhatsApp-Image-2022-10-30-at-12.53.40-PM-1024x691.jpeg\",\"datePublished\":\"2022-10-30T18:45:42+00:00\",\"dateModified\":\"2022-10-30T18:45:47+00:00\",\"breadcrumb\":{\"@id\":\"https:\\\/\\\/conexion23.com\\\/?p=12778#breadcrumb\"},\"inLanguage\":\"es\",\"potentialAction\":[{\"@type\":\"ReadAction\",\"target\":[\"https:\\\/\\\/conexion23.com\\\/?p=12778\"]}]},{\"@type\":\"ImageObject\",\"inLanguage\":\"es\",\"@id\":\"https:\\\/\\\/conexion23.com\\\/?p=12778#primaryimage\",\"url\":\"\",\"contentUrl\":\"\"},{\"@type\":\"BreadcrumbList\",\"@id\":\"https:\\\/\\\/conexion23.com\\\/?p=12778#breadcrumb\",\"itemListElement\":[{\"@type\":\"ListItem\",\"position\":1,\"name\":\"Portada\",\"item\":\"http:\\\/\\\/conexion23.com\\\/\"},{\"@type\":\"ListItem\",\"position\":2,\"name\":\"Turismo inicia remozamiento malec\u00f3n San Pedro de Macor\u00eds\"}]},{\"@type\":\"WebSite\",\"@id\":\"http:\\\/\\\/conexion23.com\\\/#website\",\"url\":\"http:\\\/\\\/conexion23.com\\\/\",\"name\":\"Conexi\u00f3n 23\",\"description\":\"Peri\u00f3dico 100% Petromacorisano\",\"publisher\":{\"@id\":\"http:\\\/\\\/conexion23.com\\\/#organization\"},\"potentialAction\":[{\"@type\":\"SearchAction\",\"target\":{\"@type\":\"EntryPoint\",\"urlTemplate\":\"http:\\\/\\\/conexion23.com\\\/?s={search_term_string}\"},\"query-input\":{\"@type\":\"PropertyValueSpecification\",\"valueRequired\":true,\"valueName\":\"search_term_string\"}}],\"inLanguage\":\"es\"},{\"@type\":\"Organization\",\"@id\":\"http:\\\/\\\/conexion23.com\\\/#organization\",\"name\":\"Conexion 23\",\"url\":\"http:\\\/\\\/conexion23.com\\\/\",\"logo\":{\"@type\":\"ImageObject\",\"inLanguage\":\"es\",\"@id\":\"http:\\\/\\\/conexion23.com\\\/#\\\/schema\\\/logo\\\/image\\\/\",\"url\":\"https:\\\/\\\/conexion23.com\\\/wp-content\\\/uploads\\\/2021\\\/11\\\/Diseno-sin-titulo-2.png\",\"contentUrl\":\"https:\\\/\\\/conexion23.com\\\/wp-content\\\/uploads\\\/2021\\\/11\\\/Diseno-sin-titulo-2.png\",\"width\":541,\"height\":90,\"caption\":\"Conexion 23\"},\"image\":{\"@id\":\"http:\\\/\\\/conexion23.com\\\/#\\\/schema\\\/logo\\\/image\\\/\"},\"sameAs\":[\"https:\\\/\\\/www.facebook.com\\\/conexion23com\",\"https:\\\/\\\/www.instagram.com\\\/conexion23com\\\/\",\"https:\\\/\\\/www.youtube.com\\\/channel\\\/UCYc7vxxFZMYLIHNsHHxPZ3Q\"]},{\"@type\":\"Person\",\"@id\":\"http:\\\/\\\/conexion23.com\\\/#\\\/schema\\\/person\\\/03e36043331117e97a373299bbcd30a6\",\"name\":\"Raffy Ben\u00edtez\",\"image\":{\"@type\":\"ImageObject\",\"inLanguage\":\"es\",\"@id\":\"https:\\\/\\\/secure.gravatar.com\\\/avatar\\\/3190a6a6c5e1b0327500f7d6c56b6242472ee6cb974cf09b401ee6b3b0798f23?s=96&d=mm&r=g\",\"url\":\"https:\\\/\\\/secure.gravatar.com\\\/avatar\\\/3190a6a6c5e1b0327500f7d6c56b6242472ee6cb974cf09b401ee6b3b0798f23?s=96&d=mm&r=g\",\"contentUrl\":\"https:\\\/\\\/secure.gravatar.com\\\/avatar\\\/3190a6a6c5e1b0327500f7d6c56b6242472ee6cb974cf09b401ee6b3b0798f23?s=96&d=mm&r=g\",\"caption\":\"Raffy Ben\u00edtez\"},\"url\":\"https:\\\/\\\/conexion23.com\\\/?author=15\"}]}<\/script>\n<!-- \/ Yoast SEO plugin. -->","yoast_head_json":{"title":"Turismo inicia remozamiento malec\u00f3n San Pedro de Macor\u00eds - Conexi\u00f3n 23","robots":{"index":"index","follow":"follow","max-snippet":"max-snippet:-1","max-image-preview":"max-image-preview:large","max-video-preview":"max-video-preview:-1"},"canonical":"https:\/\/conexion23.com\/?p=12778","og_locale":"es_ES","og_type":"article","og_title":"Turismo inicia remozamiento malec\u00f3n San Pedro de Macor\u00eds - Conexi\u00f3n 23","og_description":"El ministro de Turismo, David Collado, dej\u00f3 iniciado este domingo los trabajos para la reconstrucci\u00f3n de las infraestructuras recreativas del Malec\u00f3n de San Pedro de Macor\u00eds, a un costo superior a los RD$260 millones. El proyecto de reconstrucci\u00f3n del litoral en el Malec\u00f3n de San Pedro de Macor\u00eds de 1.84 Km incluye la creaci\u00f3n de [&hellip;]","og_url":"https:\/\/conexion23.com\/?p=12778","og_site_name":"Conexi\u00f3n 23","article_publisher":"https:\/\/www.facebook.com\/conexion23com","article_published_time":"2022-10-30T18:45:42+00:00","article_modified_time":"2022-10-30T18:45:47+00:00","og_image":[{"url":"https:\/\/conexion23.com\/wp-content\/uploads\/2022\/10\/WhatsApp-Image-2022-10-30-at-12.53.40-PM-1024x691.jpeg","type":"","width":"","height":""}],"author":"Raffy Ben\u00edtez","twitter_card":"summary_large_image","twitter_misc":{"Escrito por":"Raffy Ben\u00edtez","Tiempo de lectura":"2 minutos"},"schema":{"@context":"https:\/\/schema.org","@graph":[{"@type":"Article","@id":"https:\/\/conexion23.com\/?p=12778#article","isPartOf":{"@id":"https:\/\/conexion23.com\/?p=12778"},"author":{"name":"Raffy Ben\u00edtez","@id":"http:\/\/conexion23.com\/#\/schema\/person\/03e36043331117e97a373299bbcd30a6"},"headline":"Turismo inicia remozamiento malec\u00f3n San Pedro de Macor\u00eds","datePublished":"2022-10-30T18:45:42+00:00","dateModified":"2022-10-30T18:45:47+00:00","mainEntityOfPage":{"@id":"https:\/\/conexion23.com\/?p=12778"},"wordCount":365,"commentCount":0,"publisher":{"@id":"http:\/\/conexion23.com\/#organization"},"image":{"@id":"https:\/\/conexion23.com\/?p=12778#primaryimage"},"thumbnailUrl":"https:\/\/conexion23.com\/wp-content\/uploads\/2022\/10\/WhatsApp-Image-2022-10-30-at-12.53.40-PM-1024x691.jpeg","articleSection":["SPM"],"inLanguage":"es","potentialAction":[{"@type":"CommentAction","name":"Comment","target":["https:\/\/conexion23.com\/?p=12778#respond"]}]},{"@type":"WebPage","@id":"https:\/\/conexion23.com\/?p=12778","url":"https:\/\/conexion23.com\/?p=12778","name":"Turismo inicia remozamiento malec\u00f3n San Pedro de Macor\u00eds - Conexi\u00f3n 23","isPartOf":{"@id":"http:\/\/conexion23.com\/#website"},"primaryImageOfPage":{"@id":"https:\/\/conexion23.com\/?p=12778#primaryimage"},"image":{"@id":"https:\/\/conexion23.com\/?p=12778#primaryimage"},"thumbnailUrl":"https:\/\/conexion23.com\/wp-content\/uploads\/2022\/10\/WhatsApp-Image-2022-10-30-at-12.53.40-PM-1024x691.jpeg","datePublished":"2022-10-30T18:45:42+00:00","dateModified":"2022-10-30T18:45:47+00:00","breadcrumb":{"@id":"https:\/\/conexion23.com\/?p=12778#breadcrumb"},"inLanguage":"es","potentialAction":[{"@type":"ReadAction","target":["https:\/\/conexion23.com\/?p=12778"]}]},{"@type":"ImageObject","inLanguage":"es","@id":"https:\/\/conexion23.com\/?p=12778#primaryimage","url":"","contentUrl":""},{"@type":"BreadcrumbList","@id":"https:\/\/conexion23.com\/?p=12778#breadcrumb","itemListElement":[{"@type":"ListItem","position":1,"name":"Portada","item":"http:\/\/conexion23.com\/"},{"@type":"ListItem","position":2,"name":"Turismo inicia remozamiento malec\u00f3n San Pedro de Macor\u00eds"}]},{"@type":"WebSite","@id":"http:\/\/conexion23.com\/#website","url":"http:\/\/conexion23.com\/","name":"Conexi\u00f3n 23","description":"Peri\u00f3dico 100% Petromacorisano","publisher":{"@id":"http:\/\/conexion23.com\/#organization"},"potentialAction":[{"@type":"SearchAction","target":{"@type":"EntryPoint","urlTemplate":"http:\/\/conexion23.com\/?s={search_term_string}"},"query-input":{"@type":"PropertyValueSpecification","valueRequired":true,"valueName":"search_term_string"}}],"inLanguage":"es"},{"@type":"Organization","@id":"http:\/\/conexion23.com\/#organization","name":"Conexion 23","url":"http:\/\/conexion23.com\/","logo":{"@type":"ImageObject","inLanguage":"es","@id":"http:\/\/conexion23.com\/#\/schema\/logo\/image\/","url":"https:\/\/conexion23.com\/wp-content\/uploads\/2021\/11\/Diseno-sin-titulo-2.png","contentUrl":"https:\/\/conexion23.com\/wp-content\/uploads\/2021\/11\/Diseno-sin-titulo-2.png","width":541,"height":90,"caption":"Conexion 23"},"image":{"@id":"http:\/\/conexion23.com\/#\/schema\/logo\/image\/"},"sameAs":["https:\/\/www.facebook.com\/conexion23com","https:\/\/www.instagram.com\/conexion23com\/","https:\/\/www.youtube.com\/channel\/UCYc7vxxFZMYLIHNsHHxPZ3Q"]},{"@type":"Person","@id":"http:\/\/conexion23.com\/#\/schema\/person\/03e36043331117e97a373299bbcd30a6","name":"Raffy Ben\u00edtez","image":{"@type":"ImageObject","inLanguage":"es","@id":"https:\/\/secure.gravatar.com\/avatar\/3190a6a6c5e1b0327500f7d6c56b6242472ee6cb974cf09b401ee6b3b0798f23?s=96&d=mm&r=g","url":"https:\/\/secure.gravatar.com\/avatar\/3190a6a6c5e1b0327500f7d6c56b6242472ee6cb974cf09b401ee6b3b0798f23?s=96&d=mm&r=g","contentUrl":"https:\/\/secure.gravatar.com\/avatar\/3190a6a6c5e1b0327500f7d6c56b6242472ee6cb974cf09b401ee6b3b0798f23?s=96&d=mm&r=g","caption":"Raffy Ben\u00edtez"},"url":"https:\/\/conexion23.com\/?author=15"}]}},"_links":{"self":[{"href":"https:\/\/conexion23.com\/index.php?rest_route=\/wp\/v2\/posts\/12778","targetHints":{"allow":["GET"]}}],"collection":[{"href":"https:\/\/conexion23.com\/index.php?rest_route=\/wp\/v2\/posts"}],"about":[{"href":"https:\/\/conexion23.com\/index.php?rest_route=\/wp\/v2\/types\/post"}],"author":[{"embeddable":true,"href":"https:\/\/conexion23.com\/index.php?rest_route=\/wp\/v2\/users\/15"}],"replies":[{"embeddable":true,"href":"https:\/\/conexion23.com\/index.php?rest_route=%2Fwp%2Fv2%2Fcomments&post=12778"}],"version-history":[{"count":1,"href":"https:\/\/conexion23.com\/index.php?rest_route=\/wp\/v2\/posts\/12778\/revisions"}],"predecessor-version":[{"id":12781,"href":"https:\/\/conexion23.com\/index.php?rest_route=\/wp\/v2\/posts\/12778\/revisions\/12781"}],"wp:attachment":[{"href":"https:\/\/conexion23.com\/index.php?rest_route=%2Fwp%2Fv2%2Fmedia&parent=12778"}],"wp:term":[{"taxonomy":"category","embeddable":true,"href":"https:\/\/conexion23.com\/index.php?rest_route=%2Fwp%2Fv2%2Fcategories&post=12778"},{"taxonomy":"post_tag","embeddable":true,"href":"https:\/\/conexion23.com\/index.php?rest_route=%2Fwp%2Fv2%2Ftags&post=12778"}],"curies":[{"name":"wp","href":"https:\/\/api.w.org\/{rel}","templated":true}]}}