{"id":12839,"date":"2022-11-01T09:44:50","date_gmt":"2022-11-01T13:44:50","guid":{"rendered":"https:\/\/conexion23.com\/?p=12839"},"modified":"2022-11-01T10:05:43","modified_gmt":"2022-11-01T14:05:43","slug":"congresistas-difieren-con-pacheco-sobre-los-escollos-que-enfrenta-el-codigo-penal","status":"publish","type":"post","link":"https:\/\/conexion23.com\/?p=12839","title":{"rendered":"Congresistas difieren con Pacheco sobre los escollos que enfrenta el C\u00f3digo Penal"},"content":{"rendered":"\n<p class=\"wp-block-paragraph\">Congresistas de diversos partidos y posiciones con respecto al proyecto de ley de C\u00f3digo Penal difieren sobre las aseveraciones externadas por Alfredo Pacheco, presidente de la C\u00e1mara de Diputados, en el sentido de que los diputados a favor y en contra del aborto coincidieron en boicotear la aprobaci\u00f3n de la pieza incluyendo el tema de la discriminaci\u00f3n por orientaci\u00f3n sexual.<\/p>\n\n\n\n<p class=\"wp-block-paragraph\">El l\u00edder congresal se refiri\u00f3 a los diputados que portaban pa\u00f1oletas azules y verdes.<\/p>\n\n\n\n<p class=\"wp-block-paragraph\">El diputado pelede\u00edsta Gustavo S\u00e1nchez rechaz\u00f3 los alegados presentados por Pacheco y acus\u00f3 al partido oficial, el Revolucionario Moderno (PRM), de introducir nuevas modificaciones a ese proyecto de ley en el pleno relativas al aborto, supuestamente a sabiendas de que no lograr\u00edan apoyo.<\/p>\n\n\n\n<p class=\"wp-block-paragraph\">Argument\u00f3 que los \u201cpro vida\u201d o que portaban pa\u00f1oletas azules ten\u00edan mayor\u00eda en la C\u00e1mara Baja y que en \u00faltimo momento, a trav\u00e9s del diputado perreme\u00edsta Eugenio Cede\u00f1o, presentaron modificaciones que no lograron respaldo.<\/p>\n\n\n\n<p class=\"wp-block-paragraph\">Asegur\u00f3 que Cede\u00f1o, cont\u00f3 con el consentimiento del vocero del bloque de diputados del PRM, Julito Fulcar. Tambi\u00e9n, afirm\u00f3 que el PRM us\u00f3 a la diputada pelede\u00edsta Ysabel de la Cruz, como \u201cconejillo de Indias\u201d para que tambi\u00e9n presentara modificaciones a la pieza. \u201cEl vocero del PRM sab\u00eda que no se aprobar\u00eda con esa premisa\u201d, precis\u00f3 S\u00e1nchez quien favorece despenalizar el aborto.<\/p>\n","protected":false},"excerpt":{"rendered":"<p>Congresistas de diversos partidos y posiciones con respecto al proyecto de ley de C\u00f3digo Penal difieren sobre las aseveraciones externadas por Alfredo Pacheco, presidente de la C\u00e1mara de Diputados, en el sentido de que los diputados a favor y en contra del aborto coincidieron en boicotear la aprobaci\u00f3n de la pieza incluyendo el tema de [&hellip;]<\/p>\n","protected":false},"author":15,"featured_media":0,"comment_status":"open","ping_status":"open","sticky":false,"template":"","format":"standard","meta":{"footnotes":""},"categories":[1],"tags":[],"class_list":["post-12839","post","type-post","status-publish","format-standard","category-uncategorized"],"yoast_head":"<!-- This site is optimized with the Yoast SEO plugin v27.6 - https:\/\/yoast.com\/product\/yoast-seo-wordpress\/ -->\n<title>Congresistas difieren con Pacheco sobre los escollos que enfrenta el C\u00f3digo Penal - Conexi\u00f3n 23<\/title>\n<meta name=\"robots\" content=\"index, follow, max-snippet:-1, max-image-preview:large, max-video-preview:-1\" \/>\n<link rel=\"canonical\" href=\"https:\/\/conexion23.com\/?p=12839\" \/>\n<meta property=\"og:locale\" content=\"es_ES\" \/>\n<meta property=\"og:type\" content=\"article\" \/>\n<meta property=\"og:title\" content=\"Congresistas difieren con Pacheco sobre los escollos que enfrenta el C\u00f3digo Penal - Conexi\u00f3n 23\" \/>\n<meta property=\"og:description\" content=\"Congresistas de diversos partidos y posiciones con respecto al proyecto de ley de C\u00f3digo Penal difieren sobre las aseveraciones externadas por Alfredo Pacheco, presidente de la C\u00e1mara de Diputados, en el sentido de que los diputados a favor y en contra del aborto coincidieron en boicotear la aprobaci\u00f3n de la pieza incluyendo el tema de [&hellip;]\" \/>\n<meta property=\"og:url\" content=\"https:\/\/conexion23.com\/?p=12839\" \/>\n<meta property=\"og:site_name\" content=\"Conexi\u00f3n 23\" \/>\n<meta property=\"article:publisher\" content=\"https:\/\/www.facebook.com\/conexion23com\" \/>\n<meta property=\"article:published_time\" content=\"2022-11-01T13:44:50+00:00\" \/>\n<meta property=\"article:modified_time\" content=\"2022-11-01T14:05:43+00:00\" \/>\n<meta name=\"author\" content=\"Raffy Ben\u00edtez\" \/>\n<meta name=\"twitter:card\" content=\"summary_large_image\" \/>\n<meta name=\"twitter:label1\" content=\"Escrito por\" \/>\n\t<meta name=\"twitter:data1\" content=\"Raffy Ben\u00edtez\" \/>\n\t<meta name=\"twitter:label2\" content=\"Tiempo de lectura\" \/>\n\t<meta name=\"twitter:data2\" content=\"1 minuto\" \/>\n<script type=\"application\/ld+json\" class=\"yoast-schema-graph\">{\"@context\":\"https:\\\/\\\/schema.org\",\"@graph\":[{\"@type\":\"Article\",\"@id\":\"https:\\\/\\\/conexion23.com\\\/?p=12839#article\",\"isPartOf\":{\"@id\":\"https:\\\/\\\/conexion23.com\\\/?p=12839\"},\"author\":{\"name\":\"Raffy Ben\u00edtez\",\"@id\":\"https:\\\/\\\/conexion23.com\\\/#\\\/schema\\\/person\\\/03e36043331117e97a373299bbcd30a6\"},\"headline\":\"Congresistas difieren con Pacheco sobre los escollos que enfrenta el C\u00f3digo Penal\",\"datePublished\":\"2022-11-01T13:44:50+00:00\",\"dateModified\":\"2022-11-01T14:05:43+00:00\",\"mainEntityOfPage\":{\"@id\":\"https:\\\/\\\/conexion23.com\\\/?p=12839\"},\"wordCount\":250,\"commentCount\":0,\"publisher\":{\"@id\":\"https:\\\/\\\/conexion23.com\\\/#organization\"},\"articleSection\":[\"Uncategorized\"],\"inLanguage\":\"es\",\"potentialAction\":[{\"@type\":\"CommentAction\",\"name\":\"Comment\",\"target\":[\"https:\\\/\\\/conexion23.com\\\/?p=12839#respond\"]}]},{\"@type\":\"WebPage\",\"@id\":\"https:\\\/\\\/conexion23.com\\\/?p=12839\",\"url\":\"https:\\\/\\\/conexion23.com\\\/?p=12839\",\"name\":\"Congresistas difieren con Pacheco sobre los escollos que enfrenta el C\u00f3digo Penal - Conexi\u00f3n 23\",\"isPartOf\":{\"@id\":\"https:\\\/\\\/conexion23.com\\\/#website\"},\"datePublished\":\"2022-11-01T13:44:50+00:00\",\"dateModified\":\"2022-11-01T14:05:43+00:00\",\"breadcrumb\":{\"@id\":\"https:\\\/\\\/conexion23.com\\\/?p=12839#breadcrumb\"},\"inLanguage\":\"es\",\"potentialAction\":[{\"@type\":\"ReadAction\",\"target\":[\"https:\\\/\\\/conexion23.com\\\/?p=12839\"]}]},{\"@type\":\"BreadcrumbList\",\"@id\":\"https:\\\/\\\/conexion23.com\\\/?p=12839#breadcrumb\",\"itemListElement\":[{\"@type\":\"ListItem\",\"position\":1,\"name\":\"Portada\",\"item\":\"https:\\\/\\\/conexion23.com\\\/\"},{\"@type\":\"ListItem\",\"position\":2,\"name\":\"Congresistas difieren con Pacheco sobre los escollos que enfrenta el C\u00f3digo Penal\"}]},{\"@type\":\"WebSite\",\"@id\":\"https:\\\/\\\/conexion23.com\\\/#website\",\"url\":\"https:\\\/\\\/conexion23.com\\\/\",\"name\":\"Conexi\u00f3n 23\",\"description\":\"Peri\u00f3dico 100% Petromacorisano\",\"publisher\":{\"@id\":\"https:\\\/\\\/conexion23.com\\\/#organization\"},\"potentialAction\":[{\"@type\":\"SearchAction\",\"target\":{\"@type\":\"EntryPoint\",\"urlTemplate\":\"https:\\\/\\\/conexion23.com\\\/?s={search_term_string}\"},\"query-input\":{\"@type\":\"PropertyValueSpecification\",\"valueRequired\":true,\"valueName\":\"search_term_string\"}}],\"inLanguage\":\"es\"},{\"@type\":\"Organization\",\"@id\":\"https:\\\/\\\/conexion23.com\\\/#organization\",\"name\":\"Conexion 23\",\"url\":\"https:\\\/\\\/conexion23.com\\\/\",\"logo\":{\"@type\":\"ImageObject\",\"inLanguage\":\"es\",\"@id\":\"https:\\\/\\\/conexion23.com\\\/#\\\/schema\\\/logo\\\/image\\\/\",\"url\":\"https:\\\/\\\/conexion23.com\\\/wp-content\\\/uploads\\\/2021\\\/11\\\/Diseno-sin-titulo-2.png\",\"contentUrl\":\"https:\\\/\\\/conexion23.com\\\/wp-content\\\/uploads\\\/2021\\\/11\\\/Diseno-sin-titulo-2.png\",\"width\":541,\"height\":90,\"caption\":\"Conexion 23\"},\"image\":{\"@id\":\"https:\\\/\\\/conexion23.com\\\/#\\\/schema\\\/logo\\\/image\\\/\"},\"sameAs\":[\"https:\\\/\\\/www.facebook.com\\\/conexion23com\",\"https:\\\/\\\/www.instagram.com\\\/conexion23com\\\/\",\"https:\\\/\\\/www.youtube.com\\\/channel\\\/UCYc7vxxFZMYLIHNsHHxPZ3Q\"]},{\"@type\":\"Person\",\"@id\":\"https:\\\/\\\/conexion23.com\\\/#\\\/schema\\\/person\\\/03e36043331117e97a373299bbcd30a6\",\"name\":\"Raffy Ben\u00edtez\",\"image\":{\"@type\":\"ImageObject\",\"inLanguage\":\"es\",\"@id\":\"https:\\\/\\\/secure.gravatar.com\\\/avatar\\\/3190a6a6c5e1b0327500f7d6c56b6242472ee6cb974cf09b401ee6b3b0798f23?s=96&d=mm&r=g\",\"url\":\"https:\\\/\\\/secure.gravatar.com\\\/avatar\\\/3190a6a6c5e1b0327500f7d6c56b6242472ee6cb974cf09b401ee6b3b0798f23?s=96&d=mm&r=g\",\"contentUrl\":\"https:\\\/\\\/secure.gravatar.com\\\/avatar\\\/3190a6a6c5e1b0327500f7d6c56b6242472ee6cb974cf09b401ee6b3b0798f23?s=96&d=mm&r=g\",\"caption\":\"Raffy Ben\u00edtez\"},\"url\":\"https:\\\/\\\/conexion23.com\\\/?author=15\"}]}<\/script>\n<!-- \/ Yoast SEO plugin. -->","yoast_head_json":{"title":"Congresistas difieren con Pacheco sobre los escollos que enfrenta el C\u00f3digo Penal - Conexi\u00f3n 23","robots":{"index":"index","follow":"follow","max-snippet":"max-snippet:-1","max-image-preview":"max-image-preview:large","max-video-preview":"max-video-preview:-1"},"canonical":"https:\/\/conexion23.com\/?p=12839","og_locale":"es_ES","og_type":"article","og_title":"Congresistas difieren con Pacheco sobre los escollos que enfrenta el C\u00f3digo Penal - Conexi\u00f3n 23","og_description":"Congresistas de diversos partidos y posiciones con respecto al proyecto de ley de C\u00f3digo Penal difieren sobre las aseveraciones externadas por Alfredo Pacheco, presidente de la C\u00e1mara de Diputados, en el sentido de que los diputados a favor y en contra del aborto coincidieron en boicotear la aprobaci\u00f3n de la pieza incluyendo el tema de [&hellip;]","og_url":"https:\/\/conexion23.com\/?p=12839","og_site_name":"Conexi\u00f3n 23","article_publisher":"https:\/\/www.facebook.com\/conexion23com","article_published_time":"2022-11-01T13:44:50+00:00","article_modified_time":"2022-11-01T14:05:43+00:00","author":"Raffy Ben\u00edtez","twitter_card":"summary_large_image","twitter_misc":{"Escrito por":"Raffy Ben\u00edtez","Tiempo de lectura":"1 minuto"},"schema":{"@context":"https:\/\/schema.org","@graph":[{"@type":"Article","@id":"https:\/\/conexion23.com\/?p=12839#article","isPartOf":{"@id":"https:\/\/conexion23.com\/?p=12839"},"author":{"name":"Raffy Ben\u00edtez","@id":"https:\/\/conexion23.com\/#\/schema\/person\/03e36043331117e97a373299bbcd30a6"},"headline":"Congresistas difieren con Pacheco sobre los escollos que enfrenta el C\u00f3digo Penal","datePublished":"2022-11-01T13:44:50+00:00","dateModified":"2022-11-01T14:05:43+00:00","mainEntityOfPage":{"@id":"https:\/\/conexion23.com\/?p=12839"},"wordCount":250,"commentCount":0,"publisher":{"@id":"https:\/\/conexion23.com\/#organization"},"articleSection":["Uncategorized"],"inLanguage":"es","potentialAction":[{"@type":"CommentAction","name":"Comment","target":["https:\/\/conexion23.com\/?p=12839#respond"]}]},{"@type":"WebPage","@id":"https:\/\/conexion23.com\/?p=12839","url":"https:\/\/conexion23.com\/?p=12839","name":"Congresistas difieren con Pacheco sobre los escollos que enfrenta el C\u00f3digo Penal - Conexi\u00f3n 23","isPartOf":{"@id":"https:\/\/conexion23.com\/#website"},"datePublished":"2022-11-01T13:44:50+00:00","dateModified":"2022-11-01T14:05:43+00:00","breadcrumb":{"@id":"https:\/\/conexion23.com\/?p=12839#breadcrumb"},"inLanguage":"es","potentialAction":[{"@type":"ReadAction","target":["https:\/\/conexion23.com\/?p=12839"]}]},{"@type":"BreadcrumbList","@id":"https:\/\/conexion23.com\/?p=12839#breadcrumb","itemListElement":[{"@type":"ListItem","position":1,"name":"Portada","item":"https:\/\/conexion23.com\/"},{"@type":"ListItem","position":2,"name":"Congresistas difieren con Pacheco sobre los escollos que enfrenta el C\u00f3digo Penal"}]},{"@type":"WebSite","@id":"https:\/\/conexion23.com\/#website","url":"https:\/\/conexion23.com\/","name":"Conexi\u00f3n 23","description":"Peri\u00f3dico 100% Petromacorisano","publisher":{"@id":"https:\/\/conexion23.com\/#organization"},"potentialAction":[{"@type":"SearchAction","target":{"@type":"EntryPoint","urlTemplate":"https:\/\/conexion23.com\/?s={search_term_string}"},"query-input":{"@type":"PropertyValueSpecification","valueRequired":true,"valueName":"search_term_string"}}],"inLanguage":"es"},{"@type":"Organization","@id":"https:\/\/conexion23.com\/#organization","name":"Conexion 23","url":"https:\/\/conexion23.com\/","logo":{"@type":"ImageObject","inLanguage":"es","@id":"https:\/\/conexion23.com\/#\/schema\/logo\/image\/","url":"https:\/\/conexion23.com\/wp-content\/uploads\/2021\/11\/Diseno-sin-titulo-2.png","contentUrl":"https:\/\/conexion23.com\/wp-content\/uploads\/2021\/11\/Diseno-sin-titulo-2.png","width":541,"height":90,"caption":"Conexion 23"},"image":{"@id":"https:\/\/conexion23.com\/#\/schema\/logo\/image\/"},"sameAs":["https:\/\/www.facebook.com\/conexion23com","https:\/\/www.instagram.com\/conexion23com\/","https:\/\/www.youtube.com\/channel\/UCYc7vxxFZMYLIHNsHHxPZ3Q"]},{"@type":"Person","@id":"https:\/\/conexion23.com\/#\/schema\/person\/03e36043331117e97a373299bbcd30a6","name":"Raffy Ben\u00edtez","image":{"@type":"ImageObject","inLanguage":"es","@id":"https:\/\/secure.gravatar.com\/avatar\/3190a6a6c5e1b0327500f7d6c56b6242472ee6cb974cf09b401ee6b3b0798f23?s=96&d=mm&r=g","url":"https:\/\/secure.gravatar.com\/avatar\/3190a6a6c5e1b0327500f7d6c56b6242472ee6cb974cf09b401ee6b3b0798f23?s=96&d=mm&r=g","contentUrl":"https:\/\/secure.gravatar.com\/avatar\/3190a6a6c5e1b0327500f7d6c56b6242472ee6cb974cf09b401ee6b3b0798f23?s=96&d=mm&r=g","caption":"Raffy Ben\u00edtez"},"url":"https:\/\/conexion23.com\/?author=15"}]}},"_links":{"self":[{"href":"https:\/\/conexion23.com\/index.php?rest_route=\/wp\/v2\/posts\/12839","targetHints":{"allow":["GET"]}}],"collection":[{"href":"https:\/\/conexion23.com\/index.php?rest_route=\/wp\/v2\/posts"}],"about":[{"href":"https:\/\/conexion23.com\/index.php?rest_route=\/wp\/v2\/types\/post"}],"author":[{"embeddable":true,"href":"https:\/\/conexion23.com\/index.php?rest_route=\/wp\/v2\/users\/15"}],"replies":[{"embeddable":true,"href":"https:\/\/conexion23.com\/index.php?rest_route=%2Fwp%2Fv2%2Fcomments&post=12839"}],"version-history":[{"count":1,"href":"https:\/\/conexion23.com\/index.php?rest_route=\/wp\/v2\/posts\/12839\/revisions"}],"predecessor-version":[{"id":12841,"href":"https:\/\/conexion23.com\/index.php?rest_route=\/wp\/v2\/posts\/12839\/revisions\/12841"}],"wp:attachment":[{"href":"https:\/\/conexion23.com\/index.php?rest_route=%2Fwp%2Fv2%2Fmedia&parent=12839"}],"wp:term":[{"taxonomy":"category","embeddable":true,"href":"https:\/\/conexion23.com\/index.php?rest_route=%2Fwp%2Fv2%2Fcategories&post=12839"},{"taxonomy":"post_tag","embeddable":true,"href":"https:\/\/conexion23.com\/index.php?rest_route=%2Fwp%2Fv2%2Ftags&post=12839"}],"curies":[{"name":"wp","href":"https:\/\/api.w.org\/{rel}","templated":true}]}}